{"id":52462,"date":"2018-06-20T10:39:57","date_gmt":"2018-06-20T13:39:57","guid":{"rendered":"https:\/\/www.blogsoestado.com\/danielmatos\/?p=52462"},"modified":"2018-06-20T10:39:57","modified_gmt":"2018-06-20T13:39:57","slug":"astro-de-ogum-prestigia-inicio-da-nova-etapa-do-asfalto-na-rua-na-zona-rural-de-sao-luis","status":"publish","type":"post","link":"https:\/\/www.blogsoestado.com\/danielmatos\/astro-de-ogum-prestigia-inicio-da-nova-etapa-do-asfalto-na-rua-na-zona-rural-de-sao-luis\/","title":{"rendered":"Astro de Ogum prestigia in\u00edcio da nova etapa do &#8220;Asfalto na Rua&#8221; na zona rural de S\u00e3o Lu\u00eds"},"content":{"rendered":"<figure id=\"attachment_52463\" aria-describedby=\"caption-attachment-52463\" style=\"width: 430px\" class=\"wp-caption alignright\"><img fetchpriority=\"high\" decoding=\"async\" class=\"wp-image-52463\" src=\"https:\/\/www.blogsoestado.com\/danielmatos\/files\/2018\/06\/astro-asfalto.jpg\" alt=\"\" width=\"430\" height=\"287\" \/><figcaption id=\"caption-attachment-52463\" class=\"wp-caption-text\">Astro de Ogum agradeceu ao prefeito Edivaldo, por ter atendido pedidos de v\u00e1rios vereadores que apresentaram requerimentos solicitando melhorias asf\u00e1lticas para a zona rural<\/figcaption><\/figure>\n<p>O presidente da C\u00e2mara Municipal de S\u00e3o Lu\u00eds, vereador Astro de Ogum (PR), e outros colegas de plen\u00e1rios, participaram nesta ter\u00e7a-feira (19), no bairro da Estiva, na zona rural da capital, do lan\u00e7amento de uma nova frente de trabalho do programa Asfalto na Rua, executado pela Prefeitura de S\u00e3o Lu\u00eds. Na ocasi\u00e3o, foram iniciados servi\u00e7os de requalifica\u00e7\u00e3o de vias, que est\u00e3o sendo ampliados ap\u00f3s intenso per\u00edodo chuvoso.<\/p>\n<p>Durante a solenidade, o chefe do legislativo ressaltou que o programa tr\u00e1s benef\u00edcios que v\u00e3o al\u00e9m das melhorias do aspecto urban\u00edstico e destacou que o in\u00edcio dessa nova etapa na zona rural vai contemplar pedidos de melhorias propostos por muitos vereadores visando atender bairros e comunidades da regi\u00e3o.<\/p>\n<p>&#8220;Gostaria de agradecer primeiramente ao prefeito Edivaldo, por ter atendido pedidos de v\u00e1rios vereadores que apresentaram requerimentos solicitando melhorias asf\u00e1lticas para a zona rural. O Asfalto na Rua \u00e9 um programa que proporciona benef\u00edcios que v\u00e3o al\u00e9m das melhorias do aspecto urban\u00edstico, pois pode trazer saldos positivos tamb\u00e9m para a sa\u00fade p\u00fablica, a mobilidade urbana e a autoestima dos cidad\u00e3os&#8221;, disse Astro de Ogum, em entrevista ao &#8216;C\u00e2mara News&#8217;, informativo que vai ao ar todas as sextas-feiras pela R\u00e1dio Educadora.<\/p>\n<p>Os servi\u00e7os na Estiva iniciaram pela Rua do Mangueir\u00e3o e v\u00e3o se estender para outras vias do bairro, sendo que muitas delas nunca haviam recebido asfalto. Na cerimonia, o prefeito Edivaldo afirmou que o in\u00edcio da estiagem vai permitir entrar com for\u00e7a total em \u00e1reas que necessitam de restaura\u00e7\u00e3o asf\u00e1ltica, como essa da Estiva, uma regi\u00e3o importante da zona rural.<\/p>\n<p>&#8220;Com a redu\u00e7\u00e3o das chuvas, intensificamos o trabalho de pavimenta\u00e7\u00e3o e recupera\u00e7\u00e3o das ruas para chegarmos a novos setores da nossa cidade. O in\u00edcio da estiagem vai nos permitir entrar com for\u00e7a total em \u00e1reas que necessitam de restaura\u00e7\u00e3o asf\u00e1ltica, como essa da Estiva, uma regi\u00e3o importante da zona rural. Vamos seguir para outros bairros da cidade, para que possamos avan\u00e7ar ainda mais na infraestrutura urban\u00edstica da capital e proporcionar melhorias na qualidade de vida da popula\u00e7\u00e3o ludovicense&#8221;, afirmou o chefe do executivo.<\/p>\n<p><strong>Asfalto na rua<\/strong><\/p>\n<p>O programa Asfalto na Rua contempla dezenas de bairros da cidade com nova pavimenta\u00e7\u00e3o. A iniciativa soma-se ao conjunto de obras de urbaniza\u00e7\u00e3o executados na primeira gest\u00e3o do prefeito Edivaldo, quando foram pavimentadas centenas de vias.<\/p>\n<p>Por meio do programa j\u00e1 foram beneficiados bairros como Anjo da Guarda, Gancharia, Cohaserma, Bela Vista, Primavera, Parque Shalon, Jardim S\u00e3o Crist\u00f3v\u00e3o, Jo\u00e3o de Deus, S\u00e3o Bernardo, Parque Athenas, Residencial Para\u00edso, Coroadinho, entre outros.<\/p>\n","protected":false},"excerpt":{"rendered":"<p>O presidente da C\u00e2mara Municipal de S\u00e3o Lu\u00eds, vereador Astro de Ogum (PR), e outros colegas de plen\u00e1rios, participaram nesta [&hellip;]<\/p>\n","protected":false},"author":0,"featured_media":0,"comment_status":"open","ping_status":"open","sticky":false,"template":"","format":"standard","meta":{"site-sidebar-layout":"default","site-content-layout":"","ast-site-content-layout":"default","site-content-style":"default","site-sidebar-style":"default","ast-global-header-display":"","ast-banner-title-visibility":"","ast-main-header-display":"","ast-hfb-above-header-display":"","ast-hfb-below-header-display":"","ast-hfb-mobile-header-display":"","site-post-title":"","ast-breadcrumbs-content":"","ast-featured-img":"","footer-sml-layout":"","ast-disable-related-posts":"","theme-transparent-header-meta":"","adv-header-id-meta":"","stick-header-meta":"","header-above-stick-meta":"","header-main-stick-meta":"","header-below-stick-meta":"","astra-migrate-meta-layouts":"default","ast-page-background-enabled":"default","ast-page-background-meta":{"desktop":{"background-color":"var(--ast-global-color-5)","background-image":"","background-repeat":"repeat","background-position":"center center","background-size":"auto","background-attachment":"scroll","background-type":"","background-media":"","overlay-type":"","overlay-color":"","overlay-opacity":"","overlay-gradient":""},"tablet":{"background-color":"","background-image":"","background-repeat":"repeat","background-position":"center center","background-size":"auto","background-attachment":"scroll","background-type":"","background-media":"","overlay-type":"","overlay-color":"","overlay-opacity":"","overlay-gradient":""},"mobile":{"background-color":"","background-image":"","background-repeat":"repeat","background-position":"center center","background-size":"auto","background-attachment":"scroll","background-type":"","background-media":"","overlay-type":"","overlay-color":"","overlay-opacity":"","overlay-gradient":""}},"ast-content-background-meta":{"desktop":{"background-color":"var(--ast-global-color-4)","background-image":"","background-repeat":"repeat","background-position":"center center","background-size":"auto","background-attachment":"scroll","background-type":"","background-media":"","overlay-type":"","overlay-color":"","overlay-opacity":"","overlay-gradient":""},"tablet":{"background-color":"var(--ast-global-color-4)","background-image":"","background-repeat":"repeat","background-position":"center center","background-size":"auto","background-attachment":"scroll","background-type":"","background-media":"","overlay-type":"","overlay-color":"","overlay-opacity":"","overlay-gradient":""},"mobile":{"background-color":"var(--ast-global-color-4)","background-image":"","background-repeat":"repeat","background-position":"center center","background-size":"auto","background-attachment":"scroll","background-type":"","background-media":"","overlay-type":"","overlay-color":"","overlay-opacity":"","overlay-gradient":""}},"footnotes":""},"categories":[1],"tags":[],"class_list":["post-52462","post","type-post","status-publish","format-standard","hentry","category-sem-categoria"],"yoast_head":"<!-- This site is optimized with the Yoast SEO plugin v26.6 - https:\/\/yoast.com\/wordpress\/plugins\/seo\/ -->\n<title>Astro de Ogum prestigia in\u00edcio da nova etapa do &quot;Asfalto na Rua&quot; na zona rural de S\u00e3o Lu\u00eds - Daniel Matos<\/title>\n<meta name=\"robots\" content=\"index, follow, max-snippet:-1, max-image-preview:large, max-video-preview:-1\" \/>\n<link rel=\"canonical\" href=\"https:\/\/www.blogsoestado.com\/danielmatos\/astro-de-ogum-prestigia-inicio-da-nova-etapa-do-asfalto-na-rua-na-zona-rural-de-sao-luis\/\" \/>\n<meta property=\"og:locale\" content=\"pt_BR\" \/>\n<meta property=\"og:type\" content=\"article\" \/>\n<meta property=\"og:title\" content=\"Astro de Ogum prestigia in\u00edcio da nova etapa do &quot;Asfalto na Rua&quot; na zona rural de S\u00e3o Lu\u00eds - Daniel Matos\" \/>\n<meta property=\"og:description\" content=\"O presidente da C\u00e2mara Municipal de S\u00e3o Lu\u00eds, vereador Astro de Ogum (PR), e outros colegas de plen\u00e1rios, participaram nesta [&hellip;]\" \/>\n<meta property=\"og:url\" content=\"https:\/\/www.blogsoestado.com\/danielmatos\/astro-de-ogum-prestigia-inicio-da-nova-etapa-do-asfalto-na-rua-na-zona-rural-de-sao-luis\/\" \/>\n<meta property=\"og:site_name\" content=\"Daniel Matos\" \/>\n<meta property=\"article:published_time\" content=\"2018-06-20T13:39:57+00:00\" \/>\n<meta property=\"og:image\" content=\"https:\/\/www.blogsoestado.com\/danielmatos\/files\/2018\/06\/astro-asfalto.jpg\" \/>\n<meta name=\"twitter:card\" content=\"summary_large_image\" \/>\n<meta name=\"twitter:label1\" content=\"Est. tempo de leitura\" \/>\n\t<meta name=\"twitter:data1\" content=\"3 minutos\" \/>\n<script type=\"application\/ld+json\" class=\"yoast-schema-graph\">{\"@context\":\"https:\/\/schema.org\",\"@graph\":[{\"@type\":\"WebPage\",\"@id\":\"https:\/\/www.blogsoestado.com\/danielmatos\/astro-de-ogum-prestigia-inicio-da-nova-etapa-do-asfalto-na-rua-na-zona-rural-de-sao-luis\/\",\"url\":\"https:\/\/www.blogsoestado.com\/danielmatos\/astro-de-ogum-prestigia-inicio-da-nova-etapa-do-asfalto-na-rua-na-zona-rural-de-sao-luis\/\",\"name\":\"Astro de Ogum prestigia in\u00edcio da nova etapa do \\\"Asfalto na Rua\\\" na zona rural de S\u00e3o Lu\u00eds - Daniel Matos\",\"isPartOf\":{\"@id\":\"https:\/\/www.blogsoestado.com\/danielmatos\/#website\"},\"primaryImageOfPage\":{\"@id\":\"https:\/\/www.blogsoestado.com\/danielmatos\/astro-de-ogum-prestigia-inicio-da-nova-etapa-do-asfalto-na-rua-na-zona-rural-de-sao-luis\/#primaryimage\"},\"image\":{\"@id\":\"https:\/\/www.blogsoestado.com\/danielmatos\/astro-de-ogum-prestigia-inicio-da-nova-etapa-do-asfalto-na-rua-na-zona-rural-de-sao-luis\/#primaryimage\"},\"thumbnailUrl\":\"https:\/\/www.blogsoestado.com\/danielmatos\/files\/2018\/06\/astro-asfalto.jpg\",\"datePublished\":\"2018-06-20T13:39:57+00:00\",\"author\":{\"@id\":\"\"},\"breadcrumb\":{\"@id\":\"https:\/\/www.blogsoestado.com\/danielmatos\/astro-de-ogum-prestigia-inicio-da-nova-etapa-do-asfalto-na-rua-na-zona-rural-de-sao-luis\/#breadcrumb\"},\"inLanguage\":\"pt-BR\",\"potentialAction\":[{\"@type\":\"ReadAction\",\"target\":[\"https:\/\/www.blogsoestado.com\/danielmatos\/astro-de-ogum-prestigia-inicio-da-nova-etapa-do-asfalto-na-rua-na-zona-rural-de-sao-luis\/\"]}]},{\"@type\":\"ImageObject\",\"inLanguage\":\"pt-BR\",\"@id\":\"https:\/\/www.blogsoestado.com\/danielmatos\/astro-de-ogum-prestigia-inicio-da-nova-etapa-do-asfalto-na-rua-na-zona-rural-de-sao-luis\/#primaryimage\",\"url\":\"https:\/\/www.blogsoestado.com\/danielmatos\/files\/2018\/06\/astro-asfalto.jpg\",\"contentUrl\":\"https:\/\/www.blogsoestado.com\/danielmatos\/files\/2018\/06\/astro-asfalto.jpg\"},{\"@type\":\"BreadcrumbList\",\"@id\":\"https:\/\/www.blogsoestado.com\/danielmatos\/astro-de-ogum-prestigia-inicio-da-nova-etapa-do-asfalto-na-rua-na-zona-rural-de-sao-luis\/#breadcrumb\",\"itemListElement\":[{\"@type\":\"ListItem\",\"position\":1,\"name\":\"In\u00edcio\",\"item\":\"https:\/\/www.blogsoestado.com\/danielmatos\/\"},{\"@type\":\"ListItem\",\"position\":2,\"name\":\"Astro de Ogum prestigia in\u00edcio da nova etapa do &#8220;Asfalto na Rua&#8221; na zona rural de S\u00e3o Lu\u00eds\"}]},{\"@type\":\"WebSite\",\"@id\":\"https:\/\/www.blogsoestado.com\/danielmatos\/#website\",\"url\":\"https:\/\/www.blogsoestado.com\/danielmatos\/\",\"name\":\"Daniel Matos\",\"description\":\"\",\"potentialAction\":[{\"@type\":\"SearchAction\",\"target\":{\"@type\":\"EntryPoint\",\"urlTemplate\":\"https:\/\/www.blogsoestado.com\/danielmatos\/?s={search_term_string}\"},\"query-input\":{\"@type\":\"PropertyValueSpecification\",\"valueRequired\":true,\"valueName\":\"search_term_string\"}}],\"inLanguage\":\"pt-BR\"}]}<\/script>\n<!-- \/ Yoast SEO plugin. -->","yoast_head_json":{"title":"Astro de Ogum prestigia in\u00edcio da nova etapa do \"Asfalto na Rua\" na zona rural de S\u00e3o Lu\u00eds - Daniel Matos","robots":{"index":"index","follow":"follow","max-snippet":"max-snippet:-1","max-image-preview":"max-image-preview:large","max-video-preview":"max-video-preview:-1"},"canonical":"https:\/\/www.blogsoestado.com\/danielmatos\/astro-de-ogum-prestigia-inicio-da-nova-etapa-do-asfalto-na-rua-na-zona-rural-de-sao-luis\/","og_locale":"pt_BR","og_type":"article","og_title":"Astro de Ogum prestigia in\u00edcio da nova etapa do \"Asfalto na Rua\" na zona rural de S\u00e3o Lu\u00eds - Daniel Matos","og_description":"O presidente da C\u00e2mara Municipal de S\u00e3o Lu\u00eds, vereador Astro de Ogum (PR), e outros colegas de plen\u00e1rios, participaram nesta [&hellip;]","og_url":"https:\/\/www.blogsoestado.com\/danielmatos\/astro-de-ogum-prestigia-inicio-da-nova-etapa-do-asfalto-na-rua-na-zona-rural-de-sao-luis\/","og_site_name":"Daniel Matos","article_published_time":"2018-06-20T13:39:57+00:00","og_image":[{"url":"https:\/\/www.blogsoestado.com\/danielmatos\/files\/2018\/06\/astro-asfalto.jpg","type":"","width":"","height":""}],"twitter_card":"summary_large_image","twitter_misc":{"Est. tempo de leitura":"3 minutos"},"schema":{"@context":"https:\/\/schema.org","@graph":[{"@type":"WebPage","@id":"https:\/\/www.blogsoestado.com\/danielmatos\/astro-de-ogum-prestigia-inicio-da-nova-etapa-do-asfalto-na-rua-na-zona-rural-de-sao-luis\/","url":"https:\/\/www.blogsoestado.com\/danielmatos\/astro-de-ogum-prestigia-inicio-da-nova-etapa-do-asfalto-na-rua-na-zona-rural-de-sao-luis\/","name":"Astro de Ogum prestigia in\u00edcio da nova etapa do \"Asfalto na Rua\" na zona rural de S\u00e3o Lu\u00eds - Daniel Matos","isPartOf":{"@id":"https:\/\/www.blogsoestado.com\/danielmatos\/#website"},"primaryImageOfPage":{"@id":"https:\/\/www.blogsoestado.com\/danielmatos\/astro-de-ogum-prestigia-inicio-da-nova-etapa-do-asfalto-na-rua-na-zona-rural-de-sao-luis\/#primaryimage"},"image":{"@id":"https:\/\/www.blogsoestado.com\/danielmatos\/astro-de-ogum-prestigia-inicio-da-nova-etapa-do-asfalto-na-rua-na-zona-rural-de-sao-luis\/#primaryimage"},"thumbnailUrl":"https:\/\/www.blogsoestado.com\/danielmatos\/files\/2018\/06\/astro-asfalto.jpg","datePublished":"2018-06-20T13:39:57+00:00","author":{"@id":""},"breadcrumb":{"@id":"https:\/\/www.blogsoestado.com\/danielmatos\/astro-de-ogum-prestigia-inicio-da-nova-etapa-do-asfalto-na-rua-na-zona-rural-de-sao-luis\/#breadcrumb"},"inLanguage":"pt-BR","potentialAction":[{"@type":"ReadAction","target":["https:\/\/www.blogsoestado.com\/danielmatos\/astro-de-ogum-prestigia-inicio-da-nova-etapa-do-asfalto-na-rua-na-zona-rural-de-sao-luis\/"]}]},{"@type":"ImageObject","inLanguage":"pt-BR","@id":"https:\/\/www.blogsoestado.com\/danielmatos\/astro-de-ogum-prestigia-inicio-da-nova-etapa-do-asfalto-na-rua-na-zona-rural-de-sao-luis\/#primaryimage","url":"https:\/\/www.blogsoestado.com\/danielmatos\/files\/2018\/06\/astro-asfalto.jpg","contentUrl":"https:\/\/www.blogsoestado.com\/danielmatos\/files\/2018\/06\/astro-asfalto.jpg"},{"@type":"BreadcrumbList","@id":"https:\/\/www.blogsoestado.com\/danielmatos\/astro-de-ogum-prestigia-inicio-da-nova-etapa-do-asfalto-na-rua-na-zona-rural-de-sao-luis\/#breadcrumb","itemListElement":[{"@type":"ListItem","position":1,"name":"In\u00edcio","item":"https:\/\/www.blogsoestado.com\/danielmatos\/"},{"@type":"ListItem","position":2,"name":"Astro de Ogum prestigia in\u00edcio da nova etapa do &#8220;Asfalto na Rua&#8221; na zona rural de S\u00e3o Lu\u00eds"}]},{"@type":"WebSite","@id":"https:\/\/www.blogsoestado.com\/danielmatos\/#website","url":"https:\/\/www.blogsoestado.com\/danielmatos\/","name":"Daniel Matos","description":"","potentialAction":[{"@type":"SearchAction","target":{"@type":"EntryPoint","urlTemplate":"https:\/\/www.blogsoestado.com\/danielmatos\/?s={search_term_string}"},"query-input":{"@type":"PropertyValueSpecification","valueRequired":true,"valueName":"search_term_string"}}],"inLanguage":"pt-BR"}]}},"jetpack_featured_media_url":"","_links":{"self":[{"href":"https:\/\/www.blogsoestado.com\/danielmatos\/wp-json\/wp\/v2\/posts\/52462","targetHints":{"allow":["GET"]}}],"collection":[{"href":"https:\/\/www.blogsoestado.com\/danielmatos\/wp-json\/wp\/v2\/posts"}],"about":[{"href":"https:\/\/www.blogsoestado.com\/danielmatos\/wp-json\/wp\/v2\/types\/post"}],"replies":[{"embeddable":true,"href":"https:\/\/www.blogsoestado.com\/danielmatos\/wp-json\/wp\/v2\/comments?post=52462"}],"version-history":[{"count":0,"href":"https:\/\/www.blogsoestado.com\/danielmatos\/wp-json\/wp\/v2\/posts\/52462\/revisions"}],"wp:attachment":[{"href":"https:\/\/www.blogsoestado.com\/danielmatos\/wp-json\/wp\/v2\/media?parent=52462"}],"wp:term":[{"taxonomy":"category","embeddable":true,"href":"https:\/\/www.blogsoestado.com\/danielmatos\/wp-json\/wp\/v2\/categories?post=52462"},{"taxonomy":"post_tag","embeddable":true,"href":"https:\/\/www.blogsoestado.com\/danielmatos\/wp-json\/wp\/v2\/tags?post=52462"}],"curies":[{"name":"wp","href":"https:\/\/api.w.org\/{rel}","templated":true}]}}