{"id":52485,"date":"2018-06-20T15:50:57","date_gmt":"2018-06-20T18:50:57","guid":{"rendered":"https:\/\/www.blogsoestado.com\/danielmatos\/?p=52485"},"modified":"2018-06-20T15:50:57","modified_gmt":"2018-06-20T18:50:57","slug":"tres-ministros-participarao-de-seminario-de-direito-eleitoral-no-espaco-renascenca","status":"publish","type":"post","link":"https:\/\/www.blogsoestado.com\/danielmatos\/tres-ministros-participarao-de-seminario-de-direito-eleitoral-no-espaco-renascenca\/","title":{"rendered":"Tr\u00eas ministros participar\u00e3o de Semin\u00e1rio de Direito Eleitoral no Espa\u00e7o Renascen\u00e7a"},"content":{"rendered":"<figure id=\"attachment_52486\" aria-describedby=\"caption-attachment-52486\" style=\"width: 420px\" class=\"wp-caption alignright\"><img fetchpriority=\"high\" decoding=\"async\" class=\"wp-image-52486\" src=\"https:\/\/www.blogsoestado.com\/danielmatos\/files\/2018\/06\/fux.jpg\" alt=\"\" width=\"420\" height=\"280\" \/><figcaption id=\"caption-attachment-52486\" class=\"wp-caption-text\">Ministro Luiz Fux participar\u00e1 de Semin\u00e1rio sobre Direito Eleitoral<\/figcaption><\/figure>\n<p>Ser\u00e1 realizado, nos dias 21 e 22 de junho, no Espa\u00e7o Renascen\u00e7a, o Semin\u00e1rio de Direito Eleitoral &#8220;Reforma e Crise Pol\u00edtica: Desafio da Justi\u00e7a Eleitoral&#8221;. O evento contar\u00e1 com a participa\u00e7\u00e3o de tr\u00eas ministros e ter\u00e1 realiza\u00e7\u00e3o da Universidade Ceuma, Tribunal Regional Eleitoral (TRE) e da Associa\u00e7\u00e3o dos Ju\u00edzes Federais do Brasil (Ajufe).<\/p>\n<p>O evento receber\u00e1 o ministro do Tribunal Superior Eleitoral (TSE) Tarciso Vieira, o ministro do Superior Tribunal de Justi\u00e7a (STJ) Reynaldo Soares da Fonseca e o ministro do Supremo Tribunal Federal (STF) Luiz Fux.<\/p>\n<p>De acordo com a programa\u00e7\u00e3o, a abertura ser\u00e1 realizada \u00e0s 15h30, com o painel &#8220;O Tribunal Regional Eleitoral e as Elei\u00e7\u00f5es de 2018&#8221;, com o desembargador Cleones Cunha, membro do TRE-MA; Eduardo Jos\u00e9 Leal Moreira, membro efetivo do TRE\/MA, e o diretor do TRE\/MA, Fl\u00e1vio Vinicius Ara\u00fajo. O segundo painel acontecer\u00e1 \u00e0s 16h30, e abordar\u00e1 o tema &#8220;Inelegibilidade&#8221;. Os preletores ser\u00e3o o juiz federal Roberto Veloso e o advogado Lu\u00eds Gustavo Motta. No terceiro painel, \u00e0s 18h, o tema ser\u00e1 &#8220;Partidos Pol\u00edticos&#8221;, com o ministro Tarc\u00edsio Vieira, do TSE, e o advogado Claudio Pereira Neto.<\/p>\n<p>J\u00e1 no dia 22 de junho, \u00e0s 15h30, ser\u00e1 a vez do quarto painel \u201cDemocracia Interna Partid\u00e1ria e a Constitucionaliza\u00e7\u00e3o do Direito Eleitoral\u201d, com o desembargador Carlos Eduardo Padin, presidente do TRE\/SP, e o secret\u00e1rio geral do TSE, Carlos Eduardo Fraz\u00e3o. O quinto painel, \u00e0s 16h30, ter\u00e1 como tema &#8220;Processo Eleitoral e o Novo CPC&#8221;. O painelista ser\u00e1 o ministro Reynaldo Soares da Fonseca, do Superior Tribunal de Justi\u00e7a (STJ). O procurador Regional da Rep\u00fablica Jos\u00e9 Jairo Gomes participar\u00e1 dos debates.<\/p>\n<p>Encerrando as atividades, \u00e0s 19h do dia 22 de junho, ser\u00e1 a vez do ministro do STF e presidente do TSE, Luiz Fux, conduzir a Aula Magna \u201cPapel da Justi\u00e7a Eleitoral para a Manuten\u00e7\u00e3o da Democracia\u201d. Logo ap\u00f3s, o ministro Luiz Fux ser\u00e1 condecorado com a Medalha do M\u00e9rito Eleitoral Min. Arthur Colares Moreira.<\/p>\n<p>O \u00faltimo momento do congresso ser\u00e1 a apresenta\u00e7\u00e3o do Folclore Regional.<\/p>\n","protected":false},"excerpt":{"rendered":"<p>Ser\u00e1 realizado, nos dias 21 e 22 de junho, no Espa\u00e7o Renascen\u00e7a, o Semin\u00e1rio de Direito Eleitoral &#8220;Reforma e Crise [&hellip;]<\/p>\n","protected":false},"author":0,"featured_media":0,"comment_status":"open","ping_status":"open","sticky":false,"template":"","format":"standard","meta":{"site-sidebar-layout":"default","site-content-layout":"","ast-site-content-layout":"default","site-content-style":"default","site-sidebar-style":"default","ast-global-header-display":"","ast-banner-title-visibility":"","ast-main-header-display":"","ast-hfb-above-header-display":"","ast-hfb-below-header-display":"","ast-hfb-mobile-header-display":"","site-post-title":"","ast-breadcrumbs-content":"","ast-featured-img":"","footer-sml-layout":"","ast-disable-related-posts":"","theme-transparent-header-meta":"","adv-header-id-meta":"","stick-header-meta":"","header-above-stick-meta":"","header-main-stick-meta":"","header-below-stick-meta":"","astra-migrate-meta-layouts":"default","ast-page-background-enabled":"default","ast-page-background-meta":{"desktop":{"background-color":"var(--ast-global-color-5)","background-image":"","background-repeat":"repeat","background-position":"center center","background-size":"auto","background-attachment":"scroll","background-type":"","background-media":"","overlay-type":"","overlay-color":"","overlay-opacity":"","overlay-gradient":""},"tablet":{"background-color":"","background-image":"","background-repeat":"repeat","background-position":"center center","background-size":"auto","background-attachment":"scroll","background-type":"","background-media":"","overlay-type":"","overlay-color":"","overlay-opacity":"","overlay-gradient":""},"mobile":{"background-color":"","background-image":"","background-repeat":"repeat","background-position":"center center","background-size":"auto","background-attachment":"scroll","background-type":"","background-media":"","overlay-type":"","overlay-color":"","overlay-opacity":"","overlay-gradient":""}},"ast-content-background-meta":{"desktop":{"background-color":"var(--ast-global-color-4)","background-image":"","background-repeat":"repeat","background-position":"center center","background-size":"auto","background-attachment":"scroll","background-type":"","background-media":"","overlay-type":"","overlay-color":"","overlay-opacity":"","overlay-gradient":""},"tablet":{"background-color":"var(--ast-global-color-4)","background-image":"","background-repeat":"repeat","background-position":"center center","background-size":"auto","background-attachment":"scroll","background-type":"","background-media":"","overlay-type":"","overlay-color":"","overlay-opacity":"","overlay-gradient":""},"mobile":{"background-color":"var(--ast-global-color-4)","background-image":"","background-repeat":"repeat","background-position":"center center","background-size":"auto","background-attachment":"scroll","background-type":"","background-media":"","overlay-type":"","overlay-color":"","overlay-opacity":"","overlay-gradient":""}},"footnotes":""},"categories":[1],"tags":[],"class_list":["post-52485","post","type-post","status-publish","format-standard","hentry","category-sem-categoria"],"yoast_head":"<!-- This site is optimized with the Yoast SEO plugin v26.6 - https:\/\/yoast.com\/wordpress\/plugins\/seo\/ -->\n<title>Tr\u00eas ministros participar\u00e3o de Semin\u00e1rio de Direito Eleitoral no Espa\u00e7o Renascen\u00e7a - Daniel Matos<\/title>\n<meta name=\"robots\" content=\"index, follow, max-snippet:-1, max-image-preview:large, max-video-preview:-1\" \/>\n<link rel=\"canonical\" href=\"https:\/\/www.blogsoestado.com\/danielmatos\/tres-ministros-participarao-de-seminario-de-direito-eleitoral-no-espaco-renascenca\/\" \/>\n<meta property=\"og:locale\" content=\"pt_BR\" \/>\n<meta property=\"og:type\" content=\"article\" \/>\n<meta property=\"og:title\" content=\"Tr\u00eas ministros participar\u00e3o de Semin\u00e1rio de Direito Eleitoral no Espa\u00e7o Renascen\u00e7a - Daniel Matos\" \/>\n<meta property=\"og:description\" content=\"Ser\u00e1 realizado, nos dias 21 e 22 de junho, no Espa\u00e7o Renascen\u00e7a, o Semin\u00e1rio de Direito Eleitoral &#8220;Reforma e Crise [&hellip;]\" \/>\n<meta property=\"og:url\" content=\"https:\/\/www.blogsoestado.com\/danielmatos\/tres-ministros-participarao-de-seminario-de-direito-eleitoral-no-espaco-renascenca\/\" \/>\n<meta property=\"og:site_name\" content=\"Daniel Matos\" \/>\n<meta property=\"article:published_time\" content=\"2018-06-20T18:50:57+00:00\" \/>\n<meta property=\"og:image\" content=\"https:\/\/www.blogsoestado.com\/danielmatos\/files\/2018\/06\/fux.jpg\" \/>\n<meta name=\"twitter:card\" content=\"summary_large_image\" \/>\n<meta name=\"twitter:label1\" content=\"Est. tempo de leitura\" \/>\n\t<meta name=\"twitter:data1\" content=\"2 minutos\" \/>\n<script type=\"application\/ld+json\" class=\"yoast-schema-graph\">{\"@context\":\"https:\/\/schema.org\",\"@graph\":[{\"@type\":\"WebPage\",\"@id\":\"https:\/\/www.blogsoestado.com\/danielmatos\/tres-ministros-participarao-de-seminario-de-direito-eleitoral-no-espaco-renascenca\/\",\"url\":\"https:\/\/www.blogsoestado.com\/danielmatos\/tres-ministros-participarao-de-seminario-de-direito-eleitoral-no-espaco-renascenca\/\",\"name\":\"Tr\u00eas ministros participar\u00e3o de Semin\u00e1rio de Direito Eleitoral no Espa\u00e7o Renascen\u00e7a - Daniel Matos\",\"isPartOf\":{\"@id\":\"https:\/\/www.blogsoestado.com\/danielmatos\/#website\"},\"primaryImageOfPage\":{\"@id\":\"https:\/\/www.blogsoestado.com\/danielmatos\/tres-ministros-participarao-de-seminario-de-direito-eleitoral-no-espaco-renascenca\/#primaryimage\"},\"image\":{\"@id\":\"https:\/\/www.blogsoestado.com\/danielmatos\/tres-ministros-participarao-de-seminario-de-direito-eleitoral-no-espaco-renascenca\/#primaryimage\"},\"thumbnailUrl\":\"https:\/\/www.blogsoestado.com\/danielmatos\/files\/2018\/06\/fux.jpg\",\"datePublished\":\"2018-06-20T18:50:57+00:00\",\"author\":{\"@id\":\"\"},\"breadcrumb\":{\"@id\":\"https:\/\/www.blogsoestado.com\/danielmatos\/tres-ministros-participarao-de-seminario-de-direito-eleitoral-no-espaco-renascenca\/#breadcrumb\"},\"inLanguage\":\"pt-BR\",\"potentialAction\":[{\"@type\":\"ReadAction\",\"target\":[\"https:\/\/www.blogsoestado.com\/danielmatos\/tres-ministros-participarao-de-seminario-de-direito-eleitoral-no-espaco-renascenca\/\"]}]},{\"@type\":\"ImageObject\",\"inLanguage\":\"pt-BR\",\"@id\":\"https:\/\/www.blogsoestado.com\/danielmatos\/tres-ministros-participarao-de-seminario-de-direito-eleitoral-no-espaco-renascenca\/#primaryimage\",\"url\":\"https:\/\/www.blogsoestado.com\/danielmatos\/files\/2018\/06\/fux.jpg\",\"contentUrl\":\"https:\/\/www.blogsoestado.com\/danielmatos\/files\/2018\/06\/fux.jpg\"},{\"@type\":\"BreadcrumbList\",\"@id\":\"https:\/\/www.blogsoestado.com\/danielmatos\/tres-ministros-participarao-de-seminario-de-direito-eleitoral-no-espaco-renascenca\/#breadcrumb\",\"itemListElement\":[{\"@type\":\"ListItem\",\"position\":1,\"name\":\"In\u00edcio\",\"item\":\"https:\/\/www.blogsoestado.com\/danielmatos\/\"},{\"@type\":\"ListItem\",\"position\":2,\"name\":\"Tr\u00eas ministros participar\u00e3o de Semin\u00e1rio de Direito Eleitoral no Espa\u00e7o Renascen\u00e7a\"}]},{\"@type\":\"WebSite\",\"@id\":\"https:\/\/www.blogsoestado.com\/danielmatos\/#website\",\"url\":\"https:\/\/www.blogsoestado.com\/danielmatos\/\",\"name\":\"Daniel Matos\",\"description\":\"\",\"potentialAction\":[{\"@type\":\"SearchAction\",\"target\":{\"@type\":\"EntryPoint\",\"urlTemplate\":\"https:\/\/www.blogsoestado.com\/danielmatos\/?s={search_term_string}\"},\"query-input\":{\"@type\":\"PropertyValueSpecification\",\"valueRequired\":true,\"valueName\":\"search_term_string\"}}],\"inLanguage\":\"pt-BR\"}]}<\/script>\n<!-- \/ Yoast SEO plugin. -->","yoast_head_json":{"title":"Tr\u00eas ministros participar\u00e3o de Semin\u00e1rio de Direito Eleitoral no Espa\u00e7o Renascen\u00e7a - Daniel Matos","robots":{"index":"index","follow":"follow","max-snippet":"max-snippet:-1","max-image-preview":"max-image-preview:large","max-video-preview":"max-video-preview:-1"},"canonical":"https:\/\/www.blogsoestado.com\/danielmatos\/tres-ministros-participarao-de-seminario-de-direito-eleitoral-no-espaco-renascenca\/","og_locale":"pt_BR","og_type":"article","og_title":"Tr\u00eas ministros participar\u00e3o de Semin\u00e1rio de Direito Eleitoral no Espa\u00e7o Renascen\u00e7a - Daniel Matos","og_description":"Ser\u00e1 realizado, nos dias 21 e 22 de junho, no Espa\u00e7o Renascen\u00e7a, o Semin\u00e1rio de Direito Eleitoral &#8220;Reforma e Crise [&hellip;]","og_url":"https:\/\/www.blogsoestado.com\/danielmatos\/tres-ministros-participarao-de-seminario-de-direito-eleitoral-no-espaco-renascenca\/","og_site_name":"Daniel Matos","article_published_time":"2018-06-20T18:50:57+00:00","og_image":[{"url":"https:\/\/www.blogsoestado.com\/danielmatos\/files\/2018\/06\/fux.jpg","type":"","width":"","height":""}],"twitter_card":"summary_large_image","twitter_misc":{"Est. tempo de leitura":"2 minutos"},"schema":{"@context":"https:\/\/schema.org","@graph":[{"@type":"WebPage","@id":"https:\/\/www.blogsoestado.com\/danielmatos\/tres-ministros-participarao-de-seminario-de-direito-eleitoral-no-espaco-renascenca\/","url":"https:\/\/www.blogsoestado.com\/danielmatos\/tres-ministros-participarao-de-seminario-de-direito-eleitoral-no-espaco-renascenca\/","name":"Tr\u00eas ministros participar\u00e3o de Semin\u00e1rio de Direito Eleitoral no Espa\u00e7o Renascen\u00e7a - Daniel Matos","isPartOf":{"@id":"https:\/\/www.blogsoestado.com\/danielmatos\/#website"},"primaryImageOfPage":{"@id":"https:\/\/www.blogsoestado.com\/danielmatos\/tres-ministros-participarao-de-seminario-de-direito-eleitoral-no-espaco-renascenca\/#primaryimage"},"image":{"@id":"https:\/\/www.blogsoestado.com\/danielmatos\/tres-ministros-participarao-de-seminario-de-direito-eleitoral-no-espaco-renascenca\/#primaryimage"},"thumbnailUrl":"https:\/\/www.blogsoestado.com\/danielmatos\/files\/2018\/06\/fux.jpg","datePublished":"2018-06-20T18:50:57+00:00","author":{"@id":""},"breadcrumb":{"@id":"https:\/\/www.blogsoestado.com\/danielmatos\/tres-ministros-participarao-de-seminario-de-direito-eleitoral-no-espaco-renascenca\/#breadcrumb"},"inLanguage":"pt-BR","potentialAction":[{"@type":"ReadAction","target":["https:\/\/www.blogsoestado.com\/danielmatos\/tres-ministros-participarao-de-seminario-de-direito-eleitoral-no-espaco-renascenca\/"]}]},{"@type":"ImageObject","inLanguage":"pt-BR","@id":"https:\/\/www.blogsoestado.com\/danielmatos\/tres-ministros-participarao-de-seminario-de-direito-eleitoral-no-espaco-renascenca\/#primaryimage","url":"https:\/\/www.blogsoestado.com\/danielmatos\/files\/2018\/06\/fux.jpg","contentUrl":"https:\/\/www.blogsoestado.com\/danielmatos\/files\/2018\/06\/fux.jpg"},{"@type":"BreadcrumbList","@id":"https:\/\/www.blogsoestado.com\/danielmatos\/tres-ministros-participarao-de-seminario-de-direito-eleitoral-no-espaco-renascenca\/#breadcrumb","itemListElement":[{"@type":"ListItem","position":1,"name":"In\u00edcio","item":"https:\/\/www.blogsoestado.com\/danielmatos\/"},{"@type":"ListItem","position":2,"name":"Tr\u00eas ministros participar\u00e3o de Semin\u00e1rio de Direito Eleitoral no Espa\u00e7o Renascen\u00e7a"}]},{"@type":"WebSite","@id":"https:\/\/www.blogsoestado.com\/danielmatos\/#website","url":"https:\/\/www.blogsoestado.com\/danielmatos\/","name":"Daniel Matos","description":"","potentialAction":[{"@type":"SearchAction","target":{"@type":"EntryPoint","urlTemplate":"https:\/\/www.blogsoestado.com\/danielmatos\/?s={search_term_string}"},"query-input":{"@type":"PropertyValueSpecification","valueRequired":true,"valueName":"search_term_string"}}],"inLanguage":"pt-BR"}]}},"jetpack_featured_media_url":"","_links":{"self":[{"href":"https:\/\/www.blogsoestado.com\/danielmatos\/wp-json\/wp\/v2\/posts\/52485","targetHints":{"allow":["GET"]}}],"collection":[{"href":"https:\/\/www.blogsoestado.com\/danielmatos\/wp-json\/wp\/v2\/posts"}],"about":[{"href":"https:\/\/www.blogsoestado.com\/danielmatos\/wp-json\/wp\/v2\/types\/post"}],"replies":[{"embeddable":true,"href":"https:\/\/www.blogsoestado.com\/danielmatos\/wp-json\/wp\/v2\/comments?post=52485"}],"version-history":[{"count":0,"href":"https:\/\/www.blogsoestado.com\/danielmatos\/wp-json\/wp\/v2\/posts\/52485\/revisions"}],"wp:attachment":[{"href":"https:\/\/www.blogsoestado.com\/danielmatos\/wp-json\/wp\/v2\/media?parent=52485"}],"wp:term":[{"taxonomy":"category","embeddable":true,"href":"https:\/\/www.blogsoestado.com\/danielmatos\/wp-json\/wp\/v2\/categories?post=52485"},{"taxonomy":"post_tag","embeddable":true,"href":"https:\/\/www.blogsoestado.com\/danielmatos\/wp-json\/wp\/v2\/tags?post=52485"}],"curies":[{"name":"wp","href":"https:\/\/api.w.org\/{rel}","templated":true}]}}