{"id":52488,"date":"2018-06-20T16:02:27","date_gmt":"2018-06-20T19:02:27","guid":{"rendered":"https:\/\/www.blogsoestado.com\/danielmatos\/?p=52488"},"modified":"2018-06-20T16:02:27","modified_gmt":"2018-06-20T19:02:27","slug":"max-barros-anuncia-que-nao-disputara-eleicao","status":"publish","type":"post","link":"https:\/\/www.blogsoestado.com\/danielmatos\/max-barros-anuncia-que-nao-disputara-eleicao\/","title":{"rendered":"Max Barros anuncia que n\u00e3o disputar\u00e1 elei\u00e7\u00e3o"},"content":{"rendered":"<figure id=\"attachment_52489\" aria-describedby=\"caption-attachment-52489\" style=\"width: 420px\" class=\"wp-caption alignleft\"><img fetchpriority=\"high\" decoding=\"async\" class=\"wp-image-52489\" src=\"https:\/\/www.blogsoestado.com\/danielmatos\/files\/2018\/06\/max-desiste.jpg\" alt=\"\" width=\"420\" height=\"280\" \/><figcaption id=\"caption-attachment-52489\" class=\"wp-caption-text\">Masx Barros frisou que ao acupar importantes cargos p\u00fablicos, teve a chance de realizar in\u00fameras obras<\/figcaption><\/figure>\n<p>O deputado Max Barros (PMB) ocupou a tribuna, na manh\u00e3 desta ter\u00e7a-feira (19), no tempo do grande expediente, para anunciar que tomou a decis\u00e3o de n\u00e3o disputar as pr\u00f3ximas elei\u00e7\u00f5es.<\/p>\n<p>\u201cSubo a esta tribuna com a mesma emo\u00e7\u00e3o e entusiasmo que a utilizei ao longo destes 16 anos que fa\u00e7o parte deste Poder. Ao mesmo tempo, possu\u00eddo por um sentimento de serenidade, de tranquilidade d\u2019alma, de efetivar uma decis\u00e3o j\u00e1 h\u00e1 muito tempo amadurecida e tomada que espelha, de certa forma, o meu modo de ver a vida e a pol\u00edtica\u201d, com esta frase, Max Barros iniciou seu pronunciamento.<\/p>\n<p>Ele fez um relato de toda a sua vida p\u00fablica e citou fatos ocorridos ao longo do exerc\u00edcio de fun\u00e7\u00f5es de gestor p\u00fablico no Poder Executivo estadual. Lembrou de sua trajet\u00f3ria como dirigente do Departamento de Estradas de Rodagem (DER-MA), como pr\u00f3-reitor de Ensino da Universidade Estadual do Maranh\u00e3o (Uema), diretor da Cemar, gerente metropolitano de S\u00e3o Lu\u00eds e secret\u00e1rio de Infraestrutura do Estado.<\/p>\n<p>\u201cOlhei para mim, os caminhos percorridos como filho, como marido, como pai, como pol\u00edtico, como gestor p\u00fablico, como cidad\u00e3o simplesmente. Este olhar e essas reflex\u00f5es como um filme de magias passaram diante de mim e mostraram as muta\u00e7\u00f5es, as muitas vicissitudes que a vida atravessou em meus caminhos, mas me mostraram tamb\u00e9m as diversas formas que me utilizei para contorn\u00e1-las para atingir os meus prop\u00f3sitos que sempre contiveram subjacentes \u00e0 \u00e9tica, \u00e0 moral, \u00e0 responsabilidade, \u00e0 fidelidade e \u00e0 sinceridade\u201d, discursou o deputado.<\/p>\n<p>Ele frisou que, investido em importantes cargos p\u00fablicos, teve a chance de realizar in\u00fameras obras, como a recupera\u00e7\u00e3o da BR-135, no trecho de Colinas a Orozimbo, que possibilitou integra\u00e7\u00e3o norte sul do Maranh\u00e3o; a BR-203, de Balsas a Bar\u00e3o de Graja\u00fa, que assegurou o polo agr\u00edcola do Sul do Maranh\u00e3o; a implanta\u00e7\u00e3o da BR-402, viabilizou polo tur\u00edstico dos Len\u00e7\u00f3is e ajudou a consolida\u00e7\u00e3o tamb\u00e9m da pesca naquela regi\u00e3o.<\/p>\n<p>Dentre as obras, Max Barros citou ainda a Avenida dos Holandeses, a Avenida Ferreira Gullar, a Avenida da Forquilha ao Maiob\u00e3o, a Avenida Lu\u00eds Eduardo Magalh\u00e3es, a Avenida Litor\u00e2nea no trecho da Ponta d\u2019Areia, o Viaduto da Cohab, o canal da Raimundo Corr\u00eaa, a Avenida Expressa, a Avenida Orlando Ara\u00fajo ligando o Olho d\u2019\u00c1gua ao Ara\u00e7agi, a revitaliza\u00e7\u00e3o do Centro Hist\u00f3rico em 50 hectares, as constru\u00e7\u00f5es de esta\u00e7\u00e3o de tratamento, a revitaliza\u00e7\u00e3o do Castel\u00e3o e outras obras, muitas delas, como no Bairro Legal e no Projeto Viva, com a participa\u00e7\u00e3o das lideran\u00e7as comunit\u00e1rias.<\/p>\n<p>Max Barros acentuou que, ao chegar \u00e0 Assembleia Legislativa do Maranh\u00e3o para o exerc\u00edcio de sucessivos mandatos que o povo lhe concedeu, estava tomado de j\u00fabilo. \u201cEstava, sim, orgulhoso pela honra de ter sido escolhido entre os 6 milh\u00f5es de maranhenses, um dos 42 a represent\u00e1-los. Ali estava a despeito da grave crise de representatividade que j\u00e1 atravessava o nosso pa\u00eds, crise em grande parte fruto do nosso sistema pol\u00edtico eleitoral que favorece o poder econ\u00f4mico, a forma em detrimento do conte\u00fado\u201d.<\/p>\n<p>Al\u00e9m de discorrer sobre suas proposi\u00e7\u00f5es legislativas, ao longo de quatro mandatos, Max Barros aproveitou para frisar raz\u00f5es de cunho pessoal que o levaram a tomar a decis\u00e3o de n\u00e3o concorrer \u00e0 reelei\u00e7\u00e3o. E frisou tamb\u00e9m seu gesto de gratid\u00e3o e respeito \u00e0s pessoas com quem conviveu ao longo de sua trajet\u00f3ria. \u201cTudo em mim \u00e9 esperan\u00e7a e vida. Sou grato a Deus, que me deu a vida e palmilha o meu destino. Sou grato aos meus pais, Maria e Jos\u00e9 Barros. Sou grato \u00e0 Cristiane, minha esposa, e a meus filhos, Gustavo e Maur\u00edcio. Sou grato a An\u00edbal Pinheiro, quem primeiro me convidou a ocupar um cargo p\u00fablico\u201d.<\/p>\n<p>Max Barros acrescentou que tamb\u00e9m \u00e9 muito grato \u00e0 ex-governadora Roseana Sarney, \u201cque me incentivou a entrar na pol\u00edtica e me honrou convidando-me a participar dos seus governos. Sou grato tamb\u00e9m aos l\u00edderes pol\u00edticos municipais e \u00e0s lideran\u00e7as comunit\u00e1rias\u201d.<\/p>\n<p><strong>\u201cMISS\u00c3O CUMPRIDA\u201d<\/strong><\/p>\n<p>Em apartes, os deputados presentes \u00e0 sess\u00e3o destacaram os 16 anos de Max Barros na Assembleia Legislativa, ao longo de quatro mandatos.<\/p>\n<p>O presidente da Casa, Othelino Neto (PCdoB), Wellington do Curso (PSDB), Nina Melo (MDB), Levi Pontes (PCdoB), Vinicius Louro (PR), Raimundo Cutrim (PCdoB), Gra\u00e7a Paz (PSDB), C\u00e9sar Pires (PV), J\u00fanior Verde (PRB), Rafael Leitoa (PDT), Eduardo Braide (PMN), F\u00e1bio Braga (SD), S\u00e9rgio Frota (PR), Edson Ara\u00fajo (PSB) e Neto Evangelista (DEM) fizeram quest\u00e3o de parabenizar o deputado Max Barros por sua brilhante trajet\u00f3ria na vida p\u00fablica.<\/p>\n<p>Othelino Neto observou que Max Barros n\u00e3o vai disputar a elei\u00e7\u00e3o deste ano, \u201cmas vai estar aqui conosco. O seu legado fica, os seus ensinamentos ficam, os amigos tamb\u00e9m e vai continuar na pol\u00edtica como cidad\u00e3o, como conselheiro e, certamente, como algu\u00e9m que vai estar sempre pronto a servir o Maranh\u00e3o\u201d.<\/p>\n<p>Depois de receber os parab\u00e9ns de todos os deputados presentes, em raz\u00e3o de sua trajet\u00f3ria de servidor p\u00fablico e de parlamentar, o deputado Max Barros explicou que cumprir\u00e1 o seu atual mandato at\u00e9 o \u00faltimo dia \u201ccom a mesma retid\u00e3o, com o mesmo empenho com que o fiz todos os dias ao longo da minha passagem por este Poder\u201d.<\/p>\n<p>Ao encerrar seu pronunciamento, disse que a vida p\u00fablica continuar\u00e1 sendo sua forma de expressar as convic\u00e7\u00f5es que formou ao longo do tempo para uma S\u00e3o Lu\u00eds, para um Maranh\u00e3o e para um Brasil melhor.<\/p>\n<p>\u201cVencendo os meus abismos e minhas turbul\u00eancias, trago um sentimento de miss\u00e3o cumprida. Estou mais maduro e experiente. E me pergunto: valeu a pena? Respondo com os versos de Fernando Pessoa, no poema Mar Portugu\u00eas: &#8216;Tudo vale a pena se a alma n\u00e3o \u00e9 pequena, Deus ao mar o perigo, o abismo deu, mas nele \u00e9 que espelhou o c\u00e9u&#8217;. Minha alma n\u00e3o \u00e9 e nem nunca ser\u00e1 pequena, ela tem a dimens\u00e3o dos meus sonhos, do meu car\u00e1ter, da minha forma\u00e7\u00e3o e da minha hist\u00f3ria\u201d, ressaltou Max Barros.<\/p>\n","protected":false},"excerpt":{"rendered":"<p>O deputado Max Barros (PMB) ocupou a tribuna, na manh\u00e3 desta ter\u00e7a-feira (19), no tempo do grande expediente, para anunciar [&hellip;]<\/p>\n","protected":false},"author":0,"featured_media":0,"comment_status":"open","ping_status":"open","sticky":false,"template":"","format":"standard","meta":{"site-sidebar-layout":"default","site-content-layout":"","ast-site-content-layout":"default","site-content-style":"default","site-sidebar-style":"default","ast-global-header-display":"","ast-banner-title-visibility":"","ast-main-header-display":"","ast-hfb-above-header-display":"","ast-hfb-below-header-display":"","ast-hfb-mobile-header-display":"","site-post-title":"","ast-breadcrumbs-content":"","ast-featured-img":"","footer-sml-layout":"","ast-disable-related-posts":"","theme-transparent-header-meta":"","adv-header-id-meta":"","stick-header-meta":"","header-above-stick-meta":"","header-main-stick-meta":"","header-below-stick-meta":"","astra-migrate-meta-layouts":"default","ast-page-background-enabled":"default","ast-page-background-meta":{"desktop":{"background-color":"var(--ast-global-color-5)","background-image":"","background-repeat":"repeat","background-position":"center center","background-size":"auto","background-attachment":"scroll","background-type":"","background-media":"","overlay-type":"","overlay-color":"","overlay-opacity":"","overlay-gradient":""},"tablet":{"background-color":"","background-image":"","background-repeat":"repeat","background-position":"center center","background-size":"auto","background-attachment":"scroll","background-type":"","background-media":"","overlay-type":"","overlay-color":"","overlay-opacity":"","overlay-gradient":""},"mobile":{"background-color":"","background-image":"","background-repeat":"repeat","background-position":"center center","background-size":"auto","background-attachment":"scroll","background-type":"","background-media":"","overlay-type":"","overlay-color":"","overlay-opacity":"","overlay-gradient":""}},"ast-content-background-meta":{"desktop":{"background-color":"var(--ast-global-color-4)","background-image":"","background-repeat":"repeat","background-position":"center center","background-size":"auto","background-attachment":"scroll","background-type":"","background-media":"","overlay-type":"","overlay-color":"","overlay-opacity":"","overlay-gradient":""},"tablet":{"background-color":"var(--ast-global-color-4)","background-image":"","background-repeat":"repeat","background-position":"center center","background-size":"auto","background-attachment":"scroll","background-type":"","background-media":"","overlay-type":"","overlay-color":"","overlay-opacity":"","overlay-gradient":""},"mobile":{"background-color":"var(--ast-global-color-4)","background-image":"","background-repeat":"repeat","background-position":"center center","background-size":"auto","background-attachment":"scroll","background-type":"","background-media":"","overlay-type":"","overlay-color":"","overlay-opacity":"","overlay-gradient":""}},"footnotes":""},"categories":[1],"tags":[],"class_list":["post-52488","post","type-post","status-publish","format-standard","hentry","category-sem-categoria"],"yoast_head":"<!-- This site is optimized with the Yoast SEO plugin v26.6 - https:\/\/yoast.com\/wordpress\/plugins\/seo\/ -->\n<title>Max Barros anuncia que n\u00e3o disputar\u00e1 elei\u00e7\u00e3o - Daniel Matos<\/title>\n<meta name=\"robots\" content=\"index, follow, max-snippet:-1, max-image-preview:large, max-video-preview:-1\" \/>\n<link rel=\"canonical\" href=\"https:\/\/www.blogsoestado.com\/danielmatos\/max-barros-anuncia-que-nao-disputara-eleicao\/\" \/>\n<meta property=\"og:locale\" content=\"pt_BR\" \/>\n<meta property=\"og:type\" content=\"article\" \/>\n<meta property=\"og:title\" content=\"Max Barros anuncia que n\u00e3o disputar\u00e1 elei\u00e7\u00e3o - Daniel Matos\" \/>\n<meta property=\"og:description\" content=\"O deputado Max Barros (PMB) ocupou a tribuna, na manh\u00e3 desta ter\u00e7a-feira (19), no tempo do grande expediente, para anunciar [&hellip;]\" \/>\n<meta property=\"og:url\" content=\"https:\/\/www.blogsoestado.com\/danielmatos\/max-barros-anuncia-que-nao-disputara-eleicao\/\" \/>\n<meta property=\"og:site_name\" content=\"Daniel Matos\" \/>\n<meta property=\"article:published_time\" content=\"2018-06-20T19:02:27+00:00\" \/>\n<meta property=\"og:image\" content=\"https:\/\/www.blogsoestado.com\/danielmatos\/files\/2018\/06\/max-desiste.jpg\" \/>\n<meta name=\"twitter:card\" content=\"summary_large_image\" \/>\n<meta name=\"twitter:label1\" content=\"Est. tempo de leitura\" \/>\n\t<meta name=\"twitter:data1\" content=\"5 minutos\" \/>\n<script type=\"application\/ld+json\" class=\"yoast-schema-graph\">{\"@context\":\"https:\/\/schema.org\",\"@graph\":[{\"@type\":\"WebPage\",\"@id\":\"https:\/\/www.blogsoestado.com\/danielmatos\/max-barros-anuncia-que-nao-disputara-eleicao\/\",\"url\":\"https:\/\/www.blogsoestado.com\/danielmatos\/max-barros-anuncia-que-nao-disputara-eleicao\/\",\"name\":\"Max Barros anuncia que n\u00e3o disputar\u00e1 elei\u00e7\u00e3o - Daniel Matos\",\"isPartOf\":{\"@id\":\"https:\/\/www.blogsoestado.com\/danielmatos\/#website\"},\"primaryImageOfPage\":{\"@id\":\"https:\/\/www.blogsoestado.com\/danielmatos\/max-barros-anuncia-que-nao-disputara-eleicao\/#primaryimage\"},\"image\":{\"@id\":\"https:\/\/www.blogsoestado.com\/danielmatos\/max-barros-anuncia-que-nao-disputara-eleicao\/#primaryimage\"},\"thumbnailUrl\":\"https:\/\/www.blogsoestado.com\/danielmatos\/files\/2018\/06\/max-desiste.jpg\",\"datePublished\":\"2018-06-20T19:02:27+00:00\",\"author\":{\"@id\":\"\"},\"breadcrumb\":{\"@id\":\"https:\/\/www.blogsoestado.com\/danielmatos\/max-barros-anuncia-que-nao-disputara-eleicao\/#breadcrumb\"},\"inLanguage\":\"pt-BR\",\"potentialAction\":[{\"@type\":\"ReadAction\",\"target\":[\"https:\/\/www.blogsoestado.com\/danielmatos\/max-barros-anuncia-que-nao-disputara-eleicao\/\"]}]},{\"@type\":\"ImageObject\",\"inLanguage\":\"pt-BR\",\"@id\":\"https:\/\/www.blogsoestado.com\/danielmatos\/max-barros-anuncia-que-nao-disputara-eleicao\/#primaryimage\",\"url\":\"https:\/\/www.blogsoestado.com\/danielmatos\/files\/2018\/06\/max-desiste.jpg\",\"contentUrl\":\"https:\/\/www.blogsoestado.com\/danielmatos\/files\/2018\/06\/max-desiste.jpg\"},{\"@type\":\"BreadcrumbList\",\"@id\":\"https:\/\/www.blogsoestado.com\/danielmatos\/max-barros-anuncia-que-nao-disputara-eleicao\/#breadcrumb\",\"itemListElement\":[{\"@type\":\"ListItem\",\"position\":1,\"name\":\"In\u00edcio\",\"item\":\"https:\/\/www.blogsoestado.com\/danielmatos\/\"},{\"@type\":\"ListItem\",\"position\":2,\"name\":\"Max Barros anuncia que n\u00e3o disputar\u00e1 elei\u00e7\u00e3o\"}]},{\"@type\":\"WebSite\",\"@id\":\"https:\/\/www.blogsoestado.com\/danielmatos\/#website\",\"url\":\"https:\/\/www.blogsoestado.com\/danielmatos\/\",\"name\":\"Daniel Matos\",\"description\":\"\",\"potentialAction\":[{\"@type\":\"SearchAction\",\"target\":{\"@type\":\"EntryPoint\",\"urlTemplate\":\"https:\/\/www.blogsoestado.com\/danielmatos\/?s={search_term_string}\"},\"query-input\":{\"@type\":\"PropertyValueSpecification\",\"valueRequired\":true,\"valueName\":\"search_term_string\"}}],\"inLanguage\":\"pt-BR\"}]}<\/script>\n<!-- \/ Yoast SEO plugin. -->","yoast_head_json":{"title":"Max Barros anuncia que n\u00e3o disputar\u00e1 elei\u00e7\u00e3o - Daniel Matos","robots":{"index":"index","follow":"follow","max-snippet":"max-snippet:-1","max-image-preview":"max-image-preview:large","max-video-preview":"max-video-preview:-1"},"canonical":"https:\/\/www.blogsoestado.com\/danielmatos\/max-barros-anuncia-que-nao-disputara-eleicao\/","og_locale":"pt_BR","og_type":"article","og_title":"Max Barros anuncia que n\u00e3o disputar\u00e1 elei\u00e7\u00e3o - Daniel Matos","og_description":"O deputado Max Barros (PMB) ocupou a tribuna, na manh\u00e3 desta ter\u00e7a-feira (19), no tempo do grande expediente, para anunciar [&hellip;]","og_url":"https:\/\/www.blogsoestado.com\/danielmatos\/max-barros-anuncia-que-nao-disputara-eleicao\/","og_site_name":"Daniel Matos","article_published_time":"2018-06-20T19:02:27+00:00","og_image":[{"url":"https:\/\/www.blogsoestado.com\/danielmatos\/files\/2018\/06\/max-desiste.jpg","type":"","width":"","height":""}],"twitter_card":"summary_large_image","twitter_misc":{"Est. tempo de leitura":"5 minutos"},"schema":{"@context":"https:\/\/schema.org","@graph":[{"@type":"WebPage","@id":"https:\/\/www.blogsoestado.com\/danielmatos\/max-barros-anuncia-que-nao-disputara-eleicao\/","url":"https:\/\/www.blogsoestado.com\/danielmatos\/max-barros-anuncia-que-nao-disputara-eleicao\/","name":"Max Barros anuncia que n\u00e3o disputar\u00e1 elei\u00e7\u00e3o - Daniel Matos","isPartOf":{"@id":"https:\/\/www.blogsoestado.com\/danielmatos\/#website"},"primaryImageOfPage":{"@id":"https:\/\/www.blogsoestado.com\/danielmatos\/max-barros-anuncia-que-nao-disputara-eleicao\/#primaryimage"},"image":{"@id":"https:\/\/www.blogsoestado.com\/danielmatos\/max-barros-anuncia-que-nao-disputara-eleicao\/#primaryimage"},"thumbnailUrl":"https:\/\/www.blogsoestado.com\/danielmatos\/files\/2018\/06\/max-desiste.jpg","datePublished":"2018-06-20T19:02:27+00:00","author":{"@id":""},"breadcrumb":{"@id":"https:\/\/www.blogsoestado.com\/danielmatos\/max-barros-anuncia-que-nao-disputara-eleicao\/#breadcrumb"},"inLanguage":"pt-BR","potentialAction":[{"@type":"ReadAction","target":["https:\/\/www.blogsoestado.com\/danielmatos\/max-barros-anuncia-que-nao-disputara-eleicao\/"]}]},{"@type":"ImageObject","inLanguage":"pt-BR","@id":"https:\/\/www.blogsoestado.com\/danielmatos\/max-barros-anuncia-que-nao-disputara-eleicao\/#primaryimage","url":"https:\/\/www.blogsoestado.com\/danielmatos\/files\/2018\/06\/max-desiste.jpg","contentUrl":"https:\/\/www.blogsoestado.com\/danielmatos\/files\/2018\/06\/max-desiste.jpg"},{"@type":"BreadcrumbList","@id":"https:\/\/www.blogsoestado.com\/danielmatos\/max-barros-anuncia-que-nao-disputara-eleicao\/#breadcrumb","itemListElement":[{"@type":"ListItem","position":1,"name":"In\u00edcio","item":"https:\/\/www.blogsoestado.com\/danielmatos\/"},{"@type":"ListItem","position":2,"name":"Max Barros anuncia que n\u00e3o disputar\u00e1 elei\u00e7\u00e3o"}]},{"@type":"WebSite","@id":"https:\/\/www.blogsoestado.com\/danielmatos\/#website","url":"https:\/\/www.blogsoestado.com\/danielmatos\/","name":"Daniel Matos","description":"","potentialAction":[{"@type":"SearchAction","target":{"@type":"EntryPoint","urlTemplate":"https:\/\/www.blogsoestado.com\/danielmatos\/?s={search_term_string}"},"query-input":{"@type":"PropertyValueSpecification","valueRequired":true,"valueName":"search_term_string"}}],"inLanguage":"pt-BR"}]}},"jetpack_featured_media_url":"","_links":{"self":[{"href":"https:\/\/www.blogsoestado.com\/danielmatos\/wp-json\/wp\/v2\/posts\/52488","targetHints":{"allow":["GET"]}}],"collection":[{"href":"https:\/\/www.blogsoestado.com\/danielmatos\/wp-json\/wp\/v2\/posts"}],"about":[{"href":"https:\/\/www.blogsoestado.com\/danielmatos\/wp-json\/wp\/v2\/types\/post"}],"replies":[{"embeddable":true,"href":"https:\/\/www.blogsoestado.com\/danielmatos\/wp-json\/wp\/v2\/comments?post=52488"}],"version-history":[{"count":0,"href":"https:\/\/www.blogsoestado.com\/danielmatos\/wp-json\/wp\/v2\/posts\/52488\/revisions"}],"wp:attachment":[{"href":"https:\/\/www.blogsoestado.com\/danielmatos\/wp-json\/wp\/v2\/media?parent=52488"}],"wp:term":[{"taxonomy":"category","embeddable":true,"href":"https:\/\/www.blogsoestado.com\/danielmatos\/wp-json\/wp\/v2\/categories?post=52488"},{"taxonomy":"post_tag","embeddable":true,"href":"https:\/\/www.blogsoestado.com\/danielmatos\/wp-json\/wp\/v2\/tags?post=52488"}],"curies":[{"name":"wp","href":"https:\/\/api.w.org\/{rel}","templated":true}]}}