{"id":52514,"date":"2018-06-21T10:24:34","date_gmt":"2018-06-21T13:24:34","guid":{"rendered":"https:\/\/www.blogsoestado.com\/danielmatos\/?p=52514"},"modified":"2018-06-21T10:24:34","modified_gmt":"2018-06-21T13:24:34","slug":"presidente-do-tre-ma-defende-eleicao-suplementar-em-bacabal-em-7-de-outubro","status":"publish","type":"post","link":"https:\/\/www.blogsoestado.com\/danielmatos\/presidente-do-tre-ma-defende-eleicao-suplementar-em-bacabal-em-7-de-outubro\/","title":{"rendered":"Presidente do TRE-MA defende elei\u00e7\u00e3o suplementar em Bacabal em 7 de outubro"},"content":{"rendered":"<figure id=\"attachment_43716\" aria-describedby=\"caption-attachment-43716\" style=\"width: 448px\" class=\"wp-caption alignleft\"><img fetchpriority=\"high\" decoding=\"async\" class=\"size-full wp-image-43716\" src=\"https:\/\/www.blogsoestado.com\/danielmatos\/files\/2017\/08\/ricardo-duailibe.jpg\" alt=\"\" width=\"448\" height=\"293\" \/><figcaption id=\"caption-attachment-43716\" class=\"wp-caption-text\">Ricardo Duailibe \u00e9 a favor da realiza\u00e7\u00e3o da elei\u00e7\u00e3o suplementar em Bacabal no mesmo dia da elei\u00e7\u00e3o geral<\/figcaption><\/figure>\n<p>Em entrevista ao Bom Dia Mirante, nesta quinta-feira (21), o presidente do Tribunal Regional Eleitoral (TRE\/MA), desembargador Ricardo Dualibe, defendeu a realiza\u00e7\u00e3o em 7 de outubro da elei\u00e7\u00e3o suplementar em Bacabal, em raz\u00e3o do afastamento do prefeito Z\u00e9 Vieira (PP) pelo Tribunal Superior Eleitoral (TSE), decis\u00e3o tomada na \u00faltima ter\u00e7a-feira (19). Seria uma forma de economizar recursos com a escolha do novo gestor bacabalense em per\u00edodo extraordin\u00e1rio<\/p>\n<p>Com a realiza\u00e7\u00e3o do pleito municipal em 7 de outubro, a Justi\u00e7a Eleitoral aproveitaria a log\u00edstica das elei\u00e7\u00e3o gerais &#8211; para governador, senador, deputado federal e deputado estadual -, como urnas eletr\u00f4nicas, mes\u00e1rios e sistema de apura\u00e7\u00e3o. As normas de regulamenta\u00e7\u00e3o tamb\u00e9m seriam praticamente as mesmas para as duas elei\u00e7\u00f5es.<\/p>\n<p>Apesar de antecipar sua posi\u00e7\u00e3o, o presidente do TRE maranhense observou que caber\u00e1 ao TSE tomar a decis\u00e3o final sobre a quest\u00e3o.<\/p>\n<p><strong>Registro de candidatura cassado<\/strong><\/p>\n<figure id=\"attachment_52515\" aria-describedby=\"caption-attachment-52515\" style=\"width: 400px\" class=\"wp-caption alignright\"><img decoding=\"async\" class=\"wp-image-52515\" src=\"https:\/\/www.blogsoestado.com\/danielmatos\/files\/2018\/06\/edvan-brandao.jpeg\" alt=\"\" width=\"400\" height=\"304\" \/><figcaption id=\"caption-attachment-52515\" class=\"wp-caption-text\">Vereador Edvan Brand\u00e3o assumiu a prefeitura de Bacabal e tem 30 dias para convocar a elei\u00e7\u00e3o suplementar<\/figcaption><\/figure>\n<p>Jos\u00e9 Vieira Lins, mais conhecido como Z\u00e9 Vieria, foi eleito com 20.671 votos em 2016, mas j\u00e1 entrou na disputa eleitoral condenado por improbidade administrativa e enriquecimento il\u00edcito em julgamento feito pelo Tribunal de Justi\u00e7a do Maranh\u00e3o, em 2016, antes da elei\u00e7\u00e3o. A decis\u00e3o foi confirmada pelo Superior Tribunal de Justi\u00e7a (STJ) em 2017. Desde 1\u00ba de dezembro do ano passado, Z\u00e9 Vieira se mantinha no cargo por for\u00e7a de uma liminar concedida pelo desembargador Raimundo Melo.<\/p>\n<p>Ap\u00f3s sucessivas manifesta\u00e7\u00f5es da Justi\u00e7a, pela manuten\u00e7\u00e3o e pelo afastamento do gestor do cargo, o TSE proferiu a senten\u00e7a definitiva, no \u00e2mbito da Justi\u00e7a da Eleitoral, onde cabem, agora, apenas embargos de declara\u00e7\u00e3o. Ricardo Duailibe informou que h\u00e1 tamb\u00e9m a possibilidade de o prefeito afastado interpor recurso no Supremo Tribunal Federal (STF).<\/p>\n<p><strong>Gest\u00e3o<\/strong><\/p>\n<p>Enquanto o novo prefeito n\u00e3o \u00e9 escolhido definitivamente, Bacabal est\u00e1 sendo administrada interinamente pelo presidente da C\u00e2mara Municipal, vereador Edvan Brand\u00e3o de Farias (PSC), que tem prazo de 30 dias para definir datas e regras da nova elei\u00e7\u00e3o.<\/p>\n","protected":false},"excerpt":{"rendered":"<p>Em entrevista ao Bom Dia Mirante, nesta quinta-feira (21), o presidente do Tribunal Regional Eleitoral (TRE\/MA), desembargador Ricardo Dualibe, defendeu [&hellip;]<\/p>\n","protected":false},"author":0,"featured_media":0,"comment_status":"open","ping_status":"open","sticky":false,"template":"","format":"standard","meta":{"site-sidebar-layout":"default","site-content-layout":"","ast-site-content-layout":"default","site-content-style":"default","site-sidebar-style":"default","ast-global-header-display":"","ast-banner-title-visibility":"","ast-main-header-display":"","ast-hfb-above-header-display":"","ast-hfb-below-header-display":"","ast-hfb-mobile-header-display":"","site-post-title":"","ast-breadcrumbs-content":"","ast-featured-img":"","footer-sml-layout":"","ast-disable-related-posts":"","theme-transparent-header-meta":"","adv-header-id-meta":"","stick-header-meta":"","header-above-stick-meta":"","header-main-stick-meta":"","header-below-stick-meta":"","astra-migrate-meta-layouts":"default","ast-page-background-enabled":"default","ast-page-background-meta":{"desktop":{"background-color":"var(--ast-global-color-5)","background-image":"","background-repeat":"repeat","background-position":"center center","background-size":"auto","background-attachment":"scroll","background-type":"","background-media":"","overlay-type":"","overlay-color":"","overlay-opacity":"","overlay-gradient":""},"tablet":{"background-color":"","background-image":"","background-repeat":"repeat","background-position":"center center","background-size":"auto","background-attachment":"scroll","background-type":"","background-media":"","overlay-type":"","overlay-color":"","overlay-opacity":"","overlay-gradient":""},"mobile":{"background-color":"","background-image":"","background-repeat":"repeat","background-position":"center center","background-size":"auto","background-attachment":"scroll","background-type":"","background-media":"","overlay-type":"","overlay-color":"","overlay-opacity":"","overlay-gradient":""}},"ast-content-background-meta":{"desktop":{"background-color":"var(--ast-global-color-4)","background-image":"","background-repeat":"repeat","background-position":"center center","background-size":"auto","background-attachment":"scroll","background-type":"","background-media":"","overlay-type":"","overlay-color":"","overlay-opacity":"","overlay-gradient":""},"tablet":{"background-color":"var(--ast-global-color-4)","background-image":"","background-repeat":"repeat","background-position":"center center","background-size":"auto","background-attachment":"scroll","background-type":"","background-media":"","overlay-type":"","overlay-color":"","overlay-opacity":"","overlay-gradient":""},"mobile":{"background-color":"var(--ast-global-color-4)","background-image":"","background-repeat":"repeat","background-position":"center center","background-size":"auto","background-attachment":"scroll","background-type":"","background-media":"","overlay-type":"","overlay-color":"","overlay-opacity":"","overlay-gradient":""}},"footnotes":""},"categories":[1],"tags":[],"class_list":["post-52514","post","type-post","status-publish","format-standard","hentry","category-sem-categoria"],"yoast_head":"<!-- This site is optimized with the Yoast SEO plugin v26.6 - https:\/\/yoast.com\/wordpress\/plugins\/seo\/ -->\n<title>Presidente do TRE-MA defende elei\u00e7\u00e3o suplementar em Bacabal em 7 de outubro - Daniel Matos<\/title>\n<meta name=\"robots\" content=\"index, follow, max-snippet:-1, max-image-preview:large, max-video-preview:-1\" \/>\n<link rel=\"canonical\" href=\"https:\/\/www.blogsoestado.com\/danielmatos\/presidente-do-tre-ma-defende-eleicao-suplementar-em-bacabal-em-7-de-outubro\/\" \/>\n<meta property=\"og:locale\" content=\"pt_BR\" \/>\n<meta property=\"og:type\" content=\"article\" \/>\n<meta property=\"og:title\" content=\"Presidente do TRE-MA defende elei\u00e7\u00e3o suplementar em Bacabal em 7 de outubro - Daniel Matos\" \/>\n<meta property=\"og:description\" content=\"Em entrevista ao Bom Dia Mirante, nesta quinta-feira (21), o presidente do Tribunal Regional Eleitoral (TRE\/MA), desembargador Ricardo Dualibe, defendeu [&hellip;]\" \/>\n<meta property=\"og:url\" content=\"https:\/\/www.blogsoestado.com\/danielmatos\/presidente-do-tre-ma-defende-eleicao-suplementar-em-bacabal-em-7-de-outubro\/\" \/>\n<meta property=\"og:site_name\" content=\"Daniel Matos\" \/>\n<meta property=\"article:published_time\" content=\"2018-06-21T13:24:34+00:00\" \/>\n<meta property=\"og:image\" content=\"https:\/\/www.blogsoestado.com\/danielmatos\/files\/2017\/08\/ricardo-duailibe.jpg\" \/>\n<meta name=\"twitter:card\" content=\"summary_large_image\" \/>\n<meta name=\"twitter:label1\" content=\"Est. tempo de leitura\" \/>\n\t<meta name=\"twitter:data1\" content=\"2 minutos\" \/>\n<script type=\"application\/ld+json\" class=\"yoast-schema-graph\">{\"@context\":\"https:\/\/schema.org\",\"@graph\":[{\"@type\":\"WebPage\",\"@id\":\"https:\/\/www.blogsoestado.com\/danielmatos\/presidente-do-tre-ma-defende-eleicao-suplementar-em-bacabal-em-7-de-outubro\/\",\"url\":\"https:\/\/www.blogsoestado.com\/danielmatos\/presidente-do-tre-ma-defende-eleicao-suplementar-em-bacabal-em-7-de-outubro\/\",\"name\":\"Presidente do TRE-MA defende elei\u00e7\u00e3o suplementar em Bacabal em 7 de outubro - Daniel Matos\",\"isPartOf\":{\"@id\":\"https:\/\/www.blogsoestado.com\/danielmatos\/#website\"},\"primaryImageOfPage\":{\"@id\":\"https:\/\/www.blogsoestado.com\/danielmatos\/presidente-do-tre-ma-defende-eleicao-suplementar-em-bacabal-em-7-de-outubro\/#primaryimage\"},\"image\":{\"@id\":\"https:\/\/www.blogsoestado.com\/danielmatos\/presidente-do-tre-ma-defende-eleicao-suplementar-em-bacabal-em-7-de-outubro\/#primaryimage\"},\"thumbnailUrl\":\"https:\/\/www.blogsoestado.com\/danielmatos\/files\/2017\/08\/ricardo-duailibe.jpg\",\"datePublished\":\"2018-06-21T13:24:34+00:00\",\"author\":{\"@id\":\"\"},\"breadcrumb\":{\"@id\":\"https:\/\/www.blogsoestado.com\/danielmatos\/presidente-do-tre-ma-defende-eleicao-suplementar-em-bacabal-em-7-de-outubro\/#breadcrumb\"},\"inLanguage\":\"pt-BR\",\"potentialAction\":[{\"@type\":\"ReadAction\",\"target\":[\"https:\/\/www.blogsoestado.com\/danielmatos\/presidente-do-tre-ma-defende-eleicao-suplementar-em-bacabal-em-7-de-outubro\/\"]}]},{\"@type\":\"ImageObject\",\"inLanguage\":\"pt-BR\",\"@id\":\"https:\/\/www.blogsoestado.com\/danielmatos\/presidente-do-tre-ma-defende-eleicao-suplementar-em-bacabal-em-7-de-outubro\/#primaryimage\",\"url\":\"https:\/\/www.blogsoestado.com\/danielmatos\/files\/2017\/08\/ricardo-duailibe.jpg\",\"contentUrl\":\"https:\/\/www.blogsoestado.com\/danielmatos\/files\/2017\/08\/ricardo-duailibe.jpg\"},{\"@type\":\"BreadcrumbList\",\"@id\":\"https:\/\/www.blogsoestado.com\/danielmatos\/presidente-do-tre-ma-defende-eleicao-suplementar-em-bacabal-em-7-de-outubro\/#breadcrumb\",\"itemListElement\":[{\"@type\":\"ListItem\",\"position\":1,\"name\":\"In\u00edcio\",\"item\":\"https:\/\/www.blogsoestado.com\/danielmatos\/\"},{\"@type\":\"ListItem\",\"position\":2,\"name\":\"Presidente do TRE-MA defende elei\u00e7\u00e3o suplementar em Bacabal em 7 de outubro\"}]},{\"@type\":\"WebSite\",\"@id\":\"https:\/\/www.blogsoestado.com\/danielmatos\/#website\",\"url\":\"https:\/\/www.blogsoestado.com\/danielmatos\/\",\"name\":\"Daniel Matos\",\"description\":\"\",\"potentialAction\":[{\"@type\":\"SearchAction\",\"target\":{\"@type\":\"EntryPoint\",\"urlTemplate\":\"https:\/\/www.blogsoestado.com\/danielmatos\/?s={search_term_string}\"},\"query-input\":{\"@type\":\"PropertyValueSpecification\",\"valueRequired\":true,\"valueName\":\"search_term_string\"}}],\"inLanguage\":\"pt-BR\"}]}<\/script>\n<!-- \/ Yoast SEO plugin. -->","yoast_head_json":{"title":"Presidente do TRE-MA defende elei\u00e7\u00e3o suplementar em Bacabal em 7 de outubro - Daniel Matos","robots":{"index":"index","follow":"follow","max-snippet":"max-snippet:-1","max-image-preview":"max-image-preview:large","max-video-preview":"max-video-preview:-1"},"canonical":"https:\/\/www.blogsoestado.com\/danielmatos\/presidente-do-tre-ma-defende-eleicao-suplementar-em-bacabal-em-7-de-outubro\/","og_locale":"pt_BR","og_type":"article","og_title":"Presidente do TRE-MA defende elei\u00e7\u00e3o suplementar em Bacabal em 7 de outubro - Daniel Matos","og_description":"Em entrevista ao Bom Dia Mirante, nesta quinta-feira (21), o presidente do Tribunal Regional Eleitoral (TRE\/MA), desembargador Ricardo Dualibe, defendeu [&hellip;]","og_url":"https:\/\/www.blogsoestado.com\/danielmatos\/presidente-do-tre-ma-defende-eleicao-suplementar-em-bacabal-em-7-de-outubro\/","og_site_name":"Daniel Matos","article_published_time":"2018-06-21T13:24:34+00:00","og_image":[{"url":"https:\/\/www.blogsoestado.com\/danielmatos\/files\/2017\/08\/ricardo-duailibe.jpg","type":"","width":"","height":""}],"twitter_card":"summary_large_image","twitter_misc":{"Est. tempo de leitura":"2 minutos"},"schema":{"@context":"https:\/\/schema.org","@graph":[{"@type":"WebPage","@id":"https:\/\/www.blogsoestado.com\/danielmatos\/presidente-do-tre-ma-defende-eleicao-suplementar-em-bacabal-em-7-de-outubro\/","url":"https:\/\/www.blogsoestado.com\/danielmatos\/presidente-do-tre-ma-defende-eleicao-suplementar-em-bacabal-em-7-de-outubro\/","name":"Presidente do TRE-MA defende elei\u00e7\u00e3o suplementar em Bacabal em 7 de outubro - Daniel Matos","isPartOf":{"@id":"https:\/\/www.blogsoestado.com\/danielmatos\/#website"},"primaryImageOfPage":{"@id":"https:\/\/www.blogsoestado.com\/danielmatos\/presidente-do-tre-ma-defende-eleicao-suplementar-em-bacabal-em-7-de-outubro\/#primaryimage"},"image":{"@id":"https:\/\/www.blogsoestado.com\/danielmatos\/presidente-do-tre-ma-defende-eleicao-suplementar-em-bacabal-em-7-de-outubro\/#primaryimage"},"thumbnailUrl":"https:\/\/www.blogsoestado.com\/danielmatos\/files\/2017\/08\/ricardo-duailibe.jpg","datePublished":"2018-06-21T13:24:34+00:00","author":{"@id":""},"breadcrumb":{"@id":"https:\/\/www.blogsoestado.com\/danielmatos\/presidente-do-tre-ma-defende-eleicao-suplementar-em-bacabal-em-7-de-outubro\/#breadcrumb"},"inLanguage":"pt-BR","potentialAction":[{"@type":"ReadAction","target":["https:\/\/www.blogsoestado.com\/danielmatos\/presidente-do-tre-ma-defende-eleicao-suplementar-em-bacabal-em-7-de-outubro\/"]}]},{"@type":"ImageObject","inLanguage":"pt-BR","@id":"https:\/\/www.blogsoestado.com\/danielmatos\/presidente-do-tre-ma-defende-eleicao-suplementar-em-bacabal-em-7-de-outubro\/#primaryimage","url":"https:\/\/www.blogsoestado.com\/danielmatos\/files\/2017\/08\/ricardo-duailibe.jpg","contentUrl":"https:\/\/www.blogsoestado.com\/danielmatos\/files\/2017\/08\/ricardo-duailibe.jpg"},{"@type":"BreadcrumbList","@id":"https:\/\/www.blogsoestado.com\/danielmatos\/presidente-do-tre-ma-defende-eleicao-suplementar-em-bacabal-em-7-de-outubro\/#breadcrumb","itemListElement":[{"@type":"ListItem","position":1,"name":"In\u00edcio","item":"https:\/\/www.blogsoestado.com\/danielmatos\/"},{"@type":"ListItem","position":2,"name":"Presidente do TRE-MA defende elei\u00e7\u00e3o suplementar em Bacabal em 7 de outubro"}]},{"@type":"WebSite","@id":"https:\/\/www.blogsoestado.com\/danielmatos\/#website","url":"https:\/\/www.blogsoestado.com\/danielmatos\/","name":"Daniel Matos","description":"","potentialAction":[{"@type":"SearchAction","target":{"@type":"EntryPoint","urlTemplate":"https:\/\/www.blogsoestado.com\/danielmatos\/?s={search_term_string}"},"query-input":{"@type":"PropertyValueSpecification","valueRequired":true,"valueName":"search_term_string"}}],"inLanguage":"pt-BR"}]}},"jetpack_featured_media_url":"","_links":{"self":[{"href":"https:\/\/www.blogsoestado.com\/danielmatos\/wp-json\/wp\/v2\/posts\/52514","targetHints":{"allow":["GET"]}}],"collection":[{"href":"https:\/\/www.blogsoestado.com\/danielmatos\/wp-json\/wp\/v2\/posts"}],"about":[{"href":"https:\/\/www.blogsoestado.com\/danielmatos\/wp-json\/wp\/v2\/types\/post"}],"replies":[{"embeddable":true,"href":"https:\/\/www.blogsoestado.com\/danielmatos\/wp-json\/wp\/v2\/comments?post=52514"}],"version-history":[{"count":0,"href":"https:\/\/www.blogsoestado.com\/danielmatos\/wp-json\/wp\/v2\/posts\/52514\/revisions"}],"wp:attachment":[{"href":"https:\/\/www.blogsoestado.com\/danielmatos\/wp-json\/wp\/v2\/media?parent=52514"}],"wp:term":[{"taxonomy":"category","embeddable":true,"href":"https:\/\/www.blogsoestado.com\/danielmatos\/wp-json\/wp\/v2\/categories?post=52514"},{"taxonomy":"post_tag","embeddable":true,"href":"https:\/\/www.blogsoestado.com\/danielmatos\/wp-json\/wp\/v2\/tags?post=52514"}],"curies":[{"name":"wp","href":"https:\/\/api.w.org\/{rel}","templated":true}]}}