{"id":52517,"date":"2018-06-21T12:14:57","date_gmt":"2018-06-21T15:14:57","guid":{"rendered":"https:\/\/www.blogsoestado.com\/danielmatos\/?p=52517"},"modified":"2018-06-21T12:14:57","modified_gmt":"2018-06-21T15:14:57","slug":"em-tempos-de-copa-sao-joao-e-foguetorio-prefeitura-de-sao-luis-sonega-informacoes-sobre-atendimento-a-queimados","status":"publish","type":"post","link":"https:\/\/www.blogsoestado.com\/danielmatos\/em-tempos-de-copa-sao-joao-e-foguetorio-prefeitura-de-sao-luis-sonega-informacoes-sobre-atendimento-a-queimados\/","title":{"rendered":"Em tempos de Copa, S\u00e3o Jo\u00e3o e foguet\u00f3rio, Prefeitura de S\u00e3o Lu\u00eds sonega informa\u00e7\u00f5es sobre atendimento a queimados"},"content":{"rendered":"<h2><span style=\"color: #ff0000;\">Secretaria Municipal de Comunica\u00e7\u00e3o (Secom) atende precariamente demandas da imprensa relacionadas ao servi\u00e7o hospitalar destinado a v\u00edtimas de acidentes com fogos<\/span><\/h2>\n<p><img fetchpriority=\"high\" decoding=\"async\" class=\"alignleft size-full wp-image-52520\" src=\"https:\/\/www.blogsoestado.com\/danielmatos\/files\/2018\/06\/queimaduras-sj.jpg\" alt=\"\" width=\"470\" height=\"300\" \/>Em meio \u00e0s festas juninas e ao clima de euforia que toma conta da cidade durante os jogos da sele\u00e7\u00e3o brasileira na Copa do Mundo, \u00e9 comum o h\u00e1bito de soltar fogos de artif\u00edcio, bombas, bal\u00f5es e outros artefatos pirot\u00e9cnicos, o que implica risco de queimaduras e at\u00e9 amputa\u00e7\u00f5es causadas por explos\u00f5es. \u00c9 um momento mais do que apropriado para a Prefeitura de S\u00e3o Lu\u00eds vir a p\u00fablico alertar sobre os perigos desta \u00e9poca, em que a alegria e a comemora\u00e7\u00e3o podem dar lugar \u00e0 trag\u00e9dia. Mas, estranhamente, a Secretaria Municipal de Comunica\u00e7\u00e3o (Secom) vem sonegando informa\u00e7\u00f5es sobre o atendimento a pacientes queimados na rede p\u00fablica municipal de sa\u00fade.<\/p>\n<p>H\u00e1 exatos 10 dias, a reportagem de O Estado vem tentando obter, junto \u00e0 equipe da Secom, informa\u00e7\u00f5es sobre encaminhamento, interna\u00e7\u00e3o e estrutura para atendimento a queimados dispon\u00edvel nos hospitais municipais de urg\u00eancia e emerg\u00eancia Djalma Marques (Socorr\u00e3o I) e Clementino Moura (Socorr\u00e3o II). A inten\u00e7\u00e3o inicial era agendar uma entrevista, mas, como o contato direto entre jornalistas e fontes \u00e9 cada vez mais raro no \u00e2mbito da prefeitura da capital, o jornal teve, mais uma vez, que se contentar com o envio de uma nota. Para tanto, seguiu, como sempre, todos o tr\u00e2mite burocr\u00e1tico imposto pela secretaria para viabilizar o atendimento da demanda.<\/p>\n<p>Sobre as informa\u00e7\u00f5es encaminhadas pela prefeitura, tamanha foi a surpresa da equipe de reportagem ao receber uma nota vaga, superficial, escrita em poucas linhas, na qual a Secom informa que n\u00e3o houve aumento do n\u00famero de atendimentos a v\u00edtimas de queimaduras no per\u00edodo junino, que este ano coincide com as primeiras fases da Copa do Mundo, o que potencializa o perigo. Na nota, a prefeitura diz, ainda, que \u201co Servi\u00e7o M\u00f3vel de Atendimento e Urg\u00eancia (Samu) est\u00e1 funcionando com a frota total e refor\u00e7o de mais uma ambul\u00e2ncia para qualquer ocorr\u00eancia e que os hospitais Socorr\u00e3o I e II est\u00e3o preparados para receber pacientes com queimaduras\u201d.<\/p>\n<p>Sem ter acesso aos setores de atendimento a queimados dos socorr\u00f5es I e II, O Estado n\u00e3o pode comprovar, in loco, a veracidade da informa\u00e7\u00e3o contida na nota. Em nome do bom jornalismo, o ideal seria uma visita aos espa\u00e7os de interna\u00e7\u00e3o, mesmo sob monitoramento, e com os devidos cuidados. Mas o cumprimento de tal premissa n\u00e3o foi poss\u00edvel em raz\u00e3o do veto da Secretaria Municipal de Sa\u00fade (Semus), avalizado pela Secom, \u00e0 presen\u00e7a de profissionais de imprensa nas alas com leitos ocupados por v\u00edtimas de queimaduras.<\/p>\n<p>Al\u00e9m de divulgar informa\u00e7\u00f5es vagas, a Secom impede os meios de comunica\u00e7\u00e3o de checar, direto na fonte, a qualidade do tratamento, contrariando as normas de transpar\u00eancia que devem ser cumpridas pela administra\u00e7\u00e3o p\u00fablica. Uma atitude lament\u00e1vel e suspeita, que representa um desservi\u00e7o \u00e0 sociedade.<\/p>\n<p>N\u00e3o \u00e9 injusto, muito menos exagero afirmar que a Secom atende precariamente as demandas da imprensa relacionadas ao servi\u00e7o hospitalar destinado a v\u00edtimas de queimaduras. Lament\u00e1vel.<\/p>\n","protected":false},"excerpt":{"rendered":"<p>Secretaria Municipal de Comunica\u00e7\u00e3o (Secom) atende precariamente demandas da imprensa relacionadas ao servi\u00e7o hospitalar destinado a v\u00edtimas de acidentes com [&hellip;]<\/p>\n","protected":false},"author":0,"featured_media":0,"comment_status":"open","ping_status":"open","sticky":false,"template":"","format":"standard","meta":{"site-sidebar-layout":"default","site-content-layout":"","ast-site-content-layout":"default","site-content-style":"default","site-sidebar-style":"default","ast-global-header-display":"","ast-banner-title-visibility":"","ast-main-header-display":"","ast-hfb-above-header-display":"","ast-hfb-below-header-display":"","ast-hfb-mobile-header-display":"","site-post-title":"","ast-breadcrumbs-content":"","ast-featured-img":"","footer-sml-layout":"","ast-disable-related-posts":"","theme-transparent-header-meta":"","adv-header-id-meta":"","stick-header-meta":"","header-above-stick-meta":"","header-main-stick-meta":"","header-below-stick-meta":"","astra-migrate-meta-layouts":"default","ast-page-background-enabled":"default","ast-page-background-meta":{"desktop":{"background-color":"var(--ast-global-color-5)","background-image":"","background-repeat":"repeat","background-position":"center center","background-size":"auto","background-attachment":"scroll","background-type":"","background-media":"","overlay-type":"","overlay-color":"","overlay-opacity":"","overlay-gradient":""},"tablet":{"background-color":"","background-image":"","background-repeat":"repeat","background-position":"center center","background-size":"auto","background-attachment":"scroll","background-type":"","background-media":"","overlay-type":"","overlay-color":"","overlay-opacity":"","overlay-gradient":""},"mobile":{"background-color":"","background-image":"","background-repeat":"repeat","background-position":"center center","background-size":"auto","background-attachment":"scroll","background-type":"","background-media":"","overlay-type":"","overlay-color":"","overlay-opacity":"","overlay-gradient":""}},"ast-content-background-meta":{"desktop":{"background-color":"var(--ast-global-color-4)","background-image":"","background-repeat":"repeat","background-position":"center center","background-size":"auto","background-attachment":"scroll","background-type":"","background-media":"","overlay-type":"","overlay-color":"","overlay-opacity":"","overlay-gradient":""},"tablet":{"background-color":"var(--ast-global-color-4)","background-image":"","background-repeat":"repeat","background-position":"center center","background-size":"auto","background-attachment":"scroll","background-type":"","background-media":"","overlay-type":"","overlay-color":"","overlay-opacity":"","overlay-gradient":""},"mobile":{"background-color":"var(--ast-global-color-4)","background-image":"","background-repeat":"repeat","background-position":"center center","background-size":"auto","background-attachment":"scroll","background-type":"","background-media":"","overlay-type":"","overlay-color":"","overlay-opacity":"","overlay-gradient":""}},"footnotes":""},"categories":[1],"tags":[],"class_list":["post-52517","post","type-post","status-publish","format-standard","hentry","category-sem-categoria"],"yoast_head":"<!-- This site is optimized with the Yoast SEO plugin v26.6 - https:\/\/yoast.com\/wordpress\/plugins\/seo\/ -->\n<title>Em tempos de Copa, S\u00e3o Jo\u00e3o e foguet\u00f3rio, Prefeitura de S\u00e3o Lu\u00eds sonega informa\u00e7\u00f5es sobre atendimento a queimados - Daniel Matos<\/title>\n<meta name=\"robots\" content=\"index, follow, max-snippet:-1, max-image-preview:large, max-video-preview:-1\" \/>\n<link rel=\"canonical\" href=\"https:\/\/www.blogsoestado.com\/danielmatos\/em-tempos-de-copa-sao-joao-e-foguetorio-prefeitura-de-sao-luis-sonega-informacoes-sobre-atendimento-a-queimados\/\" \/>\n<meta property=\"og:locale\" content=\"pt_BR\" \/>\n<meta property=\"og:type\" content=\"article\" \/>\n<meta property=\"og:title\" content=\"Em tempos de Copa, S\u00e3o Jo\u00e3o e foguet\u00f3rio, Prefeitura de S\u00e3o Lu\u00eds sonega informa\u00e7\u00f5es sobre atendimento a queimados - Daniel Matos\" \/>\n<meta property=\"og:description\" content=\"Secretaria Municipal de Comunica\u00e7\u00e3o (Secom) atende precariamente demandas da imprensa relacionadas ao servi\u00e7o hospitalar destinado a v\u00edtimas de acidentes com [&hellip;]\" \/>\n<meta property=\"og:url\" content=\"https:\/\/www.blogsoestado.com\/danielmatos\/em-tempos-de-copa-sao-joao-e-foguetorio-prefeitura-de-sao-luis-sonega-informacoes-sobre-atendimento-a-queimados\/\" \/>\n<meta property=\"og:site_name\" content=\"Daniel Matos\" \/>\n<meta property=\"article:published_time\" content=\"2018-06-21T15:14:57+00:00\" \/>\n<meta property=\"og:image\" content=\"https:\/\/www.blogsoestado.com\/danielmatos\/files\/2018\/06\/queimaduras-sj.jpg\" \/>\n<meta name=\"twitter:card\" content=\"summary_large_image\" \/>\n<meta name=\"twitter:label1\" content=\"Est. tempo de leitura\" \/>\n\t<meta name=\"twitter:data1\" content=\"3 minutos\" \/>\n<script type=\"application\/ld+json\" class=\"yoast-schema-graph\">{\"@context\":\"https:\/\/schema.org\",\"@graph\":[{\"@type\":\"WebPage\",\"@id\":\"https:\/\/www.blogsoestado.com\/danielmatos\/em-tempos-de-copa-sao-joao-e-foguetorio-prefeitura-de-sao-luis-sonega-informacoes-sobre-atendimento-a-queimados\/\",\"url\":\"https:\/\/www.blogsoestado.com\/danielmatos\/em-tempos-de-copa-sao-joao-e-foguetorio-prefeitura-de-sao-luis-sonega-informacoes-sobre-atendimento-a-queimados\/\",\"name\":\"Em tempos de Copa, S\u00e3o Jo\u00e3o e foguet\u00f3rio, Prefeitura de S\u00e3o Lu\u00eds sonega informa\u00e7\u00f5es sobre atendimento a queimados - Daniel Matos\",\"isPartOf\":{\"@id\":\"https:\/\/www.blogsoestado.com\/danielmatos\/#website\"},\"primaryImageOfPage\":{\"@id\":\"https:\/\/www.blogsoestado.com\/danielmatos\/em-tempos-de-copa-sao-joao-e-foguetorio-prefeitura-de-sao-luis-sonega-informacoes-sobre-atendimento-a-queimados\/#primaryimage\"},\"image\":{\"@id\":\"https:\/\/www.blogsoestado.com\/danielmatos\/em-tempos-de-copa-sao-joao-e-foguetorio-prefeitura-de-sao-luis-sonega-informacoes-sobre-atendimento-a-queimados\/#primaryimage\"},\"thumbnailUrl\":\"https:\/\/www.blogsoestado.com\/danielmatos\/files\/2018\/06\/queimaduras-sj.jpg\",\"datePublished\":\"2018-06-21T15:14:57+00:00\",\"author\":{\"@id\":\"\"},\"breadcrumb\":{\"@id\":\"https:\/\/www.blogsoestado.com\/danielmatos\/em-tempos-de-copa-sao-joao-e-foguetorio-prefeitura-de-sao-luis-sonega-informacoes-sobre-atendimento-a-queimados\/#breadcrumb\"},\"inLanguage\":\"pt-BR\",\"potentialAction\":[{\"@type\":\"ReadAction\",\"target\":[\"https:\/\/www.blogsoestado.com\/danielmatos\/em-tempos-de-copa-sao-joao-e-foguetorio-prefeitura-de-sao-luis-sonega-informacoes-sobre-atendimento-a-queimados\/\"]}]},{\"@type\":\"ImageObject\",\"inLanguage\":\"pt-BR\",\"@id\":\"https:\/\/www.blogsoestado.com\/danielmatos\/em-tempos-de-copa-sao-joao-e-foguetorio-prefeitura-de-sao-luis-sonega-informacoes-sobre-atendimento-a-queimados\/#primaryimage\",\"url\":\"https:\/\/www.blogsoestado.com\/danielmatos\/files\/2018\/06\/queimaduras-sj.jpg\",\"contentUrl\":\"https:\/\/www.blogsoestado.com\/danielmatos\/files\/2018\/06\/queimaduras-sj.jpg\"},{\"@type\":\"BreadcrumbList\",\"@id\":\"https:\/\/www.blogsoestado.com\/danielmatos\/em-tempos-de-copa-sao-joao-e-foguetorio-prefeitura-de-sao-luis-sonega-informacoes-sobre-atendimento-a-queimados\/#breadcrumb\",\"itemListElement\":[{\"@type\":\"ListItem\",\"position\":1,\"name\":\"In\u00edcio\",\"item\":\"https:\/\/www.blogsoestado.com\/danielmatos\/\"},{\"@type\":\"ListItem\",\"position\":2,\"name\":\"Em tempos de Copa, S\u00e3o Jo\u00e3o e foguet\u00f3rio, Prefeitura de S\u00e3o Lu\u00eds sonega informa\u00e7\u00f5es sobre atendimento a queimados\"}]},{\"@type\":\"WebSite\",\"@id\":\"https:\/\/www.blogsoestado.com\/danielmatos\/#website\",\"url\":\"https:\/\/www.blogsoestado.com\/danielmatos\/\",\"name\":\"Daniel Matos\",\"description\":\"\",\"potentialAction\":[{\"@type\":\"SearchAction\",\"target\":{\"@type\":\"EntryPoint\",\"urlTemplate\":\"https:\/\/www.blogsoestado.com\/danielmatos\/?s={search_term_string}\"},\"query-input\":{\"@type\":\"PropertyValueSpecification\",\"valueRequired\":true,\"valueName\":\"search_term_string\"}}],\"inLanguage\":\"pt-BR\"}]}<\/script>\n<!-- \/ Yoast SEO plugin. -->","yoast_head_json":{"title":"Em tempos de Copa, S\u00e3o Jo\u00e3o e foguet\u00f3rio, Prefeitura de S\u00e3o Lu\u00eds sonega informa\u00e7\u00f5es sobre atendimento a queimados - Daniel Matos","robots":{"index":"index","follow":"follow","max-snippet":"max-snippet:-1","max-image-preview":"max-image-preview:large","max-video-preview":"max-video-preview:-1"},"canonical":"https:\/\/www.blogsoestado.com\/danielmatos\/em-tempos-de-copa-sao-joao-e-foguetorio-prefeitura-de-sao-luis-sonega-informacoes-sobre-atendimento-a-queimados\/","og_locale":"pt_BR","og_type":"article","og_title":"Em tempos de Copa, S\u00e3o Jo\u00e3o e foguet\u00f3rio, Prefeitura de S\u00e3o Lu\u00eds sonega informa\u00e7\u00f5es sobre atendimento a queimados - Daniel Matos","og_description":"Secretaria Municipal de Comunica\u00e7\u00e3o (Secom) atende precariamente demandas da imprensa relacionadas ao servi\u00e7o hospitalar destinado a v\u00edtimas de acidentes com [&hellip;]","og_url":"https:\/\/www.blogsoestado.com\/danielmatos\/em-tempos-de-copa-sao-joao-e-foguetorio-prefeitura-de-sao-luis-sonega-informacoes-sobre-atendimento-a-queimados\/","og_site_name":"Daniel Matos","article_published_time":"2018-06-21T15:14:57+00:00","og_image":[{"url":"https:\/\/www.blogsoestado.com\/danielmatos\/files\/2018\/06\/queimaduras-sj.jpg","type":"","width":"","height":""}],"twitter_card":"summary_large_image","twitter_misc":{"Est. tempo de leitura":"3 minutos"},"schema":{"@context":"https:\/\/schema.org","@graph":[{"@type":"WebPage","@id":"https:\/\/www.blogsoestado.com\/danielmatos\/em-tempos-de-copa-sao-joao-e-foguetorio-prefeitura-de-sao-luis-sonega-informacoes-sobre-atendimento-a-queimados\/","url":"https:\/\/www.blogsoestado.com\/danielmatos\/em-tempos-de-copa-sao-joao-e-foguetorio-prefeitura-de-sao-luis-sonega-informacoes-sobre-atendimento-a-queimados\/","name":"Em tempos de Copa, S\u00e3o Jo\u00e3o e foguet\u00f3rio, Prefeitura de S\u00e3o Lu\u00eds sonega informa\u00e7\u00f5es sobre atendimento a queimados - Daniel Matos","isPartOf":{"@id":"https:\/\/www.blogsoestado.com\/danielmatos\/#website"},"primaryImageOfPage":{"@id":"https:\/\/www.blogsoestado.com\/danielmatos\/em-tempos-de-copa-sao-joao-e-foguetorio-prefeitura-de-sao-luis-sonega-informacoes-sobre-atendimento-a-queimados\/#primaryimage"},"image":{"@id":"https:\/\/www.blogsoestado.com\/danielmatos\/em-tempos-de-copa-sao-joao-e-foguetorio-prefeitura-de-sao-luis-sonega-informacoes-sobre-atendimento-a-queimados\/#primaryimage"},"thumbnailUrl":"https:\/\/www.blogsoestado.com\/danielmatos\/files\/2018\/06\/queimaduras-sj.jpg","datePublished":"2018-06-21T15:14:57+00:00","author":{"@id":""},"breadcrumb":{"@id":"https:\/\/www.blogsoestado.com\/danielmatos\/em-tempos-de-copa-sao-joao-e-foguetorio-prefeitura-de-sao-luis-sonega-informacoes-sobre-atendimento-a-queimados\/#breadcrumb"},"inLanguage":"pt-BR","potentialAction":[{"@type":"ReadAction","target":["https:\/\/www.blogsoestado.com\/danielmatos\/em-tempos-de-copa-sao-joao-e-foguetorio-prefeitura-de-sao-luis-sonega-informacoes-sobre-atendimento-a-queimados\/"]}]},{"@type":"ImageObject","inLanguage":"pt-BR","@id":"https:\/\/www.blogsoestado.com\/danielmatos\/em-tempos-de-copa-sao-joao-e-foguetorio-prefeitura-de-sao-luis-sonega-informacoes-sobre-atendimento-a-queimados\/#primaryimage","url":"https:\/\/www.blogsoestado.com\/danielmatos\/files\/2018\/06\/queimaduras-sj.jpg","contentUrl":"https:\/\/www.blogsoestado.com\/danielmatos\/files\/2018\/06\/queimaduras-sj.jpg"},{"@type":"BreadcrumbList","@id":"https:\/\/www.blogsoestado.com\/danielmatos\/em-tempos-de-copa-sao-joao-e-foguetorio-prefeitura-de-sao-luis-sonega-informacoes-sobre-atendimento-a-queimados\/#breadcrumb","itemListElement":[{"@type":"ListItem","position":1,"name":"In\u00edcio","item":"https:\/\/www.blogsoestado.com\/danielmatos\/"},{"@type":"ListItem","position":2,"name":"Em tempos de Copa, S\u00e3o Jo\u00e3o e foguet\u00f3rio, Prefeitura de S\u00e3o Lu\u00eds sonega informa\u00e7\u00f5es sobre atendimento a queimados"}]},{"@type":"WebSite","@id":"https:\/\/www.blogsoestado.com\/danielmatos\/#website","url":"https:\/\/www.blogsoestado.com\/danielmatos\/","name":"Daniel Matos","description":"","potentialAction":[{"@type":"SearchAction","target":{"@type":"EntryPoint","urlTemplate":"https:\/\/www.blogsoestado.com\/danielmatos\/?s={search_term_string}"},"query-input":{"@type":"PropertyValueSpecification","valueRequired":true,"valueName":"search_term_string"}}],"inLanguage":"pt-BR"}]}},"jetpack_featured_media_url":"","_links":{"self":[{"href":"https:\/\/www.blogsoestado.com\/danielmatos\/wp-json\/wp\/v2\/posts\/52517","targetHints":{"allow":["GET"]}}],"collection":[{"href":"https:\/\/www.blogsoestado.com\/danielmatos\/wp-json\/wp\/v2\/posts"}],"about":[{"href":"https:\/\/www.blogsoestado.com\/danielmatos\/wp-json\/wp\/v2\/types\/post"}],"replies":[{"embeddable":true,"href":"https:\/\/www.blogsoestado.com\/danielmatos\/wp-json\/wp\/v2\/comments?post=52517"}],"version-history":[{"count":0,"href":"https:\/\/www.blogsoestado.com\/danielmatos\/wp-json\/wp\/v2\/posts\/52517\/revisions"}],"wp:attachment":[{"href":"https:\/\/www.blogsoestado.com\/danielmatos\/wp-json\/wp\/v2\/media?parent=52517"}],"wp:term":[{"taxonomy":"category","embeddable":true,"href":"https:\/\/www.blogsoestado.com\/danielmatos\/wp-json\/wp\/v2\/categories?post=52517"},{"taxonomy":"post_tag","embeddable":true,"href":"https:\/\/www.blogsoestado.com\/danielmatos\/wp-json\/wp\/v2\/tags?post=52517"}],"curies":[{"name":"wp","href":"https:\/\/api.w.org\/{rel}","templated":true}]}}