{"id":52522,"date":"2018-06-21T14:09:26","date_gmt":"2018-06-21T17:09:26","guid":{"rendered":"https:\/\/www.blogsoestado.com\/danielmatos\/?p=52522"},"modified":"2018-06-21T14:09:26","modified_gmt":"2018-06-21T17:09:26","slug":"deputado-wellington-compara-ponte-de-flavio-dino-a-vlt-de-sao-luis-e-chama-obra-de-eleitoreira","status":"publish","type":"post","link":"https:\/\/www.blogsoestado.com\/danielmatos\/deputado-wellington-compara-ponte-de-flavio-dino-a-vlt-de-sao-luis-e-chama-obra-de-eleitoreira\/","title":{"rendered":"Deputado Wellington compara ponte de Fl\u00e1vio Dino a VLT de S\u00e3o Lu\u00eds e chama obra de eleitoreira"},"content":{"rendered":"<figure id=\"attachment_52523\" aria-describedby=\"caption-attachment-52523\" style=\"width: 450px\" class=\"wp-caption alignright\"><img fetchpriority=\"high\" decoding=\"async\" class=\"wp-image-52523\" src=\"https:\/\/www.blogsoestado.com\/danielmatos\/files\/2018\/06\/w-ponte-bequimao.jpg\" alt=\"\" width=\"450\" height=\"300\" \/><figcaption id=\"caption-attachment-52523\" class=\"wp-caption-text\">Wellington exibe foto de comboio de caminh\u00f5es com material para constru\u00e7\u00e3o de ponte e propaganda ilegal<\/figcaption><\/figure>\n<p>Engana\u00e7\u00e3o, gasto de recurso p\u00fablico e irresponsabilidade. Foi assim que o deputado estadual Wellington do Curso descreveu a atitude desesperadora do governador Fl\u00e1vio Dino de tentar construir uma ponte em menos de 100 dias. Trata-se da obra de constru\u00e7\u00e3o da Ponte sobre o Rio Pericum\u00e3, entre Central e Bequim\u00e3o, prometida h\u00e1 anos. Ocorre que, embora o contrato da obra tenha sido assinado em 21 de setembro de 2016, apenas agora, em junho de 2018, alguns meses antes da elei\u00e7\u00e3o, \u00e9 que as estruturas met\u00e1licas chegaram ao canteiro de obras.<\/p>\n<p>O fato, claramente eleitoreiro, faz com que a popula\u00e7\u00e3o lembre de algo similar, quando um candidato a prefeito trouxe o chamado VLT para S\u00e3o Lu\u00eds, \u00e0s v\u00e9speras da elei\u00e7\u00e3o, e depois abandonou a obra.<\/p>\n<figure id=\"attachment_52524\" aria-describedby=\"caption-attachment-52524\" style=\"width: 650px\" class=\"wp-caption aligncenter\"><img decoding=\"async\" class=\"wp-image-52524\" src=\"https:\/\/www.blogsoestado.com\/danielmatos\/files\/2018\/06\/w-ponte-bequimao2.jpg\" alt=\"\" width=\"650\" height=\"650\" \/><figcaption id=\"caption-attachment-52524\" class=\"wp-caption-text\">Comboio de carretas do governo foi chamado, em tom de goza\u00e7\u00e3o, de VLT da Baixada<\/figcaption><\/figure>\n<p>\u201cN\u00e3o somos contra a constru\u00e7\u00e3o de obra alguma que beneficie a popula\u00e7\u00e3o. N\u00e3o somos contra a constru\u00e7\u00e3o da Ponte, mas a realidade \u00e9 que essa Ponte de Fl\u00e1vio Dino t\u00e1 igual ao VLT prometido em S\u00e3o Lu\u00eds. Primeiro que Fl\u00e1vio Dino poderia ter come\u00e7ado a ponte desde 2016, quando o contrato foi assinado, mas n\u00e3o o fez. Outra: como \u00e9 que Fl\u00e1vio Dino vai construir uma ponte em menos de 100 dias? Afinal, o prazo de execu\u00e7\u00e3o do contrato \u00e9 de 24 meses, terminando agora no dia 21 de setembro de 2018. Governador, a popula\u00e7\u00e3o quer saber: se Vossa Excel\u00eancia n\u00e3o fez a obra em 3 anos, vai fazer agora em 3 meses? Ou essa \u00e9 mais uma obra eleitoreira, irrespons\u00e1vel, para enganar a popula\u00e7\u00e3o? Foi o VLT quem inspirou Vossa Excel\u00eancia?\u201d, questionou o deputado Wellington.<\/p>\n<p><strong>Assista:<\/strong><\/p>\n<div class=\"ast-oembed-container \" style=\"height: 100%;\"><iframe title=\"Governo faz propaganda com ponte\" width=\"500\" height=\"281\" src=\"https:\/\/www.youtube.com\/embed\/-Gr7VTg7JuI?feature=oembed\" frameborder=\"0\" allow=\"accelerometer; autoplay; clipboard-write; encrypted-media; gyroscope; picture-in-picture; web-share\" referrerpolicy=\"strict-origin-when-cross-origin\" allowfullscreen><\/iframe><\/div>\n","protected":false},"excerpt":{"rendered":"<p>Engana\u00e7\u00e3o, gasto de recurso p\u00fablico e irresponsabilidade. Foi assim que o deputado estadual Wellington do Curso descreveu a atitude desesperadora [&hellip;]<\/p>\n","protected":false},"author":0,"featured_media":0,"comment_status":"open","ping_status":"open","sticky":false,"template":"","format":"standard","meta":{"site-sidebar-layout":"default","site-content-layout":"","ast-site-content-layout":"default","site-content-style":"default","site-sidebar-style":"default","ast-global-header-display":"","ast-banner-title-visibility":"","ast-main-header-display":"","ast-hfb-above-header-display":"","ast-hfb-below-header-display":"","ast-hfb-mobile-header-display":"","site-post-title":"","ast-breadcrumbs-content":"","ast-featured-img":"","footer-sml-layout":"","ast-disable-related-posts":"","theme-transparent-header-meta":"","adv-header-id-meta":"","stick-header-meta":"","header-above-stick-meta":"","header-main-stick-meta":"","header-below-stick-meta":"","astra-migrate-meta-layouts":"default","ast-page-background-enabled":"default","ast-page-background-meta":{"desktop":{"background-color":"var(--ast-global-color-5)","background-image":"","background-repeat":"repeat","background-position":"center center","background-size":"auto","background-attachment":"scroll","background-type":"","background-media":"","overlay-type":"","overlay-color":"","overlay-opacity":"","overlay-gradient":""},"tablet":{"background-color":"","background-image":"","background-repeat":"repeat","background-position":"center center","background-size":"auto","background-attachment":"scroll","background-type":"","background-media":"","overlay-type":"","overlay-color":"","overlay-opacity":"","overlay-gradient":""},"mobile":{"background-color":"","background-image":"","background-repeat":"repeat","background-position":"center center","background-size":"auto","background-attachment":"scroll","background-type":"","background-media":"","overlay-type":"","overlay-color":"","overlay-opacity":"","overlay-gradient":""}},"ast-content-background-meta":{"desktop":{"background-color":"var(--ast-global-color-4)","background-image":"","background-repeat":"repeat","background-position":"center center","background-size":"auto","background-attachment":"scroll","background-type":"","background-media":"","overlay-type":"","overlay-color":"","overlay-opacity":"","overlay-gradient":""},"tablet":{"background-color":"var(--ast-global-color-4)","background-image":"","background-repeat":"repeat","background-position":"center center","background-size":"auto","background-attachment":"scroll","background-type":"","background-media":"","overlay-type":"","overlay-color":"","overlay-opacity":"","overlay-gradient":""},"mobile":{"background-color":"var(--ast-global-color-4)","background-image":"","background-repeat":"repeat","background-position":"center center","background-size":"auto","background-attachment":"scroll","background-type":"","background-media":"","overlay-type":"","overlay-color":"","overlay-opacity":"","overlay-gradient":""}},"footnotes":""},"categories":[1],"tags":[],"class_list":["post-52522","post","type-post","status-publish","format-standard","hentry","category-sem-categoria"],"yoast_head":"<!-- This site is optimized with the Yoast SEO plugin v26.6 - https:\/\/yoast.com\/wordpress\/plugins\/seo\/ -->\n<title>Deputado Wellington compara ponte de Fl\u00e1vio Dino a VLT de S\u00e3o Lu\u00eds e chama obra de eleitoreira - Daniel Matos<\/title>\n<meta name=\"robots\" content=\"index, follow, max-snippet:-1, max-image-preview:large, max-video-preview:-1\" \/>\n<link rel=\"canonical\" href=\"https:\/\/www.blogsoestado.com\/danielmatos\/deputado-wellington-compara-ponte-de-flavio-dino-a-vlt-de-sao-luis-e-chama-obra-de-eleitoreira\/\" \/>\n<meta property=\"og:locale\" content=\"pt_BR\" \/>\n<meta property=\"og:type\" content=\"article\" \/>\n<meta property=\"og:title\" content=\"Deputado Wellington compara ponte de Fl\u00e1vio Dino a VLT de S\u00e3o Lu\u00eds e chama obra de eleitoreira - Daniel Matos\" \/>\n<meta property=\"og:description\" content=\"Engana\u00e7\u00e3o, gasto de recurso p\u00fablico e irresponsabilidade. Foi assim que o deputado estadual Wellington do Curso descreveu a atitude desesperadora [&hellip;]\" \/>\n<meta property=\"og:url\" content=\"https:\/\/www.blogsoestado.com\/danielmatos\/deputado-wellington-compara-ponte-de-flavio-dino-a-vlt-de-sao-luis-e-chama-obra-de-eleitoreira\/\" \/>\n<meta property=\"og:site_name\" content=\"Daniel Matos\" \/>\n<meta property=\"article:published_time\" content=\"2018-06-21T17:09:26+00:00\" \/>\n<meta property=\"og:image\" content=\"https:\/\/www.blogsoestado.com\/danielmatos\/files\/2018\/06\/w-ponte-bequimao.jpg\" \/>\n<meta name=\"twitter:card\" content=\"summary_large_image\" \/>\n<meta name=\"twitter:label1\" content=\"Est. tempo de leitura\" \/>\n\t<meta name=\"twitter:data1\" content=\"2 minutos\" \/>\n<script type=\"application\/ld+json\" class=\"yoast-schema-graph\">{\"@context\":\"https:\/\/schema.org\",\"@graph\":[{\"@type\":\"WebPage\",\"@id\":\"https:\/\/www.blogsoestado.com\/danielmatos\/deputado-wellington-compara-ponte-de-flavio-dino-a-vlt-de-sao-luis-e-chama-obra-de-eleitoreira\/\",\"url\":\"https:\/\/www.blogsoestado.com\/danielmatos\/deputado-wellington-compara-ponte-de-flavio-dino-a-vlt-de-sao-luis-e-chama-obra-de-eleitoreira\/\",\"name\":\"Deputado Wellington compara ponte de Fl\u00e1vio Dino a VLT de S\u00e3o Lu\u00eds e chama obra de eleitoreira - Daniel Matos\",\"isPartOf\":{\"@id\":\"https:\/\/www.blogsoestado.com\/danielmatos\/#website\"},\"primaryImageOfPage\":{\"@id\":\"https:\/\/www.blogsoestado.com\/danielmatos\/deputado-wellington-compara-ponte-de-flavio-dino-a-vlt-de-sao-luis-e-chama-obra-de-eleitoreira\/#primaryimage\"},\"image\":{\"@id\":\"https:\/\/www.blogsoestado.com\/danielmatos\/deputado-wellington-compara-ponte-de-flavio-dino-a-vlt-de-sao-luis-e-chama-obra-de-eleitoreira\/#primaryimage\"},\"thumbnailUrl\":\"https:\/\/www.blogsoestado.com\/danielmatos\/files\/2018\/06\/w-ponte-bequimao.jpg\",\"datePublished\":\"2018-06-21T17:09:26+00:00\",\"author\":{\"@id\":\"\"},\"breadcrumb\":{\"@id\":\"https:\/\/www.blogsoestado.com\/danielmatos\/deputado-wellington-compara-ponte-de-flavio-dino-a-vlt-de-sao-luis-e-chama-obra-de-eleitoreira\/#breadcrumb\"},\"inLanguage\":\"pt-BR\",\"potentialAction\":[{\"@type\":\"ReadAction\",\"target\":[\"https:\/\/www.blogsoestado.com\/danielmatos\/deputado-wellington-compara-ponte-de-flavio-dino-a-vlt-de-sao-luis-e-chama-obra-de-eleitoreira\/\"]}]},{\"@type\":\"ImageObject\",\"inLanguage\":\"pt-BR\",\"@id\":\"https:\/\/www.blogsoestado.com\/danielmatos\/deputado-wellington-compara-ponte-de-flavio-dino-a-vlt-de-sao-luis-e-chama-obra-de-eleitoreira\/#primaryimage\",\"url\":\"https:\/\/www.blogsoestado.com\/danielmatos\/files\/2018\/06\/w-ponte-bequimao.jpg\",\"contentUrl\":\"https:\/\/www.blogsoestado.com\/danielmatos\/files\/2018\/06\/w-ponte-bequimao.jpg\"},{\"@type\":\"BreadcrumbList\",\"@id\":\"https:\/\/www.blogsoestado.com\/danielmatos\/deputado-wellington-compara-ponte-de-flavio-dino-a-vlt-de-sao-luis-e-chama-obra-de-eleitoreira\/#breadcrumb\",\"itemListElement\":[{\"@type\":\"ListItem\",\"position\":1,\"name\":\"In\u00edcio\",\"item\":\"https:\/\/www.blogsoestado.com\/danielmatos\/\"},{\"@type\":\"ListItem\",\"position\":2,\"name\":\"Deputado Wellington compara ponte de Fl\u00e1vio Dino a VLT de S\u00e3o Lu\u00eds e chama obra de eleitoreira\"}]},{\"@type\":\"WebSite\",\"@id\":\"https:\/\/www.blogsoestado.com\/danielmatos\/#website\",\"url\":\"https:\/\/www.blogsoestado.com\/danielmatos\/\",\"name\":\"Daniel Matos\",\"description\":\"\",\"potentialAction\":[{\"@type\":\"SearchAction\",\"target\":{\"@type\":\"EntryPoint\",\"urlTemplate\":\"https:\/\/www.blogsoestado.com\/danielmatos\/?s={search_term_string}\"},\"query-input\":{\"@type\":\"PropertyValueSpecification\",\"valueRequired\":true,\"valueName\":\"search_term_string\"}}],\"inLanguage\":\"pt-BR\"}]}<\/script>\n<!-- \/ Yoast SEO plugin. -->","yoast_head_json":{"title":"Deputado Wellington compara ponte de Fl\u00e1vio Dino a VLT de S\u00e3o Lu\u00eds e chama obra de eleitoreira - Daniel Matos","robots":{"index":"index","follow":"follow","max-snippet":"max-snippet:-1","max-image-preview":"max-image-preview:large","max-video-preview":"max-video-preview:-1"},"canonical":"https:\/\/www.blogsoestado.com\/danielmatos\/deputado-wellington-compara-ponte-de-flavio-dino-a-vlt-de-sao-luis-e-chama-obra-de-eleitoreira\/","og_locale":"pt_BR","og_type":"article","og_title":"Deputado Wellington compara ponte de Fl\u00e1vio Dino a VLT de S\u00e3o Lu\u00eds e chama obra de eleitoreira - Daniel Matos","og_description":"Engana\u00e7\u00e3o, gasto de recurso p\u00fablico e irresponsabilidade. Foi assim que o deputado estadual Wellington do Curso descreveu a atitude desesperadora [&hellip;]","og_url":"https:\/\/www.blogsoestado.com\/danielmatos\/deputado-wellington-compara-ponte-de-flavio-dino-a-vlt-de-sao-luis-e-chama-obra-de-eleitoreira\/","og_site_name":"Daniel Matos","article_published_time":"2018-06-21T17:09:26+00:00","og_image":[{"url":"https:\/\/www.blogsoestado.com\/danielmatos\/files\/2018\/06\/w-ponte-bequimao.jpg","type":"","width":"","height":""}],"twitter_card":"summary_large_image","twitter_misc":{"Est. tempo de leitura":"2 minutos"},"schema":{"@context":"https:\/\/schema.org","@graph":[{"@type":"WebPage","@id":"https:\/\/www.blogsoestado.com\/danielmatos\/deputado-wellington-compara-ponte-de-flavio-dino-a-vlt-de-sao-luis-e-chama-obra-de-eleitoreira\/","url":"https:\/\/www.blogsoestado.com\/danielmatos\/deputado-wellington-compara-ponte-de-flavio-dino-a-vlt-de-sao-luis-e-chama-obra-de-eleitoreira\/","name":"Deputado Wellington compara ponte de Fl\u00e1vio Dino a VLT de S\u00e3o Lu\u00eds e chama obra de eleitoreira - Daniel Matos","isPartOf":{"@id":"https:\/\/www.blogsoestado.com\/danielmatos\/#website"},"primaryImageOfPage":{"@id":"https:\/\/www.blogsoestado.com\/danielmatos\/deputado-wellington-compara-ponte-de-flavio-dino-a-vlt-de-sao-luis-e-chama-obra-de-eleitoreira\/#primaryimage"},"image":{"@id":"https:\/\/www.blogsoestado.com\/danielmatos\/deputado-wellington-compara-ponte-de-flavio-dino-a-vlt-de-sao-luis-e-chama-obra-de-eleitoreira\/#primaryimage"},"thumbnailUrl":"https:\/\/www.blogsoestado.com\/danielmatos\/files\/2018\/06\/w-ponte-bequimao.jpg","datePublished":"2018-06-21T17:09:26+00:00","author":{"@id":""},"breadcrumb":{"@id":"https:\/\/www.blogsoestado.com\/danielmatos\/deputado-wellington-compara-ponte-de-flavio-dino-a-vlt-de-sao-luis-e-chama-obra-de-eleitoreira\/#breadcrumb"},"inLanguage":"pt-BR","potentialAction":[{"@type":"ReadAction","target":["https:\/\/www.blogsoestado.com\/danielmatos\/deputado-wellington-compara-ponte-de-flavio-dino-a-vlt-de-sao-luis-e-chama-obra-de-eleitoreira\/"]}]},{"@type":"ImageObject","inLanguage":"pt-BR","@id":"https:\/\/www.blogsoestado.com\/danielmatos\/deputado-wellington-compara-ponte-de-flavio-dino-a-vlt-de-sao-luis-e-chama-obra-de-eleitoreira\/#primaryimage","url":"https:\/\/www.blogsoestado.com\/danielmatos\/files\/2018\/06\/w-ponte-bequimao.jpg","contentUrl":"https:\/\/www.blogsoestado.com\/danielmatos\/files\/2018\/06\/w-ponte-bequimao.jpg"},{"@type":"BreadcrumbList","@id":"https:\/\/www.blogsoestado.com\/danielmatos\/deputado-wellington-compara-ponte-de-flavio-dino-a-vlt-de-sao-luis-e-chama-obra-de-eleitoreira\/#breadcrumb","itemListElement":[{"@type":"ListItem","position":1,"name":"In\u00edcio","item":"https:\/\/www.blogsoestado.com\/danielmatos\/"},{"@type":"ListItem","position":2,"name":"Deputado Wellington compara ponte de Fl\u00e1vio Dino a VLT de S\u00e3o Lu\u00eds e chama obra de eleitoreira"}]},{"@type":"WebSite","@id":"https:\/\/www.blogsoestado.com\/danielmatos\/#website","url":"https:\/\/www.blogsoestado.com\/danielmatos\/","name":"Daniel Matos","description":"","potentialAction":[{"@type":"SearchAction","target":{"@type":"EntryPoint","urlTemplate":"https:\/\/www.blogsoestado.com\/danielmatos\/?s={search_term_string}"},"query-input":{"@type":"PropertyValueSpecification","valueRequired":true,"valueName":"search_term_string"}}],"inLanguage":"pt-BR"}]}},"jetpack_featured_media_url":"","_links":{"self":[{"href":"https:\/\/www.blogsoestado.com\/danielmatos\/wp-json\/wp\/v2\/posts\/52522","targetHints":{"allow":["GET"]}}],"collection":[{"href":"https:\/\/www.blogsoestado.com\/danielmatos\/wp-json\/wp\/v2\/posts"}],"about":[{"href":"https:\/\/www.blogsoestado.com\/danielmatos\/wp-json\/wp\/v2\/types\/post"}],"replies":[{"embeddable":true,"href":"https:\/\/www.blogsoestado.com\/danielmatos\/wp-json\/wp\/v2\/comments?post=52522"}],"version-history":[{"count":0,"href":"https:\/\/www.blogsoestado.com\/danielmatos\/wp-json\/wp\/v2\/posts\/52522\/revisions"}],"wp:attachment":[{"href":"https:\/\/www.blogsoestado.com\/danielmatos\/wp-json\/wp\/v2\/media?parent=52522"}],"wp:term":[{"taxonomy":"category","embeddable":true,"href":"https:\/\/www.blogsoestado.com\/danielmatos\/wp-json\/wp\/v2\/categories?post=52522"},{"taxonomy":"post_tag","embeddable":true,"href":"https:\/\/www.blogsoestado.com\/danielmatos\/wp-json\/wp\/v2\/tags?post=52522"}],"curies":[{"name":"wp","href":"https:\/\/api.w.org\/{rel}","templated":true}]}}