{"id":52530,"date":"2018-06-21T15:15:22","date_gmt":"2018-06-21T18:15:22","guid":{"rendered":"https:\/\/www.blogsoestado.com\/danielmatos\/?p=52530"},"modified":"2018-06-21T15:15:22","modified_gmt":"2018-06-21T18:15:22","slug":"daniella-tema-participa-de-cafe-da-manha-com-equipe-da-federacao-dos-municipios","status":"publish","type":"post","link":"https:\/\/www.blogsoestado.com\/danielmatos\/daniella-tema-participa-de-cafe-da-manha-com-equipe-da-federacao-dos-municipios\/","title":{"rendered":"Daniella Tema participa de caf\u00e9 da manh\u00e3  com equipe da Federa\u00e7\u00e3o dos Munic\u00edpios"},"content":{"rendered":"<figure id=\"attachment_52531\" aria-describedby=\"caption-attachment-52531\" style=\"width: 670px\" class=\"wp-caption aligncenter\"><img fetchpriority=\"high\" decoding=\"async\" class=\"wp-image-52531\" src=\"https:\/\/www.blogsoestado.com\/danielmatos\/files\/2018\/06\/daniella-tema.jpg\" alt=\"\" width=\"670\" height=\"377\" \/><figcaption id=\"caption-attachment-52531\" class=\"wp-caption-text\">O caf\u00e9 da manh\u00e3 foi uma forma de Daniella Tema confraternizar os servidores no per\u00edodo junino<\/figcaption><\/figure>\n<p>Pr\u00e9-candidata a deputada estadual pelo DEM, Daniella Tema participou, nesta quinta-feira (21), de um caf\u00e9 da manh\u00e3 na sede da Federa\u00e7\u00e3o dos Munic\u00edpios do Estado do Maranh\u00e3o (FAMEM), que foi organizado pela equipe do Cerimonial da entidade. O caf\u00e9 da manh\u00e3 foi uma forma de confraternizar os servidores no per\u00edodo junino e, ao mesmo tempo refor\u00e7ar o clima patri\u00f3tico em fun\u00e7\u00e3o da segunda partida da sele\u00e7\u00e3o brasileira na Copa da R\u00fassia, que acontece na manh\u00e3 desta sexta-feira (22), contra a equipe da Costa Rica.<\/p>\n<p>-Sinto um clima de irmandade aqui na FAMEM, com todo mundo vestido de verde e amarelo, e uma decora\u00e7\u00e3o com a bandeira brasileira. S\u00e3o dois climas festivos: Um pela Copa do Mundo e outro pelo S\u00e3o Jo\u00e3o, que \u00e9 a maior festividade tradicional do nosso Estado. Estamos torcendo pela vit\u00f3ria do Brasil e amanh\u00e3 e vejo que estamos realizando um dos mais alegres festejos juninos no Estado dos \u00faltimos anos-, disse Daniella Tema, ao agradecer o convite da equipe da FAMEM.<\/p>\n","protected":false},"excerpt":{"rendered":"<p>Pr\u00e9-candidata a deputada estadual pelo DEM, Daniella Tema participou, nesta quinta-feira (21), de um caf\u00e9 da manh\u00e3 na sede da [&hellip;]<\/p>\n","protected":false},"author":0,"featured_media":0,"comment_status":"open","ping_status":"open","sticky":false,"template":"","format":"standard","meta":{"site-sidebar-layout":"default","site-content-layout":"","ast-site-content-layout":"default","site-content-style":"default","site-sidebar-style":"default","ast-global-header-display":"","ast-banner-title-visibility":"","ast-main-header-display":"","ast-hfb-above-header-display":"","ast-hfb-below-header-display":"","ast-hfb-mobile-header-display":"","site-post-title":"","ast-breadcrumbs-content":"","ast-featured-img":"","footer-sml-layout":"","ast-disable-related-posts":"","theme-transparent-header-meta":"","adv-header-id-meta":"","stick-header-meta":"","header-above-stick-meta":"","header-main-stick-meta":"","header-below-stick-meta":"","astra-migrate-meta-layouts":"default","ast-page-background-enabled":"default","ast-page-background-meta":{"desktop":{"background-color":"var(--ast-global-color-5)","background-image":"","background-repeat":"repeat","background-position":"center center","background-size":"auto","background-attachment":"scroll","background-type":"","background-media":"","overlay-type":"","overlay-color":"","overlay-opacity":"","overlay-gradient":""},"tablet":{"background-color":"","background-image":"","background-repeat":"repeat","background-position":"center center","background-size":"auto","background-attachment":"scroll","background-type":"","background-media":"","overlay-type":"","overlay-color":"","overlay-opacity":"","overlay-gradient":""},"mobile":{"background-color":"","background-image":"","background-repeat":"repeat","background-position":"center center","background-size":"auto","background-attachment":"scroll","background-type":"","background-media":"","overlay-type":"","overlay-color":"","overlay-opacity":"","overlay-gradient":""}},"ast-content-background-meta":{"desktop":{"background-color":"var(--ast-global-color-4)","background-image":"","background-repeat":"repeat","background-position":"center center","background-size":"auto","background-attachment":"scroll","background-type":"","background-media":"","overlay-type":"","overlay-color":"","overlay-opacity":"","overlay-gradient":""},"tablet":{"background-color":"var(--ast-global-color-4)","background-image":"","background-repeat":"repeat","background-position":"center center","background-size":"auto","background-attachment":"scroll","background-type":"","background-media":"","overlay-type":"","overlay-color":"","overlay-opacity":"","overlay-gradient":""},"mobile":{"background-color":"var(--ast-global-color-4)","background-image":"","background-repeat":"repeat","background-position":"center center","background-size":"auto","background-attachment":"scroll","background-type":"","background-media":"","overlay-type":"","overlay-color":"","overlay-opacity":"","overlay-gradient":""}},"footnotes":""},"categories":[1],"tags":[],"class_list":["post-52530","post","type-post","status-publish","format-standard","hentry","category-sem-categoria"],"yoast_head":"<!-- This site is optimized with the Yoast SEO plugin v26.6 - https:\/\/yoast.com\/wordpress\/plugins\/seo\/ -->\n<title>Daniella Tema participa de caf\u00e9 da manh\u00e3 com equipe da Federa\u00e7\u00e3o dos Munic\u00edpios - Daniel Matos<\/title>\n<meta name=\"robots\" content=\"index, follow, max-snippet:-1, max-image-preview:large, max-video-preview:-1\" \/>\n<link rel=\"canonical\" href=\"https:\/\/www.blogsoestado.com\/danielmatos\/daniella-tema-participa-de-cafe-da-manha-com-equipe-da-federacao-dos-municipios\/\" \/>\n<meta property=\"og:locale\" content=\"pt_BR\" \/>\n<meta property=\"og:type\" content=\"article\" \/>\n<meta property=\"og:title\" content=\"Daniella Tema participa de caf\u00e9 da manh\u00e3 com equipe da Federa\u00e7\u00e3o dos Munic\u00edpios - Daniel Matos\" \/>\n<meta property=\"og:description\" content=\"Pr\u00e9-candidata a deputada estadual pelo DEM, Daniella Tema participou, nesta quinta-feira (21), de um caf\u00e9 da manh\u00e3 na sede da [&hellip;]\" \/>\n<meta property=\"og:url\" content=\"https:\/\/www.blogsoestado.com\/danielmatos\/daniella-tema-participa-de-cafe-da-manha-com-equipe-da-federacao-dos-municipios\/\" \/>\n<meta property=\"og:site_name\" content=\"Daniel Matos\" \/>\n<meta property=\"article:published_time\" content=\"2018-06-21T18:15:22+00:00\" \/>\n<meta property=\"og:image\" content=\"https:\/\/www.blogsoestado.com\/danielmatos\/files\/2018\/06\/daniella-tema.jpg\" \/>\n<meta name=\"twitter:card\" content=\"summary_large_image\" \/>\n<meta name=\"twitter:label1\" content=\"Est. tempo de leitura\" \/>\n\t<meta name=\"twitter:data1\" content=\"1 minuto\" \/>\n<script type=\"application\/ld+json\" class=\"yoast-schema-graph\">{\"@context\":\"https:\/\/schema.org\",\"@graph\":[{\"@type\":\"WebPage\",\"@id\":\"https:\/\/www.blogsoestado.com\/danielmatos\/daniella-tema-participa-de-cafe-da-manha-com-equipe-da-federacao-dos-municipios\/\",\"url\":\"https:\/\/www.blogsoestado.com\/danielmatos\/daniella-tema-participa-de-cafe-da-manha-com-equipe-da-federacao-dos-municipios\/\",\"name\":\"Daniella Tema participa de caf\u00e9 da manh\u00e3 com equipe da Federa\u00e7\u00e3o dos Munic\u00edpios - Daniel Matos\",\"isPartOf\":{\"@id\":\"https:\/\/www.blogsoestado.com\/danielmatos\/#website\"},\"primaryImageOfPage\":{\"@id\":\"https:\/\/www.blogsoestado.com\/danielmatos\/daniella-tema-participa-de-cafe-da-manha-com-equipe-da-federacao-dos-municipios\/#primaryimage\"},\"image\":{\"@id\":\"https:\/\/www.blogsoestado.com\/danielmatos\/daniella-tema-participa-de-cafe-da-manha-com-equipe-da-federacao-dos-municipios\/#primaryimage\"},\"thumbnailUrl\":\"https:\/\/www.blogsoestado.com\/danielmatos\/files\/2018\/06\/daniella-tema.jpg\",\"datePublished\":\"2018-06-21T18:15:22+00:00\",\"author\":{\"@id\":\"\"},\"breadcrumb\":{\"@id\":\"https:\/\/www.blogsoestado.com\/danielmatos\/daniella-tema-participa-de-cafe-da-manha-com-equipe-da-federacao-dos-municipios\/#breadcrumb\"},\"inLanguage\":\"pt-BR\",\"potentialAction\":[{\"@type\":\"ReadAction\",\"target\":[\"https:\/\/www.blogsoestado.com\/danielmatos\/daniella-tema-participa-de-cafe-da-manha-com-equipe-da-federacao-dos-municipios\/\"]}]},{\"@type\":\"ImageObject\",\"inLanguage\":\"pt-BR\",\"@id\":\"https:\/\/www.blogsoestado.com\/danielmatos\/daniella-tema-participa-de-cafe-da-manha-com-equipe-da-federacao-dos-municipios\/#primaryimage\",\"url\":\"https:\/\/www.blogsoestado.com\/danielmatos\/files\/2018\/06\/daniella-tema.jpg\",\"contentUrl\":\"https:\/\/www.blogsoestado.com\/danielmatos\/files\/2018\/06\/daniella-tema.jpg\"},{\"@type\":\"BreadcrumbList\",\"@id\":\"https:\/\/www.blogsoestado.com\/danielmatos\/daniella-tema-participa-de-cafe-da-manha-com-equipe-da-federacao-dos-municipios\/#breadcrumb\",\"itemListElement\":[{\"@type\":\"ListItem\",\"position\":1,\"name\":\"In\u00edcio\",\"item\":\"https:\/\/www.blogsoestado.com\/danielmatos\/\"},{\"@type\":\"ListItem\",\"position\":2,\"name\":\"Daniella Tema participa de caf\u00e9 da manh\u00e3 com equipe da Federa\u00e7\u00e3o dos Munic\u00edpios\"}]},{\"@type\":\"WebSite\",\"@id\":\"https:\/\/www.blogsoestado.com\/danielmatos\/#website\",\"url\":\"https:\/\/www.blogsoestado.com\/danielmatos\/\",\"name\":\"Daniel Matos\",\"description\":\"\",\"potentialAction\":[{\"@type\":\"SearchAction\",\"target\":{\"@type\":\"EntryPoint\",\"urlTemplate\":\"https:\/\/www.blogsoestado.com\/danielmatos\/?s={search_term_string}\"},\"query-input\":{\"@type\":\"PropertyValueSpecification\",\"valueRequired\":true,\"valueName\":\"search_term_string\"}}],\"inLanguage\":\"pt-BR\"}]}<\/script>\n<!-- \/ Yoast SEO plugin. -->","yoast_head_json":{"title":"Daniella Tema participa de caf\u00e9 da manh\u00e3 com equipe da Federa\u00e7\u00e3o dos Munic\u00edpios - Daniel Matos","robots":{"index":"index","follow":"follow","max-snippet":"max-snippet:-1","max-image-preview":"max-image-preview:large","max-video-preview":"max-video-preview:-1"},"canonical":"https:\/\/www.blogsoestado.com\/danielmatos\/daniella-tema-participa-de-cafe-da-manha-com-equipe-da-federacao-dos-municipios\/","og_locale":"pt_BR","og_type":"article","og_title":"Daniella Tema participa de caf\u00e9 da manh\u00e3 com equipe da Federa\u00e7\u00e3o dos Munic\u00edpios - Daniel Matos","og_description":"Pr\u00e9-candidata a deputada estadual pelo DEM, Daniella Tema participou, nesta quinta-feira (21), de um caf\u00e9 da manh\u00e3 na sede da [&hellip;]","og_url":"https:\/\/www.blogsoestado.com\/danielmatos\/daniella-tema-participa-de-cafe-da-manha-com-equipe-da-federacao-dos-municipios\/","og_site_name":"Daniel Matos","article_published_time":"2018-06-21T18:15:22+00:00","og_image":[{"url":"https:\/\/www.blogsoestado.com\/danielmatos\/files\/2018\/06\/daniella-tema.jpg","type":"","width":"","height":""}],"twitter_card":"summary_large_image","twitter_misc":{"Est. tempo de leitura":"1 minuto"},"schema":{"@context":"https:\/\/schema.org","@graph":[{"@type":"WebPage","@id":"https:\/\/www.blogsoestado.com\/danielmatos\/daniella-tema-participa-de-cafe-da-manha-com-equipe-da-federacao-dos-municipios\/","url":"https:\/\/www.blogsoestado.com\/danielmatos\/daniella-tema-participa-de-cafe-da-manha-com-equipe-da-federacao-dos-municipios\/","name":"Daniella Tema participa de caf\u00e9 da manh\u00e3 com equipe da Federa\u00e7\u00e3o dos Munic\u00edpios - Daniel Matos","isPartOf":{"@id":"https:\/\/www.blogsoestado.com\/danielmatos\/#website"},"primaryImageOfPage":{"@id":"https:\/\/www.blogsoestado.com\/danielmatos\/daniella-tema-participa-de-cafe-da-manha-com-equipe-da-federacao-dos-municipios\/#primaryimage"},"image":{"@id":"https:\/\/www.blogsoestado.com\/danielmatos\/daniella-tema-participa-de-cafe-da-manha-com-equipe-da-federacao-dos-municipios\/#primaryimage"},"thumbnailUrl":"https:\/\/www.blogsoestado.com\/danielmatos\/files\/2018\/06\/daniella-tema.jpg","datePublished":"2018-06-21T18:15:22+00:00","author":{"@id":""},"breadcrumb":{"@id":"https:\/\/www.blogsoestado.com\/danielmatos\/daniella-tema-participa-de-cafe-da-manha-com-equipe-da-federacao-dos-municipios\/#breadcrumb"},"inLanguage":"pt-BR","potentialAction":[{"@type":"ReadAction","target":["https:\/\/www.blogsoestado.com\/danielmatos\/daniella-tema-participa-de-cafe-da-manha-com-equipe-da-federacao-dos-municipios\/"]}]},{"@type":"ImageObject","inLanguage":"pt-BR","@id":"https:\/\/www.blogsoestado.com\/danielmatos\/daniella-tema-participa-de-cafe-da-manha-com-equipe-da-federacao-dos-municipios\/#primaryimage","url":"https:\/\/www.blogsoestado.com\/danielmatos\/files\/2018\/06\/daniella-tema.jpg","contentUrl":"https:\/\/www.blogsoestado.com\/danielmatos\/files\/2018\/06\/daniella-tema.jpg"},{"@type":"BreadcrumbList","@id":"https:\/\/www.blogsoestado.com\/danielmatos\/daniella-tema-participa-de-cafe-da-manha-com-equipe-da-federacao-dos-municipios\/#breadcrumb","itemListElement":[{"@type":"ListItem","position":1,"name":"In\u00edcio","item":"https:\/\/www.blogsoestado.com\/danielmatos\/"},{"@type":"ListItem","position":2,"name":"Daniella Tema participa de caf\u00e9 da manh\u00e3 com equipe da Federa\u00e7\u00e3o dos Munic\u00edpios"}]},{"@type":"WebSite","@id":"https:\/\/www.blogsoestado.com\/danielmatos\/#website","url":"https:\/\/www.blogsoestado.com\/danielmatos\/","name":"Daniel Matos","description":"","potentialAction":[{"@type":"SearchAction","target":{"@type":"EntryPoint","urlTemplate":"https:\/\/www.blogsoestado.com\/danielmatos\/?s={search_term_string}"},"query-input":{"@type":"PropertyValueSpecification","valueRequired":true,"valueName":"search_term_string"}}],"inLanguage":"pt-BR"}]}},"jetpack_featured_media_url":"","_links":{"self":[{"href":"https:\/\/www.blogsoestado.com\/danielmatos\/wp-json\/wp\/v2\/posts\/52530","targetHints":{"allow":["GET"]}}],"collection":[{"href":"https:\/\/www.blogsoestado.com\/danielmatos\/wp-json\/wp\/v2\/posts"}],"about":[{"href":"https:\/\/www.blogsoestado.com\/danielmatos\/wp-json\/wp\/v2\/types\/post"}],"replies":[{"embeddable":true,"href":"https:\/\/www.blogsoestado.com\/danielmatos\/wp-json\/wp\/v2\/comments?post=52530"}],"version-history":[{"count":0,"href":"https:\/\/www.blogsoestado.com\/danielmatos\/wp-json\/wp\/v2\/posts\/52530\/revisions"}],"wp:attachment":[{"href":"https:\/\/www.blogsoestado.com\/danielmatos\/wp-json\/wp\/v2\/media?parent=52530"}],"wp:term":[{"taxonomy":"category","embeddable":true,"href":"https:\/\/www.blogsoestado.com\/danielmatos\/wp-json\/wp\/v2\/categories?post=52530"},{"taxonomy":"post_tag","embeddable":true,"href":"https:\/\/www.blogsoestado.com\/danielmatos\/wp-json\/wp\/v2\/tags?post=52530"}],"curies":[{"name":"wp","href":"https:\/\/api.w.org\/{rel}","templated":true}]}}