{"id":52551,"date":"2018-06-22T12:43:18","date_gmt":"2018-06-22T15:43:18","guid":{"rendered":"https:\/\/www.blogsoestado.com\/danielmatos\/?p=52551"},"modified":"2018-06-22T12:43:18","modified_gmt":"2018-06-22T15:43:18","slug":"arraial-da-vila-anima-divineia-e-demais-bairros-do-polo-turu-hoje-e-amanha","status":"publish","type":"post","link":"https:\/\/www.blogsoestado.com\/danielmatos\/arraial-da-vila-anima-divineia-e-demais-bairros-do-polo-turu-hoje-e-amanha\/","title":{"rendered":"Arrai\u00e1 na Vila anima Divineia e demais bairros do polo Turu hoje e amanh\u00e3"},"content":{"rendered":"<figure id=\"attachment_52553\" aria-describedby=\"caption-attachment-52553\" style=\"width: 500px\" class=\"wp-caption aligncenter\"><img fetchpriority=\"high\" decoding=\"async\" class=\"wp-image-52553\" src=\"https:\/\/www.blogsoestado.com\/danielmatos\/files\/2018\/06\/marquinhos-arraial.jpg\" alt=\"\" width=\"500\" height=\"500\" \/><figcaption id=\"caption-attachment-52553\" class=\"wp-caption-text\">Vereador Marquinhos \u00e9 um dos apoiadores do arraial junino que animar\u00e1 a comunidade da Divineia e bairros da regi\u00e3o<\/figcaption><\/figure>\n<p>Ser\u00e1 aberta hoje, no Espa\u00e7o Viva Bem Mais, na Divineia, com apresenta\u00e7\u00e3o de v\u00e1rios grupos folcl\u00f3ricos, a programa\u00e7\u00e3o do Arrai\u00e1 na Vila. O evento junino, que se estender\u00e1 at\u00e9 amanh\u00e3, \u00e9 uma iniciativa do Instituto Viva Bem Mais, idealizado pelo vereador Ant\u00f4nio Marcos Silva, o Marquinhos (DEM), com apoio do Grupo Apoio a Renova\u00e7\u00e3o Popular (GARP) e do vereador Pedro Lucas Fernandes (PTB).<\/p>\n<p>Este ano, o evento chega \u00e0 sexta edi\u00e7\u00e3o, em novo espa\u00e7o, na Rua Peru, no bairro Divineia, pr\u00f3ximo ao ponto final dos \u00f4nibus. Idealizado pelo vereador Marquinhos, o Arrai\u00e1 na Vila foi montado em novo espa\u00e7o para oferecer mais conforto e melhor estrutura para o p\u00fablico, que se divertir\u00e1 das 18h \u00e0 1h. em cada uma das duas noites de programa\u00e7\u00e3o.<\/p>\n<p>Confira as atra\u00e7\u00f5es e os hor\u00e1rios das apresenta\u00e7\u00f5es nos dois dias do arraial:<\/p>\n<p><img decoding=\"async\" class=\"aligncenter wp-image-52552\" src=\"https:\/\/www.blogsoestado.com\/danielmatos\/files\/2018\/06\/arraial-da-vila.jpg\" alt=\"\" width=\"670\" height=\"670\" \/><\/p>\n","protected":false},"excerpt":{"rendered":"<p>Ser\u00e1 aberta hoje, no Espa\u00e7o Viva Bem Mais, na Divineia, com apresenta\u00e7\u00e3o de v\u00e1rios grupos folcl\u00f3ricos, a programa\u00e7\u00e3o do Arrai\u00e1 [&hellip;]<\/p>\n","protected":false},"author":0,"featured_media":0,"comment_status":"open","ping_status":"open","sticky":false,"template":"","format":"standard","meta":{"site-sidebar-layout":"default","site-content-layout":"","ast-site-content-layout":"default","site-content-style":"default","site-sidebar-style":"default","ast-global-header-display":"","ast-banner-title-visibility":"","ast-main-header-display":"","ast-hfb-above-header-display":"","ast-hfb-below-header-display":"","ast-hfb-mobile-header-display":"","site-post-title":"","ast-breadcrumbs-content":"","ast-featured-img":"","footer-sml-layout":"","ast-disable-related-posts":"","theme-transparent-header-meta":"","adv-header-id-meta":"","stick-header-meta":"","header-above-stick-meta":"","header-main-stick-meta":"","header-below-stick-meta":"","astra-migrate-meta-layouts":"default","ast-page-background-enabled":"default","ast-page-background-meta":{"desktop":{"background-color":"var(--ast-global-color-5)","background-image":"","background-repeat":"repeat","background-position":"center center","background-size":"auto","background-attachment":"scroll","background-type":"","background-media":"","overlay-type":"","overlay-color":"","overlay-opacity":"","overlay-gradient":""},"tablet":{"background-color":"","background-image":"","background-repeat":"repeat","background-position":"center center","background-size":"auto","background-attachment":"scroll","background-type":"","background-media":"","overlay-type":"","overlay-color":"","overlay-opacity":"","overlay-gradient":""},"mobile":{"background-color":"","background-image":"","background-repeat":"repeat","background-position":"center center","background-size":"auto","background-attachment":"scroll","background-type":"","background-media":"","overlay-type":"","overlay-color":"","overlay-opacity":"","overlay-gradient":""}},"ast-content-background-meta":{"desktop":{"background-color":"var(--ast-global-color-4)","background-image":"","background-repeat":"repeat","background-position":"center center","background-size":"auto","background-attachment":"scroll","background-type":"","background-media":"","overlay-type":"","overlay-color":"","overlay-opacity":"","overlay-gradient":""},"tablet":{"background-color":"var(--ast-global-color-4)","background-image":"","background-repeat":"repeat","background-position":"center center","background-size":"auto","background-attachment":"scroll","background-type":"","background-media":"","overlay-type":"","overlay-color":"","overlay-opacity":"","overlay-gradient":""},"mobile":{"background-color":"var(--ast-global-color-4)","background-image":"","background-repeat":"repeat","background-position":"center center","background-size":"auto","background-attachment":"scroll","background-type":"","background-media":"","overlay-type":"","overlay-color":"","overlay-opacity":"","overlay-gradient":""}},"footnotes":""},"categories":[1],"tags":[],"class_list":["post-52551","post","type-post","status-publish","format-standard","hentry","category-sem-categoria"],"yoast_head":"<!-- This site is optimized with the Yoast SEO plugin v26.6 - https:\/\/yoast.com\/wordpress\/plugins\/seo\/ -->\n<title>Arrai\u00e1 na Vila anima Divineia e demais bairros do polo Turu hoje e amanh\u00e3 - Daniel Matos<\/title>\n<meta name=\"robots\" content=\"index, follow, max-snippet:-1, max-image-preview:large, max-video-preview:-1\" \/>\n<link rel=\"canonical\" href=\"https:\/\/www.blogsoestado.com\/danielmatos\/arraial-da-vila-anima-divineia-e-demais-bairros-do-polo-turu-hoje-e-amanha\/\" \/>\n<meta property=\"og:locale\" content=\"pt_BR\" \/>\n<meta property=\"og:type\" content=\"article\" \/>\n<meta property=\"og:title\" content=\"Arrai\u00e1 na Vila anima Divineia e demais bairros do polo Turu hoje e amanh\u00e3 - Daniel Matos\" \/>\n<meta property=\"og:description\" content=\"Ser\u00e1 aberta hoje, no Espa\u00e7o Viva Bem Mais, na Divineia, com apresenta\u00e7\u00e3o de v\u00e1rios grupos folcl\u00f3ricos, a programa\u00e7\u00e3o do Arrai\u00e1 [&hellip;]\" \/>\n<meta property=\"og:url\" content=\"https:\/\/www.blogsoestado.com\/danielmatos\/arraial-da-vila-anima-divineia-e-demais-bairros-do-polo-turu-hoje-e-amanha\/\" \/>\n<meta property=\"og:site_name\" content=\"Daniel Matos\" \/>\n<meta property=\"article:published_time\" content=\"2018-06-22T15:43:18+00:00\" \/>\n<meta property=\"og:image\" content=\"https:\/\/www.blogsoestado.com\/danielmatos\/files\/2018\/06\/marquinhos-arraial.jpg\" \/>\n<meta name=\"twitter:card\" content=\"summary_large_image\" \/>\n<meta name=\"twitter:label1\" content=\"Est. tempo de leitura\" \/>\n\t<meta name=\"twitter:data1\" content=\"1 minuto\" \/>\n<script type=\"application\/ld+json\" class=\"yoast-schema-graph\">{\"@context\":\"https:\/\/schema.org\",\"@graph\":[{\"@type\":\"WebPage\",\"@id\":\"https:\/\/www.blogsoestado.com\/danielmatos\/arraial-da-vila-anima-divineia-e-demais-bairros-do-polo-turu-hoje-e-amanha\/\",\"url\":\"https:\/\/www.blogsoestado.com\/danielmatos\/arraial-da-vila-anima-divineia-e-demais-bairros-do-polo-turu-hoje-e-amanha\/\",\"name\":\"Arrai\u00e1 na Vila anima Divineia e demais bairros do polo Turu hoje e amanh\u00e3 - Daniel Matos\",\"isPartOf\":{\"@id\":\"https:\/\/www.blogsoestado.com\/danielmatos\/#website\"},\"primaryImageOfPage\":{\"@id\":\"https:\/\/www.blogsoestado.com\/danielmatos\/arraial-da-vila-anima-divineia-e-demais-bairros-do-polo-turu-hoje-e-amanha\/#primaryimage\"},\"image\":{\"@id\":\"https:\/\/www.blogsoestado.com\/danielmatos\/arraial-da-vila-anima-divineia-e-demais-bairros-do-polo-turu-hoje-e-amanha\/#primaryimage\"},\"thumbnailUrl\":\"https:\/\/www.blogsoestado.com\/danielmatos\/files\/2018\/06\/marquinhos-arraial.jpg\",\"datePublished\":\"2018-06-22T15:43:18+00:00\",\"author\":{\"@id\":\"\"},\"breadcrumb\":{\"@id\":\"https:\/\/www.blogsoestado.com\/danielmatos\/arraial-da-vila-anima-divineia-e-demais-bairros-do-polo-turu-hoje-e-amanha\/#breadcrumb\"},\"inLanguage\":\"pt-BR\",\"potentialAction\":[{\"@type\":\"ReadAction\",\"target\":[\"https:\/\/www.blogsoestado.com\/danielmatos\/arraial-da-vila-anima-divineia-e-demais-bairros-do-polo-turu-hoje-e-amanha\/\"]}]},{\"@type\":\"ImageObject\",\"inLanguage\":\"pt-BR\",\"@id\":\"https:\/\/www.blogsoestado.com\/danielmatos\/arraial-da-vila-anima-divineia-e-demais-bairros-do-polo-turu-hoje-e-amanha\/#primaryimage\",\"url\":\"https:\/\/www.blogsoestado.com\/danielmatos\/files\/2018\/06\/marquinhos-arraial.jpg\",\"contentUrl\":\"https:\/\/www.blogsoestado.com\/danielmatos\/files\/2018\/06\/marquinhos-arraial.jpg\"},{\"@type\":\"BreadcrumbList\",\"@id\":\"https:\/\/www.blogsoestado.com\/danielmatos\/arraial-da-vila-anima-divineia-e-demais-bairros-do-polo-turu-hoje-e-amanha\/#breadcrumb\",\"itemListElement\":[{\"@type\":\"ListItem\",\"position\":1,\"name\":\"In\u00edcio\",\"item\":\"https:\/\/www.blogsoestado.com\/danielmatos\/\"},{\"@type\":\"ListItem\",\"position\":2,\"name\":\"Arrai\u00e1 na Vila anima Divineia e demais bairros do polo Turu hoje e amanh\u00e3\"}]},{\"@type\":\"WebSite\",\"@id\":\"https:\/\/www.blogsoestado.com\/danielmatos\/#website\",\"url\":\"https:\/\/www.blogsoestado.com\/danielmatos\/\",\"name\":\"Daniel Matos\",\"description\":\"\",\"potentialAction\":[{\"@type\":\"SearchAction\",\"target\":{\"@type\":\"EntryPoint\",\"urlTemplate\":\"https:\/\/www.blogsoestado.com\/danielmatos\/?s={search_term_string}\"},\"query-input\":{\"@type\":\"PropertyValueSpecification\",\"valueRequired\":true,\"valueName\":\"search_term_string\"}}],\"inLanguage\":\"pt-BR\"}]}<\/script>\n<!-- \/ Yoast SEO plugin. -->","yoast_head_json":{"title":"Arrai\u00e1 na Vila anima Divineia e demais bairros do polo Turu hoje e amanh\u00e3 - Daniel Matos","robots":{"index":"index","follow":"follow","max-snippet":"max-snippet:-1","max-image-preview":"max-image-preview:large","max-video-preview":"max-video-preview:-1"},"canonical":"https:\/\/www.blogsoestado.com\/danielmatos\/arraial-da-vila-anima-divineia-e-demais-bairros-do-polo-turu-hoje-e-amanha\/","og_locale":"pt_BR","og_type":"article","og_title":"Arrai\u00e1 na Vila anima Divineia e demais bairros do polo Turu hoje e amanh\u00e3 - Daniel Matos","og_description":"Ser\u00e1 aberta hoje, no Espa\u00e7o Viva Bem Mais, na Divineia, com apresenta\u00e7\u00e3o de v\u00e1rios grupos folcl\u00f3ricos, a programa\u00e7\u00e3o do Arrai\u00e1 [&hellip;]","og_url":"https:\/\/www.blogsoestado.com\/danielmatos\/arraial-da-vila-anima-divineia-e-demais-bairros-do-polo-turu-hoje-e-amanha\/","og_site_name":"Daniel Matos","article_published_time":"2018-06-22T15:43:18+00:00","og_image":[{"url":"https:\/\/www.blogsoestado.com\/danielmatos\/files\/2018\/06\/marquinhos-arraial.jpg","type":"","width":"","height":""}],"twitter_card":"summary_large_image","twitter_misc":{"Est. tempo de leitura":"1 minuto"},"schema":{"@context":"https:\/\/schema.org","@graph":[{"@type":"WebPage","@id":"https:\/\/www.blogsoestado.com\/danielmatos\/arraial-da-vila-anima-divineia-e-demais-bairros-do-polo-turu-hoje-e-amanha\/","url":"https:\/\/www.blogsoestado.com\/danielmatos\/arraial-da-vila-anima-divineia-e-demais-bairros-do-polo-turu-hoje-e-amanha\/","name":"Arrai\u00e1 na Vila anima Divineia e demais bairros do polo Turu hoje e amanh\u00e3 - Daniel Matos","isPartOf":{"@id":"https:\/\/www.blogsoestado.com\/danielmatos\/#website"},"primaryImageOfPage":{"@id":"https:\/\/www.blogsoestado.com\/danielmatos\/arraial-da-vila-anima-divineia-e-demais-bairros-do-polo-turu-hoje-e-amanha\/#primaryimage"},"image":{"@id":"https:\/\/www.blogsoestado.com\/danielmatos\/arraial-da-vila-anima-divineia-e-demais-bairros-do-polo-turu-hoje-e-amanha\/#primaryimage"},"thumbnailUrl":"https:\/\/www.blogsoestado.com\/danielmatos\/files\/2018\/06\/marquinhos-arraial.jpg","datePublished":"2018-06-22T15:43:18+00:00","author":{"@id":""},"breadcrumb":{"@id":"https:\/\/www.blogsoestado.com\/danielmatos\/arraial-da-vila-anima-divineia-e-demais-bairros-do-polo-turu-hoje-e-amanha\/#breadcrumb"},"inLanguage":"pt-BR","potentialAction":[{"@type":"ReadAction","target":["https:\/\/www.blogsoestado.com\/danielmatos\/arraial-da-vila-anima-divineia-e-demais-bairros-do-polo-turu-hoje-e-amanha\/"]}]},{"@type":"ImageObject","inLanguage":"pt-BR","@id":"https:\/\/www.blogsoestado.com\/danielmatos\/arraial-da-vila-anima-divineia-e-demais-bairros-do-polo-turu-hoje-e-amanha\/#primaryimage","url":"https:\/\/www.blogsoestado.com\/danielmatos\/files\/2018\/06\/marquinhos-arraial.jpg","contentUrl":"https:\/\/www.blogsoestado.com\/danielmatos\/files\/2018\/06\/marquinhos-arraial.jpg"},{"@type":"BreadcrumbList","@id":"https:\/\/www.blogsoestado.com\/danielmatos\/arraial-da-vila-anima-divineia-e-demais-bairros-do-polo-turu-hoje-e-amanha\/#breadcrumb","itemListElement":[{"@type":"ListItem","position":1,"name":"In\u00edcio","item":"https:\/\/www.blogsoestado.com\/danielmatos\/"},{"@type":"ListItem","position":2,"name":"Arrai\u00e1 na Vila anima Divineia e demais bairros do polo Turu hoje e amanh\u00e3"}]},{"@type":"WebSite","@id":"https:\/\/www.blogsoestado.com\/danielmatos\/#website","url":"https:\/\/www.blogsoestado.com\/danielmatos\/","name":"Daniel Matos","description":"","potentialAction":[{"@type":"SearchAction","target":{"@type":"EntryPoint","urlTemplate":"https:\/\/www.blogsoestado.com\/danielmatos\/?s={search_term_string}"},"query-input":{"@type":"PropertyValueSpecification","valueRequired":true,"valueName":"search_term_string"}}],"inLanguage":"pt-BR"}]}},"jetpack_featured_media_url":"","_links":{"self":[{"href":"https:\/\/www.blogsoestado.com\/danielmatos\/wp-json\/wp\/v2\/posts\/52551","targetHints":{"allow":["GET"]}}],"collection":[{"href":"https:\/\/www.blogsoestado.com\/danielmatos\/wp-json\/wp\/v2\/posts"}],"about":[{"href":"https:\/\/www.blogsoestado.com\/danielmatos\/wp-json\/wp\/v2\/types\/post"}],"replies":[{"embeddable":true,"href":"https:\/\/www.blogsoestado.com\/danielmatos\/wp-json\/wp\/v2\/comments?post=52551"}],"version-history":[{"count":0,"href":"https:\/\/www.blogsoestado.com\/danielmatos\/wp-json\/wp\/v2\/posts\/52551\/revisions"}],"wp:attachment":[{"href":"https:\/\/www.blogsoestado.com\/danielmatos\/wp-json\/wp\/v2\/media?parent=52551"}],"wp:term":[{"taxonomy":"category","embeddable":true,"href":"https:\/\/www.blogsoestado.com\/danielmatos\/wp-json\/wp\/v2\/categories?post=52551"},{"taxonomy":"post_tag","embeddable":true,"href":"https:\/\/www.blogsoestado.com\/danielmatos\/wp-json\/wp\/v2\/tags?post=52551"}],"curies":[{"name":"wp","href":"https:\/\/api.w.org\/{rel}","templated":true}]}}