{"id":52557,"date":"2018-06-22T16:10:25","date_gmt":"2018-06-22T19:10:25","guid":{"rendered":"https:\/\/www.blogsoestado.com\/danielmatos\/?p=52557"},"modified":"2018-06-22T16:10:25","modified_gmt":"2018-06-22T19:10:25","slug":"viana-justica-proibe-promocao-pessoal-de-prefeito-secretarios-e-vereadores-durante-eventos","status":"publish","type":"post","link":"https:\/\/www.blogsoestado.com\/danielmatos\/viana-justica-proibe-promocao-pessoal-de-prefeito-secretarios-e-vereadores-durante-eventos\/","title":{"rendered":"Viana: Justi\u00e7a pro\u00edbe promo\u00e7\u00e3o pessoal de prefeito, secret\u00e1rios e vereadores durante eventos"},"content":{"rendered":"<h2><span style=\"color: #ff0000;\">Liminar \u00e9 resultado de A\u00e7\u00e3o Civil P\u00fablica, em 18 de junho, pela 1\u00aa Promotoria de Justi\u00e7a da comarca<\/span><\/h2>\n<figure id=\"attachment_52558\" aria-describedby=\"caption-attachment-52558\" style=\"width: 430px\" class=\"wp-caption alignright\"><img fetchpriority=\"high\" decoding=\"async\" class=\"wp-image-52558\" src=\"https:\/\/www.blogsoestado.com\/danielmatos\/files\/2018\/06\/magrado-imagem.png\" alt=\"\" width=\"430\" height=\"391\" \/><figcaption id=\"caption-attachment-52558\" class=\"wp-caption-text\">A Justi\u00e7a proibiu a divulga\u00e7\u00e3o de nomes, imagens, slogans e elogios que caracterizem promo\u00e7\u00e3o pessoal do prefeito Magrado Barros<\/figcaption><\/figure>\n<p>Em atendimento ao pedido do Minist\u00e9rio P\u00fablico do Maranh\u00e3o (MPMA), a Justi\u00e7a determinou, nesta quarta-feira, 20, que o prefeito de Viana, Magrado Aroucha, abstenha-se de vincular eventos realizados no munic\u00edpio \u00e0 pessoa dele e \u00e0s de secret\u00e1rios municipais, vereadores, integrantes dos poderes Executivo, Legislativo e Judici\u00e1rio da Uni\u00e3o, antes, durante ou ap\u00f3s apresenta\u00e7\u00f5es ou manifesta\u00e7\u00f5es culturais e\/ou musicais.<\/p>\n<p>Segundo o autor da Ac\u00e3o Civil P\u00fablica Inibit\u00f3ria, com pedido de tutela provis\u00f3ria, que resultou na determina\u00e7\u00e3o judicial, titular da 1\u00aa Promotoria de Justi\u00e7a de Viana, Lindemberg do Nascimento Malagueta Vieira, a pr\u00e1tica fere os princ\u00edpios da moralidade e impessoalidade da Administra\u00e7\u00e3o P\u00fablica, contido no artigo 37 da Constitui\u00e7\u00e3o Federal.<\/p>\n<p>\u201cO Munic\u00edpio de Viana mant\u00e9m como costume administrativo o culto \u00e0 imagem dos gestores locais, em especial prefeito e secret\u00e1rio, al\u00e9m de figuras p\u00fablicas estaduais e nacionais, em flagrante desrespeito ao princ\u00edpio da impessoalidade, utilizando festividades para enaltecer a personalidade daqueles que deveriam velar pela busca do respeito \u00e0 Constitui\u00e7\u00e3o\u201d, enfatiza o representante do MPMA, na manifesta\u00e7\u00e3o.<\/p>\n<p>A liminar, deferida pela ju\u00edza Odete Trov\u00e3o, tamb\u00e9m veta que locutores, apresentadores ou integrantes de atra\u00e7\u00f5es musicais, divulguem nomes, imagens, slogans e elogios que caracterizem promo\u00e7\u00e3o pessoal do prefeito e demais integrantes da administra\u00e7\u00e3o municipal.<\/p>\n<p>\u201cInfere-se das fotografias e v\u00eddeos (propaganda institucional) anexados aos autos, ainda que estes se destinavam, a princ\u00edpio, a informar aos mun\u00edcipes sobre os eventos culturais realizados no per\u00edodo dos festejos juninos e carnavalesco, entretanto buscaram a todo tempo vincular a imagem pessoal do atual prefeito \u00e0s realiza\u00e7\u00f5es, enaltecendo de modo expl\u00edcito sua atua\u00e7\u00e3o\u201d, diz a liminar.<\/p>\n<p>A multa de descumprimento \u00e9 R$ 10 mil por viola\u00e7\u00e3o, cujo montante deve ser pago pessoalmente pelo prefeito e transferido ao Fundo Estadual de Defesa dos Direitos Difusos.<\/p>\n<p><strong>Fonte:<\/strong> Minist\u00e9rio P\u00fablico do Maranh\u00e3o<\/p>\n","protected":false},"excerpt":{"rendered":"<p>Liminar \u00e9 resultado de A\u00e7\u00e3o Civil P\u00fablica, em 18 de junho, pela 1\u00aa Promotoria de Justi\u00e7a da comarca Em atendimento [&hellip;]<\/p>\n","protected":false},"author":0,"featured_media":0,"comment_status":"open","ping_status":"open","sticky":false,"template":"","format":"standard","meta":{"site-sidebar-layout":"default","site-content-layout":"","ast-site-content-layout":"default","site-content-style":"default","site-sidebar-style":"default","ast-global-header-display":"","ast-banner-title-visibility":"","ast-main-header-display":"","ast-hfb-above-header-display":"","ast-hfb-below-header-display":"","ast-hfb-mobile-header-display":"","site-post-title":"","ast-breadcrumbs-content":"","ast-featured-img":"","footer-sml-layout":"","ast-disable-related-posts":"","theme-transparent-header-meta":"","adv-header-id-meta":"","stick-header-meta":"","header-above-stick-meta":"","header-main-stick-meta":"","header-below-stick-meta":"","astra-migrate-meta-layouts":"default","ast-page-background-enabled":"default","ast-page-background-meta":{"desktop":{"background-color":"var(--ast-global-color-5)","background-image":"","background-repeat":"repeat","background-position":"center center","background-size":"auto","background-attachment":"scroll","background-type":"","background-media":"","overlay-type":"","overlay-color":"","overlay-opacity":"","overlay-gradient":""},"tablet":{"background-color":"","background-image":"","background-repeat":"repeat","background-position":"center center","background-size":"auto","background-attachment":"scroll","background-type":"","background-media":"","overlay-type":"","overlay-color":"","overlay-opacity":"","overlay-gradient":""},"mobile":{"background-color":"","background-image":"","background-repeat":"repeat","background-position":"center center","background-size":"auto","background-attachment":"scroll","background-type":"","background-media":"","overlay-type":"","overlay-color":"","overlay-opacity":"","overlay-gradient":""}},"ast-content-background-meta":{"desktop":{"background-color":"var(--ast-global-color-4)","background-image":"","background-repeat":"repeat","background-position":"center center","background-size":"auto","background-attachment":"scroll","background-type":"","background-media":"","overlay-type":"","overlay-color":"","overlay-opacity":"","overlay-gradient":""},"tablet":{"background-color":"var(--ast-global-color-4)","background-image":"","background-repeat":"repeat","background-position":"center center","background-size":"auto","background-attachment":"scroll","background-type":"","background-media":"","overlay-type":"","overlay-color":"","overlay-opacity":"","overlay-gradient":""},"mobile":{"background-color":"var(--ast-global-color-4)","background-image":"","background-repeat":"repeat","background-position":"center center","background-size":"auto","background-attachment":"scroll","background-type":"","background-media":"","overlay-type":"","overlay-color":"","overlay-opacity":"","overlay-gradient":""}},"footnotes":""},"categories":[1],"tags":[],"class_list":["post-52557","post","type-post","status-publish","format-standard","hentry","category-sem-categoria"],"yoast_head":"<!-- This site is optimized with the Yoast SEO plugin v26.6 - https:\/\/yoast.com\/wordpress\/plugins\/seo\/ -->\n<title>Viana: Justi\u00e7a pro\u00edbe promo\u00e7\u00e3o pessoal de prefeito, secret\u00e1rios e vereadores durante eventos - Daniel Matos<\/title>\n<meta name=\"robots\" content=\"index, follow, max-snippet:-1, max-image-preview:large, max-video-preview:-1\" \/>\n<link rel=\"canonical\" href=\"https:\/\/www.blogsoestado.com\/danielmatos\/viana-justica-proibe-promocao-pessoal-de-prefeito-secretarios-e-vereadores-durante-eventos\/\" \/>\n<meta property=\"og:locale\" content=\"pt_BR\" \/>\n<meta property=\"og:type\" content=\"article\" \/>\n<meta property=\"og:title\" content=\"Viana: Justi\u00e7a pro\u00edbe promo\u00e7\u00e3o pessoal de prefeito, secret\u00e1rios e vereadores durante eventos - Daniel Matos\" \/>\n<meta property=\"og:description\" content=\"Liminar \u00e9 resultado de A\u00e7\u00e3o Civil P\u00fablica, em 18 de junho, pela 1\u00aa Promotoria de Justi\u00e7a da comarca Em atendimento [&hellip;]\" \/>\n<meta property=\"og:url\" content=\"https:\/\/www.blogsoestado.com\/danielmatos\/viana-justica-proibe-promocao-pessoal-de-prefeito-secretarios-e-vereadores-durante-eventos\/\" \/>\n<meta property=\"og:site_name\" content=\"Daniel Matos\" \/>\n<meta property=\"article:published_time\" content=\"2018-06-22T19:10:25+00:00\" \/>\n<meta property=\"og:image\" content=\"https:\/\/www.blogsoestado.com\/danielmatos\/files\/2018\/06\/magrado-imagem.png\" \/>\n<meta name=\"twitter:card\" content=\"summary_large_image\" \/>\n<meta name=\"twitter:label1\" content=\"Est. tempo de leitura\" \/>\n\t<meta name=\"twitter:data1\" content=\"2 minutos\" \/>\n<script type=\"application\/ld+json\" class=\"yoast-schema-graph\">{\"@context\":\"https:\/\/schema.org\",\"@graph\":[{\"@type\":\"WebPage\",\"@id\":\"https:\/\/www.blogsoestado.com\/danielmatos\/viana-justica-proibe-promocao-pessoal-de-prefeito-secretarios-e-vereadores-durante-eventos\/\",\"url\":\"https:\/\/www.blogsoestado.com\/danielmatos\/viana-justica-proibe-promocao-pessoal-de-prefeito-secretarios-e-vereadores-durante-eventos\/\",\"name\":\"Viana: Justi\u00e7a pro\u00edbe promo\u00e7\u00e3o pessoal de prefeito, secret\u00e1rios e vereadores durante eventos - Daniel Matos\",\"isPartOf\":{\"@id\":\"https:\/\/www.blogsoestado.com\/danielmatos\/#website\"},\"primaryImageOfPage\":{\"@id\":\"https:\/\/www.blogsoestado.com\/danielmatos\/viana-justica-proibe-promocao-pessoal-de-prefeito-secretarios-e-vereadores-durante-eventos\/#primaryimage\"},\"image\":{\"@id\":\"https:\/\/www.blogsoestado.com\/danielmatos\/viana-justica-proibe-promocao-pessoal-de-prefeito-secretarios-e-vereadores-durante-eventos\/#primaryimage\"},\"thumbnailUrl\":\"https:\/\/www.blogsoestado.com\/danielmatos\/files\/2018\/06\/magrado-imagem.png\",\"datePublished\":\"2018-06-22T19:10:25+00:00\",\"author\":{\"@id\":\"\"},\"breadcrumb\":{\"@id\":\"https:\/\/www.blogsoestado.com\/danielmatos\/viana-justica-proibe-promocao-pessoal-de-prefeito-secretarios-e-vereadores-durante-eventos\/#breadcrumb\"},\"inLanguage\":\"pt-BR\",\"potentialAction\":[{\"@type\":\"ReadAction\",\"target\":[\"https:\/\/www.blogsoestado.com\/danielmatos\/viana-justica-proibe-promocao-pessoal-de-prefeito-secretarios-e-vereadores-durante-eventos\/\"]}]},{\"@type\":\"ImageObject\",\"inLanguage\":\"pt-BR\",\"@id\":\"https:\/\/www.blogsoestado.com\/danielmatos\/viana-justica-proibe-promocao-pessoal-de-prefeito-secretarios-e-vereadores-durante-eventos\/#primaryimage\",\"url\":\"https:\/\/www.blogsoestado.com\/danielmatos\/files\/2018\/06\/magrado-imagem.png\",\"contentUrl\":\"https:\/\/www.blogsoestado.com\/danielmatos\/files\/2018\/06\/magrado-imagem.png\"},{\"@type\":\"BreadcrumbList\",\"@id\":\"https:\/\/www.blogsoestado.com\/danielmatos\/viana-justica-proibe-promocao-pessoal-de-prefeito-secretarios-e-vereadores-durante-eventos\/#breadcrumb\",\"itemListElement\":[{\"@type\":\"ListItem\",\"position\":1,\"name\":\"In\u00edcio\",\"item\":\"https:\/\/www.blogsoestado.com\/danielmatos\/\"},{\"@type\":\"ListItem\",\"position\":2,\"name\":\"Viana: Justi\u00e7a pro\u00edbe promo\u00e7\u00e3o pessoal de prefeito, secret\u00e1rios e vereadores durante eventos\"}]},{\"@type\":\"WebSite\",\"@id\":\"https:\/\/www.blogsoestado.com\/danielmatos\/#website\",\"url\":\"https:\/\/www.blogsoestado.com\/danielmatos\/\",\"name\":\"Daniel Matos\",\"description\":\"\",\"potentialAction\":[{\"@type\":\"SearchAction\",\"target\":{\"@type\":\"EntryPoint\",\"urlTemplate\":\"https:\/\/www.blogsoestado.com\/danielmatos\/?s={search_term_string}\"},\"query-input\":{\"@type\":\"PropertyValueSpecification\",\"valueRequired\":true,\"valueName\":\"search_term_string\"}}],\"inLanguage\":\"pt-BR\"}]}<\/script>\n<!-- \/ Yoast SEO plugin. -->","yoast_head_json":{"title":"Viana: Justi\u00e7a pro\u00edbe promo\u00e7\u00e3o pessoal de prefeito, secret\u00e1rios e vereadores durante eventos - Daniel Matos","robots":{"index":"index","follow":"follow","max-snippet":"max-snippet:-1","max-image-preview":"max-image-preview:large","max-video-preview":"max-video-preview:-1"},"canonical":"https:\/\/www.blogsoestado.com\/danielmatos\/viana-justica-proibe-promocao-pessoal-de-prefeito-secretarios-e-vereadores-durante-eventos\/","og_locale":"pt_BR","og_type":"article","og_title":"Viana: Justi\u00e7a pro\u00edbe promo\u00e7\u00e3o pessoal de prefeito, secret\u00e1rios e vereadores durante eventos - Daniel Matos","og_description":"Liminar \u00e9 resultado de A\u00e7\u00e3o Civil P\u00fablica, em 18 de junho, pela 1\u00aa Promotoria de Justi\u00e7a da comarca Em atendimento [&hellip;]","og_url":"https:\/\/www.blogsoestado.com\/danielmatos\/viana-justica-proibe-promocao-pessoal-de-prefeito-secretarios-e-vereadores-durante-eventos\/","og_site_name":"Daniel Matos","article_published_time":"2018-06-22T19:10:25+00:00","og_image":[{"url":"https:\/\/www.blogsoestado.com\/danielmatos\/files\/2018\/06\/magrado-imagem.png","type":"","width":"","height":""}],"twitter_card":"summary_large_image","twitter_misc":{"Est. tempo de leitura":"2 minutos"},"schema":{"@context":"https:\/\/schema.org","@graph":[{"@type":"WebPage","@id":"https:\/\/www.blogsoestado.com\/danielmatos\/viana-justica-proibe-promocao-pessoal-de-prefeito-secretarios-e-vereadores-durante-eventos\/","url":"https:\/\/www.blogsoestado.com\/danielmatos\/viana-justica-proibe-promocao-pessoal-de-prefeito-secretarios-e-vereadores-durante-eventos\/","name":"Viana: Justi\u00e7a pro\u00edbe promo\u00e7\u00e3o pessoal de prefeito, secret\u00e1rios e vereadores durante eventos - Daniel Matos","isPartOf":{"@id":"https:\/\/www.blogsoestado.com\/danielmatos\/#website"},"primaryImageOfPage":{"@id":"https:\/\/www.blogsoestado.com\/danielmatos\/viana-justica-proibe-promocao-pessoal-de-prefeito-secretarios-e-vereadores-durante-eventos\/#primaryimage"},"image":{"@id":"https:\/\/www.blogsoestado.com\/danielmatos\/viana-justica-proibe-promocao-pessoal-de-prefeito-secretarios-e-vereadores-durante-eventos\/#primaryimage"},"thumbnailUrl":"https:\/\/www.blogsoestado.com\/danielmatos\/files\/2018\/06\/magrado-imagem.png","datePublished":"2018-06-22T19:10:25+00:00","author":{"@id":""},"breadcrumb":{"@id":"https:\/\/www.blogsoestado.com\/danielmatos\/viana-justica-proibe-promocao-pessoal-de-prefeito-secretarios-e-vereadores-durante-eventos\/#breadcrumb"},"inLanguage":"pt-BR","potentialAction":[{"@type":"ReadAction","target":["https:\/\/www.blogsoestado.com\/danielmatos\/viana-justica-proibe-promocao-pessoal-de-prefeito-secretarios-e-vereadores-durante-eventos\/"]}]},{"@type":"ImageObject","inLanguage":"pt-BR","@id":"https:\/\/www.blogsoestado.com\/danielmatos\/viana-justica-proibe-promocao-pessoal-de-prefeito-secretarios-e-vereadores-durante-eventos\/#primaryimage","url":"https:\/\/www.blogsoestado.com\/danielmatos\/files\/2018\/06\/magrado-imagem.png","contentUrl":"https:\/\/www.blogsoestado.com\/danielmatos\/files\/2018\/06\/magrado-imagem.png"},{"@type":"BreadcrumbList","@id":"https:\/\/www.blogsoestado.com\/danielmatos\/viana-justica-proibe-promocao-pessoal-de-prefeito-secretarios-e-vereadores-durante-eventos\/#breadcrumb","itemListElement":[{"@type":"ListItem","position":1,"name":"In\u00edcio","item":"https:\/\/www.blogsoestado.com\/danielmatos\/"},{"@type":"ListItem","position":2,"name":"Viana: Justi\u00e7a pro\u00edbe promo\u00e7\u00e3o pessoal de prefeito, secret\u00e1rios e vereadores durante eventos"}]},{"@type":"WebSite","@id":"https:\/\/www.blogsoestado.com\/danielmatos\/#website","url":"https:\/\/www.blogsoestado.com\/danielmatos\/","name":"Daniel Matos","description":"","potentialAction":[{"@type":"SearchAction","target":{"@type":"EntryPoint","urlTemplate":"https:\/\/www.blogsoestado.com\/danielmatos\/?s={search_term_string}"},"query-input":{"@type":"PropertyValueSpecification","valueRequired":true,"valueName":"search_term_string"}}],"inLanguage":"pt-BR"}]}},"jetpack_featured_media_url":"","_links":{"self":[{"href":"https:\/\/www.blogsoestado.com\/danielmatos\/wp-json\/wp\/v2\/posts\/52557","targetHints":{"allow":["GET"]}}],"collection":[{"href":"https:\/\/www.blogsoestado.com\/danielmatos\/wp-json\/wp\/v2\/posts"}],"about":[{"href":"https:\/\/www.blogsoestado.com\/danielmatos\/wp-json\/wp\/v2\/types\/post"}],"replies":[{"embeddable":true,"href":"https:\/\/www.blogsoestado.com\/danielmatos\/wp-json\/wp\/v2\/comments?post=52557"}],"version-history":[{"count":0,"href":"https:\/\/www.blogsoestado.com\/danielmatos\/wp-json\/wp\/v2\/posts\/52557\/revisions"}],"wp:attachment":[{"href":"https:\/\/www.blogsoestado.com\/danielmatos\/wp-json\/wp\/v2\/media?parent=52557"}],"wp:term":[{"taxonomy":"category","embeddable":true,"href":"https:\/\/www.blogsoestado.com\/danielmatos\/wp-json\/wp\/v2\/categories?post=52557"},{"taxonomy":"post_tag","embeddable":true,"href":"https:\/\/www.blogsoestado.com\/danielmatos\/wp-json\/wp\/v2\/tags?post=52557"}],"curies":[{"name":"wp","href":"https:\/\/api.w.org\/{rel}","templated":true}]}}