{"id":53543,"date":"2018-07-25T10:20:52","date_gmt":"2018-07-25T13:20:52","guid":{"rendered":"https:\/\/www.blogsoestado.com\/danielmatos\/?p=53543"},"modified":"2018-07-25T10:20:52","modified_gmt":"2018-07-25T13:20:52","slug":"condenado-por-assalto-a-mao-armada-blogueiro-do-pcdob-que-operava-maldades-em-redes-sociais-e-preso","status":"publish","type":"post","link":"https:\/\/www.blogsoestado.com\/danielmatos\/condenado-por-assalto-a-mao-armada-blogueiro-do-pcdob-que-operava-maldades-em-redes-sociais-e-preso\/","title":{"rendered":"Condenado por assalto a m\u00e3o armada, blogueiro do PCdoB que operava maldades em redes sociais \u00e9 preso"},"content":{"rendered":"<figure id=\"attachment_53544\" aria-describedby=\"caption-attachment-53544\" style=\"width: 540px\" class=\"wp-caption alignright\"><img fetchpriority=\"high\" decoding=\"async\" class=\"size-full wp-image-53544\" src=\"https:\/\/www.blogsoestado.com\/danielmatos\/files\/2018\/07\/comuna-preso.jpg\" alt=\"\" width=\"540\" height=\"282\" \/><figcaption id=\"caption-attachment-53544\" class=\"wp-caption-text\">Fabr\u00edcio Oliveira em selfie com Fl\u00e1vio Dino: liga\u00e7\u00e3o estreita e suspeita com o Pal\u00e1cio dos Le\u00f5es<\/figcaption><\/figure>\n<p>Foi preso na madrugada de ontem (24), em Imperatriz, em cumprimento a um mandado de reclus\u00e3o em aberto, expedido pela Justi\u00e7a de Goi\u00e1s, o blogueiro Fabr\u00edcio Oliveira, acusado de criar e administrar perfis fakes em redes sociais da internet contra a ex-governadora e pr\u00e9-candidata \u00e0 sucess\u00e3o estadual Roseana Sarney (MDB). Ligado ao governador Fl\u00e1vio Dino, Fabr\u00edcio se apresentava publicamente como funcion\u00e1rio do Governo do Maranh\u00e3o.<\/p>\n<p>O blogueiro preso costumava de gabar por receber dinheiro da gest\u00e3o comunista, por meio de publicidades em seu site. Ao estilo fanfarr\u00e3o, ele costumava contar vantagens financeiras em grupos de Whatsapp, sempre revelando que sua principal fonte de renda era o governo de Fl\u00e1vio Dino, com quem fez quest\u00e3o de fazer uma <em>selfie<\/em>\u00a0em um evento pol\u00edtico, em S\u00e3o Lu\u00eds.<\/p>\n<p><strong>Pris\u00e3o<\/strong><\/p>\n<p>Fabr\u00edcio foi abordado por policiais do 3\u00ba Batalh\u00e3o de Pol\u00edcia Militar do Maranh\u00e3o em uma rua de Imperatriz conhecida por ser acesso a bocas de fumo muito frequentada por usu\u00e1rios de drogas da cidade.<\/p>\n<p>Sobre o mandado de pris\u00e3o, a PM descobriu, por meio de consulta ao Centro Integrado de Opera\u00e7\u00f5es de Seguran\u00e7a (Ciops), que o blogueiro era foragido da Justi\u00e7a goiana, que o condenou por assalto a m\u00e3o armada. Segundo dados do Banco Nacional de Mandados de Pris\u00e3o, do Conselho Nacional de Justi\u00e7a (CNJ), um segundo mandado de pris\u00e3o em desfavor do blogueiro continua em aberto.<\/p>\n<p>Diante da constata\u00e7\u00e3o, n\u00e3o restou alternativa aos policiais sen\u00e3o cumprir a determina\u00e7\u00e3o judicial. Quanto aos financiadores de Fabr\u00edcio, cabe investigar a liga\u00e7\u00e3o estreita entre um condenado pela Justi\u00e7a por um crime hediondo e o Pal\u00e1cio dos Le\u00f5es.<\/p>\n","protected":false},"excerpt":{"rendered":"<p>Foi preso na madrugada de ontem (24), em Imperatriz, em cumprimento a um mandado de reclus\u00e3o em aberto, expedido pela [&hellip;]<\/p>\n","protected":false},"author":0,"featured_media":0,"comment_status":"open","ping_status":"open","sticky":false,"template":"","format":"standard","meta":{"site-sidebar-layout":"default","site-content-layout":"","ast-site-content-layout":"default","site-content-style":"default","site-sidebar-style":"default","ast-global-header-display":"","ast-banner-title-visibility":"","ast-main-header-display":"","ast-hfb-above-header-display":"","ast-hfb-below-header-display":"","ast-hfb-mobile-header-display":"","site-post-title":"","ast-breadcrumbs-content":"","ast-featured-img":"","footer-sml-layout":"","ast-disable-related-posts":"","theme-transparent-header-meta":"","adv-header-id-meta":"","stick-header-meta":"","header-above-stick-meta":"","header-main-stick-meta":"","header-below-stick-meta":"","astra-migrate-meta-layouts":"default","ast-page-background-enabled":"default","ast-page-background-meta":{"desktop":{"background-color":"var(--ast-global-color-5)","background-image":"","background-repeat":"repeat","background-position":"center center","background-size":"auto","background-attachment":"scroll","background-type":"","background-media":"","overlay-type":"","overlay-color":"","overlay-opacity":"","overlay-gradient":""},"tablet":{"background-color":"","background-image":"","background-repeat":"repeat","background-position":"center center","background-size":"auto","background-attachment":"scroll","background-type":"","background-media":"","overlay-type":"","overlay-color":"","overlay-opacity":"","overlay-gradient":""},"mobile":{"background-color":"","background-image":"","background-repeat":"repeat","background-position":"center center","background-size":"auto","background-attachment":"scroll","background-type":"","background-media":"","overlay-type":"","overlay-color":"","overlay-opacity":"","overlay-gradient":""}},"ast-content-background-meta":{"desktop":{"background-color":"var(--ast-global-color-4)","background-image":"","background-repeat":"repeat","background-position":"center center","background-size":"auto","background-attachment":"scroll","background-type":"","background-media":"","overlay-type":"","overlay-color":"","overlay-opacity":"","overlay-gradient":""},"tablet":{"background-color":"var(--ast-global-color-4)","background-image":"","background-repeat":"repeat","background-position":"center center","background-size":"auto","background-attachment":"scroll","background-type":"","background-media":"","overlay-type":"","overlay-color":"","overlay-opacity":"","overlay-gradient":""},"mobile":{"background-color":"var(--ast-global-color-4)","background-image":"","background-repeat":"repeat","background-position":"center center","background-size":"auto","background-attachment":"scroll","background-type":"","background-media":"","overlay-type":"","overlay-color":"","overlay-opacity":"","overlay-gradient":""}},"footnotes":""},"categories":[1],"tags":[],"class_list":["post-53543","post","type-post","status-publish","format-standard","hentry","category-sem-categoria"],"yoast_head":"<!-- This site is optimized with the Yoast SEO plugin v26.6 - https:\/\/yoast.com\/wordpress\/plugins\/seo\/ -->\n<title>Condenado por assalto a m\u00e3o armada, blogueiro do PCdoB que operava maldades em redes sociais \u00e9 preso - Daniel Matos<\/title>\n<meta name=\"robots\" content=\"index, follow, max-snippet:-1, max-image-preview:large, max-video-preview:-1\" \/>\n<link rel=\"canonical\" href=\"https:\/\/www.blogsoestado.com\/danielmatos\/condenado-por-assalto-a-mao-armada-blogueiro-do-pcdob-que-operava-maldades-em-redes-sociais-e-preso\/\" \/>\n<meta property=\"og:locale\" content=\"pt_BR\" \/>\n<meta property=\"og:type\" content=\"article\" \/>\n<meta property=\"og:title\" content=\"Condenado por assalto a m\u00e3o armada, blogueiro do PCdoB que operava maldades em redes sociais \u00e9 preso - Daniel Matos\" \/>\n<meta property=\"og:description\" content=\"Foi preso na madrugada de ontem (24), em Imperatriz, em cumprimento a um mandado de reclus\u00e3o em aberto, expedido pela [&hellip;]\" \/>\n<meta property=\"og:url\" content=\"https:\/\/www.blogsoestado.com\/danielmatos\/condenado-por-assalto-a-mao-armada-blogueiro-do-pcdob-que-operava-maldades-em-redes-sociais-e-preso\/\" \/>\n<meta property=\"og:site_name\" content=\"Daniel Matos\" \/>\n<meta property=\"article:published_time\" content=\"2018-07-25T13:20:52+00:00\" \/>\n<meta property=\"og:image\" content=\"https:\/\/www.blogsoestado.com\/danielmatos\/files\/2018\/07\/comuna-preso.jpg\" \/>\n<meta name=\"twitter:card\" content=\"summary_large_image\" \/>\n<meta name=\"twitter:label1\" content=\"Est. tempo de leitura\" \/>\n\t<meta name=\"twitter:data1\" content=\"2 minutos\" \/>\n<script type=\"application\/ld+json\" class=\"yoast-schema-graph\">{\"@context\":\"https:\/\/schema.org\",\"@graph\":[{\"@type\":\"WebPage\",\"@id\":\"https:\/\/www.blogsoestado.com\/danielmatos\/condenado-por-assalto-a-mao-armada-blogueiro-do-pcdob-que-operava-maldades-em-redes-sociais-e-preso\/\",\"url\":\"https:\/\/www.blogsoestado.com\/danielmatos\/condenado-por-assalto-a-mao-armada-blogueiro-do-pcdob-que-operava-maldades-em-redes-sociais-e-preso\/\",\"name\":\"Condenado por assalto a m\u00e3o armada, blogueiro do PCdoB que operava maldades em redes sociais \u00e9 preso - Daniel Matos\",\"isPartOf\":{\"@id\":\"https:\/\/www.blogsoestado.com\/danielmatos\/#website\"},\"primaryImageOfPage\":{\"@id\":\"https:\/\/www.blogsoestado.com\/danielmatos\/condenado-por-assalto-a-mao-armada-blogueiro-do-pcdob-que-operava-maldades-em-redes-sociais-e-preso\/#primaryimage\"},\"image\":{\"@id\":\"https:\/\/www.blogsoestado.com\/danielmatos\/condenado-por-assalto-a-mao-armada-blogueiro-do-pcdob-que-operava-maldades-em-redes-sociais-e-preso\/#primaryimage\"},\"thumbnailUrl\":\"https:\/\/www.blogsoestado.com\/danielmatos\/files\/2018\/07\/comuna-preso.jpg\",\"datePublished\":\"2018-07-25T13:20:52+00:00\",\"author\":{\"@id\":\"\"},\"breadcrumb\":{\"@id\":\"https:\/\/www.blogsoestado.com\/danielmatos\/condenado-por-assalto-a-mao-armada-blogueiro-do-pcdob-que-operava-maldades-em-redes-sociais-e-preso\/#breadcrumb\"},\"inLanguage\":\"pt-BR\",\"potentialAction\":[{\"@type\":\"ReadAction\",\"target\":[\"https:\/\/www.blogsoestado.com\/danielmatos\/condenado-por-assalto-a-mao-armada-blogueiro-do-pcdob-que-operava-maldades-em-redes-sociais-e-preso\/\"]}]},{\"@type\":\"ImageObject\",\"inLanguage\":\"pt-BR\",\"@id\":\"https:\/\/www.blogsoestado.com\/danielmatos\/condenado-por-assalto-a-mao-armada-blogueiro-do-pcdob-que-operava-maldades-em-redes-sociais-e-preso\/#primaryimage\",\"url\":\"https:\/\/www.blogsoestado.com\/danielmatos\/files\/2018\/07\/comuna-preso.jpg\",\"contentUrl\":\"https:\/\/www.blogsoestado.com\/danielmatos\/files\/2018\/07\/comuna-preso.jpg\"},{\"@type\":\"BreadcrumbList\",\"@id\":\"https:\/\/www.blogsoestado.com\/danielmatos\/condenado-por-assalto-a-mao-armada-blogueiro-do-pcdob-que-operava-maldades-em-redes-sociais-e-preso\/#breadcrumb\",\"itemListElement\":[{\"@type\":\"ListItem\",\"position\":1,\"name\":\"In\u00edcio\",\"item\":\"https:\/\/www.blogsoestado.com\/danielmatos\/\"},{\"@type\":\"ListItem\",\"position\":2,\"name\":\"Condenado por assalto a m\u00e3o armada, blogueiro do PCdoB que operava maldades em redes sociais \u00e9 preso\"}]},{\"@type\":\"WebSite\",\"@id\":\"https:\/\/www.blogsoestado.com\/danielmatos\/#website\",\"url\":\"https:\/\/www.blogsoestado.com\/danielmatos\/\",\"name\":\"Daniel Matos\",\"description\":\"\",\"potentialAction\":[{\"@type\":\"SearchAction\",\"target\":{\"@type\":\"EntryPoint\",\"urlTemplate\":\"https:\/\/www.blogsoestado.com\/danielmatos\/?s={search_term_string}\"},\"query-input\":{\"@type\":\"PropertyValueSpecification\",\"valueRequired\":true,\"valueName\":\"search_term_string\"}}],\"inLanguage\":\"pt-BR\"}]}<\/script>\n<!-- \/ Yoast SEO plugin. -->","yoast_head_json":{"title":"Condenado por assalto a m\u00e3o armada, blogueiro do PCdoB que operava maldades em redes sociais \u00e9 preso - Daniel Matos","robots":{"index":"index","follow":"follow","max-snippet":"max-snippet:-1","max-image-preview":"max-image-preview:large","max-video-preview":"max-video-preview:-1"},"canonical":"https:\/\/www.blogsoestado.com\/danielmatos\/condenado-por-assalto-a-mao-armada-blogueiro-do-pcdob-que-operava-maldades-em-redes-sociais-e-preso\/","og_locale":"pt_BR","og_type":"article","og_title":"Condenado por assalto a m\u00e3o armada, blogueiro do PCdoB que operava maldades em redes sociais \u00e9 preso - Daniel Matos","og_description":"Foi preso na madrugada de ontem (24), em Imperatriz, em cumprimento a um mandado de reclus\u00e3o em aberto, expedido pela [&hellip;]","og_url":"https:\/\/www.blogsoestado.com\/danielmatos\/condenado-por-assalto-a-mao-armada-blogueiro-do-pcdob-que-operava-maldades-em-redes-sociais-e-preso\/","og_site_name":"Daniel Matos","article_published_time":"2018-07-25T13:20:52+00:00","og_image":[{"url":"https:\/\/www.blogsoestado.com\/danielmatos\/files\/2018\/07\/comuna-preso.jpg","type":"","width":"","height":""}],"twitter_card":"summary_large_image","twitter_misc":{"Est. tempo de leitura":"2 minutos"},"schema":{"@context":"https:\/\/schema.org","@graph":[{"@type":"WebPage","@id":"https:\/\/www.blogsoestado.com\/danielmatos\/condenado-por-assalto-a-mao-armada-blogueiro-do-pcdob-que-operava-maldades-em-redes-sociais-e-preso\/","url":"https:\/\/www.blogsoestado.com\/danielmatos\/condenado-por-assalto-a-mao-armada-blogueiro-do-pcdob-que-operava-maldades-em-redes-sociais-e-preso\/","name":"Condenado por assalto a m\u00e3o armada, blogueiro do PCdoB que operava maldades em redes sociais \u00e9 preso - Daniel Matos","isPartOf":{"@id":"https:\/\/www.blogsoestado.com\/danielmatos\/#website"},"primaryImageOfPage":{"@id":"https:\/\/www.blogsoestado.com\/danielmatos\/condenado-por-assalto-a-mao-armada-blogueiro-do-pcdob-que-operava-maldades-em-redes-sociais-e-preso\/#primaryimage"},"image":{"@id":"https:\/\/www.blogsoestado.com\/danielmatos\/condenado-por-assalto-a-mao-armada-blogueiro-do-pcdob-que-operava-maldades-em-redes-sociais-e-preso\/#primaryimage"},"thumbnailUrl":"https:\/\/www.blogsoestado.com\/danielmatos\/files\/2018\/07\/comuna-preso.jpg","datePublished":"2018-07-25T13:20:52+00:00","author":{"@id":""},"breadcrumb":{"@id":"https:\/\/www.blogsoestado.com\/danielmatos\/condenado-por-assalto-a-mao-armada-blogueiro-do-pcdob-que-operava-maldades-em-redes-sociais-e-preso\/#breadcrumb"},"inLanguage":"pt-BR","potentialAction":[{"@type":"ReadAction","target":["https:\/\/www.blogsoestado.com\/danielmatos\/condenado-por-assalto-a-mao-armada-blogueiro-do-pcdob-que-operava-maldades-em-redes-sociais-e-preso\/"]}]},{"@type":"ImageObject","inLanguage":"pt-BR","@id":"https:\/\/www.blogsoestado.com\/danielmatos\/condenado-por-assalto-a-mao-armada-blogueiro-do-pcdob-que-operava-maldades-em-redes-sociais-e-preso\/#primaryimage","url":"https:\/\/www.blogsoestado.com\/danielmatos\/files\/2018\/07\/comuna-preso.jpg","contentUrl":"https:\/\/www.blogsoestado.com\/danielmatos\/files\/2018\/07\/comuna-preso.jpg"},{"@type":"BreadcrumbList","@id":"https:\/\/www.blogsoestado.com\/danielmatos\/condenado-por-assalto-a-mao-armada-blogueiro-do-pcdob-que-operava-maldades-em-redes-sociais-e-preso\/#breadcrumb","itemListElement":[{"@type":"ListItem","position":1,"name":"In\u00edcio","item":"https:\/\/www.blogsoestado.com\/danielmatos\/"},{"@type":"ListItem","position":2,"name":"Condenado por assalto a m\u00e3o armada, blogueiro do PCdoB que operava maldades em redes sociais \u00e9 preso"}]},{"@type":"WebSite","@id":"https:\/\/www.blogsoestado.com\/danielmatos\/#website","url":"https:\/\/www.blogsoestado.com\/danielmatos\/","name":"Daniel Matos","description":"","potentialAction":[{"@type":"SearchAction","target":{"@type":"EntryPoint","urlTemplate":"https:\/\/www.blogsoestado.com\/danielmatos\/?s={search_term_string}"},"query-input":{"@type":"PropertyValueSpecification","valueRequired":true,"valueName":"search_term_string"}}],"inLanguage":"pt-BR"}]}},"jetpack_featured_media_url":"","_links":{"self":[{"href":"https:\/\/www.blogsoestado.com\/danielmatos\/wp-json\/wp\/v2\/posts\/53543","targetHints":{"allow":["GET"]}}],"collection":[{"href":"https:\/\/www.blogsoestado.com\/danielmatos\/wp-json\/wp\/v2\/posts"}],"about":[{"href":"https:\/\/www.blogsoestado.com\/danielmatos\/wp-json\/wp\/v2\/types\/post"}],"replies":[{"embeddable":true,"href":"https:\/\/www.blogsoestado.com\/danielmatos\/wp-json\/wp\/v2\/comments?post=53543"}],"version-history":[{"count":0,"href":"https:\/\/www.blogsoestado.com\/danielmatos\/wp-json\/wp\/v2\/posts\/53543\/revisions"}],"wp:attachment":[{"href":"https:\/\/www.blogsoestado.com\/danielmatos\/wp-json\/wp\/v2\/media?parent=53543"}],"wp:term":[{"taxonomy":"category","embeddable":true,"href":"https:\/\/www.blogsoestado.com\/danielmatos\/wp-json\/wp\/v2\/categories?post=53543"},{"taxonomy":"post_tag","embeddable":true,"href":"https:\/\/www.blogsoestado.com\/danielmatos\/wp-json\/wp\/v2\/tags?post=53543"}],"curies":[{"name":"wp","href":"https:\/\/api.w.org\/{rel}","templated":true}]}}