{"id":53553,"date":"2018-07-25T13:15:49","date_gmt":"2018-07-25T16:15:49","guid":{"rendered":"https:\/\/www.blogsoestado.com\/danielmatos\/?p=53553"},"modified":"2018-07-25T13:15:49","modified_gmt":"2018-07-25T16:15:49","slug":"ex-prefeito-de-viana-e-condenado-por-improbidade-administrativa","status":"publish","type":"post","link":"https:\/\/www.blogsoestado.com\/danielmatos\/ex-prefeito-de-viana-e-condenado-por-improbidade-administrativa\/","title":{"rendered":"Ex-prefeito de Viana \u00e9 condenado por improbidade administrativa"},"content":{"rendered":"<h2><span style=\"color: #ff0000;\">Rilvamar Luis Gon\u00e7alves Moraes desviou recursos repassados pela Funasa<\/span><\/h2>\n<figure id=\"attachment_53554\" aria-describedby=\"caption-attachment-53554\" style=\"width: 420px\" class=\"wp-caption alignright\"><img fetchpriority=\"high\" decoding=\"async\" class=\"wp-image-53554\" src=\"https:\/\/www.blogsoestado.com\/danielmatos\/files\/2018\/07\/rilva-e-magrado.jpg\" alt=\"\" width=\"420\" height=\"236\" \/><figcaption id=\"caption-attachment-53554\" class=\"wp-caption-text\">Rilva Lu\u00eds com o atual prefeito de Viana, Magrado Barros<\/figcaption><\/figure>\n<p>O Minist\u00e9rio P\u00fablico Federal (MPF) no Maranh\u00e3o conseguiu, na Justi\u00e7a Federal, a condena\u00e7\u00e3o do ex-prefeito de Viana (MA), Rilvamar Luis Gon\u00e7alves Moraes, o Rilva Lu\u00eds, por conta do desvio de recursos p\u00fablicos repassados pela Funda\u00e7\u00e3o Nacional de Sa\u00fade (Funasa) ao munic\u00edpio, em virtude de um conv\u00eanio com vig\u00eancia entre junho de 2006 e setembro de 2013.<\/p>\n<p>Segundo o MPF, o objeto dos recursos, no valor de R$ 224.000,00, era a constru\u00e7\u00e3o de 95 m\u00f3dulos sanit\u00e1rios domiciliares no munic\u00edpio, por\u00e9m, de acordo com parecer financeiro de 2012, n\u00e3o houve a comprova\u00e7\u00e3o de recolhimento dos tributos dos servi\u00e7os discriminados nas notas fiscais e o percentual de execu\u00e7\u00e3o f\u00edsica do objeto, que deveria ser 80% pelos recursos repassados, era de apenas 52,63%.<\/p>\n<p>Diante disso, a Justi\u00e7a Federal determinou que o ex-prefeito de Viana Rilvamar Luis Gon\u00e7alves Moraes tenha os direitos pol\u00edticos suspensos pelo prazo de cinco anos e seja proibido de contratar com o Poder P\u00fablico ou receber benef\u00edcios fiscais ou credit\u00edcios, direta ou indiretamente, pelo mesmo prazo. Al\u00e9m disso, deve ressarcir integralmente o dano causado aos cofres p\u00fablicos no valor de R$ 76.802,20 e ainda pagar multa civil no valor correspondente a 10% desse valor.<\/p>\n<p>O n\u00famero do processo para consulta na Justi\u00e7a Federal \u00e9 57998-59.2013.4.01.3700.<\/p>\n<p><strong>Fonte:<\/strong> Minist\u00e9rio P\u00fablico Federal (MPF\/MA)<\/p>\n","protected":false},"excerpt":{"rendered":"<p>Rilvamar Luis Gon\u00e7alves Moraes desviou recursos repassados pela Funasa O Minist\u00e9rio P\u00fablico Federal (MPF) no Maranh\u00e3o conseguiu, na Justi\u00e7a Federal, [&hellip;]<\/p>\n","protected":false},"author":0,"featured_media":0,"comment_status":"open","ping_status":"open","sticky":false,"template":"","format":"standard","meta":{"site-sidebar-layout":"default","site-content-layout":"","ast-site-content-layout":"default","site-content-style":"default","site-sidebar-style":"default","ast-global-header-display":"","ast-banner-title-visibility":"","ast-main-header-display":"","ast-hfb-above-header-display":"","ast-hfb-below-header-display":"","ast-hfb-mobile-header-display":"","site-post-title":"","ast-breadcrumbs-content":"","ast-featured-img":"","footer-sml-layout":"","ast-disable-related-posts":"","theme-transparent-header-meta":"","adv-header-id-meta":"","stick-header-meta":"","header-above-stick-meta":"","header-main-stick-meta":"","header-below-stick-meta":"","astra-migrate-meta-layouts":"default","ast-page-background-enabled":"default","ast-page-background-meta":{"desktop":{"background-color":"var(--ast-global-color-5)","background-image":"","background-repeat":"repeat","background-position":"center center","background-size":"auto","background-attachment":"scroll","background-type":"","background-media":"","overlay-type":"","overlay-color":"","overlay-opacity":"","overlay-gradient":""},"tablet":{"background-color":"","background-image":"","background-repeat":"repeat","background-position":"center center","background-size":"auto","background-attachment":"scroll","background-type":"","background-media":"","overlay-type":"","overlay-color":"","overlay-opacity":"","overlay-gradient":""},"mobile":{"background-color":"","background-image":"","background-repeat":"repeat","background-position":"center center","background-size":"auto","background-attachment":"scroll","background-type":"","background-media":"","overlay-type":"","overlay-color":"","overlay-opacity":"","overlay-gradient":""}},"ast-content-background-meta":{"desktop":{"background-color":"var(--ast-global-color-4)","background-image":"","background-repeat":"repeat","background-position":"center center","background-size":"auto","background-attachment":"scroll","background-type":"","background-media":"","overlay-type":"","overlay-color":"","overlay-opacity":"","overlay-gradient":""},"tablet":{"background-color":"var(--ast-global-color-4)","background-image":"","background-repeat":"repeat","background-position":"center center","background-size":"auto","background-attachment":"scroll","background-type":"","background-media":"","overlay-type":"","overlay-color":"","overlay-opacity":"","overlay-gradient":""},"mobile":{"background-color":"var(--ast-global-color-4)","background-image":"","background-repeat":"repeat","background-position":"center center","background-size":"auto","background-attachment":"scroll","background-type":"","background-media":"","overlay-type":"","overlay-color":"","overlay-opacity":"","overlay-gradient":""}},"footnotes":""},"categories":[1],"tags":[],"class_list":["post-53553","post","type-post","status-publish","format-standard","hentry","category-sem-categoria"],"yoast_head":"<!-- This site is optimized with the Yoast SEO plugin v26.6 - https:\/\/yoast.com\/wordpress\/plugins\/seo\/ -->\n<title>Ex-prefeito de Viana \u00e9 condenado por improbidade administrativa - Daniel Matos<\/title>\n<meta name=\"robots\" content=\"index, follow, max-snippet:-1, max-image-preview:large, max-video-preview:-1\" \/>\n<link rel=\"canonical\" href=\"https:\/\/www.blogsoestado.com\/danielmatos\/ex-prefeito-de-viana-e-condenado-por-improbidade-administrativa\/\" \/>\n<meta property=\"og:locale\" content=\"pt_BR\" \/>\n<meta property=\"og:type\" content=\"article\" \/>\n<meta property=\"og:title\" content=\"Ex-prefeito de Viana \u00e9 condenado por improbidade administrativa - Daniel Matos\" \/>\n<meta property=\"og:description\" content=\"Rilvamar Luis Gon\u00e7alves Moraes desviou recursos repassados pela Funasa O Minist\u00e9rio P\u00fablico Federal (MPF) no Maranh\u00e3o conseguiu, na Justi\u00e7a Federal, [&hellip;]\" \/>\n<meta property=\"og:url\" content=\"https:\/\/www.blogsoestado.com\/danielmatos\/ex-prefeito-de-viana-e-condenado-por-improbidade-administrativa\/\" \/>\n<meta property=\"og:site_name\" content=\"Daniel Matos\" \/>\n<meta property=\"article:published_time\" content=\"2018-07-25T16:15:49+00:00\" \/>\n<meta property=\"og:image\" content=\"https:\/\/www.blogsoestado.com\/danielmatos\/files\/2018\/07\/rilva-e-magrado.jpg\" \/>\n<meta name=\"twitter:card\" content=\"summary_large_image\" \/>\n<meta name=\"twitter:label1\" content=\"Est. tempo de leitura\" \/>\n\t<meta name=\"twitter:data1\" content=\"1 minuto\" \/>\n<script type=\"application\/ld+json\" class=\"yoast-schema-graph\">{\"@context\":\"https:\/\/schema.org\",\"@graph\":[{\"@type\":\"WebPage\",\"@id\":\"https:\/\/www.blogsoestado.com\/danielmatos\/ex-prefeito-de-viana-e-condenado-por-improbidade-administrativa\/\",\"url\":\"https:\/\/www.blogsoestado.com\/danielmatos\/ex-prefeito-de-viana-e-condenado-por-improbidade-administrativa\/\",\"name\":\"Ex-prefeito de Viana \u00e9 condenado por improbidade administrativa - Daniel Matos\",\"isPartOf\":{\"@id\":\"https:\/\/www.blogsoestado.com\/danielmatos\/#website\"},\"primaryImageOfPage\":{\"@id\":\"https:\/\/www.blogsoestado.com\/danielmatos\/ex-prefeito-de-viana-e-condenado-por-improbidade-administrativa\/#primaryimage\"},\"image\":{\"@id\":\"https:\/\/www.blogsoestado.com\/danielmatos\/ex-prefeito-de-viana-e-condenado-por-improbidade-administrativa\/#primaryimage\"},\"thumbnailUrl\":\"https:\/\/www.blogsoestado.com\/danielmatos\/files\/2018\/07\/rilva-e-magrado.jpg\",\"datePublished\":\"2018-07-25T16:15:49+00:00\",\"author\":{\"@id\":\"\"},\"breadcrumb\":{\"@id\":\"https:\/\/www.blogsoestado.com\/danielmatos\/ex-prefeito-de-viana-e-condenado-por-improbidade-administrativa\/#breadcrumb\"},\"inLanguage\":\"pt-BR\",\"potentialAction\":[{\"@type\":\"ReadAction\",\"target\":[\"https:\/\/www.blogsoestado.com\/danielmatos\/ex-prefeito-de-viana-e-condenado-por-improbidade-administrativa\/\"]}]},{\"@type\":\"ImageObject\",\"inLanguage\":\"pt-BR\",\"@id\":\"https:\/\/www.blogsoestado.com\/danielmatos\/ex-prefeito-de-viana-e-condenado-por-improbidade-administrativa\/#primaryimage\",\"url\":\"https:\/\/www.blogsoestado.com\/danielmatos\/files\/2018\/07\/rilva-e-magrado.jpg\",\"contentUrl\":\"https:\/\/www.blogsoestado.com\/danielmatos\/files\/2018\/07\/rilva-e-magrado.jpg\"},{\"@type\":\"BreadcrumbList\",\"@id\":\"https:\/\/www.blogsoestado.com\/danielmatos\/ex-prefeito-de-viana-e-condenado-por-improbidade-administrativa\/#breadcrumb\",\"itemListElement\":[{\"@type\":\"ListItem\",\"position\":1,\"name\":\"In\u00edcio\",\"item\":\"https:\/\/www.blogsoestado.com\/danielmatos\/\"},{\"@type\":\"ListItem\",\"position\":2,\"name\":\"Ex-prefeito de Viana \u00e9 condenado por improbidade administrativa\"}]},{\"@type\":\"WebSite\",\"@id\":\"https:\/\/www.blogsoestado.com\/danielmatos\/#website\",\"url\":\"https:\/\/www.blogsoestado.com\/danielmatos\/\",\"name\":\"Daniel Matos\",\"description\":\"\",\"potentialAction\":[{\"@type\":\"SearchAction\",\"target\":{\"@type\":\"EntryPoint\",\"urlTemplate\":\"https:\/\/www.blogsoestado.com\/danielmatos\/?s={search_term_string}\"},\"query-input\":{\"@type\":\"PropertyValueSpecification\",\"valueRequired\":true,\"valueName\":\"search_term_string\"}}],\"inLanguage\":\"pt-BR\"}]}<\/script>\n<!-- \/ Yoast SEO plugin. -->","yoast_head_json":{"title":"Ex-prefeito de Viana \u00e9 condenado por improbidade administrativa - Daniel Matos","robots":{"index":"index","follow":"follow","max-snippet":"max-snippet:-1","max-image-preview":"max-image-preview:large","max-video-preview":"max-video-preview:-1"},"canonical":"https:\/\/www.blogsoestado.com\/danielmatos\/ex-prefeito-de-viana-e-condenado-por-improbidade-administrativa\/","og_locale":"pt_BR","og_type":"article","og_title":"Ex-prefeito de Viana \u00e9 condenado por improbidade administrativa - Daniel Matos","og_description":"Rilvamar Luis Gon\u00e7alves Moraes desviou recursos repassados pela Funasa O Minist\u00e9rio P\u00fablico Federal (MPF) no Maranh\u00e3o conseguiu, na Justi\u00e7a Federal, [&hellip;]","og_url":"https:\/\/www.blogsoestado.com\/danielmatos\/ex-prefeito-de-viana-e-condenado-por-improbidade-administrativa\/","og_site_name":"Daniel Matos","article_published_time":"2018-07-25T16:15:49+00:00","og_image":[{"url":"https:\/\/www.blogsoestado.com\/danielmatos\/files\/2018\/07\/rilva-e-magrado.jpg","type":"","width":"","height":""}],"twitter_card":"summary_large_image","twitter_misc":{"Est. tempo de leitura":"1 minuto"},"schema":{"@context":"https:\/\/schema.org","@graph":[{"@type":"WebPage","@id":"https:\/\/www.blogsoestado.com\/danielmatos\/ex-prefeito-de-viana-e-condenado-por-improbidade-administrativa\/","url":"https:\/\/www.blogsoestado.com\/danielmatos\/ex-prefeito-de-viana-e-condenado-por-improbidade-administrativa\/","name":"Ex-prefeito de Viana \u00e9 condenado por improbidade administrativa - Daniel Matos","isPartOf":{"@id":"https:\/\/www.blogsoestado.com\/danielmatos\/#website"},"primaryImageOfPage":{"@id":"https:\/\/www.blogsoestado.com\/danielmatos\/ex-prefeito-de-viana-e-condenado-por-improbidade-administrativa\/#primaryimage"},"image":{"@id":"https:\/\/www.blogsoestado.com\/danielmatos\/ex-prefeito-de-viana-e-condenado-por-improbidade-administrativa\/#primaryimage"},"thumbnailUrl":"https:\/\/www.blogsoestado.com\/danielmatos\/files\/2018\/07\/rilva-e-magrado.jpg","datePublished":"2018-07-25T16:15:49+00:00","author":{"@id":""},"breadcrumb":{"@id":"https:\/\/www.blogsoestado.com\/danielmatos\/ex-prefeito-de-viana-e-condenado-por-improbidade-administrativa\/#breadcrumb"},"inLanguage":"pt-BR","potentialAction":[{"@type":"ReadAction","target":["https:\/\/www.blogsoestado.com\/danielmatos\/ex-prefeito-de-viana-e-condenado-por-improbidade-administrativa\/"]}]},{"@type":"ImageObject","inLanguage":"pt-BR","@id":"https:\/\/www.blogsoestado.com\/danielmatos\/ex-prefeito-de-viana-e-condenado-por-improbidade-administrativa\/#primaryimage","url":"https:\/\/www.blogsoestado.com\/danielmatos\/files\/2018\/07\/rilva-e-magrado.jpg","contentUrl":"https:\/\/www.blogsoestado.com\/danielmatos\/files\/2018\/07\/rilva-e-magrado.jpg"},{"@type":"BreadcrumbList","@id":"https:\/\/www.blogsoestado.com\/danielmatos\/ex-prefeito-de-viana-e-condenado-por-improbidade-administrativa\/#breadcrumb","itemListElement":[{"@type":"ListItem","position":1,"name":"In\u00edcio","item":"https:\/\/www.blogsoestado.com\/danielmatos\/"},{"@type":"ListItem","position":2,"name":"Ex-prefeito de Viana \u00e9 condenado por improbidade administrativa"}]},{"@type":"WebSite","@id":"https:\/\/www.blogsoestado.com\/danielmatos\/#website","url":"https:\/\/www.blogsoestado.com\/danielmatos\/","name":"Daniel Matos","description":"","potentialAction":[{"@type":"SearchAction","target":{"@type":"EntryPoint","urlTemplate":"https:\/\/www.blogsoestado.com\/danielmatos\/?s={search_term_string}"},"query-input":{"@type":"PropertyValueSpecification","valueRequired":true,"valueName":"search_term_string"}}],"inLanguage":"pt-BR"}]}},"jetpack_featured_media_url":"","_links":{"self":[{"href":"https:\/\/www.blogsoestado.com\/danielmatos\/wp-json\/wp\/v2\/posts\/53553","targetHints":{"allow":["GET"]}}],"collection":[{"href":"https:\/\/www.blogsoestado.com\/danielmatos\/wp-json\/wp\/v2\/posts"}],"about":[{"href":"https:\/\/www.blogsoestado.com\/danielmatos\/wp-json\/wp\/v2\/types\/post"}],"replies":[{"embeddable":true,"href":"https:\/\/www.blogsoestado.com\/danielmatos\/wp-json\/wp\/v2\/comments?post=53553"}],"version-history":[{"count":0,"href":"https:\/\/www.blogsoestado.com\/danielmatos\/wp-json\/wp\/v2\/posts\/53553\/revisions"}],"wp:attachment":[{"href":"https:\/\/www.blogsoestado.com\/danielmatos\/wp-json\/wp\/v2\/media?parent=53553"}],"wp:term":[{"taxonomy":"category","embeddable":true,"href":"https:\/\/www.blogsoestado.com\/danielmatos\/wp-json\/wp\/v2\/categories?post=53553"},{"taxonomy":"post_tag","embeddable":true,"href":"https:\/\/www.blogsoestado.com\/danielmatos\/wp-json\/wp\/v2\/tags?post=53553"}],"curies":[{"name":"wp","href":"https:\/\/api.w.org\/{rel}","templated":true}]}}