{"id":53567,"date":"2018-07-25T17:13:36","date_gmt":"2018-07-25T20:13:36","guid":{"rendered":"https:\/\/www.blogsoestado.com\/danielmatos\/?p=53567"},"modified":"2018-07-25T17:13:36","modified_gmt":"2018-07-25T20:13:36","slug":"diretora-acusa-prefeito-luis-fernando-de-meter-a-mao-na-verba-das-escolas-comunitarias-de-sao-jose-de-ribamar","status":"publish","type":"post","link":"https:\/\/www.blogsoestado.com\/danielmatos\/diretora-acusa-prefeito-luis-fernando-de-meter-a-mao-na-verba-das-escolas-comunitarias-de-sao-jose-de-ribamar\/","title":{"rendered":"Diretora acusa prefeito Luis Fernando de meter a m\u00e3o na verba das escolas comunit\u00e1rias de S\u00e3o Jos\u00e9 de Ribamar"},"content":{"rendered":"<figure id=\"attachment_53568\" aria-describedby=\"caption-attachment-53568\" style=\"width: 420px\" class=\"wp-caption alignright\"><img fetchpriority=\"high\" decoding=\"async\" class=\"wp-image-53568\" src=\"https:\/\/www.blogsoestado.com\/danielmatos\/files\/2018\/07\/luis-fenando-dino.jpg\" alt=\"\" width=\"420\" height=\"189\" \/><figcaption id=\"caption-attachment-53568\" class=\"wp-caption-text\">Prefeito Luis Fernando Silva com o governador Fl\u00e1vio Dino: nem as escolas comunit\u00e1rias s\u00e3o poupadas pela m\u00e1 gest\u00e3o<\/figcaption><\/figure>\n<p>Uma den\u00fancia bomb\u00e1stica amea\u00e7a agravar o desgaste popular do prefeito de S\u00e3o Jos\u00e9 de Ribamar, Luis Fernando Silva (PRB). O gestor est\u00e1 sendo acusado por uma diretora de escola comunit\u00e1ria de se apropriar de parte da verba federal destinada a essas institui\u00e7\u00f5es filantr\u00f3picas, que mant\u00eam conv\u00eanio com a administra\u00e7\u00e3o municipal para atender crian\u00e7as impedidas de se matricular na rede educacional regular por falta de vagas. Detalhe: o pagamento \u00e0s escolas est\u00e1 atrasado h\u00e1 seis meses<\/p>\n<p>O corte do recurso surpreendeu os diretores das 48 escolas comunit\u00e1rias conveniadas. Segundo a educadora Daiana Cloyker, respons\u00e1vel pela Creche Escola Vov\u00f3 Ded\u00e9, fundada h\u00e1 cinco anos na localidade Pinda\u00ed, a Prefeitura de S\u00e3o Jos\u00e9 de Ribamar adotou crit\u00e9rios pr\u00f3prios, e n\u00e3o o Censo Escolar, do Governo Federal, para atribuir os valores aos quais cada institui\u00e7\u00e3o tem direito.<\/p>\n<p>Ela informa que a Secretaria Municipal de Educa\u00e7\u00e3o (Semed) ribamarense se baseou em fiscaliza\u00e7\u00f5es efetuadas pelo pr\u00f3prio \u00f3rg\u00e3o para definir os valores que cabem a cada escola comunit\u00e1ria, quando o correto seria fazer os c\u00e1lculos a partir das informa\u00e7\u00f5es apuradas pelo Censo Escolar.<\/p>\n<p>Daiana reclama da distor\u00e7\u00e3o, que, segundo ela, reduziu em cerca de 70% o montante que receberia. A diretora garante que sua escola atende 74 alunos, sendo 61 em tempo integral, mas a inspe\u00e7\u00e3o feita pela Semed contabilizou apenas 17 crian\u00e7as assistidas pela creche. &#8220;Eu deveria receber R$ 200 mil, valor referente aos seis meses acumulados desde o in\u00edcio do ano letivo e ao n\u00famero real de alunos que nossa creche-escola atende, mas a Semed informou que tenho direito a apenas R$ 66 mil&#8221;, lamenta.<\/p>\n<p>A diretora disse que ao ser surpreendida com o corte da verba destinada \u00e0 sua escola anunciou, dentro da Semed, que denunciaria o caso \u00e0 imprensa e aos demais canais de comunica\u00e7\u00e3o de massa. E foi o que fez.<\/p>\n","protected":false},"excerpt":{"rendered":"<p>Uma den\u00fancia bomb\u00e1stica amea\u00e7a agravar o desgaste popular do prefeito de S\u00e3o Jos\u00e9 de Ribamar, Luis Fernando Silva (PRB). O [&hellip;]<\/p>\n","protected":false},"author":0,"featured_media":0,"comment_status":"open","ping_status":"open","sticky":false,"template":"","format":"standard","meta":{"site-sidebar-layout":"default","site-content-layout":"","ast-site-content-layout":"default","site-content-style":"default","site-sidebar-style":"default","ast-global-header-display":"","ast-banner-title-visibility":"","ast-main-header-display":"","ast-hfb-above-header-display":"","ast-hfb-below-header-display":"","ast-hfb-mobile-header-display":"","site-post-title":"","ast-breadcrumbs-content":"","ast-featured-img":"","footer-sml-layout":"","ast-disable-related-posts":"","theme-transparent-header-meta":"","adv-header-id-meta":"","stick-header-meta":"","header-above-stick-meta":"","header-main-stick-meta":"","header-below-stick-meta":"","astra-migrate-meta-layouts":"default","ast-page-background-enabled":"default","ast-page-background-meta":{"desktop":{"background-color":"var(--ast-global-color-5)","background-image":"","background-repeat":"repeat","background-position":"center center","background-size":"auto","background-attachment":"scroll","background-type":"","background-media":"","overlay-type":"","overlay-color":"","overlay-opacity":"","overlay-gradient":""},"tablet":{"background-color":"","background-image":"","background-repeat":"repeat","background-position":"center center","background-size":"auto","background-attachment":"scroll","background-type":"","background-media":"","overlay-type":"","overlay-color":"","overlay-opacity":"","overlay-gradient":""},"mobile":{"background-color":"","background-image":"","background-repeat":"repeat","background-position":"center center","background-size":"auto","background-attachment":"scroll","background-type":"","background-media":"","overlay-type":"","overlay-color":"","overlay-opacity":"","overlay-gradient":""}},"ast-content-background-meta":{"desktop":{"background-color":"var(--ast-global-color-4)","background-image":"","background-repeat":"repeat","background-position":"center center","background-size":"auto","background-attachment":"scroll","background-type":"","background-media":"","overlay-type":"","overlay-color":"","overlay-opacity":"","overlay-gradient":""},"tablet":{"background-color":"var(--ast-global-color-4)","background-image":"","background-repeat":"repeat","background-position":"center center","background-size":"auto","background-attachment":"scroll","background-type":"","background-media":"","overlay-type":"","overlay-color":"","overlay-opacity":"","overlay-gradient":""},"mobile":{"background-color":"var(--ast-global-color-4)","background-image":"","background-repeat":"repeat","background-position":"center center","background-size":"auto","background-attachment":"scroll","background-type":"","background-media":"","overlay-type":"","overlay-color":"","overlay-opacity":"","overlay-gradient":""}},"footnotes":""},"categories":[1],"tags":[],"class_list":["post-53567","post","type-post","status-publish","format-standard","hentry","category-sem-categoria"],"yoast_head":"<!-- This site is optimized with the Yoast SEO plugin v26.6 - https:\/\/yoast.com\/wordpress\/plugins\/seo\/ -->\n<title>Diretora acusa prefeito Luis Fernando de meter a m\u00e3o na verba das escolas comunit\u00e1rias de S\u00e3o Jos\u00e9 de Ribamar - Daniel Matos<\/title>\n<meta name=\"robots\" content=\"index, follow, max-snippet:-1, max-image-preview:large, max-video-preview:-1\" \/>\n<link rel=\"canonical\" href=\"https:\/\/www.blogsoestado.com\/danielmatos\/diretora-acusa-prefeito-luis-fernando-de-meter-a-mao-na-verba-das-escolas-comunitarias-de-sao-jose-de-ribamar\/\" \/>\n<meta property=\"og:locale\" content=\"pt_BR\" \/>\n<meta property=\"og:type\" content=\"article\" \/>\n<meta property=\"og:title\" content=\"Diretora acusa prefeito Luis Fernando de meter a m\u00e3o na verba das escolas comunit\u00e1rias de S\u00e3o Jos\u00e9 de Ribamar - Daniel Matos\" \/>\n<meta property=\"og:description\" content=\"Uma den\u00fancia bomb\u00e1stica amea\u00e7a agravar o desgaste popular do prefeito de S\u00e3o Jos\u00e9 de Ribamar, Luis Fernando Silva (PRB). O [&hellip;]\" \/>\n<meta property=\"og:url\" content=\"https:\/\/www.blogsoestado.com\/danielmatos\/diretora-acusa-prefeito-luis-fernando-de-meter-a-mao-na-verba-das-escolas-comunitarias-de-sao-jose-de-ribamar\/\" \/>\n<meta property=\"og:site_name\" content=\"Daniel Matos\" \/>\n<meta property=\"article:published_time\" content=\"2018-07-25T20:13:36+00:00\" \/>\n<meta property=\"og:image\" content=\"https:\/\/www.blogsoestado.com\/danielmatos\/files\/2018\/07\/luis-fenando-dino.jpg\" \/>\n<meta name=\"twitter:card\" content=\"summary_large_image\" \/>\n<meta name=\"twitter:label1\" content=\"Est. tempo de leitura\" \/>\n\t<meta name=\"twitter:data1\" content=\"2 minutos\" \/>\n<script type=\"application\/ld+json\" class=\"yoast-schema-graph\">{\"@context\":\"https:\/\/schema.org\",\"@graph\":[{\"@type\":\"WebPage\",\"@id\":\"https:\/\/www.blogsoestado.com\/danielmatos\/diretora-acusa-prefeito-luis-fernando-de-meter-a-mao-na-verba-das-escolas-comunitarias-de-sao-jose-de-ribamar\/\",\"url\":\"https:\/\/www.blogsoestado.com\/danielmatos\/diretora-acusa-prefeito-luis-fernando-de-meter-a-mao-na-verba-das-escolas-comunitarias-de-sao-jose-de-ribamar\/\",\"name\":\"Diretora acusa prefeito Luis Fernando de meter a m\u00e3o na verba das escolas comunit\u00e1rias de S\u00e3o Jos\u00e9 de Ribamar - Daniel Matos\",\"isPartOf\":{\"@id\":\"https:\/\/www.blogsoestado.com\/danielmatos\/#website\"},\"primaryImageOfPage\":{\"@id\":\"https:\/\/www.blogsoestado.com\/danielmatos\/diretora-acusa-prefeito-luis-fernando-de-meter-a-mao-na-verba-das-escolas-comunitarias-de-sao-jose-de-ribamar\/#primaryimage\"},\"image\":{\"@id\":\"https:\/\/www.blogsoestado.com\/danielmatos\/diretora-acusa-prefeito-luis-fernando-de-meter-a-mao-na-verba-das-escolas-comunitarias-de-sao-jose-de-ribamar\/#primaryimage\"},\"thumbnailUrl\":\"https:\/\/www.blogsoestado.com\/danielmatos\/files\/2018\/07\/luis-fenando-dino.jpg\",\"datePublished\":\"2018-07-25T20:13:36+00:00\",\"author\":{\"@id\":\"\"},\"breadcrumb\":{\"@id\":\"https:\/\/www.blogsoestado.com\/danielmatos\/diretora-acusa-prefeito-luis-fernando-de-meter-a-mao-na-verba-das-escolas-comunitarias-de-sao-jose-de-ribamar\/#breadcrumb\"},\"inLanguage\":\"pt-BR\",\"potentialAction\":[{\"@type\":\"ReadAction\",\"target\":[\"https:\/\/www.blogsoestado.com\/danielmatos\/diretora-acusa-prefeito-luis-fernando-de-meter-a-mao-na-verba-das-escolas-comunitarias-de-sao-jose-de-ribamar\/\"]}]},{\"@type\":\"ImageObject\",\"inLanguage\":\"pt-BR\",\"@id\":\"https:\/\/www.blogsoestado.com\/danielmatos\/diretora-acusa-prefeito-luis-fernando-de-meter-a-mao-na-verba-das-escolas-comunitarias-de-sao-jose-de-ribamar\/#primaryimage\",\"url\":\"https:\/\/www.blogsoestado.com\/danielmatos\/files\/2018\/07\/luis-fenando-dino.jpg\",\"contentUrl\":\"https:\/\/www.blogsoestado.com\/danielmatos\/files\/2018\/07\/luis-fenando-dino.jpg\"},{\"@type\":\"BreadcrumbList\",\"@id\":\"https:\/\/www.blogsoestado.com\/danielmatos\/diretora-acusa-prefeito-luis-fernando-de-meter-a-mao-na-verba-das-escolas-comunitarias-de-sao-jose-de-ribamar\/#breadcrumb\",\"itemListElement\":[{\"@type\":\"ListItem\",\"position\":1,\"name\":\"In\u00edcio\",\"item\":\"https:\/\/www.blogsoestado.com\/danielmatos\/\"},{\"@type\":\"ListItem\",\"position\":2,\"name\":\"Diretora acusa prefeito Luis Fernando de meter a m\u00e3o na verba das escolas comunit\u00e1rias de S\u00e3o Jos\u00e9 de Ribamar\"}]},{\"@type\":\"WebSite\",\"@id\":\"https:\/\/www.blogsoestado.com\/danielmatos\/#website\",\"url\":\"https:\/\/www.blogsoestado.com\/danielmatos\/\",\"name\":\"Daniel Matos\",\"description\":\"\",\"potentialAction\":[{\"@type\":\"SearchAction\",\"target\":{\"@type\":\"EntryPoint\",\"urlTemplate\":\"https:\/\/www.blogsoestado.com\/danielmatos\/?s={search_term_string}\"},\"query-input\":{\"@type\":\"PropertyValueSpecification\",\"valueRequired\":true,\"valueName\":\"search_term_string\"}}],\"inLanguage\":\"pt-BR\"}]}<\/script>\n<!-- \/ Yoast SEO plugin. -->","yoast_head_json":{"title":"Diretora acusa prefeito Luis Fernando de meter a m\u00e3o na verba das escolas comunit\u00e1rias de S\u00e3o Jos\u00e9 de Ribamar - Daniel Matos","robots":{"index":"index","follow":"follow","max-snippet":"max-snippet:-1","max-image-preview":"max-image-preview:large","max-video-preview":"max-video-preview:-1"},"canonical":"https:\/\/www.blogsoestado.com\/danielmatos\/diretora-acusa-prefeito-luis-fernando-de-meter-a-mao-na-verba-das-escolas-comunitarias-de-sao-jose-de-ribamar\/","og_locale":"pt_BR","og_type":"article","og_title":"Diretora acusa prefeito Luis Fernando de meter a m\u00e3o na verba das escolas comunit\u00e1rias de S\u00e3o Jos\u00e9 de Ribamar - Daniel Matos","og_description":"Uma den\u00fancia bomb\u00e1stica amea\u00e7a agravar o desgaste popular do prefeito de S\u00e3o Jos\u00e9 de Ribamar, Luis Fernando Silva (PRB). O [&hellip;]","og_url":"https:\/\/www.blogsoestado.com\/danielmatos\/diretora-acusa-prefeito-luis-fernando-de-meter-a-mao-na-verba-das-escolas-comunitarias-de-sao-jose-de-ribamar\/","og_site_name":"Daniel Matos","article_published_time":"2018-07-25T20:13:36+00:00","og_image":[{"url":"https:\/\/www.blogsoestado.com\/danielmatos\/files\/2018\/07\/luis-fenando-dino.jpg","type":"","width":"","height":""}],"twitter_card":"summary_large_image","twitter_misc":{"Est. tempo de leitura":"2 minutos"},"schema":{"@context":"https:\/\/schema.org","@graph":[{"@type":"WebPage","@id":"https:\/\/www.blogsoestado.com\/danielmatos\/diretora-acusa-prefeito-luis-fernando-de-meter-a-mao-na-verba-das-escolas-comunitarias-de-sao-jose-de-ribamar\/","url":"https:\/\/www.blogsoestado.com\/danielmatos\/diretora-acusa-prefeito-luis-fernando-de-meter-a-mao-na-verba-das-escolas-comunitarias-de-sao-jose-de-ribamar\/","name":"Diretora acusa prefeito Luis Fernando de meter a m\u00e3o na verba das escolas comunit\u00e1rias de S\u00e3o Jos\u00e9 de Ribamar - Daniel Matos","isPartOf":{"@id":"https:\/\/www.blogsoestado.com\/danielmatos\/#website"},"primaryImageOfPage":{"@id":"https:\/\/www.blogsoestado.com\/danielmatos\/diretora-acusa-prefeito-luis-fernando-de-meter-a-mao-na-verba-das-escolas-comunitarias-de-sao-jose-de-ribamar\/#primaryimage"},"image":{"@id":"https:\/\/www.blogsoestado.com\/danielmatos\/diretora-acusa-prefeito-luis-fernando-de-meter-a-mao-na-verba-das-escolas-comunitarias-de-sao-jose-de-ribamar\/#primaryimage"},"thumbnailUrl":"https:\/\/www.blogsoestado.com\/danielmatos\/files\/2018\/07\/luis-fenando-dino.jpg","datePublished":"2018-07-25T20:13:36+00:00","author":{"@id":""},"breadcrumb":{"@id":"https:\/\/www.blogsoestado.com\/danielmatos\/diretora-acusa-prefeito-luis-fernando-de-meter-a-mao-na-verba-das-escolas-comunitarias-de-sao-jose-de-ribamar\/#breadcrumb"},"inLanguage":"pt-BR","potentialAction":[{"@type":"ReadAction","target":["https:\/\/www.blogsoestado.com\/danielmatos\/diretora-acusa-prefeito-luis-fernando-de-meter-a-mao-na-verba-das-escolas-comunitarias-de-sao-jose-de-ribamar\/"]}]},{"@type":"ImageObject","inLanguage":"pt-BR","@id":"https:\/\/www.blogsoestado.com\/danielmatos\/diretora-acusa-prefeito-luis-fernando-de-meter-a-mao-na-verba-das-escolas-comunitarias-de-sao-jose-de-ribamar\/#primaryimage","url":"https:\/\/www.blogsoestado.com\/danielmatos\/files\/2018\/07\/luis-fenando-dino.jpg","contentUrl":"https:\/\/www.blogsoestado.com\/danielmatos\/files\/2018\/07\/luis-fenando-dino.jpg"},{"@type":"BreadcrumbList","@id":"https:\/\/www.blogsoestado.com\/danielmatos\/diretora-acusa-prefeito-luis-fernando-de-meter-a-mao-na-verba-das-escolas-comunitarias-de-sao-jose-de-ribamar\/#breadcrumb","itemListElement":[{"@type":"ListItem","position":1,"name":"In\u00edcio","item":"https:\/\/www.blogsoestado.com\/danielmatos\/"},{"@type":"ListItem","position":2,"name":"Diretora acusa prefeito Luis Fernando de meter a m\u00e3o na verba das escolas comunit\u00e1rias de S\u00e3o Jos\u00e9 de Ribamar"}]},{"@type":"WebSite","@id":"https:\/\/www.blogsoestado.com\/danielmatos\/#website","url":"https:\/\/www.blogsoestado.com\/danielmatos\/","name":"Daniel Matos","description":"","potentialAction":[{"@type":"SearchAction","target":{"@type":"EntryPoint","urlTemplate":"https:\/\/www.blogsoestado.com\/danielmatos\/?s={search_term_string}"},"query-input":{"@type":"PropertyValueSpecification","valueRequired":true,"valueName":"search_term_string"}}],"inLanguage":"pt-BR"}]}},"jetpack_featured_media_url":"","_links":{"self":[{"href":"https:\/\/www.blogsoestado.com\/danielmatos\/wp-json\/wp\/v2\/posts\/53567","targetHints":{"allow":["GET"]}}],"collection":[{"href":"https:\/\/www.blogsoestado.com\/danielmatos\/wp-json\/wp\/v2\/posts"}],"about":[{"href":"https:\/\/www.blogsoestado.com\/danielmatos\/wp-json\/wp\/v2\/types\/post"}],"replies":[{"embeddable":true,"href":"https:\/\/www.blogsoestado.com\/danielmatos\/wp-json\/wp\/v2\/comments?post=53567"}],"version-history":[{"count":0,"href":"https:\/\/www.blogsoestado.com\/danielmatos\/wp-json\/wp\/v2\/posts\/53567\/revisions"}],"wp:attachment":[{"href":"https:\/\/www.blogsoestado.com\/danielmatos\/wp-json\/wp\/v2\/media?parent=53567"}],"wp:term":[{"taxonomy":"category","embeddable":true,"href":"https:\/\/www.blogsoestado.com\/danielmatos\/wp-json\/wp\/v2\/categories?post=53567"},{"taxonomy":"post_tag","embeddable":true,"href":"https:\/\/www.blogsoestado.com\/danielmatos\/wp-json\/wp\/v2\/tags?post=53567"}],"curies":[{"name":"wp","href":"https:\/\/api.w.org\/{rel}","templated":true}]}}