{"id":56787,"date":"2018-10-11T11:43:38","date_gmt":"2018-10-11T14:43:38","guid":{"rendered":"https:\/\/www.blogsoestado.com\/danielmatos\/?p=56787"},"modified":"2018-10-11T11:43:38","modified_gmt":"2018-10-11T14:43:38","slug":"turminha-do-mateus-kids-comemora-o-dia-das-criancas","status":"publish","type":"post","link":"https:\/\/www.blogsoestado.com\/danielmatos\/turminha-do-mateus-kids-comemora-o-dia-das-criancas\/","title":{"rendered":"Turminha do \u201cMateus Kids\u201d comemora o Dia das Crian\u00e7as"},"content":{"rendered":"<figure id=\"attachment_56794\" aria-describedby=\"caption-attachment-56794\" style=\"width: 650px\" class=\"wp-caption aligncenter\"><a href=\"https:\/\/www.blogsoestado.com\/danielmatos\/2018\/10\/11\/turminha-do-mateus-kids-comemora-o-dia-das-criancas\/mateus-kids\/\" rel=\"attachment wp-att-56794\"><img fetchpriority=\"high\" decoding=\"async\" class=\"wp-image-56794\" src=\"https:\/\/www.blogsoestado.com\/danielmatos\/files\/2018\/10\/mateus-kids.jpg\" alt=\"\" width=\"650\" height=\"313\" \/><\/a><figcaption id=\"caption-attachment-56794\" class=\"wp-caption-text\">A turminha do \u201cMateus Kids\u201d na comemora\u00e7\u00e3o do Dia das Crian\u00e7as no palco do Teatro Arthur Azevedo<\/figcaption><\/figure>\n<p>As fam\u00edlias dos colaboradores do Grupo Mateus participaram de uma noite de muita alegria para comemorar o Dia das Crian\u00e7as. O departamento de Responsabilidade Social da empresa preparou uma programa\u00e7\u00e3o especial para n\u00e3o deixar passar a data em branco. O evento, dedicado aos filhos dos funcion\u00e1rios, foi realizado na ter\u00e7a-feira (9), no Teatro Arthur Azevedo, no Centro Hist\u00f3rico de S\u00e3o Lu\u00eds.<\/p>\n<p>Uma data especial em que o Mateus festeja, presenteia a crian\u00e7ada, mas tamb\u00e9m reflete sobre o bem-estar e a garantia de um futuro digno para os pequeninos. E, segundo a gestora de RH do Grupo Mateus, Railma Lima, essa responsabilidade \u00e9 de todos. \u201cNossa empresa se preocupa com o pa\u00eds que estamos construindo e que iremos entregar \u00e0s nossas crian\u00e7as. Por isso, desenvolvemos e apoiamos diversas a\u00e7\u00f5es socioeducativas que contribuem com o desenvolvimento da crian\u00e7ada\u201d, disse.<\/p>\n<figure id=\"attachment_56795\" aria-describedby=\"caption-attachment-56795\" style=\"width: 647px\" class=\"wp-caption aligncenter\"><a href=\"https:\/\/www.blogsoestado.com\/danielmatos\/2018\/10\/11\/turminha-do-mateus-kids-comemora-o-dia-das-criancas\/mateus-kids-dois\/\" rel=\"attachment wp-att-56795\"><img decoding=\"async\" class=\"size-full wp-image-56795\" src=\"https:\/\/www.blogsoestado.com\/danielmatos\/files\/2018\/10\/mateus-kids-dois.jpg\" alt=\"\" width=\"647\" height=\"395\" \/><\/a><figcaption id=\"caption-attachment-56795\" class=\"wp-caption-text\">Uma das apresenta\u00e7\u00f5es infantina que emocionou o p\u00fablico, formado por colaboradores do Grupo Mateus<\/figcaption><\/figure>\n<p>Para participar do projeto, o colaborador podia levar filhos ou sobrinhos com idade entre 6 e 10 anos. As crian\u00e7as foram recebidas pela turminha do Mateus Kids. Formada pelos personagens: Baz\u00e9 (representando o setor de bazar); Clarinha (da linha de limpeza); Tony (setor de eletro); Horti (departamento de hortifr\u00fati); Buba (setor de padaria); Tia Nutri (a tia da turminha) e o Mateuzinho (representando todo o Grupo Mateus).<\/p>\n<p>A L\u00facia Pinheiro trabalha no Centro de Distribui\u00e7\u00e3o em Pedrinhas e levou os sobrinhos Paulo Gabriel (8 anos) e Joao Pedro (11 anos) para assistirem \u00e0s apresenta\u00e7\u00f5es. \u201c\u00c9 um momento \u00fanico pra compartilhar com a fam\u00edlia um momento de intera\u00e7\u00e3o, de aprendizado, de cultura. Passamos tanto tempo longe dos parentes por causa da rotina que n\u00e3o podemos desperdi\u00e7ar nenhuma oportunidade de estar com eles\u201d, afirmou a colaboradora.<\/p>\n<p>Al\u00e9m do Mateus Kids, foi apresentado o espet\u00e1culo \u201cCasa de Bonecos\u201d, da Companhia de Ballet Olinda Saul, que conta com o apoio do Grupo Mateus por meio da Lei de Incentivo \u00e0 Cultura. As apresenta\u00e7\u00f5es fazem parte do projeto \u201cDan\u00e7a Crian\u00e7a\u201d, voltado a crian\u00e7as e adolescentes de escola p\u00fablicas. S\u00f3 este anos, foram abertas 190 vagas para o curso de ballet, onde o aluno sai preparado para o mercado nacional e internacional, com uma forma\u00e7\u00e3o consolidada que dura 6 anos, al\u00e9m de mais 2 anos de especializa\u00e7\u00e3o.<\/p>\n<figure id=\"attachment_56796\" aria-describedby=\"caption-attachment-56796\" style=\"width: 649px\" class=\"wp-caption aligncenter\"><a href=\"https:\/\/www.blogsoestado.com\/danielmatos\/2018\/10\/11\/turminha-do-mateus-kids-comemora-o-dia-das-criancas\/mateus-kids-quatro\/\" rel=\"attachment wp-att-56796\"><img decoding=\"async\" class=\"size-full wp-image-56796\" src=\"https:\/\/www.blogsoestado.com\/danielmatos\/files\/2018\/10\/mateus-kids-quatro.jpg\" alt=\"\" width=\"649\" height=\"430\" \/><\/a><figcaption id=\"caption-attachment-56796\" class=\"wp-caption-text\">Plateia numerosa aplaudiu do in\u00edcio ao fim as apresenta\u00e7\u00f5es da turminha do Mateus Kids<\/figcaption><\/figure>\n<p>Lurdiane Santos trabalha na \u00e1rea de treinamento no Administrativo do Mateus e levou a filha Valentina de 2 anos pela primeira vez ao teatro. \u201c\u00c9 uma satisfa\u00e7\u00e3o imensa trabalhar em uma empresa que se importa n\u00e3o s\u00f3 com o colaborador, mas tamb\u00e9m com nossos filhos. Estamos saindo daqui com a sensa\u00e7\u00e3o de reconhecimento e, sobretudo, gratid\u00e3o\u201d, enfatizou<\/p>\n<p>Ao fim das apresenta\u00e7\u00f5es foi oferecido um delicioso lanche a todos que estiveram presentes \u201c\u00c9 um imenso prazer dividir esse momento t\u00e3o especial com todos, pais, m\u00e3es e, principalmente, tantas crian\u00e7as que vieram assistir ao espet\u00e1culo. Estar na presen\u00e7a de seres t\u00e3o puros e verdadeiros nos renova e nos d\u00e1 energia e esperan\u00e7a para acreditar num pa\u00eds melhor, mais justo, mais desenvolvido, com mais oportunidades, onde todas as crian\u00e7as possam estudar e ter um lar com paz e aconchego\u201d, finalizou Railma Lima.<\/p>\n","protected":false},"excerpt":{"rendered":"<p>As fam\u00edlias dos colaboradores do Grupo Mateus participaram de uma noite de muita alegria para comemorar o Dia das Crian\u00e7as. [&hellip;]<\/p>\n","protected":false},"author":0,"featured_media":0,"comment_status":"open","ping_status":"open","sticky":false,"template":"","format":"standard","meta":{"site-sidebar-layout":"default","site-content-layout":"","ast-site-content-layout":"default","site-content-style":"default","site-sidebar-style":"default","ast-global-header-display":"","ast-banner-title-visibility":"","ast-main-header-display":"","ast-hfb-above-header-display":"","ast-hfb-below-header-display":"","ast-hfb-mobile-header-display":"","site-post-title":"","ast-breadcrumbs-content":"","ast-featured-img":"","footer-sml-layout":"","ast-disable-related-posts":"","theme-transparent-header-meta":"","adv-header-id-meta":"","stick-header-meta":"","header-above-stick-meta":"","header-main-stick-meta":"","header-below-stick-meta":"","astra-migrate-meta-layouts":"default","ast-page-background-enabled":"default","ast-page-background-meta":{"desktop":{"background-color":"var(--ast-global-color-5)","background-image":"","background-repeat":"repeat","background-position":"center center","background-size":"auto","background-attachment":"scroll","background-type":"","background-media":"","overlay-type":"","overlay-color":"","overlay-opacity":"","overlay-gradient":""},"tablet":{"background-color":"","background-image":"","background-repeat":"repeat","background-position":"center center","background-size":"auto","background-attachment":"scroll","background-type":"","background-media":"","overlay-type":"","overlay-color":"","overlay-opacity":"","overlay-gradient":""},"mobile":{"background-color":"","background-image":"","background-repeat":"repeat","background-position":"center center","background-size":"auto","background-attachment":"scroll","background-type":"","background-media":"","overlay-type":"","overlay-color":"","overlay-opacity":"","overlay-gradient":""}},"ast-content-background-meta":{"desktop":{"background-color":"var(--ast-global-color-4)","background-image":"","background-repeat":"repeat","background-position":"center center","background-size":"auto","background-attachment":"scroll","background-type":"","background-media":"","overlay-type":"","overlay-color":"","overlay-opacity":"","overlay-gradient":""},"tablet":{"background-color":"var(--ast-global-color-4)","background-image":"","background-repeat":"repeat","background-position":"center center","background-size":"auto","background-attachment":"scroll","background-type":"","background-media":"","overlay-type":"","overlay-color":"","overlay-opacity":"","overlay-gradient":""},"mobile":{"background-color":"var(--ast-global-color-4)","background-image":"","background-repeat":"repeat","background-position":"center center","background-size":"auto","background-attachment":"scroll","background-type":"","background-media":"","overlay-type":"","overlay-color":"","overlay-opacity":"","overlay-gradient":""}},"footnotes":""},"categories":[1],"tags":[],"class_list":["post-56787","post","type-post","status-publish","format-standard","hentry","category-sem-categoria"],"yoast_head":"<!-- This site is optimized with the Yoast SEO plugin v26.6 - https:\/\/yoast.com\/wordpress\/plugins\/seo\/ -->\n<title>Turminha do \u201cMateus Kids\u201d comemora o Dia das Crian\u00e7as - Daniel Matos<\/title>\n<meta name=\"robots\" content=\"index, follow, max-snippet:-1, max-image-preview:large, max-video-preview:-1\" \/>\n<link rel=\"canonical\" href=\"https:\/\/www.blogsoestado.com\/danielmatos\/turminha-do-mateus-kids-comemora-o-dia-das-criancas\/\" \/>\n<meta property=\"og:locale\" content=\"pt_BR\" \/>\n<meta property=\"og:type\" content=\"article\" \/>\n<meta property=\"og:title\" content=\"Turminha do \u201cMateus Kids\u201d comemora o Dia das Crian\u00e7as - Daniel Matos\" \/>\n<meta property=\"og:description\" content=\"As fam\u00edlias dos colaboradores do Grupo Mateus participaram de uma noite de muita alegria para comemorar o Dia das Crian\u00e7as. [&hellip;]\" \/>\n<meta property=\"og:url\" content=\"https:\/\/www.blogsoestado.com\/danielmatos\/turminha-do-mateus-kids-comemora-o-dia-das-criancas\/\" \/>\n<meta property=\"og:site_name\" content=\"Daniel Matos\" \/>\n<meta property=\"article:published_time\" content=\"2018-10-11T14:43:38+00:00\" \/>\n<meta property=\"og:image\" content=\"https:\/\/www.blogsoestado.com\/danielmatos\/files\/2018\/10\/mateus-kids.jpg\" \/>\n<meta name=\"twitter:card\" content=\"summary_large_image\" \/>\n<meta name=\"twitter:label1\" content=\"Est. tempo de leitura\" \/>\n\t<meta name=\"twitter:data1\" content=\"3 minutos\" \/>\n<script type=\"application\/ld+json\" class=\"yoast-schema-graph\">{\"@context\":\"https:\/\/schema.org\",\"@graph\":[{\"@type\":\"WebPage\",\"@id\":\"https:\/\/www.blogsoestado.com\/danielmatos\/turminha-do-mateus-kids-comemora-o-dia-das-criancas\/\",\"url\":\"https:\/\/www.blogsoestado.com\/danielmatos\/turminha-do-mateus-kids-comemora-o-dia-das-criancas\/\",\"name\":\"Turminha do \u201cMateus Kids\u201d comemora o Dia das Crian\u00e7as - Daniel Matos\",\"isPartOf\":{\"@id\":\"https:\/\/www.blogsoestado.com\/danielmatos\/#website\"},\"primaryImageOfPage\":{\"@id\":\"https:\/\/www.blogsoestado.com\/danielmatos\/turminha-do-mateus-kids-comemora-o-dia-das-criancas\/#primaryimage\"},\"image\":{\"@id\":\"https:\/\/www.blogsoestado.com\/danielmatos\/turminha-do-mateus-kids-comemora-o-dia-das-criancas\/#primaryimage\"},\"thumbnailUrl\":\"https:\/\/www.blogsoestado.com\/danielmatos\/files\/2018\/10\/mateus-kids.jpg\",\"datePublished\":\"2018-10-11T14:43:38+00:00\",\"author\":{\"@id\":\"\"},\"breadcrumb\":{\"@id\":\"https:\/\/www.blogsoestado.com\/danielmatos\/turminha-do-mateus-kids-comemora-o-dia-das-criancas\/#breadcrumb\"},\"inLanguage\":\"pt-BR\",\"potentialAction\":[{\"@type\":\"ReadAction\",\"target\":[\"https:\/\/www.blogsoestado.com\/danielmatos\/turminha-do-mateus-kids-comemora-o-dia-das-criancas\/\"]}]},{\"@type\":\"ImageObject\",\"inLanguage\":\"pt-BR\",\"@id\":\"https:\/\/www.blogsoestado.com\/danielmatos\/turminha-do-mateus-kids-comemora-o-dia-das-criancas\/#primaryimage\",\"url\":\"https:\/\/www.blogsoestado.com\/danielmatos\/files\/2018\/10\/mateus-kids.jpg\",\"contentUrl\":\"https:\/\/www.blogsoestado.com\/danielmatos\/files\/2018\/10\/mateus-kids.jpg\"},{\"@type\":\"BreadcrumbList\",\"@id\":\"https:\/\/www.blogsoestado.com\/danielmatos\/turminha-do-mateus-kids-comemora-o-dia-das-criancas\/#breadcrumb\",\"itemListElement\":[{\"@type\":\"ListItem\",\"position\":1,\"name\":\"In\u00edcio\",\"item\":\"https:\/\/www.blogsoestado.com\/danielmatos\/\"},{\"@type\":\"ListItem\",\"position\":2,\"name\":\"Turminha do \u201cMateus Kids\u201d comemora o Dia das Crian\u00e7as\"}]},{\"@type\":\"WebSite\",\"@id\":\"https:\/\/www.blogsoestado.com\/danielmatos\/#website\",\"url\":\"https:\/\/www.blogsoestado.com\/danielmatos\/\",\"name\":\"Daniel Matos\",\"description\":\"\",\"potentialAction\":[{\"@type\":\"SearchAction\",\"target\":{\"@type\":\"EntryPoint\",\"urlTemplate\":\"https:\/\/www.blogsoestado.com\/danielmatos\/?s={search_term_string}\"},\"query-input\":{\"@type\":\"PropertyValueSpecification\",\"valueRequired\":true,\"valueName\":\"search_term_string\"}}],\"inLanguage\":\"pt-BR\"}]}<\/script>\n<!-- \/ Yoast SEO plugin. -->","yoast_head_json":{"title":"Turminha do \u201cMateus Kids\u201d comemora o Dia das Crian\u00e7as - Daniel Matos","robots":{"index":"index","follow":"follow","max-snippet":"max-snippet:-1","max-image-preview":"max-image-preview:large","max-video-preview":"max-video-preview:-1"},"canonical":"https:\/\/www.blogsoestado.com\/danielmatos\/turminha-do-mateus-kids-comemora-o-dia-das-criancas\/","og_locale":"pt_BR","og_type":"article","og_title":"Turminha do \u201cMateus Kids\u201d comemora o Dia das Crian\u00e7as - Daniel Matos","og_description":"As fam\u00edlias dos colaboradores do Grupo Mateus participaram de uma noite de muita alegria para comemorar o Dia das Crian\u00e7as. [&hellip;]","og_url":"https:\/\/www.blogsoestado.com\/danielmatos\/turminha-do-mateus-kids-comemora-o-dia-das-criancas\/","og_site_name":"Daniel Matos","article_published_time":"2018-10-11T14:43:38+00:00","og_image":[{"url":"https:\/\/www.blogsoestado.com\/danielmatos\/files\/2018\/10\/mateus-kids.jpg","type":"","width":"","height":""}],"twitter_card":"summary_large_image","twitter_misc":{"Est. tempo de leitura":"3 minutos"},"schema":{"@context":"https:\/\/schema.org","@graph":[{"@type":"WebPage","@id":"https:\/\/www.blogsoestado.com\/danielmatos\/turminha-do-mateus-kids-comemora-o-dia-das-criancas\/","url":"https:\/\/www.blogsoestado.com\/danielmatos\/turminha-do-mateus-kids-comemora-o-dia-das-criancas\/","name":"Turminha do \u201cMateus Kids\u201d comemora o Dia das Crian\u00e7as - Daniel Matos","isPartOf":{"@id":"https:\/\/www.blogsoestado.com\/danielmatos\/#website"},"primaryImageOfPage":{"@id":"https:\/\/www.blogsoestado.com\/danielmatos\/turminha-do-mateus-kids-comemora-o-dia-das-criancas\/#primaryimage"},"image":{"@id":"https:\/\/www.blogsoestado.com\/danielmatos\/turminha-do-mateus-kids-comemora-o-dia-das-criancas\/#primaryimage"},"thumbnailUrl":"https:\/\/www.blogsoestado.com\/danielmatos\/files\/2018\/10\/mateus-kids.jpg","datePublished":"2018-10-11T14:43:38+00:00","author":{"@id":""},"breadcrumb":{"@id":"https:\/\/www.blogsoestado.com\/danielmatos\/turminha-do-mateus-kids-comemora-o-dia-das-criancas\/#breadcrumb"},"inLanguage":"pt-BR","potentialAction":[{"@type":"ReadAction","target":["https:\/\/www.blogsoestado.com\/danielmatos\/turminha-do-mateus-kids-comemora-o-dia-das-criancas\/"]}]},{"@type":"ImageObject","inLanguage":"pt-BR","@id":"https:\/\/www.blogsoestado.com\/danielmatos\/turminha-do-mateus-kids-comemora-o-dia-das-criancas\/#primaryimage","url":"https:\/\/www.blogsoestado.com\/danielmatos\/files\/2018\/10\/mateus-kids.jpg","contentUrl":"https:\/\/www.blogsoestado.com\/danielmatos\/files\/2018\/10\/mateus-kids.jpg"},{"@type":"BreadcrumbList","@id":"https:\/\/www.blogsoestado.com\/danielmatos\/turminha-do-mateus-kids-comemora-o-dia-das-criancas\/#breadcrumb","itemListElement":[{"@type":"ListItem","position":1,"name":"In\u00edcio","item":"https:\/\/www.blogsoestado.com\/danielmatos\/"},{"@type":"ListItem","position":2,"name":"Turminha do \u201cMateus Kids\u201d comemora o Dia das Crian\u00e7as"}]},{"@type":"WebSite","@id":"https:\/\/www.blogsoestado.com\/danielmatos\/#website","url":"https:\/\/www.blogsoestado.com\/danielmatos\/","name":"Daniel Matos","description":"","potentialAction":[{"@type":"SearchAction","target":{"@type":"EntryPoint","urlTemplate":"https:\/\/www.blogsoestado.com\/danielmatos\/?s={search_term_string}"},"query-input":{"@type":"PropertyValueSpecification","valueRequired":true,"valueName":"search_term_string"}}],"inLanguage":"pt-BR"}]}},"jetpack_featured_media_url":"","_links":{"self":[{"href":"https:\/\/www.blogsoestado.com\/danielmatos\/wp-json\/wp\/v2\/posts\/56787","targetHints":{"allow":["GET"]}}],"collection":[{"href":"https:\/\/www.blogsoestado.com\/danielmatos\/wp-json\/wp\/v2\/posts"}],"about":[{"href":"https:\/\/www.blogsoestado.com\/danielmatos\/wp-json\/wp\/v2\/types\/post"}],"replies":[{"embeddable":true,"href":"https:\/\/www.blogsoestado.com\/danielmatos\/wp-json\/wp\/v2\/comments?post=56787"}],"version-history":[{"count":0,"href":"https:\/\/www.blogsoestado.com\/danielmatos\/wp-json\/wp\/v2\/posts\/56787\/revisions"}],"wp:attachment":[{"href":"https:\/\/www.blogsoestado.com\/danielmatos\/wp-json\/wp\/v2\/media?parent=56787"}],"wp:term":[{"taxonomy":"category","embeddable":true,"href":"https:\/\/www.blogsoestado.com\/danielmatos\/wp-json\/wp\/v2\/categories?post=56787"},{"taxonomy":"post_tag","embeddable":true,"href":"https:\/\/www.blogsoestado.com\/danielmatos\/wp-json\/wp\/v2\/tags?post=56787"}],"curies":[{"name":"wp","href":"https:\/\/api.w.org\/{rel}","templated":true}]}}