{"id":56808,"date":"2018-10-11T13:40:35","date_gmt":"2018-10-11T16:40:35","guid":{"rendered":"https:\/\/www.blogsoestado.com\/danielmatos\/?p=56808"},"modified":"2018-10-11T13:40:35","modified_gmt":"2018-10-11T16:40:35","slug":"cezar-bombeiro-promete-luta-para-manter-a-feira-do-livro-no-centro-historico","status":"publish","type":"post","link":"https:\/\/www.blogsoestado.com\/danielmatos\/cezar-bombeiro-promete-luta-para-manter-a-feira-do-livro-no-centro-historico\/","title":{"rendered":"C\u00e9zar Bombeiro promete luta para manter a Feira do Livro no Centro Hist\u00f3rico"},"content":{"rendered":"<figure id=\"attachment_56809\" aria-describedby=\"caption-attachment-56809\" style=\"width: 450px\" class=\"wp-caption alignright\"><a href=\"https:\/\/www.blogsoestado.com\/danielmatos\/?attachment_id=56809\" rel=\"attachment wp-att-56809\"><img fetchpriority=\"high\" decoding=\"async\" class=\"wp-image-56809\" src=\"https:\/\/www.blogsoestado.com\/danielmatos\/files\/2018\/10\/bombeiro-feira-do-livro.jpg\" alt=\"\" width=\"450\" height=\"299\" \/><\/a><figcaption id=\"caption-attachment-56809\" class=\"wp-caption-text\">Vereador C\u00e9zar Bombeiro promete intervir para que a Feira do Livro continue sendo realizada no Centro Hist\u00f3rico<\/figcaption><\/figure>\n<p>Ap\u00f3s tomar conhecimento e fazer uma an\u00e1lise do edital de chamada n\u00ba 03\/2018, divulgado pela Secretaria Municipal de Cultura, o vereador C\u00e9zar Bombeiro (PSD) afirmou que vai lutar e buscar o envolvimento da sociedade para a manter a realiza\u00e7\u00e3o da Feira do Livro na \u00e1rea do Centro Hist\u00f3rico de S\u00e3o Lu\u00eds, mais precisamente ocupando todo o espa\u00e7o da Praia Grande.<\/p>\n<p>Ocorre que segundo o comunicado municipal, a Feira do Livro est\u00e1 programada para acontecer no per\u00edodo de 16 a 25 de novembro no Multicenter Sebrae. &#8220;\u00e9 inconceb\u00edvel esta iniciativa, j\u00e1 que tradicionalmente a Feira do Livro vem sendo realizada anualmente na \u00e1rea do Centro Hist\u00f3rico, o que j\u00e1 faz parte do calend\u00e1rio cultural do munic\u00edpio, e dos segmentos liter\u00e1rios, bem como de toda a popula\u00e7\u00e3o ludovicense\u201d, acentua o parlamentar do PSD.<\/p>\n<p>Conv\u00e9m ressaltar, de acordo com o vereador, que a Feira do Livro foi criada por iniciativa do ent\u00e3o prefeito Tadeu Pal\u00e1cio, no segundo semestre de 2016, tendo como seu primeiro local de realiza\u00e7\u00e3o a Pra\u00e7a Maria Arag\u00e3o, passando pelo Convento das Merc\u00eas em 2014, e ultimamente tem se notabilizado na \u00e1rea da Praia Grande.<\/p>\n<p>\u201cA nossa luta para a realiza\u00e7\u00e3o da Feira do Livro na Praia Grande se d\u00e1 por motivos obviamente ligados a cultura maranhense, que gira basicamente em torno do centro da cidade. Aqui na Praia Grande dispomos de locais com uma grande identifica\u00e7\u00e3o cultural de nosso povo como a Pra\u00e7a Poeta Nauro Machado, a Pra\u00e7a Poeta e Pesquisador da cultura Popular valdelino C\u00e9cio, Teatro Jo\u00e3o do Vale, Centro de Criatividade Odylo Costa filho, Centro de Cultura Popular Professor Domingos Vieira Filho, e grandes valores culturais, que s\u00e3o a identifica\u00e7\u00e3o cultural de nosso povo\u201d, afirma C\u00e9zar Bombeiro.<\/p>\n<p>Ele justifica ainda que a Praia Grande \u00e9 um marco central da cultura ludovicense, com f\u00e1cil acesso a todos que s\u00e3o atra\u00eddos por este evento, sem contar com a facilidade da quest\u00e3o de mobilidade, tanto de pedestres quanto para quem usa o transporte coletivo e outros meios. \u201cN\u00e3o podemos deixar que seja cometido esse ato de viol\u00eancia contra a nossa cultura, e indago qual \u00e9 a identifica\u00e7\u00e3o cultural que o Multicenter Sebrae tem com os valores culturais liter\u00e1rios de nossa gente, al\u00e9m de ser um local de dif\u00edcil acesso para quem desejar participar da Feira do Livro\u201d, pontuou o parlamentar.<\/p>\n<p>C\u00e9zar Bombeiro promete que ir\u00e1 lutar bastante para manter a realiza\u00e7\u00e3o da Feira do Livro na \u00e1rea do Centro Hist\u00f3rico, tendo como foco principal a Praia Grande, \u201ce estou convidando toda a popula\u00e7\u00e3o para que possamos empreender uma luta com essa finalidade, fazendo uma mobiliza\u00e7\u00e3o de toda a classe art\u00edstica cultural, e todos para n\u00e3o deixar que seja cometido um ato desse de viol\u00eancia contra a nossa cultura\u201d, finalizou.<\/p>\n","protected":false},"excerpt":{"rendered":"<p>Ap\u00f3s tomar conhecimento e fazer uma an\u00e1lise do edital de chamada n\u00ba 03\/2018, divulgado pela Secretaria Municipal de Cultura, o [&hellip;]<\/p>\n","protected":false},"author":0,"featured_media":0,"comment_status":"open","ping_status":"open","sticky":false,"template":"","format":"standard","meta":{"site-sidebar-layout":"default","site-content-layout":"","ast-site-content-layout":"default","site-content-style":"default","site-sidebar-style":"default","ast-global-header-display":"","ast-banner-title-visibility":"","ast-main-header-display":"","ast-hfb-above-header-display":"","ast-hfb-below-header-display":"","ast-hfb-mobile-header-display":"","site-post-title":"","ast-breadcrumbs-content":"","ast-featured-img":"","footer-sml-layout":"","ast-disable-related-posts":"","theme-transparent-header-meta":"","adv-header-id-meta":"","stick-header-meta":"","header-above-stick-meta":"","header-main-stick-meta":"","header-below-stick-meta":"","astra-migrate-meta-layouts":"default","ast-page-background-enabled":"default","ast-page-background-meta":{"desktop":{"background-color":"var(--ast-global-color-5)","background-image":"","background-repeat":"repeat","background-position":"center center","background-size":"auto","background-attachment":"scroll","background-type":"","background-media":"","overlay-type":"","overlay-color":"","overlay-opacity":"","overlay-gradient":""},"tablet":{"background-color":"","background-image":"","background-repeat":"repeat","background-position":"center center","background-size":"auto","background-attachment":"scroll","background-type":"","background-media":"","overlay-type":"","overlay-color":"","overlay-opacity":"","overlay-gradient":""},"mobile":{"background-color":"","background-image":"","background-repeat":"repeat","background-position":"center center","background-size":"auto","background-attachment":"scroll","background-type":"","background-media":"","overlay-type":"","overlay-color":"","overlay-opacity":"","overlay-gradient":""}},"ast-content-background-meta":{"desktop":{"background-color":"var(--ast-global-color-4)","background-image":"","background-repeat":"repeat","background-position":"center center","background-size":"auto","background-attachment":"scroll","background-type":"","background-media":"","overlay-type":"","overlay-color":"","overlay-opacity":"","overlay-gradient":""},"tablet":{"background-color":"var(--ast-global-color-4)","background-image":"","background-repeat":"repeat","background-position":"center center","background-size":"auto","background-attachment":"scroll","background-type":"","background-media":"","overlay-type":"","overlay-color":"","overlay-opacity":"","overlay-gradient":""},"mobile":{"background-color":"var(--ast-global-color-4)","background-image":"","background-repeat":"repeat","background-position":"center center","background-size":"auto","background-attachment":"scroll","background-type":"","background-media":"","overlay-type":"","overlay-color":"","overlay-opacity":"","overlay-gradient":""}},"footnotes":""},"categories":[1],"tags":[],"class_list":["post-56808","post","type-post","status-publish","format-standard","hentry","category-sem-categoria"],"yoast_head":"<!-- This site is optimized with the Yoast SEO plugin v26.6 - https:\/\/yoast.com\/wordpress\/plugins\/seo\/ -->\n<title>C\u00e9zar Bombeiro promete luta para manter a Feira do Livro no Centro Hist\u00f3rico - Daniel Matos<\/title>\n<meta name=\"robots\" content=\"index, follow, max-snippet:-1, max-image-preview:large, max-video-preview:-1\" \/>\n<link rel=\"canonical\" href=\"https:\/\/www.blogsoestado.com\/danielmatos\/cezar-bombeiro-promete-luta-para-manter-a-feira-do-livro-no-centro-historico\/\" \/>\n<meta property=\"og:locale\" content=\"pt_BR\" \/>\n<meta property=\"og:type\" content=\"article\" \/>\n<meta property=\"og:title\" content=\"C\u00e9zar Bombeiro promete luta para manter a Feira do Livro no Centro Hist\u00f3rico - Daniel Matos\" \/>\n<meta property=\"og:description\" content=\"Ap\u00f3s tomar conhecimento e fazer uma an\u00e1lise do edital de chamada n\u00ba 03\/2018, divulgado pela Secretaria Municipal de Cultura, o [&hellip;]\" \/>\n<meta property=\"og:url\" content=\"https:\/\/www.blogsoestado.com\/danielmatos\/cezar-bombeiro-promete-luta-para-manter-a-feira-do-livro-no-centro-historico\/\" \/>\n<meta property=\"og:site_name\" content=\"Daniel Matos\" \/>\n<meta property=\"article:published_time\" content=\"2018-10-11T16:40:35+00:00\" \/>\n<meta property=\"og:image\" content=\"https:\/\/www.blogsoestado.com\/danielmatos\/files\/2018\/10\/bombeiro-feira-do-livro.jpg\" \/>\n<meta name=\"twitter:card\" content=\"summary_large_image\" \/>\n<meta name=\"twitter:label1\" content=\"Est. tempo de leitura\" \/>\n\t<meta name=\"twitter:data1\" content=\"3 minutos\" \/>\n<script type=\"application\/ld+json\" class=\"yoast-schema-graph\">{\"@context\":\"https:\/\/schema.org\",\"@graph\":[{\"@type\":\"WebPage\",\"@id\":\"https:\/\/www.blogsoestado.com\/danielmatos\/cezar-bombeiro-promete-luta-para-manter-a-feira-do-livro-no-centro-historico\/\",\"url\":\"https:\/\/www.blogsoestado.com\/danielmatos\/cezar-bombeiro-promete-luta-para-manter-a-feira-do-livro-no-centro-historico\/\",\"name\":\"C\u00e9zar Bombeiro promete luta para manter a Feira do Livro no Centro Hist\u00f3rico - Daniel Matos\",\"isPartOf\":{\"@id\":\"https:\/\/www.blogsoestado.com\/danielmatos\/#website\"},\"primaryImageOfPage\":{\"@id\":\"https:\/\/www.blogsoestado.com\/danielmatos\/cezar-bombeiro-promete-luta-para-manter-a-feira-do-livro-no-centro-historico\/#primaryimage\"},\"image\":{\"@id\":\"https:\/\/www.blogsoestado.com\/danielmatos\/cezar-bombeiro-promete-luta-para-manter-a-feira-do-livro-no-centro-historico\/#primaryimage\"},\"thumbnailUrl\":\"https:\/\/www.blogsoestado.com\/danielmatos\/files\/2018\/10\/bombeiro-feira-do-livro.jpg\",\"datePublished\":\"2018-10-11T16:40:35+00:00\",\"author\":{\"@id\":\"\"},\"breadcrumb\":{\"@id\":\"https:\/\/www.blogsoestado.com\/danielmatos\/cezar-bombeiro-promete-luta-para-manter-a-feira-do-livro-no-centro-historico\/#breadcrumb\"},\"inLanguage\":\"pt-BR\",\"potentialAction\":[{\"@type\":\"ReadAction\",\"target\":[\"https:\/\/www.blogsoestado.com\/danielmatos\/cezar-bombeiro-promete-luta-para-manter-a-feira-do-livro-no-centro-historico\/\"]}]},{\"@type\":\"ImageObject\",\"inLanguage\":\"pt-BR\",\"@id\":\"https:\/\/www.blogsoestado.com\/danielmatos\/cezar-bombeiro-promete-luta-para-manter-a-feira-do-livro-no-centro-historico\/#primaryimage\",\"url\":\"https:\/\/www.blogsoestado.com\/danielmatos\/files\/2018\/10\/bombeiro-feira-do-livro.jpg\",\"contentUrl\":\"https:\/\/www.blogsoestado.com\/danielmatos\/files\/2018\/10\/bombeiro-feira-do-livro.jpg\"},{\"@type\":\"BreadcrumbList\",\"@id\":\"https:\/\/www.blogsoestado.com\/danielmatos\/cezar-bombeiro-promete-luta-para-manter-a-feira-do-livro-no-centro-historico\/#breadcrumb\",\"itemListElement\":[{\"@type\":\"ListItem\",\"position\":1,\"name\":\"In\u00edcio\",\"item\":\"https:\/\/www.blogsoestado.com\/danielmatos\/\"},{\"@type\":\"ListItem\",\"position\":2,\"name\":\"C\u00e9zar Bombeiro promete luta para manter a Feira do Livro no Centro Hist\u00f3rico\"}]},{\"@type\":\"WebSite\",\"@id\":\"https:\/\/www.blogsoestado.com\/danielmatos\/#website\",\"url\":\"https:\/\/www.blogsoestado.com\/danielmatos\/\",\"name\":\"Daniel Matos\",\"description\":\"\",\"potentialAction\":[{\"@type\":\"SearchAction\",\"target\":{\"@type\":\"EntryPoint\",\"urlTemplate\":\"https:\/\/www.blogsoestado.com\/danielmatos\/?s={search_term_string}\"},\"query-input\":{\"@type\":\"PropertyValueSpecification\",\"valueRequired\":true,\"valueName\":\"search_term_string\"}}],\"inLanguage\":\"pt-BR\"}]}<\/script>\n<!-- \/ Yoast SEO plugin. -->","yoast_head_json":{"title":"C\u00e9zar Bombeiro promete luta para manter a Feira do Livro no Centro Hist\u00f3rico - Daniel Matos","robots":{"index":"index","follow":"follow","max-snippet":"max-snippet:-1","max-image-preview":"max-image-preview:large","max-video-preview":"max-video-preview:-1"},"canonical":"https:\/\/www.blogsoestado.com\/danielmatos\/cezar-bombeiro-promete-luta-para-manter-a-feira-do-livro-no-centro-historico\/","og_locale":"pt_BR","og_type":"article","og_title":"C\u00e9zar Bombeiro promete luta para manter a Feira do Livro no Centro Hist\u00f3rico - Daniel Matos","og_description":"Ap\u00f3s tomar conhecimento e fazer uma an\u00e1lise do edital de chamada n\u00ba 03\/2018, divulgado pela Secretaria Municipal de Cultura, o [&hellip;]","og_url":"https:\/\/www.blogsoestado.com\/danielmatos\/cezar-bombeiro-promete-luta-para-manter-a-feira-do-livro-no-centro-historico\/","og_site_name":"Daniel Matos","article_published_time":"2018-10-11T16:40:35+00:00","og_image":[{"url":"https:\/\/www.blogsoestado.com\/danielmatos\/files\/2018\/10\/bombeiro-feira-do-livro.jpg","type":"","width":"","height":""}],"twitter_card":"summary_large_image","twitter_misc":{"Est. tempo de leitura":"3 minutos"},"schema":{"@context":"https:\/\/schema.org","@graph":[{"@type":"WebPage","@id":"https:\/\/www.blogsoestado.com\/danielmatos\/cezar-bombeiro-promete-luta-para-manter-a-feira-do-livro-no-centro-historico\/","url":"https:\/\/www.blogsoestado.com\/danielmatos\/cezar-bombeiro-promete-luta-para-manter-a-feira-do-livro-no-centro-historico\/","name":"C\u00e9zar Bombeiro promete luta para manter a Feira do Livro no Centro Hist\u00f3rico - Daniel Matos","isPartOf":{"@id":"https:\/\/www.blogsoestado.com\/danielmatos\/#website"},"primaryImageOfPage":{"@id":"https:\/\/www.blogsoestado.com\/danielmatos\/cezar-bombeiro-promete-luta-para-manter-a-feira-do-livro-no-centro-historico\/#primaryimage"},"image":{"@id":"https:\/\/www.blogsoestado.com\/danielmatos\/cezar-bombeiro-promete-luta-para-manter-a-feira-do-livro-no-centro-historico\/#primaryimage"},"thumbnailUrl":"https:\/\/www.blogsoestado.com\/danielmatos\/files\/2018\/10\/bombeiro-feira-do-livro.jpg","datePublished":"2018-10-11T16:40:35+00:00","author":{"@id":""},"breadcrumb":{"@id":"https:\/\/www.blogsoestado.com\/danielmatos\/cezar-bombeiro-promete-luta-para-manter-a-feira-do-livro-no-centro-historico\/#breadcrumb"},"inLanguage":"pt-BR","potentialAction":[{"@type":"ReadAction","target":["https:\/\/www.blogsoestado.com\/danielmatos\/cezar-bombeiro-promete-luta-para-manter-a-feira-do-livro-no-centro-historico\/"]}]},{"@type":"ImageObject","inLanguage":"pt-BR","@id":"https:\/\/www.blogsoestado.com\/danielmatos\/cezar-bombeiro-promete-luta-para-manter-a-feira-do-livro-no-centro-historico\/#primaryimage","url":"https:\/\/www.blogsoestado.com\/danielmatos\/files\/2018\/10\/bombeiro-feira-do-livro.jpg","contentUrl":"https:\/\/www.blogsoestado.com\/danielmatos\/files\/2018\/10\/bombeiro-feira-do-livro.jpg"},{"@type":"BreadcrumbList","@id":"https:\/\/www.blogsoestado.com\/danielmatos\/cezar-bombeiro-promete-luta-para-manter-a-feira-do-livro-no-centro-historico\/#breadcrumb","itemListElement":[{"@type":"ListItem","position":1,"name":"In\u00edcio","item":"https:\/\/www.blogsoestado.com\/danielmatos\/"},{"@type":"ListItem","position":2,"name":"C\u00e9zar Bombeiro promete luta para manter a Feira do Livro no Centro Hist\u00f3rico"}]},{"@type":"WebSite","@id":"https:\/\/www.blogsoestado.com\/danielmatos\/#website","url":"https:\/\/www.blogsoestado.com\/danielmatos\/","name":"Daniel Matos","description":"","potentialAction":[{"@type":"SearchAction","target":{"@type":"EntryPoint","urlTemplate":"https:\/\/www.blogsoestado.com\/danielmatos\/?s={search_term_string}"},"query-input":{"@type":"PropertyValueSpecification","valueRequired":true,"valueName":"search_term_string"}}],"inLanguage":"pt-BR"}]}},"jetpack_featured_media_url":"","_links":{"self":[{"href":"https:\/\/www.blogsoestado.com\/danielmatos\/wp-json\/wp\/v2\/posts\/56808","targetHints":{"allow":["GET"]}}],"collection":[{"href":"https:\/\/www.blogsoestado.com\/danielmatos\/wp-json\/wp\/v2\/posts"}],"about":[{"href":"https:\/\/www.blogsoestado.com\/danielmatos\/wp-json\/wp\/v2\/types\/post"}],"replies":[{"embeddable":true,"href":"https:\/\/www.blogsoestado.com\/danielmatos\/wp-json\/wp\/v2\/comments?post=56808"}],"version-history":[{"count":0,"href":"https:\/\/www.blogsoestado.com\/danielmatos\/wp-json\/wp\/v2\/posts\/56808\/revisions"}],"wp:attachment":[{"href":"https:\/\/www.blogsoestado.com\/danielmatos\/wp-json\/wp\/v2\/media?parent=56808"}],"wp:term":[{"taxonomy":"category","embeddable":true,"href":"https:\/\/www.blogsoestado.com\/danielmatos\/wp-json\/wp\/v2\/categories?post=56808"},{"taxonomy":"post_tag","embeddable":true,"href":"https:\/\/www.blogsoestado.com\/danielmatos\/wp-json\/wp\/v2\/tags?post=56808"}],"curies":[{"name":"wp","href":"https:\/\/api.w.org\/{rel}","templated":true}]}}