{"id":56816,"date":"2018-10-11T14:56:37","date_gmt":"2018-10-11T17:56:37","guid":{"rendered":"https:\/\/www.blogsoestado.com\/danielmatos\/?p=56816"},"modified":"2018-10-11T14:56:37","modified_gmt":"2018-10-11T17:56:37","slug":"adriano-sarney-declara-apoio-a-bolsonaro","status":"publish","type":"post","link":"https:\/\/www.blogsoestado.com\/danielmatos\/adriano-sarney-declara-apoio-a-bolsonaro\/","title":{"rendered":"Adriano Sarney declara apoio a Bolsonaro"},"content":{"rendered":"<figure id=\"attachment_54318\" aria-describedby=\"caption-attachment-54318\" style=\"width: 450px\" class=\"wp-caption alignright\"><a href=\"https:\/\/www.blogsoestado.com\/danielmatos\/2018\/08\/14\/adriano-sarney-reafirma-que-flavio-dino-e-inelegivel-e-denuncia-avalanche-de-fake-process\/adriano-reafirma\/\" rel=\"attachment wp-att-54318\"><img fetchpriority=\"high\" decoding=\"async\" class=\"wp-image-54318\" src=\"https:\/\/www.blogsoestado.com\/danielmatos\/files\/2018\/08\/adriano-reafirma.jpg\" alt=\"\" width=\"450\" height=\"300\" \/><\/a><figcaption id=\"caption-attachment-54318\" class=\"wp-caption-text\">Adriano declarou apoio a Bolsonaro para barrar avan\u00e7o do comunismo no Brasil<\/figcaption><\/figure>\n<p>O deputado estadual Adriano Sarney (PV) declarou, nesta quinta-feira (11), na Assembleia Legislativa, que apoia a candidatura de Jair Bolsonaro (PSL) \u00e0 Presid\u00eancia da Rep\u00fablica e sua jornada de combate ao avan\u00e7o do comunismo no pa\u00eds, um esfor\u00e7o que se sintoniza com a atividade parlamentar de Adriano, em que chega ao segundo mandato enfrentando o crescimento do PCdoB no Maranh\u00e3o. O deputado tamb\u00e9m agradeceu aos 50.679 eleitores que acreditaram no seu trabalho e lhe deram a maior vota\u00e7\u00e3o dos candidatos da oposi\u00e7\u00e3o no Estado.<\/p>\n<p>\u201cAgrade\u00e7o a todos que votaram em mim pela confian\u00e7a em meu trabalho e isso me traz um senso de responsabilidade muito grande. Por isso tenho a obriga\u00e7\u00e3o de optar por um lado na disputa \u00e0 Presid\u00eancia da Rep\u00fablica e este lado \u00e9 contra o PCdoB, contra o comunismo, apoiando o Movimento Apartid\u00e1rio Pr\u00f3-Bolsonaro\u201d, declarou Adriano.<\/p>\n<p>Segundo o deputado, tamb\u00e9m pesou em sua decis\u00e3o o fato de que a chapa apoiada pelo governador Fl\u00e1vio Dino (PCdoB) \u00e0 Presid\u00eancia tem como candidata a vice-presidente uma representante do seu partido. \u201cNo mais, apoio a proposta do Bolsonaro de acrescentar uma 13\u00aa parcela aos benefici\u00e1rios do Bolsa Fam\u00edlia, fortalecer a Seguran\u00e7a P\u00fablica; oferecer um ensino de qualidade para as nossas crian\u00e7as, enfim, a proposta de unir o Brasil novamente\u201d, ressaltou.<\/p>\n<p><strong>Assista:<\/strong><\/p>\n<div class=\"ast-oembed-container \" style=\"height: 100%;\"><iframe title=\"Discurso do deputado Adriano Sarney 11 10 2018\" width=\"500\" height=\"281\" src=\"https:\/\/www.youtube.com\/embed\/V6L_J7SvRAc?feature=oembed\" frameborder=\"0\" allow=\"accelerometer; autoplay; clipboard-write; encrypted-media; gyroscope; picture-in-picture; web-share\" referrerpolicy=\"strict-origin-when-cross-origin\" allowfullscreen><\/iframe><\/div>\n","protected":false},"excerpt":{"rendered":"<p>O deputado estadual Adriano Sarney (PV) declarou, nesta quinta-feira (11), na Assembleia Legislativa, que apoia a candidatura de Jair Bolsonaro [&hellip;]<\/p>\n","protected":false},"author":0,"featured_media":0,"comment_status":"open","ping_status":"open","sticky":false,"template":"","format":"standard","meta":{"site-sidebar-layout":"default","site-content-layout":"","ast-site-content-layout":"default","site-content-style":"default","site-sidebar-style":"default","ast-global-header-display":"","ast-banner-title-visibility":"","ast-main-header-display":"","ast-hfb-above-header-display":"","ast-hfb-below-header-display":"","ast-hfb-mobile-header-display":"","site-post-title":"","ast-breadcrumbs-content":"","ast-featured-img":"","footer-sml-layout":"","ast-disable-related-posts":"","theme-transparent-header-meta":"","adv-header-id-meta":"","stick-header-meta":"","header-above-stick-meta":"","header-main-stick-meta":"","header-below-stick-meta":"","astra-migrate-meta-layouts":"default","ast-page-background-enabled":"default","ast-page-background-meta":{"desktop":{"background-color":"var(--ast-global-color-5)","background-image":"","background-repeat":"repeat","background-position":"center center","background-size":"auto","background-attachment":"scroll","background-type":"","background-media":"","overlay-type":"","overlay-color":"","overlay-opacity":"","overlay-gradient":""},"tablet":{"background-color":"","background-image":"","background-repeat":"repeat","background-position":"center center","background-size":"auto","background-attachment":"scroll","background-type":"","background-media":"","overlay-type":"","overlay-color":"","overlay-opacity":"","overlay-gradient":""},"mobile":{"background-color":"","background-image":"","background-repeat":"repeat","background-position":"center center","background-size":"auto","background-attachment":"scroll","background-type":"","background-media":"","overlay-type":"","overlay-color":"","overlay-opacity":"","overlay-gradient":""}},"ast-content-background-meta":{"desktop":{"background-color":"var(--ast-global-color-4)","background-image":"","background-repeat":"repeat","background-position":"center center","background-size":"auto","background-attachment":"scroll","background-type":"","background-media":"","overlay-type":"","overlay-color":"","overlay-opacity":"","overlay-gradient":""},"tablet":{"background-color":"var(--ast-global-color-4)","background-image":"","background-repeat":"repeat","background-position":"center center","background-size":"auto","background-attachment":"scroll","background-type":"","background-media":"","overlay-type":"","overlay-color":"","overlay-opacity":"","overlay-gradient":""},"mobile":{"background-color":"var(--ast-global-color-4)","background-image":"","background-repeat":"repeat","background-position":"center center","background-size":"auto","background-attachment":"scroll","background-type":"","background-media":"","overlay-type":"","overlay-color":"","overlay-opacity":"","overlay-gradient":""}},"footnotes":""},"categories":[1],"tags":[],"class_list":["post-56816","post","type-post","status-publish","format-standard","hentry","category-sem-categoria"],"yoast_head":"<!-- This site is optimized with the Yoast SEO plugin v26.6 - https:\/\/yoast.com\/wordpress\/plugins\/seo\/ -->\n<title>Adriano Sarney declara apoio a Bolsonaro - Daniel Matos<\/title>\n<meta name=\"robots\" content=\"index, follow, max-snippet:-1, max-image-preview:large, max-video-preview:-1\" \/>\n<link rel=\"canonical\" href=\"https:\/\/www.blogsoestado.com\/danielmatos\/adriano-sarney-declara-apoio-a-bolsonaro\/\" \/>\n<meta property=\"og:locale\" content=\"pt_BR\" \/>\n<meta property=\"og:type\" content=\"article\" \/>\n<meta property=\"og:title\" content=\"Adriano Sarney declara apoio a Bolsonaro - Daniel Matos\" \/>\n<meta property=\"og:description\" content=\"O deputado estadual Adriano Sarney (PV) declarou, nesta quinta-feira (11), na Assembleia Legislativa, que apoia a candidatura de Jair Bolsonaro [&hellip;]\" \/>\n<meta property=\"og:url\" content=\"https:\/\/www.blogsoestado.com\/danielmatos\/adriano-sarney-declara-apoio-a-bolsonaro\/\" \/>\n<meta property=\"og:site_name\" content=\"Daniel Matos\" \/>\n<meta property=\"article:published_time\" content=\"2018-10-11T17:56:37+00:00\" \/>\n<meta property=\"og:image\" content=\"https:\/\/www.blogsoestado.com\/danielmatos\/files\/2018\/08\/adriano-reafirma.jpg\" \/>\n<meta name=\"twitter:card\" content=\"summary_large_image\" \/>\n<meta name=\"twitter:label1\" content=\"Est. tempo de leitura\" \/>\n\t<meta name=\"twitter:data1\" content=\"1 minuto\" \/>\n<script type=\"application\/ld+json\" class=\"yoast-schema-graph\">{\"@context\":\"https:\/\/schema.org\",\"@graph\":[{\"@type\":\"WebPage\",\"@id\":\"https:\/\/www.blogsoestado.com\/danielmatos\/adriano-sarney-declara-apoio-a-bolsonaro\/\",\"url\":\"https:\/\/www.blogsoestado.com\/danielmatos\/adriano-sarney-declara-apoio-a-bolsonaro\/\",\"name\":\"Adriano Sarney declara apoio a Bolsonaro - Daniel Matos\",\"isPartOf\":{\"@id\":\"https:\/\/www.blogsoestado.com\/danielmatos\/#website\"},\"primaryImageOfPage\":{\"@id\":\"https:\/\/www.blogsoestado.com\/danielmatos\/adriano-sarney-declara-apoio-a-bolsonaro\/#primaryimage\"},\"image\":{\"@id\":\"https:\/\/www.blogsoestado.com\/danielmatos\/adriano-sarney-declara-apoio-a-bolsonaro\/#primaryimage\"},\"thumbnailUrl\":\"https:\/\/www.blogsoestado.com\/danielmatos\/files\/2018\/08\/adriano-reafirma.jpg\",\"datePublished\":\"2018-10-11T17:56:37+00:00\",\"author\":{\"@id\":\"\"},\"breadcrumb\":{\"@id\":\"https:\/\/www.blogsoestado.com\/danielmatos\/adriano-sarney-declara-apoio-a-bolsonaro\/#breadcrumb\"},\"inLanguage\":\"pt-BR\",\"potentialAction\":[{\"@type\":\"ReadAction\",\"target\":[\"https:\/\/www.blogsoestado.com\/danielmatos\/adriano-sarney-declara-apoio-a-bolsonaro\/\"]}]},{\"@type\":\"ImageObject\",\"inLanguage\":\"pt-BR\",\"@id\":\"https:\/\/www.blogsoestado.com\/danielmatos\/adriano-sarney-declara-apoio-a-bolsonaro\/#primaryimage\",\"url\":\"https:\/\/www.blogsoestado.com\/danielmatos\/files\/2018\/08\/adriano-reafirma.jpg\",\"contentUrl\":\"https:\/\/www.blogsoestado.com\/danielmatos\/files\/2018\/08\/adriano-reafirma.jpg\"},{\"@type\":\"BreadcrumbList\",\"@id\":\"https:\/\/www.blogsoestado.com\/danielmatos\/adriano-sarney-declara-apoio-a-bolsonaro\/#breadcrumb\",\"itemListElement\":[{\"@type\":\"ListItem\",\"position\":1,\"name\":\"In\u00edcio\",\"item\":\"https:\/\/www.blogsoestado.com\/danielmatos\/\"},{\"@type\":\"ListItem\",\"position\":2,\"name\":\"Adriano Sarney declara apoio a Bolsonaro\"}]},{\"@type\":\"WebSite\",\"@id\":\"https:\/\/www.blogsoestado.com\/danielmatos\/#website\",\"url\":\"https:\/\/www.blogsoestado.com\/danielmatos\/\",\"name\":\"Daniel Matos\",\"description\":\"\",\"potentialAction\":[{\"@type\":\"SearchAction\",\"target\":{\"@type\":\"EntryPoint\",\"urlTemplate\":\"https:\/\/www.blogsoestado.com\/danielmatos\/?s={search_term_string}\"},\"query-input\":{\"@type\":\"PropertyValueSpecification\",\"valueRequired\":true,\"valueName\":\"search_term_string\"}}],\"inLanguage\":\"pt-BR\"}]}<\/script>\n<!-- \/ Yoast SEO plugin. -->","yoast_head_json":{"title":"Adriano Sarney declara apoio a Bolsonaro - Daniel Matos","robots":{"index":"index","follow":"follow","max-snippet":"max-snippet:-1","max-image-preview":"max-image-preview:large","max-video-preview":"max-video-preview:-1"},"canonical":"https:\/\/www.blogsoestado.com\/danielmatos\/adriano-sarney-declara-apoio-a-bolsonaro\/","og_locale":"pt_BR","og_type":"article","og_title":"Adriano Sarney declara apoio a Bolsonaro - Daniel Matos","og_description":"O deputado estadual Adriano Sarney (PV) declarou, nesta quinta-feira (11), na Assembleia Legislativa, que apoia a candidatura de Jair Bolsonaro [&hellip;]","og_url":"https:\/\/www.blogsoestado.com\/danielmatos\/adriano-sarney-declara-apoio-a-bolsonaro\/","og_site_name":"Daniel Matos","article_published_time":"2018-10-11T17:56:37+00:00","og_image":[{"url":"https:\/\/www.blogsoestado.com\/danielmatos\/files\/2018\/08\/adriano-reafirma.jpg","type":"","width":"","height":""}],"twitter_card":"summary_large_image","twitter_misc":{"Est. tempo de leitura":"1 minuto"},"schema":{"@context":"https:\/\/schema.org","@graph":[{"@type":"WebPage","@id":"https:\/\/www.blogsoestado.com\/danielmatos\/adriano-sarney-declara-apoio-a-bolsonaro\/","url":"https:\/\/www.blogsoestado.com\/danielmatos\/adriano-sarney-declara-apoio-a-bolsonaro\/","name":"Adriano Sarney declara apoio a Bolsonaro - Daniel Matos","isPartOf":{"@id":"https:\/\/www.blogsoestado.com\/danielmatos\/#website"},"primaryImageOfPage":{"@id":"https:\/\/www.blogsoestado.com\/danielmatos\/adriano-sarney-declara-apoio-a-bolsonaro\/#primaryimage"},"image":{"@id":"https:\/\/www.blogsoestado.com\/danielmatos\/adriano-sarney-declara-apoio-a-bolsonaro\/#primaryimage"},"thumbnailUrl":"https:\/\/www.blogsoestado.com\/danielmatos\/files\/2018\/08\/adriano-reafirma.jpg","datePublished":"2018-10-11T17:56:37+00:00","author":{"@id":""},"breadcrumb":{"@id":"https:\/\/www.blogsoestado.com\/danielmatos\/adriano-sarney-declara-apoio-a-bolsonaro\/#breadcrumb"},"inLanguage":"pt-BR","potentialAction":[{"@type":"ReadAction","target":["https:\/\/www.blogsoestado.com\/danielmatos\/adriano-sarney-declara-apoio-a-bolsonaro\/"]}]},{"@type":"ImageObject","inLanguage":"pt-BR","@id":"https:\/\/www.blogsoestado.com\/danielmatos\/adriano-sarney-declara-apoio-a-bolsonaro\/#primaryimage","url":"https:\/\/www.blogsoestado.com\/danielmatos\/files\/2018\/08\/adriano-reafirma.jpg","contentUrl":"https:\/\/www.blogsoestado.com\/danielmatos\/files\/2018\/08\/adriano-reafirma.jpg"},{"@type":"BreadcrumbList","@id":"https:\/\/www.blogsoestado.com\/danielmatos\/adriano-sarney-declara-apoio-a-bolsonaro\/#breadcrumb","itemListElement":[{"@type":"ListItem","position":1,"name":"In\u00edcio","item":"https:\/\/www.blogsoestado.com\/danielmatos\/"},{"@type":"ListItem","position":2,"name":"Adriano Sarney declara apoio a Bolsonaro"}]},{"@type":"WebSite","@id":"https:\/\/www.blogsoestado.com\/danielmatos\/#website","url":"https:\/\/www.blogsoestado.com\/danielmatos\/","name":"Daniel Matos","description":"","potentialAction":[{"@type":"SearchAction","target":{"@type":"EntryPoint","urlTemplate":"https:\/\/www.blogsoestado.com\/danielmatos\/?s={search_term_string}"},"query-input":{"@type":"PropertyValueSpecification","valueRequired":true,"valueName":"search_term_string"}}],"inLanguage":"pt-BR"}]}},"jetpack_featured_media_url":"","_links":{"self":[{"href":"https:\/\/www.blogsoestado.com\/danielmatos\/wp-json\/wp\/v2\/posts\/56816","targetHints":{"allow":["GET"]}}],"collection":[{"href":"https:\/\/www.blogsoestado.com\/danielmatos\/wp-json\/wp\/v2\/posts"}],"about":[{"href":"https:\/\/www.blogsoestado.com\/danielmatos\/wp-json\/wp\/v2\/types\/post"}],"replies":[{"embeddable":true,"href":"https:\/\/www.blogsoestado.com\/danielmatos\/wp-json\/wp\/v2\/comments?post=56816"}],"version-history":[{"count":0,"href":"https:\/\/www.blogsoestado.com\/danielmatos\/wp-json\/wp\/v2\/posts\/56816\/revisions"}],"wp:attachment":[{"href":"https:\/\/www.blogsoestado.com\/danielmatos\/wp-json\/wp\/v2\/media?parent=56816"}],"wp:term":[{"taxonomy":"category","embeddable":true,"href":"https:\/\/www.blogsoestado.com\/danielmatos\/wp-json\/wp\/v2\/categories?post=56816"},{"taxonomy":"post_tag","embeddable":true,"href":"https:\/\/www.blogsoestado.com\/danielmatos\/wp-json\/wp\/v2\/tags?post=56816"}],"curies":[{"name":"wp","href":"https:\/\/api.w.org\/{rel}","templated":true}]}}