{"id":56818,"date":"2018-10-11T16:34:31","date_gmt":"2018-10-11T19:34:31","guid":{"rendered":"https:\/\/www.blogsoestado.com\/danielmatos\/?p=56818"},"modified":"2018-10-11T16:34:31","modified_gmt":"2018-10-11T19:34:31","slug":"balsas-abandonadas-pela-vale-no-rio-mearim-causam-dano-ambiental-e-ameacam-pescadores-e-ribeirinhos","status":"publish","type":"post","link":"https:\/\/www.blogsoestado.com\/danielmatos\/balsas-abandonadas-pela-vale-no-rio-mearim-causam-dano-ambiental-e-ameacam-pescadores-e-ribeirinhos\/","title":{"rendered":"Balsas abandonadas pela Vale no Rio Mearim causam dano ambiental e amea\u00e7am pescadores e ribeirinhos"},"content":{"rendered":"<h2><span style=\"color: #ff0000;\">Embarca\u00e7\u00f5es fora deixadas para tr\u00e1s pela mineradora ap\u00f3s conclus\u00e3o de obras da Estrada de Ferro Caraj\u00e1s na Regi\u00e3o<\/span><\/h2>\n<figure id=\"attachment_56822\" aria-describedby=\"caption-attachment-56822\" style=\"width: 650px\" class=\"wp-caption aligncenter\"><a href=\"https:\/\/www.blogsoestado.com\/danielmatos\/2018\/10\/11\/balsas-abandonadas-pela-vale-no-rio-mearim-causam-dano-ambiental-e-ameacam-vidas-de-pescadores-e-ribeirinhos\/balsa-encalhada\/\" rel=\"attachment wp-att-56822\"><img fetchpriority=\"high\" decoding=\"async\" class=\"wp-image-56822\" src=\"https:\/\/www.blogsoestado.com\/danielmatos\/files\/2018\/10\/balsa-encalhada.jpg\" alt=\"\" width=\"650\" height=\"366\" \/><\/a><figcaption id=\"caption-attachment-56822\" class=\"wp-caption-text\">Balsa abandonada pela Vale causa dano ambiental e preju\u00edzos financeiros a pescadores do Rio Mearim e ribeirinhos<\/figcaption><\/figure>\n<p>Duas balsas abandonadas pela Vale, no Rio Mearim, ap\u00f3s as obras de duplica\u00e7\u00e3o da Ferrovia Caraj\u00e1s, em Arari, v\u00eam causando s\u00e9rios danos ambientais na regi\u00e3o e preju\u00edzos financeiros a pescadores e fam\u00edlias ribeirinhas. A popula\u00e7\u00e3o apela \u00e0s autoridades para que removam as embarca\u00e7\u00f5es do curso d&#8217;\u00e1gua, a fim de evitar uma trag\u00e9dia.<\/p>\n<p>As balsas foram abandonadas pela Vale no povoado Arraial ap\u00f3s o t\u00e9rmino das obras na estrada de ferro. A cidade de Arari est\u00e1 toda mobilizada diante da amea\u00e7a de um desastre ecol\u00f3gico, j\u00e1 que as embarca\u00e7\u00f5es est\u00e3o provocando grave problemas \u00e0s margens do Rio Mearim.<\/p>\n<p>Os mais amea\u00e7ados s\u00e3o os propriet\u00e1rios de embarca\u00e7\u00f5es do povoado Arraial, em Arari, que temem pelo seu patrim\u00f4nio e por suas vidas, pois as balsas, depois que se desprenderam dos pontos onde estavam paradas, passaram a se deslocar rio abaixo, causando estragos por onde passam.\u00a0Por causa do comprimento, de cerca de 80 metros, e da largura das balsas, os donos de barcos, a maioria pescadores, n\u00e3o t\u00eam como segur\u00e1-las, o que aumenta o perigo\u00a0de colis\u00f5es.<\/p>\n<figure id=\"attachment_56823\" aria-describedby=\"caption-attachment-56823\" style=\"width: 650px\" class=\"wp-caption aligncenter\"><a href=\"https:\/\/www.blogsoestado.com\/danielmatos\/2018\/10\/11\/balsas-abandonadas-pela-vale-no-rio-mearim-causam-dano-ambiental-e-ameacam-vidas-de-pescadores-e-ribeirinhos\/balsa-encalhada2\/\" rel=\"attachment wp-att-56823\"><img decoding=\"async\" class=\"wp-image-56823\" src=\"https:\/\/www.blogsoestado.com\/danielmatos\/files\/2018\/10\/balsa-encalhada2.jpg\" alt=\"\" width=\"650\" height=\"366\" \/><\/a><figcaption id=\"caption-attachment-56823\" class=\"wp-caption-text\">Balsa abandonada t\u00eam di\u00e2metro e largura gigantescos, o que dificulta remo\u00e7\u00e3o<\/figcaption><\/figure>\n<p>A Secretaria de Meio Ambiente de Arari j\u00e1 tentou, por v\u00e1rias vezes, fazer com que a Vale tome provid\u00eancias em rela\u00e7\u00e3o ao abandono das balsas em pleno rio, mas a empresa jamais se manifestou sobre o assunto, demonstrando total desinteresse em solucionar o problema.<\/p>\n<p><strong>Alerta<\/strong><\/p>\n<p>Populares alertam que a situa\u00e7\u00e3o s\u00f3 se agrava a cada dia, pois, h\u00e1 dois dias, uma dessas balsas encalhou na entrada do Igarap\u00e9 do Nema, de grande import\u00e2ncia para o munic\u00edpio. O curso d&#8217;\u00e1gua foi comprometido pela referida balsa, pois a \u00e1gua que entra e sai, em um processo natural, agora est\u00e1 com seu volume acima do normal, o que representa risco\u00a0de mortandade para os peixes que se reproduzem nesse trecho do rio. No referido ponto, j\u00e1 \u00e9 poss\u00edvel ver o avan\u00e7o do mururu, planta t\u00edpica da regi\u00e3o, diminuindo o espa\u00e7o para respira\u00e7\u00e3o dos cardumes.<\/p>\n<figure id=\"attachment_56824\" aria-describedby=\"caption-attachment-56824\" style=\"width: 650px\" class=\"wp-caption aligncenter\"><a href=\"https:\/\/www.blogsoestado.com\/danielmatos\/2018\/10\/11\/balsas-abandonadas-pela-vale-no-rio-mearim-causam-dano-ambiental-e-ameacam-vidas-de-pescadores-e-ribeirinhos\/balsa-encalhada3\/\" rel=\"attachment wp-att-56824\"><img decoding=\"async\" class=\"wp-image-56824\" src=\"https:\/\/www.blogsoestado.com\/danielmatos\/files\/2018\/10\/balsa-encalhada3.jpg\" alt=\"\" width=\"650\" height=\"366\" \/><\/a><figcaption id=\"caption-attachment-56824\" class=\"wp-caption-text\">Presen\u00e7a de balsa favorece crescimento descontrolado de mururu, planta t\u00edpica da regi\u00e3o, que representa risco de mortandade de peixes<\/figcaption><\/figure>\n<p>Pescadores, representantes da Secretaria de Meio Ambiente local e populares mobilizam-se para tentar diminuir o impacto que as balsas est\u00e3o causando ao Rio Mearim. &#8220;Pedimos encarecidamente que os meios de comunica\u00e7\u00e3o locais nos deem apoio para solucionar este problema&#8221;, apelou um morador de Arari, que preferiu n\u00e3o se identificar por receio de repres\u00e1lia.<\/p>\n<p><strong>Em tempo<\/strong><\/p>\n<p>Uma opera\u00e7\u00e3o foi realizada, no in\u00edcio da tarde de hoje, na tentativa de remover a balsa batizada de Manaus WPL-81, que est\u00e1 obstruindo o Igarap\u00e9 do Nema. At\u00e9 uma retroescavadeira foi usada com a finalidade de retirar a embarca\u00e7\u00e3o e desobstruir o curso d&#8217;\u00e1gua, mas n\u00e3o houve \u00eaxito.<\/p>\n<p><strong>Assista ao v\u00eddeo da opera\u00e7\u00e3o frustrada de remo\u00e7\u00e3o de uma das balsas abandonadas:<\/strong><\/p>\n<div class=\"ast-oembed-container \" style=\"height: 100%;\"><iframe title=\"Balsa abandonada no Rio Mearim\" width=\"500\" height=\"281\" src=\"https:\/\/www.youtube.com\/embed\/PISpNiKToGw?feature=oembed\" frameborder=\"0\" allow=\"accelerometer; autoplay; clipboard-write; encrypted-media; gyroscope; picture-in-picture; web-share\" referrerpolicy=\"strict-origin-when-cross-origin\" allowfullscreen><\/iframe><\/div>\n","protected":false},"excerpt":{"rendered":"<p>Embarca\u00e7\u00f5es fora deixadas para tr\u00e1s pela mineradora ap\u00f3s conclus\u00e3o de obras da Estrada de Ferro Caraj\u00e1s na Regi\u00e3o Duas balsas [&hellip;]<\/p>\n","protected":false},"author":0,"featured_media":0,"comment_status":"open","ping_status":"open","sticky":false,"template":"","format":"standard","meta":{"site-sidebar-layout":"default","site-content-layout":"","ast-site-content-layout":"default","site-content-style":"default","site-sidebar-style":"default","ast-global-header-display":"","ast-banner-title-visibility":"","ast-main-header-display":"","ast-hfb-above-header-display":"","ast-hfb-below-header-display":"","ast-hfb-mobile-header-display":"","site-post-title":"","ast-breadcrumbs-content":"","ast-featured-img":"","footer-sml-layout":"","ast-disable-related-posts":"","theme-transparent-header-meta":"","adv-header-id-meta":"","stick-header-meta":"","header-above-stick-meta":"","header-main-stick-meta":"","header-below-stick-meta":"","astra-migrate-meta-layouts":"default","ast-page-background-enabled":"default","ast-page-background-meta":{"desktop":{"background-color":"var(--ast-global-color-5)","background-image":"","background-repeat":"repeat","background-position":"center center","background-size":"auto","background-attachment":"scroll","background-type":"","background-media":"","overlay-type":"","overlay-color":"","overlay-opacity":"","overlay-gradient":""},"tablet":{"background-color":"","background-image":"","background-repeat":"repeat","background-position":"center center","background-size":"auto","background-attachment":"scroll","background-type":"","background-media":"","overlay-type":"","overlay-color":"","overlay-opacity":"","overlay-gradient":""},"mobile":{"background-color":"","background-image":"","background-repeat":"repeat","background-position":"center center","background-size":"auto","background-attachment":"scroll","background-type":"","background-media":"","overlay-type":"","overlay-color":"","overlay-opacity":"","overlay-gradient":""}},"ast-content-background-meta":{"desktop":{"background-color":"var(--ast-global-color-4)","background-image":"","background-repeat":"repeat","background-position":"center center","background-size":"auto","background-attachment":"scroll","background-type":"","background-media":"","overlay-type":"","overlay-color":"","overlay-opacity":"","overlay-gradient":""},"tablet":{"background-color":"var(--ast-global-color-4)","background-image":"","background-repeat":"repeat","background-position":"center center","background-size":"auto","background-attachment":"scroll","background-type":"","background-media":"","overlay-type":"","overlay-color":"","overlay-opacity":"","overlay-gradient":""},"mobile":{"background-color":"var(--ast-global-color-4)","background-image":"","background-repeat":"repeat","background-position":"center center","background-size":"auto","background-attachment":"scroll","background-type":"","background-media":"","overlay-type":"","overlay-color":"","overlay-opacity":"","overlay-gradient":""}},"footnotes":""},"categories":[1],"tags":[],"class_list":["post-56818","post","type-post","status-publish","format-standard","hentry","category-sem-categoria"],"yoast_head":"<!-- This site is optimized with the Yoast SEO plugin v26.6 - https:\/\/yoast.com\/wordpress\/plugins\/seo\/ -->\n<title>Balsas abandonadas pela Vale no Rio Mearim causam dano ambiental e amea\u00e7am pescadores e ribeirinhos - Daniel Matos<\/title>\n<meta name=\"robots\" content=\"index, follow, max-snippet:-1, max-image-preview:large, max-video-preview:-1\" \/>\n<link rel=\"canonical\" href=\"https:\/\/www.blogsoestado.com\/danielmatos\/balsas-abandonadas-pela-vale-no-rio-mearim-causam-dano-ambiental-e-ameacam-pescadores-e-ribeirinhos\/\" \/>\n<meta property=\"og:locale\" content=\"pt_BR\" \/>\n<meta property=\"og:type\" content=\"article\" \/>\n<meta property=\"og:title\" content=\"Balsas abandonadas pela Vale no Rio Mearim causam dano ambiental e amea\u00e7am pescadores e ribeirinhos - Daniel Matos\" \/>\n<meta property=\"og:description\" content=\"Embarca\u00e7\u00f5es fora deixadas para tr\u00e1s pela mineradora ap\u00f3s conclus\u00e3o de obras da Estrada de Ferro Caraj\u00e1s na Regi\u00e3o Duas balsas [&hellip;]\" \/>\n<meta property=\"og:url\" content=\"https:\/\/www.blogsoestado.com\/danielmatos\/balsas-abandonadas-pela-vale-no-rio-mearim-causam-dano-ambiental-e-ameacam-pescadores-e-ribeirinhos\/\" \/>\n<meta property=\"og:site_name\" content=\"Daniel Matos\" \/>\n<meta property=\"article:published_time\" content=\"2018-10-11T19:34:31+00:00\" \/>\n<meta property=\"og:image\" content=\"https:\/\/www.blogsoestado.com\/danielmatos\/files\/2018\/10\/balsa-encalhada.jpg\" \/>\n<meta name=\"twitter:card\" content=\"summary_large_image\" \/>\n<meta name=\"twitter:label1\" content=\"Est. tempo de leitura\" \/>\n\t<meta name=\"twitter:data1\" content=\"3 minutos\" \/>\n<script type=\"application\/ld+json\" class=\"yoast-schema-graph\">{\"@context\":\"https:\/\/schema.org\",\"@graph\":[{\"@type\":\"WebPage\",\"@id\":\"https:\/\/www.blogsoestado.com\/danielmatos\/balsas-abandonadas-pela-vale-no-rio-mearim-causam-dano-ambiental-e-ameacam-pescadores-e-ribeirinhos\/\",\"url\":\"https:\/\/www.blogsoestado.com\/danielmatos\/balsas-abandonadas-pela-vale-no-rio-mearim-causam-dano-ambiental-e-ameacam-pescadores-e-ribeirinhos\/\",\"name\":\"Balsas abandonadas pela Vale no Rio Mearim causam dano ambiental e amea\u00e7am pescadores e ribeirinhos - Daniel Matos\",\"isPartOf\":{\"@id\":\"https:\/\/www.blogsoestado.com\/danielmatos\/#website\"},\"primaryImageOfPage\":{\"@id\":\"https:\/\/www.blogsoestado.com\/danielmatos\/balsas-abandonadas-pela-vale-no-rio-mearim-causam-dano-ambiental-e-ameacam-pescadores-e-ribeirinhos\/#primaryimage\"},\"image\":{\"@id\":\"https:\/\/www.blogsoestado.com\/danielmatos\/balsas-abandonadas-pela-vale-no-rio-mearim-causam-dano-ambiental-e-ameacam-pescadores-e-ribeirinhos\/#primaryimage\"},\"thumbnailUrl\":\"https:\/\/www.blogsoestado.com\/danielmatos\/files\/2018\/10\/balsa-encalhada.jpg\",\"datePublished\":\"2018-10-11T19:34:31+00:00\",\"author\":{\"@id\":\"\"},\"breadcrumb\":{\"@id\":\"https:\/\/www.blogsoestado.com\/danielmatos\/balsas-abandonadas-pela-vale-no-rio-mearim-causam-dano-ambiental-e-ameacam-pescadores-e-ribeirinhos\/#breadcrumb\"},\"inLanguage\":\"pt-BR\",\"potentialAction\":[{\"@type\":\"ReadAction\",\"target\":[\"https:\/\/www.blogsoestado.com\/danielmatos\/balsas-abandonadas-pela-vale-no-rio-mearim-causam-dano-ambiental-e-ameacam-pescadores-e-ribeirinhos\/\"]}]},{\"@type\":\"ImageObject\",\"inLanguage\":\"pt-BR\",\"@id\":\"https:\/\/www.blogsoestado.com\/danielmatos\/balsas-abandonadas-pela-vale-no-rio-mearim-causam-dano-ambiental-e-ameacam-pescadores-e-ribeirinhos\/#primaryimage\",\"url\":\"https:\/\/www.blogsoestado.com\/danielmatos\/files\/2018\/10\/balsa-encalhada.jpg\",\"contentUrl\":\"https:\/\/www.blogsoestado.com\/danielmatos\/files\/2018\/10\/balsa-encalhada.jpg\"},{\"@type\":\"BreadcrumbList\",\"@id\":\"https:\/\/www.blogsoestado.com\/danielmatos\/balsas-abandonadas-pela-vale-no-rio-mearim-causam-dano-ambiental-e-ameacam-pescadores-e-ribeirinhos\/#breadcrumb\",\"itemListElement\":[{\"@type\":\"ListItem\",\"position\":1,\"name\":\"In\u00edcio\",\"item\":\"https:\/\/www.blogsoestado.com\/danielmatos\/\"},{\"@type\":\"ListItem\",\"position\":2,\"name\":\"Balsas abandonadas pela Vale no Rio Mearim causam dano ambiental e amea\u00e7am pescadores e ribeirinhos\"}]},{\"@type\":\"WebSite\",\"@id\":\"https:\/\/www.blogsoestado.com\/danielmatos\/#website\",\"url\":\"https:\/\/www.blogsoestado.com\/danielmatos\/\",\"name\":\"Daniel Matos\",\"description\":\"\",\"potentialAction\":[{\"@type\":\"SearchAction\",\"target\":{\"@type\":\"EntryPoint\",\"urlTemplate\":\"https:\/\/www.blogsoestado.com\/danielmatos\/?s={search_term_string}\"},\"query-input\":{\"@type\":\"PropertyValueSpecification\",\"valueRequired\":true,\"valueName\":\"search_term_string\"}}],\"inLanguage\":\"pt-BR\"}]}<\/script>\n<!-- \/ Yoast SEO plugin. -->","yoast_head_json":{"title":"Balsas abandonadas pela Vale no Rio Mearim causam dano ambiental e amea\u00e7am pescadores e ribeirinhos - Daniel Matos","robots":{"index":"index","follow":"follow","max-snippet":"max-snippet:-1","max-image-preview":"max-image-preview:large","max-video-preview":"max-video-preview:-1"},"canonical":"https:\/\/www.blogsoestado.com\/danielmatos\/balsas-abandonadas-pela-vale-no-rio-mearim-causam-dano-ambiental-e-ameacam-pescadores-e-ribeirinhos\/","og_locale":"pt_BR","og_type":"article","og_title":"Balsas abandonadas pela Vale no Rio Mearim causam dano ambiental e amea\u00e7am pescadores e ribeirinhos - Daniel Matos","og_description":"Embarca\u00e7\u00f5es fora deixadas para tr\u00e1s pela mineradora ap\u00f3s conclus\u00e3o de obras da Estrada de Ferro Caraj\u00e1s na Regi\u00e3o Duas balsas [&hellip;]","og_url":"https:\/\/www.blogsoestado.com\/danielmatos\/balsas-abandonadas-pela-vale-no-rio-mearim-causam-dano-ambiental-e-ameacam-pescadores-e-ribeirinhos\/","og_site_name":"Daniel Matos","article_published_time":"2018-10-11T19:34:31+00:00","og_image":[{"url":"https:\/\/www.blogsoestado.com\/danielmatos\/files\/2018\/10\/balsa-encalhada.jpg","type":"","width":"","height":""}],"twitter_card":"summary_large_image","twitter_misc":{"Est. tempo de leitura":"3 minutos"},"schema":{"@context":"https:\/\/schema.org","@graph":[{"@type":"WebPage","@id":"https:\/\/www.blogsoestado.com\/danielmatos\/balsas-abandonadas-pela-vale-no-rio-mearim-causam-dano-ambiental-e-ameacam-pescadores-e-ribeirinhos\/","url":"https:\/\/www.blogsoestado.com\/danielmatos\/balsas-abandonadas-pela-vale-no-rio-mearim-causam-dano-ambiental-e-ameacam-pescadores-e-ribeirinhos\/","name":"Balsas abandonadas pela Vale no Rio Mearim causam dano ambiental e amea\u00e7am pescadores e ribeirinhos - Daniel Matos","isPartOf":{"@id":"https:\/\/www.blogsoestado.com\/danielmatos\/#website"},"primaryImageOfPage":{"@id":"https:\/\/www.blogsoestado.com\/danielmatos\/balsas-abandonadas-pela-vale-no-rio-mearim-causam-dano-ambiental-e-ameacam-pescadores-e-ribeirinhos\/#primaryimage"},"image":{"@id":"https:\/\/www.blogsoestado.com\/danielmatos\/balsas-abandonadas-pela-vale-no-rio-mearim-causam-dano-ambiental-e-ameacam-pescadores-e-ribeirinhos\/#primaryimage"},"thumbnailUrl":"https:\/\/www.blogsoestado.com\/danielmatos\/files\/2018\/10\/balsa-encalhada.jpg","datePublished":"2018-10-11T19:34:31+00:00","author":{"@id":""},"breadcrumb":{"@id":"https:\/\/www.blogsoestado.com\/danielmatos\/balsas-abandonadas-pela-vale-no-rio-mearim-causam-dano-ambiental-e-ameacam-pescadores-e-ribeirinhos\/#breadcrumb"},"inLanguage":"pt-BR","potentialAction":[{"@type":"ReadAction","target":["https:\/\/www.blogsoestado.com\/danielmatos\/balsas-abandonadas-pela-vale-no-rio-mearim-causam-dano-ambiental-e-ameacam-pescadores-e-ribeirinhos\/"]}]},{"@type":"ImageObject","inLanguage":"pt-BR","@id":"https:\/\/www.blogsoestado.com\/danielmatos\/balsas-abandonadas-pela-vale-no-rio-mearim-causam-dano-ambiental-e-ameacam-pescadores-e-ribeirinhos\/#primaryimage","url":"https:\/\/www.blogsoestado.com\/danielmatos\/files\/2018\/10\/balsa-encalhada.jpg","contentUrl":"https:\/\/www.blogsoestado.com\/danielmatos\/files\/2018\/10\/balsa-encalhada.jpg"},{"@type":"BreadcrumbList","@id":"https:\/\/www.blogsoestado.com\/danielmatos\/balsas-abandonadas-pela-vale-no-rio-mearim-causam-dano-ambiental-e-ameacam-pescadores-e-ribeirinhos\/#breadcrumb","itemListElement":[{"@type":"ListItem","position":1,"name":"In\u00edcio","item":"https:\/\/www.blogsoestado.com\/danielmatos\/"},{"@type":"ListItem","position":2,"name":"Balsas abandonadas pela Vale no Rio Mearim causam dano ambiental e amea\u00e7am pescadores e ribeirinhos"}]},{"@type":"WebSite","@id":"https:\/\/www.blogsoestado.com\/danielmatos\/#website","url":"https:\/\/www.blogsoestado.com\/danielmatos\/","name":"Daniel Matos","description":"","potentialAction":[{"@type":"SearchAction","target":{"@type":"EntryPoint","urlTemplate":"https:\/\/www.blogsoestado.com\/danielmatos\/?s={search_term_string}"},"query-input":{"@type":"PropertyValueSpecification","valueRequired":true,"valueName":"search_term_string"}}],"inLanguage":"pt-BR"}]}},"jetpack_featured_media_url":"","_links":{"self":[{"href":"https:\/\/www.blogsoestado.com\/danielmatos\/wp-json\/wp\/v2\/posts\/56818","targetHints":{"allow":["GET"]}}],"collection":[{"href":"https:\/\/www.blogsoestado.com\/danielmatos\/wp-json\/wp\/v2\/posts"}],"about":[{"href":"https:\/\/www.blogsoestado.com\/danielmatos\/wp-json\/wp\/v2\/types\/post"}],"replies":[{"embeddable":true,"href":"https:\/\/www.blogsoestado.com\/danielmatos\/wp-json\/wp\/v2\/comments?post=56818"}],"version-history":[{"count":0,"href":"https:\/\/www.blogsoestado.com\/danielmatos\/wp-json\/wp\/v2\/posts\/56818\/revisions"}],"wp:attachment":[{"href":"https:\/\/www.blogsoestado.com\/danielmatos\/wp-json\/wp\/v2\/media?parent=56818"}],"wp:term":[{"taxonomy":"category","embeddable":true,"href":"https:\/\/www.blogsoestado.com\/danielmatos\/wp-json\/wp\/v2\/categories?post=56818"},{"taxonomy":"post_tag","embeddable":true,"href":"https:\/\/www.blogsoestado.com\/danielmatos\/wp-json\/wp\/v2\/tags?post=56818"}],"curies":[{"name":"wp","href":"https:\/\/api.w.org\/{rel}","templated":true}]}}