{"id":56831,"date":"2018-10-11T18:00:30","date_gmt":"2018-10-11T21:00:30","guid":{"rendered":"https:\/\/www.blogsoestado.com\/danielmatos\/?p=56831"},"modified":"2018-10-11T18:00:30","modified_gmt":"2018-10-11T21:00:30","slug":"fortalecimento-do-municipalismo-credencia-reeleicao-de-tema-na-famem","status":"publish","type":"post","link":"https:\/\/www.blogsoestado.com\/danielmatos\/fortalecimento-do-municipalismo-credencia-reeleicao-de-tema-na-famem\/","title":{"rendered":"Fortalecimento do municipalismo credencia reelei\u00e7\u00e3o de Tema na Famem"},"content":{"rendered":"<figure id=\"attachment_56832\" aria-describedby=\"caption-attachment-56832\" style=\"width: 450px\" class=\"wp-caption alignright\"><a href=\"https:\/\/www.blogsoestado.com\/danielmatos\/?attachment_id=56832\" rel=\"attachment wp-att-56832\"><img fetchpriority=\"high\" decoding=\"async\" class=\"wp-image-56832\" src=\"https:\/\/www.blogsoestado.com\/danielmatos\/files\/2018\/10\/tema-credenciado.jpg\" alt=\"\" width=\"450\" height=\"276\" \/><\/a><figcaption id=\"caption-attachment-56832\" class=\"wp-caption-text\">Cleomar Tema ampliou, em sua gest\u00e3o, o oferecimento de cursos de capacita\u00e7\u00e3o gratuitos destinados aos t\u00e9cnicos municipais<\/figcaption><\/figure>\n<p>O prefeito Cleomar Tema, da cidade de Tuntum, estabeleceu-se como candidato natural \u00e0 reelei\u00e7\u00e3o para a presid\u00eancia da Federa\u00e7\u00e3o dos Munic\u00edpios do Estado do Maranh\u00e3o (Famem), bi\u00eanio 2019\/20.<\/p>\n<p>Tema, nestes quase dois anos, vem executando um trabalho transparente e focado no fortalecimento das cidades maranhenses.<\/p>\n<p>Paralelo a isso, o l\u00edder municipalista promoveu uma aproxima\u00e7\u00e3o institucional saud\u00e1vel e importante entre os gestores municipais, o governo do estado, \u00f3rg\u00e3os de controle externo e os deputados e senadores maranhense que atuam em Bras\u00edlia.<\/p>\n<p>Foram v\u00e1rias as a\u00e7\u00f5es e vit\u00f3rias obtidas na atual gest\u00e3o de Cleomar Tema.<\/p>\n<p>Foi gra\u00e7as a uma articula\u00e7\u00e3o da Famem, que, pela primeira vez na hist\u00f3ria, parlamentares destinaram diretamente ao setor da Sa\u00fade dos munic\u00edpios emendas de bancada.<\/p>\n<p>A Federa\u00e7\u00e3o ganhou uma nova sede, bem estruturada e equipada para receber bem prefeitos e prefeitas de todas as regi\u00f5es.<\/p>\n<p>A gest\u00e3o Cleomar Tema ampliou o oferecimento de cursos de capacita\u00e7\u00e3o gratuitos destinados aos t\u00e9cnicos municipais.<\/p>\n<p>Tal medida j\u00e1 beneficiou quase 1.400 assessores e vem contribuindo, sobremaneira, para qualificar as administra\u00e7\u00f5es, tornando-as mais eficientes e \u00e1geis.<\/p>\n<p>A entidade prop\u00f4s ao Tribunal de Contas do Estado do Maranh\u00e3o (TCE\/MA), de maneira in\u00e9dita, a retirada dos programas federais dos limites de gasto com pessoal das prefeituras. O mecanismo est\u00e1 sendo analisado pela Rede de Controle.<\/p>\n<p>Realizando visitas permanentes \u00e0 Bras\u00edlia, Tema mobilizou deputados e senadores, que votaram a favor do aumento de 1% no Fundo de Participa\u00e7\u00e3o dos Munic\u00edpios (FPM) para setembro.<\/p>\n<p>Destaque tamb\u00e9m para a luta que resultou na implanta\u00e7\u00e3o do Custo Aluno Qualidade inicial, bem como o parcelamento da devolu\u00e7\u00e3o dos recursos retirados das prefeituras por for\u00e7a do ajuste do Fundeb, em 2017.<\/p>\n<p>Junto \u00e0 Assembleia Legislativa, o atual presidente conseguiu que fosse iniciado o processo de an\u00e1lise da Proposta de Emenda Constitucional que limita atos da Corte de Contas, evitando, desta forma, inger\u00eancia externa nas administra\u00e7\u00f5es municipais.<\/p>\n<p>A intermedia\u00e7\u00e3o da Famem perante o governo estadual tamb\u00e9m permitiu que diversos munic\u00edpios recebessem novos investimentos na sa\u00fade, tais como ambul\u00e2ncias e unidades de atendimento.<\/p>\n<p>Outra vit\u00f3ria importante obtida por Cleomar Tema \u00e9 o processo de habilita\u00e7\u00e3o de 117 munic\u00edpios maranhenses na gest\u00e3o plena do sistema de sa\u00fade.<\/p>\n<p>\u201cMuitas foram as conquistas alcan\u00e7adas nestes quase dois anos, \u00e9 verdade. No entanto, temos a consci\u00eancia de que muito ainda precisa ser feito pela municipalidade. E \u00e9 por isso que queremos permanecer e continuar executando este trabalho em favor das cidades de nosso estado\u201d, afirmou o presidente.<\/p>\n","protected":false},"excerpt":{"rendered":"<p>O prefeito Cleomar Tema, da cidade de Tuntum, estabeleceu-se como candidato natural \u00e0 reelei\u00e7\u00e3o para a presid\u00eancia da Federa\u00e7\u00e3o dos [&hellip;]<\/p>\n","protected":false},"author":0,"featured_media":0,"comment_status":"open","ping_status":"open","sticky":false,"template":"","format":"standard","meta":{"site-sidebar-layout":"default","site-content-layout":"","ast-site-content-layout":"default","site-content-style":"default","site-sidebar-style":"default","ast-global-header-display":"","ast-banner-title-visibility":"","ast-main-header-display":"","ast-hfb-above-header-display":"","ast-hfb-below-header-display":"","ast-hfb-mobile-header-display":"","site-post-title":"","ast-breadcrumbs-content":"","ast-featured-img":"","footer-sml-layout":"","ast-disable-related-posts":"","theme-transparent-header-meta":"","adv-header-id-meta":"","stick-header-meta":"","header-above-stick-meta":"","header-main-stick-meta":"","header-below-stick-meta":"","astra-migrate-meta-layouts":"default","ast-page-background-enabled":"default","ast-page-background-meta":{"desktop":{"background-color":"var(--ast-global-color-5)","background-image":"","background-repeat":"repeat","background-position":"center center","background-size":"auto","background-attachment":"scroll","background-type":"","background-media":"","overlay-type":"","overlay-color":"","overlay-opacity":"","overlay-gradient":""},"tablet":{"background-color":"","background-image":"","background-repeat":"repeat","background-position":"center center","background-size":"auto","background-attachment":"scroll","background-type":"","background-media":"","overlay-type":"","overlay-color":"","overlay-opacity":"","overlay-gradient":""},"mobile":{"background-color":"","background-image":"","background-repeat":"repeat","background-position":"center center","background-size":"auto","background-attachment":"scroll","background-type":"","background-media":"","overlay-type":"","overlay-color":"","overlay-opacity":"","overlay-gradient":""}},"ast-content-background-meta":{"desktop":{"background-color":"var(--ast-global-color-4)","background-image":"","background-repeat":"repeat","background-position":"center center","background-size":"auto","background-attachment":"scroll","background-type":"","background-media":"","overlay-type":"","overlay-color":"","overlay-opacity":"","overlay-gradient":""},"tablet":{"background-color":"var(--ast-global-color-4)","background-image":"","background-repeat":"repeat","background-position":"center center","background-size":"auto","background-attachment":"scroll","background-type":"","background-media":"","overlay-type":"","overlay-color":"","overlay-opacity":"","overlay-gradient":""},"mobile":{"background-color":"var(--ast-global-color-4)","background-image":"","background-repeat":"repeat","background-position":"center center","background-size":"auto","background-attachment":"scroll","background-type":"","background-media":"","overlay-type":"","overlay-color":"","overlay-opacity":"","overlay-gradient":""}},"footnotes":""},"categories":[1],"tags":[],"class_list":["post-56831","post","type-post","status-publish","format-standard","hentry","category-sem-categoria"],"yoast_head":"<!-- This site is optimized with the Yoast SEO plugin v26.6 - https:\/\/yoast.com\/wordpress\/plugins\/seo\/ -->\n<title>Fortalecimento do municipalismo credencia reelei\u00e7\u00e3o de Tema na Famem - Daniel Matos<\/title>\n<meta name=\"robots\" content=\"index, follow, max-snippet:-1, max-image-preview:large, max-video-preview:-1\" \/>\n<link rel=\"canonical\" href=\"https:\/\/www.blogsoestado.com\/danielmatos\/fortalecimento-do-municipalismo-credencia-reeleicao-de-tema-na-famem\/\" \/>\n<meta property=\"og:locale\" content=\"pt_BR\" \/>\n<meta property=\"og:type\" content=\"article\" \/>\n<meta property=\"og:title\" content=\"Fortalecimento do municipalismo credencia reelei\u00e7\u00e3o de Tema na Famem - Daniel Matos\" \/>\n<meta property=\"og:description\" content=\"O prefeito Cleomar Tema, da cidade de Tuntum, estabeleceu-se como candidato natural \u00e0 reelei\u00e7\u00e3o para a presid\u00eancia da Federa\u00e7\u00e3o dos [&hellip;]\" \/>\n<meta property=\"og:url\" content=\"https:\/\/www.blogsoestado.com\/danielmatos\/fortalecimento-do-municipalismo-credencia-reeleicao-de-tema-na-famem\/\" \/>\n<meta property=\"og:site_name\" content=\"Daniel Matos\" \/>\n<meta property=\"article:published_time\" content=\"2018-10-11T21:00:30+00:00\" \/>\n<meta property=\"og:image\" content=\"https:\/\/www.blogsoestado.com\/danielmatos\/files\/2018\/10\/tema-credenciado.jpg\" \/>\n<meta name=\"twitter:card\" content=\"summary_large_image\" \/>\n<meta name=\"twitter:label1\" content=\"Est. tempo de leitura\" \/>\n\t<meta name=\"twitter:data1\" content=\"2 minutos\" \/>\n<script type=\"application\/ld+json\" class=\"yoast-schema-graph\">{\"@context\":\"https:\/\/schema.org\",\"@graph\":[{\"@type\":\"WebPage\",\"@id\":\"https:\/\/www.blogsoestado.com\/danielmatos\/fortalecimento-do-municipalismo-credencia-reeleicao-de-tema-na-famem\/\",\"url\":\"https:\/\/www.blogsoestado.com\/danielmatos\/fortalecimento-do-municipalismo-credencia-reeleicao-de-tema-na-famem\/\",\"name\":\"Fortalecimento do municipalismo credencia reelei\u00e7\u00e3o de Tema na Famem - Daniel Matos\",\"isPartOf\":{\"@id\":\"https:\/\/www.blogsoestado.com\/danielmatos\/#website\"},\"primaryImageOfPage\":{\"@id\":\"https:\/\/www.blogsoestado.com\/danielmatos\/fortalecimento-do-municipalismo-credencia-reeleicao-de-tema-na-famem\/#primaryimage\"},\"image\":{\"@id\":\"https:\/\/www.blogsoestado.com\/danielmatos\/fortalecimento-do-municipalismo-credencia-reeleicao-de-tema-na-famem\/#primaryimage\"},\"thumbnailUrl\":\"https:\/\/www.blogsoestado.com\/danielmatos\/files\/2018\/10\/tema-credenciado.jpg\",\"datePublished\":\"2018-10-11T21:00:30+00:00\",\"author\":{\"@id\":\"\"},\"breadcrumb\":{\"@id\":\"https:\/\/www.blogsoestado.com\/danielmatos\/fortalecimento-do-municipalismo-credencia-reeleicao-de-tema-na-famem\/#breadcrumb\"},\"inLanguage\":\"pt-BR\",\"potentialAction\":[{\"@type\":\"ReadAction\",\"target\":[\"https:\/\/www.blogsoestado.com\/danielmatos\/fortalecimento-do-municipalismo-credencia-reeleicao-de-tema-na-famem\/\"]}]},{\"@type\":\"ImageObject\",\"inLanguage\":\"pt-BR\",\"@id\":\"https:\/\/www.blogsoestado.com\/danielmatos\/fortalecimento-do-municipalismo-credencia-reeleicao-de-tema-na-famem\/#primaryimage\",\"url\":\"https:\/\/www.blogsoestado.com\/danielmatos\/files\/2018\/10\/tema-credenciado.jpg\",\"contentUrl\":\"https:\/\/www.blogsoestado.com\/danielmatos\/files\/2018\/10\/tema-credenciado.jpg\"},{\"@type\":\"BreadcrumbList\",\"@id\":\"https:\/\/www.blogsoestado.com\/danielmatos\/fortalecimento-do-municipalismo-credencia-reeleicao-de-tema-na-famem\/#breadcrumb\",\"itemListElement\":[{\"@type\":\"ListItem\",\"position\":1,\"name\":\"In\u00edcio\",\"item\":\"https:\/\/www.blogsoestado.com\/danielmatos\/\"},{\"@type\":\"ListItem\",\"position\":2,\"name\":\"Fortalecimento do municipalismo credencia reelei\u00e7\u00e3o de Tema na Famem\"}]},{\"@type\":\"WebSite\",\"@id\":\"https:\/\/www.blogsoestado.com\/danielmatos\/#website\",\"url\":\"https:\/\/www.blogsoestado.com\/danielmatos\/\",\"name\":\"Daniel Matos\",\"description\":\"\",\"potentialAction\":[{\"@type\":\"SearchAction\",\"target\":{\"@type\":\"EntryPoint\",\"urlTemplate\":\"https:\/\/www.blogsoestado.com\/danielmatos\/?s={search_term_string}\"},\"query-input\":{\"@type\":\"PropertyValueSpecification\",\"valueRequired\":true,\"valueName\":\"search_term_string\"}}],\"inLanguage\":\"pt-BR\"}]}<\/script>\n<!-- \/ Yoast SEO plugin. -->","yoast_head_json":{"title":"Fortalecimento do municipalismo credencia reelei\u00e7\u00e3o de Tema na Famem - Daniel Matos","robots":{"index":"index","follow":"follow","max-snippet":"max-snippet:-1","max-image-preview":"max-image-preview:large","max-video-preview":"max-video-preview:-1"},"canonical":"https:\/\/www.blogsoestado.com\/danielmatos\/fortalecimento-do-municipalismo-credencia-reeleicao-de-tema-na-famem\/","og_locale":"pt_BR","og_type":"article","og_title":"Fortalecimento do municipalismo credencia reelei\u00e7\u00e3o de Tema na Famem - Daniel Matos","og_description":"O prefeito Cleomar Tema, da cidade de Tuntum, estabeleceu-se como candidato natural \u00e0 reelei\u00e7\u00e3o para a presid\u00eancia da Federa\u00e7\u00e3o dos [&hellip;]","og_url":"https:\/\/www.blogsoestado.com\/danielmatos\/fortalecimento-do-municipalismo-credencia-reeleicao-de-tema-na-famem\/","og_site_name":"Daniel Matos","article_published_time":"2018-10-11T21:00:30+00:00","og_image":[{"url":"https:\/\/www.blogsoestado.com\/danielmatos\/files\/2018\/10\/tema-credenciado.jpg","type":"","width":"","height":""}],"twitter_card":"summary_large_image","twitter_misc":{"Est. tempo de leitura":"2 minutos"},"schema":{"@context":"https:\/\/schema.org","@graph":[{"@type":"WebPage","@id":"https:\/\/www.blogsoestado.com\/danielmatos\/fortalecimento-do-municipalismo-credencia-reeleicao-de-tema-na-famem\/","url":"https:\/\/www.blogsoestado.com\/danielmatos\/fortalecimento-do-municipalismo-credencia-reeleicao-de-tema-na-famem\/","name":"Fortalecimento do municipalismo credencia reelei\u00e7\u00e3o de Tema na Famem - Daniel Matos","isPartOf":{"@id":"https:\/\/www.blogsoestado.com\/danielmatos\/#website"},"primaryImageOfPage":{"@id":"https:\/\/www.blogsoestado.com\/danielmatos\/fortalecimento-do-municipalismo-credencia-reeleicao-de-tema-na-famem\/#primaryimage"},"image":{"@id":"https:\/\/www.blogsoestado.com\/danielmatos\/fortalecimento-do-municipalismo-credencia-reeleicao-de-tema-na-famem\/#primaryimage"},"thumbnailUrl":"https:\/\/www.blogsoestado.com\/danielmatos\/files\/2018\/10\/tema-credenciado.jpg","datePublished":"2018-10-11T21:00:30+00:00","author":{"@id":""},"breadcrumb":{"@id":"https:\/\/www.blogsoestado.com\/danielmatos\/fortalecimento-do-municipalismo-credencia-reeleicao-de-tema-na-famem\/#breadcrumb"},"inLanguage":"pt-BR","potentialAction":[{"@type":"ReadAction","target":["https:\/\/www.blogsoestado.com\/danielmatos\/fortalecimento-do-municipalismo-credencia-reeleicao-de-tema-na-famem\/"]}]},{"@type":"ImageObject","inLanguage":"pt-BR","@id":"https:\/\/www.blogsoestado.com\/danielmatos\/fortalecimento-do-municipalismo-credencia-reeleicao-de-tema-na-famem\/#primaryimage","url":"https:\/\/www.blogsoestado.com\/danielmatos\/files\/2018\/10\/tema-credenciado.jpg","contentUrl":"https:\/\/www.blogsoestado.com\/danielmatos\/files\/2018\/10\/tema-credenciado.jpg"},{"@type":"BreadcrumbList","@id":"https:\/\/www.blogsoestado.com\/danielmatos\/fortalecimento-do-municipalismo-credencia-reeleicao-de-tema-na-famem\/#breadcrumb","itemListElement":[{"@type":"ListItem","position":1,"name":"In\u00edcio","item":"https:\/\/www.blogsoestado.com\/danielmatos\/"},{"@type":"ListItem","position":2,"name":"Fortalecimento do municipalismo credencia reelei\u00e7\u00e3o de Tema na Famem"}]},{"@type":"WebSite","@id":"https:\/\/www.blogsoestado.com\/danielmatos\/#website","url":"https:\/\/www.blogsoestado.com\/danielmatos\/","name":"Daniel Matos","description":"","potentialAction":[{"@type":"SearchAction","target":{"@type":"EntryPoint","urlTemplate":"https:\/\/www.blogsoestado.com\/danielmatos\/?s={search_term_string}"},"query-input":{"@type":"PropertyValueSpecification","valueRequired":true,"valueName":"search_term_string"}}],"inLanguage":"pt-BR"}]}},"jetpack_featured_media_url":"","_links":{"self":[{"href":"https:\/\/www.blogsoestado.com\/danielmatos\/wp-json\/wp\/v2\/posts\/56831","targetHints":{"allow":["GET"]}}],"collection":[{"href":"https:\/\/www.blogsoestado.com\/danielmatos\/wp-json\/wp\/v2\/posts"}],"about":[{"href":"https:\/\/www.blogsoestado.com\/danielmatos\/wp-json\/wp\/v2\/types\/post"}],"replies":[{"embeddable":true,"href":"https:\/\/www.blogsoestado.com\/danielmatos\/wp-json\/wp\/v2\/comments?post=56831"}],"version-history":[{"count":0,"href":"https:\/\/www.blogsoestado.com\/danielmatos\/wp-json\/wp\/v2\/posts\/56831\/revisions"}],"wp:attachment":[{"href":"https:\/\/www.blogsoestado.com\/danielmatos\/wp-json\/wp\/v2\/media?parent=56831"}],"wp:term":[{"taxonomy":"category","embeddable":true,"href":"https:\/\/www.blogsoestado.com\/danielmatos\/wp-json\/wp\/v2\/categories?post=56831"},{"taxonomy":"post_tag","embeddable":true,"href":"https:\/\/www.blogsoestado.com\/danielmatos\/wp-json\/wp\/v2\/tags?post=56831"}],"curies":[{"name":"wp","href":"https:\/\/api.w.org\/{rel}","templated":true}]}}