{"id":56836,"date":"2018-10-11T17:20:33","date_gmt":"2018-10-11T20:20:33","guid":{"rendered":"https:\/\/www.blogsoestado.com\/danielmatos\/?p=56836"},"modified":"2018-10-11T17:20:33","modified_gmt":"2018-10-11T20:20:33","slug":"em-resposta-ao-blog-vale-diz-que-balsas-pertencem-a-terceirizadas-e-informa-que-ja-notificou-empresas","status":"publish","type":"post","link":"https:\/\/www.blogsoestado.com\/danielmatos\/em-resposta-ao-blog-vale-diz-que-balsas-pertencem-a-terceirizadas-e-informa-que-ja-notificou-empresas\/","title":{"rendered":"Em resposta ao blog, Vale diz que balsas pertencem a terceirizadas e informa que j\u00e1 notificou empresas"},"content":{"rendered":"<p><strong>Sobre balsas em Arari<\/strong><\/p>\n<p>As balsas citadas n\u00e3o pertencem \u00e0 Vale e sim \u00e0s empresas que prestaram servi\u00e7o \u00e0 contratada NOVUS, respons\u00e1vel pelas obras de constru\u00e7\u00e3o da ponte ferrovi\u00e1ria sobre o rio Mearim conclu\u00edda em 2016;<\/p>\n<p>Considerando a situa\u00e7\u00e3o de abandono dos equipamentos e o pedido de apoio das comunidades, a Vale tem adotado medidas voltadas a manter as balsas presas e atuado junto \u00e0s autoridades competentes e \u00e0s empresas respons\u00e1veis para que as mesmas sejam removidas definitivamente;<\/p>\n<p>Por fim, informa que j\u00e1 notificou as empresas propriet\u00e1rias, de quem aguarda a apresenta\u00e7\u00e3o de plano de a\u00e7\u00e3o para resolu\u00e7\u00e3o da quest\u00e3o.<\/p>\n","protected":false},"excerpt":{"rendered":"<p>Sobre balsas em Arari As balsas citadas n\u00e3o pertencem \u00e0 Vale e sim \u00e0s empresas que prestaram servi\u00e7o \u00e0 contratada [&hellip;]<\/p>\n","protected":false},"author":0,"featured_media":0,"comment_status":"open","ping_status":"open","sticky":false,"template":"","format":"standard","meta":{"site-sidebar-layout":"default","site-content-layout":"","ast-site-content-layout":"default","site-content-style":"default","site-sidebar-style":"default","ast-global-header-display":"","ast-banner-title-visibility":"","ast-main-header-display":"","ast-hfb-above-header-display":"","ast-hfb-below-header-display":"","ast-hfb-mobile-header-display":"","site-post-title":"","ast-breadcrumbs-content":"","ast-featured-img":"","footer-sml-layout":"","ast-disable-related-posts":"","theme-transparent-header-meta":"","adv-header-id-meta":"","stick-header-meta":"","header-above-stick-meta":"","header-main-stick-meta":"","header-below-stick-meta":"","astra-migrate-meta-layouts":"default","ast-page-background-enabled":"default","ast-page-background-meta":{"desktop":{"background-color":"var(--ast-global-color-5)","background-image":"","background-repeat":"repeat","background-position":"center center","background-size":"auto","background-attachment":"scroll","background-type":"","background-media":"","overlay-type":"","overlay-color":"","overlay-opacity":"","overlay-gradient":""},"tablet":{"background-color":"","background-image":"","background-repeat":"repeat","background-position":"center center","background-size":"auto","background-attachment":"scroll","background-type":"","background-media":"","overlay-type":"","overlay-color":"","overlay-opacity":"","overlay-gradient":""},"mobile":{"background-color":"","background-image":"","background-repeat":"repeat","background-position":"center center","background-size":"auto","background-attachment":"scroll","background-type":"","background-media":"","overlay-type":"","overlay-color":"","overlay-opacity":"","overlay-gradient":""}},"ast-content-background-meta":{"desktop":{"background-color":"var(--ast-global-color-4)","background-image":"","background-repeat":"repeat","background-position":"center center","background-size":"auto","background-attachment":"scroll","background-type":"","background-media":"","overlay-type":"","overlay-color":"","overlay-opacity":"","overlay-gradient":""},"tablet":{"background-color":"var(--ast-global-color-4)","background-image":"","background-repeat":"repeat","background-position":"center center","background-size":"auto","background-attachment":"scroll","background-type":"","background-media":"","overlay-type":"","overlay-color":"","overlay-opacity":"","overlay-gradient":""},"mobile":{"background-color":"var(--ast-global-color-4)","background-image":"","background-repeat":"repeat","background-position":"center center","background-size":"auto","background-attachment":"scroll","background-type":"","background-media":"","overlay-type":"","overlay-color":"","overlay-opacity":"","overlay-gradient":""}},"footnotes":""},"categories":[1],"tags":[],"class_list":["post-56836","post","type-post","status-publish","format-standard","hentry","category-sem-categoria"],"yoast_head":"<!-- This site is optimized with the Yoast SEO plugin v26.6 - https:\/\/yoast.com\/wordpress\/plugins\/seo\/ -->\n<title>Em resposta ao blog, Vale diz que balsas pertencem a terceirizadas e informa que j\u00e1 notificou empresas - Daniel Matos<\/title>\n<meta name=\"robots\" content=\"index, follow, max-snippet:-1, max-image-preview:large, max-video-preview:-1\" \/>\n<link rel=\"canonical\" href=\"https:\/\/www.blogsoestado.com\/danielmatos\/em-resposta-ao-blog-vale-diz-que-balsas-pertencem-a-terceirizadas-e-informa-que-ja-notificou-empresas\/\" \/>\n<meta property=\"og:locale\" content=\"pt_BR\" \/>\n<meta property=\"og:type\" content=\"article\" \/>\n<meta property=\"og:title\" content=\"Em resposta ao blog, Vale diz que balsas pertencem a terceirizadas e informa que j\u00e1 notificou empresas - Daniel Matos\" \/>\n<meta property=\"og:description\" content=\"Sobre balsas em Arari As balsas citadas n\u00e3o pertencem \u00e0 Vale e sim \u00e0s empresas que prestaram servi\u00e7o \u00e0 contratada [&hellip;]\" \/>\n<meta property=\"og:url\" content=\"https:\/\/www.blogsoestado.com\/danielmatos\/em-resposta-ao-blog-vale-diz-que-balsas-pertencem-a-terceirizadas-e-informa-que-ja-notificou-empresas\/\" \/>\n<meta property=\"og:site_name\" content=\"Daniel Matos\" \/>\n<meta property=\"article:published_time\" content=\"2018-10-11T20:20:33+00:00\" \/>\n<meta name=\"twitter:card\" content=\"summary_large_image\" \/>\n<meta name=\"twitter:label1\" content=\"Est. tempo de leitura\" \/>\n\t<meta name=\"twitter:data1\" content=\"1 minuto\" \/>\n<script type=\"application\/ld+json\" class=\"yoast-schema-graph\">{\"@context\":\"https:\/\/schema.org\",\"@graph\":[{\"@type\":\"WebPage\",\"@id\":\"https:\/\/www.blogsoestado.com\/danielmatos\/em-resposta-ao-blog-vale-diz-que-balsas-pertencem-a-terceirizadas-e-informa-que-ja-notificou-empresas\/\",\"url\":\"https:\/\/www.blogsoestado.com\/danielmatos\/em-resposta-ao-blog-vale-diz-que-balsas-pertencem-a-terceirizadas-e-informa-que-ja-notificou-empresas\/\",\"name\":\"Em resposta ao blog, Vale diz que balsas pertencem a terceirizadas e informa que j\u00e1 notificou empresas - Daniel Matos\",\"isPartOf\":{\"@id\":\"https:\/\/www.blogsoestado.com\/danielmatos\/#website\"},\"datePublished\":\"2018-10-11T20:20:33+00:00\",\"author\":{\"@id\":\"\"},\"breadcrumb\":{\"@id\":\"https:\/\/www.blogsoestado.com\/danielmatos\/em-resposta-ao-blog-vale-diz-que-balsas-pertencem-a-terceirizadas-e-informa-que-ja-notificou-empresas\/#breadcrumb\"},\"inLanguage\":\"pt-BR\",\"potentialAction\":[{\"@type\":\"ReadAction\",\"target\":[\"https:\/\/www.blogsoestado.com\/danielmatos\/em-resposta-ao-blog-vale-diz-que-balsas-pertencem-a-terceirizadas-e-informa-que-ja-notificou-empresas\/\"]}]},{\"@type\":\"BreadcrumbList\",\"@id\":\"https:\/\/www.blogsoestado.com\/danielmatos\/em-resposta-ao-blog-vale-diz-que-balsas-pertencem-a-terceirizadas-e-informa-que-ja-notificou-empresas\/#breadcrumb\",\"itemListElement\":[{\"@type\":\"ListItem\",\"position\":1,\"name\":\"In\u00edcio\",\"item\":\"https:\/\/www.blogsoestado.com\/danielmatos\/\"},{\"@type\":\"ListItem\",\"position\":2,\"name\":\"Em resposta ao blog, Vale diz que balsas pertencem a terceirizadas e informa que j\u00e1 notificou empresas\"}]},{\"@type\":\"WebSite\",\"@id\":\"https:\/\/www.blogsoestado.com\/danielmatos\/#website\",\"url\":\"https:\/\/www.blogsoestado.com\/danielmatos\/\",\"name\":\"Daniel Matos\",\"description\":\"\",\"potentialAction\":[{\"@type\":\"SearchAction\",\"target\":{\"@type\":\"EntryPoint\",\"urlTemplate\":\"https:\/\/www.blogsoestado.com\/danielmatos\/?s={search_term_string}\"},\"query-input\":{\"@type\":\"PropertyValueSpecification\",\"valueRequired\":true,\"valueName\":\"search_term_string\"}}],\"inLanguage\":\"pt-BR\"}]}<\/script>\n<!-- \/ Yoast SEO plugin. -->","yoast_head_json":{"title":"Em resposta ao blog, Vale diz que balsas pertencem a terceirizadas e informa que j\u00e1 notificou empresas - Daniel Matos","robots":{"index":"index","follow":"follow","max-snippet":"max-snippet:-1","max-image-preview":"max-image-preview:large","max-video-preview":"max-video-preview:-1"},"canonical":"https:\/\/www.blogsoestado.com\/danielmatos\/em-resposta-ao-blog-vale-diz-que-balsas-pertencem-a-terceirizadas-e-informa-que-ja-notificou-empresas\/","og_locale":"pt_BR","og_type":"article","og_title":"Em resposta ao blog, Vale diz que balsas pertencem a terceirizadas e informa que j\u00e1 notificou empresas - Daniel Matos","og_description":"Sobre balsas em Arari As balsas citadas n\u00e3o pertencem \u00e0 Vale e sim \u00e0s empresas que prestaram servi\u00e7o \u00e0 contratada [&hellip;]","og_url":"https:\/\/www.blogsoestado.com\/danielmatos\/em-resposta-ao-blog-vale-diz-que-balsas-pertencem-a-terceirizadas-e-informa-que-ja-notificou-empresas\/","og_site_name":"Daniel Matos","article_published_time":"2018-10-11T20:20:33+00:00","twitter_card":"summary_large_image","twitter_misc":{"Est. tempo de leitura":"1 minuto"},"schema":{"@context":"https:\/\/schema.org","@graph":[{"@type":"WebPage","@id":"https:\/\/www.blogsoestado.com\/danielmatos\/em-resposta-ao-blog-vale-diz-que-balsas-pertencem-a-terceirizadas-e-informa-que-ja-notificou-empresas\/","url":"https:\/\/www.blogsoestado.com\/danielmatos\/em-resposta-ao-blog-vale-diz-que-balsas-pertencem-a-terceirizadas-e-informa-que-ja-notificou-empresas\/","name":"Em resposta ao blog, Vale diz que balsas pertencem a terceirizadas e informa que j\u00e1 notificou empresas - Daniel Matos","isPartOf":{"@id":"https:\/\/www.blogsoestado.com\/danielmatos\/#website"},"datePublished":"2018-10-11T20:20:33+00:00","author":{"@id":""},"breadcrumb":{"@id":"https:\/\/www.blogsoestado.com\/danielmatos\/em-resposta-ao-blog-vale-diz-que-balsas-pertencem-a-terceirizadas-e-informa-que-ja-notificou-empresas\/#breadcrumb"},"inLanguage":"pt-BR","potentialAction":[{"@type":"ReadAction","target":["https:\/\/www.blogsoestado.com\/danielmatos\/em-resposta-ao-blog-vale-diz-que-balsas-pertencem-a-terceirizadas-e-informa-que-ja-notificou-empresas\/"]}]},{"@type":"BreadcrumbList","@id":"https:\/\/www.blogsoestado.com\/danielmatos\/em-resposta-ao-blog-vale-diz-que-balsas-pertencem-a-terceirizadas-e-informa-que-ja-notificou-empresas\/#breadcrumb","itemListElement":[{"@type":"ListItem","position":1,"name":"In\u00edcio","item":"https:\/\/www.blogsoestado.com\/danielmatos\/"},{"@type":"ListItem","position":2,"name":"Em resposta ao blog, Vale diz que balsas pertencem a terceirizadas e informa que j\u00e1 notificou empresas"}]},{"@type":"WebSite","@id":"https:\/\/www.blogsoestado.com\/danielmatos\/#website","url":"https:\/\/www.blogsoestado.com\/danielmatos\/","name":"Daniel Matos","description":"","potentialAction":[{"@type":"SearchAction","target":{"@type":"EntryPoint","urlTemplate":"https:\/\/www.blogsoestado.com\/danielmatos\/?s={search_term_string}"},"query-input":{"@type":"PropertyValueSpecification","valueRequired":true,"valueName":"search_term_string"}}],"inLanguage":"pt-BR"}]}},"jetpack_featured_media_url":"","_links":{"self":[{"href":"https:\/\/www.blogsoestado.com\/danielmatos\/wp-json\/wp\/v2\/posts\/56836","targetHints":{"allow":["GET"]}}],"collection":[{"href":"https:\/\/www.blogsoestado.com\/danielmatos\/wp-json\/wp\/v2\/posts"}],"about":[{"href":"https:\/\/www.blogsoestado.com\/danielmatos\/wp-json\/wp\/v2\/types\/post"}],"replies":[{"embeddable":true,"href":"https:\/\/www.blogsoestado.com\/danielmatos\/wp-json\/wp\/v2\/comments?post=56836"}],"version-history":[{"count":0,"href":"https:\/\/www.blogsoestado.com\/danielmatos\/wp-json\/wp\/v2\/posts\/56836\/revisions"}],"wp:attachment":[{"href":"https:\/\/www.blogsoestado.com\/danielmatos\/wp-json\/wp\/v2\/media?parent=56836"}],"wp:term":[{"taxonomy":"category","embeddable":true,"href":"https:\/\/www.blogsoestado.com\/danielmatos\/wp-json\/wp\/v2\/categories?post=56836"},{"taxonomy":"post_tag","embeddable":true,"href":"https:\/\/www.blogsoestado.com\/danielmatos\/wp-json\/wp\/v2\/tags?post=56836"}],"curies":[{"name":"wp","href":"https:\/\/api.w.org\/{rel}","templated":true}]}}