{"id":56844,"date":"2018-10-12T11:30:27","date_gmt":"2018-10-12T14:30:27","guid":{"rendered":"https:\/\/www.blogsoestado.com\/danielmatos\/?p=56844"},"modified":"2018-10-12T11:30:27","modified_gmt":"2018-10-12T14:30:27","slug":"prefeitura-de-arari-acionara-vale-na-justica-por-danos-causados-por-balsas-abandonadas-no-rio-mearim","status":"publish","type":"post","link":"https:\/\/www.blogsoestado.com\/danielmatos\/prefeitura-de-arari-acionara-vale-na-justica-por-danos-causados-por-balsas-abandonadas-no-rio-mearim\/","title":{"rendered":"Prefeitura de Arari acionar\u00e1 Vale na Justi\u00e7a por danos causados por balsas abandonadas no Rio Mearim"},"content":{"rendered":"<figure id=\"attachment_56822\" aria-describedby=\"caption-attachment-56822\" style=\"width: 650px\" class=\"wp-caption aligncenter\"><a href=\"https:\/\/www.blogsoestado.com\/danielmatos\/2018\/10\/11\/balsas-abandonadas-pela-vale-no-rio-mearim-causam-dano-ambiental-e-ameacam-pescadores-e-ribeirinhos\/balsa-encalhada\/\" rel=\"attachment wp-att-56822\"><img fetchpriority=\"high\" decoding=\"async\" class=\"wp-image-56822\" src=\"https:\/\/www.blogsoestado.com\/danielmatos\/files\/2018\/10\/balsa-encalhada.jpg\" alt=\"\" width=\"650\" height=\"366\" \/><\/a><figcaption id=\"caption-attachment-56822\" class=\"wp-caption-text\">Balsa abandonada pela Vale causa dano ambiental e preju\u00edzos financeiros a pescadores do Rio Mearim e ribeirinhos<\/figcaption><\/figure>\n<p>A Prefeitura de Arari, por meio da Secretaria Municipal de Meio Ambiente, anunciou, em nota encaminhada a este blog, que acionar\u00e1 a Vale judicialmente por causa dos danos causados por cinco balsas abandonadas ap\u00f3s conclus\u00e3o de uma ponte sobre o Rio Mearim. As embarca\u00e7\u00f5es est\u00e3o est\u00e3o \u00e0 deriva e representam risco ambiental, preju\u00edzos materiais a pescadores e fam\u00edlias ribeirinhas e amea\u00e7a de acidentes, com consequ\u00eancias imprevis\u00edveis.<\/p>\n<p>A Secretaria de Meio Ambiente de Arari apurou que a Vale terceirizou servi\u00e7os \u00e0 empresas Novus, que contratou seis balsas para uso na constru\u00e7\u00e3o de uma ponte sobre o Rio Mearim, na comunidade de Ararial, entre Arari e Vit\u00f3ria do Mearim, como parte de uma obra na Estrada de Ferro Caraj\u00e1s.<\/p>\n<p>Ap\u00f3s a conclus\u00e3o da obra, as seis balsas foram abandonadas, sem vigil\u00e2ncia, o que ocasionou o rompimento de cabos de cinco delas, que ficaram \u00e0 derivam no rio. Tr\u00eas dessas embarca\u00e7\u00f5es est\u00e3o atracadas \u00e0s margens do mesmo e a \u00faltima encalhou na foz do Igarap\u00e9 do Nema, afluente do Mearim. O igarap\u00e9 \u00e9 muito usado para a pesca e o translado para o rio por dezenas de fam\u00edlias que sobrevivem dessa atividade.<\/p>\n<figure id=\"attachment_56846\" aria-describedby=\"caption-attachment-56846\" style=\"width: 480px\" class=\"wp-caption aligncenter\"><a href=\"https:\/\/www.blogsoestado.com\/danielmatos\/2018\/10\/12\/prefeitura-de-arari-acionara-vale-na-justica-por-danos-causados-por-balsas-abandonadas-no-rio-mearim\/balsa-mearim\/\" rel=\"attachment wp-att-56846\"><img decoding=\"async\" class=\"size-full wp-image-56846\" src=\"https:\/\/www.blogsoestado.com\/danielmatos\/files\/2018\/10\/balsa-mearim.jpg\" alt=\"\" width=\"480\" height=\"502\" \/><\/a><figcaption id=\"caption-attachment-56846\" class=\"wp-caption-text\">Populares junto a una das balsas abandonadas, que encalhou na foz do Igarap\u00e9 do Nema<\/figcaption><\/figure>\n<p>A Prefeitura de Arari informa que a Vale foi alertada v\u00e1rias vezes pela administra\u00e7\u00e3o municipal, por meio da sua interlocutora com as comunidades, mas n\u00e3o emitiu resposta. A Secretaria de Meio Ambiente anuncia que est\u00e1 providenciando medidas administrativas e judiciais contra a mineradora, a fim de reparar os danos sofridos pelo munic\u00edpio e seus habitantes.<\/p>\n<p><strong>Vale se manifesta<\/strong><\/p>\n<p>A Vale informa, por meio da sua Assessoria de Imprensa, que as balsas citadas n\u00e3o pertencem \u00e0 mineradora, e sim \u00e0s empresas que prestaram servi\u00e7o \u00e0 contratada Novus, respons\u00e1vel pelas obras de constru\u00e7\u00e3o da ponte ferrovi\u00e1ria sobre o rio Mearim, conclu\u00edda em 2016.<\/p>\n<p>Considerando a situa\u00e7\u00e3o de abandono dos equipamentos e o pedido de apoio das comunidades, a Vale tem adotado medidas voltadas a manter as balsas presas e atuado junto \u00e0s autoridades competentes e \u00e0s empresas respons\u00e1veis para que as mesmas sejam removidas definitivamente.<\/p>\n<p>Por fim, informa que j\u00e1 notificou as empresas propriet\u00e1rias, de quem aguarda a apresenta\u00e7\u00e3o de plano de a\u00e7\u00e3o para resolu\u00e7\u00e3o da quest\u00e3o.<\/p>\n","protected":false},"excerpt":{"rendered":"<p>A Prefeitura de Arari, por meio da Secretaria Municipal de Meio Ambiente, anunciou, em nota encaminhada a este blog, que [&hellip;]<\/p>\n","protected":false},"author":0,"featured_media":0,"comment_status":"open","ping_status":"open","sticky":false,"template":"","format":"standard","meta":{"site-sidebar-layout":"default","site-content-layout":"","ast-site-content-layout":"default","site-content-style":"default","site-sidebar-style":"default","ast-global-header-display":"","ast-banner-title-visibility":"","ast-main-header-display":"","ast-hfb-above-header-display":"","ast-hfb-below-header-display":"","ast-hfb-mobile-header-display":"","site-post-title":"","ast-breadcrumbs-content":"","ast-featured-img":"","footer-sml-layout":"","ast-disable-related-posts":"","theme-transparent-header-meta":"","adv-header-id-meta":"","stick-header-meta":"","header-above-stick-meta":"","header-main-stick-meta":"","header-below-stick-meta":"","astra-migrate-meta-layouts":"default","ast-page-background-enabled":"default","ast-page-background-meta":{"desktop":{"background-color":"var(--ast-global-color-5)","background-image":"","background-repeat":"repeat","background-position":"center center","background-size":"auto","background-attachment":"scroll","background-type":"","background-media":"","overlay-type":"","overlay-color":"","overlay-opacity":"","overlay-gradient":""},"tablet":{"background-color":"","background-image":"","background-repeat":"repeat","background-position":"center center","background-size":"auto","background-attachment":"scroll","background-type":"","background-media":"","overlay-type":"","overlay-color":"","overlay-opacity":"","overlay-gradient":""},"mobile":{"background-color":"","background-image":"","background-repeat":"repeat","background-position":"center center","background-size":"auto","background-attachment":"scroll","background-type":"","background-media":"","overlay-type":"","overlay-color":"","overlay-opacity":"","overlay-gradient":""}},"ast-content-background-meta":{"desktop":{"background-color":"var(--ast-global-color-4)","background-image":"","background-repeat":"repeat","background-position":"center center","background-size":"auto","background-attachment":"scroll","background-type":"","background-media":"","overlay-type":"","overlay-color":"","overlay-opacity":"","overlay-gradient":""},"tablet":{"background-color":"var(--ast-global-color-4)","background-image":"","background-repeat":"repeat","background-position":"center center","background-size":"auto","background-attachment":"scroll","background-type":"","background-media":"","overlay-type":"","overlay-color":"","overlay-opacity":"","overlay-gradient":""},"mobile":{"background-color":"var(--ast-global-color-4)","background-image":"","background-repeat":"repeat","background-position":"center center","background-size":"auto","background-attachment":"scroll","background-type":"","background-media":"","overlay-type":"","overlay-color":"","overlay-opacity":"","overlay-gradient":""}},"footnotes":""},"categories":[1],"tags":[],"class_list":["post-56844","post","type-post","status-publish","format-standard","hentry","category-sem-categoria"],"yoast_head":"<!-- This site is optimized with the Yoast SEO plugin v26.6 - https:\/\/yoast.com\/wordpress\/plugins\/seo\/ -->\n<title>Prefeitura de Arari acionar\u00e1 Vale na Justi\u00e7a por danos causados por balsas abandonadas no Rio Mearim - Daniel Matos<\/title>\n<meta name=\"robots\" content=\"index, follow, max-snippet:-1, max-image-preview:large, max-video-preview:-1\" \/>\n<link rel=\"canonical\" href=\"https:\/\/www.blogsoestado.com\/danielmatos\/prefeitura-de-arari-acionara-vale-na-justica-por-danos-causados-por-balsas-abandonadas-no-rio-mearim\/\" \/>\n<meta property=\"og:locale\" content=\"pt_BR\" \/>\n<meta property=\"og:type\" content=\"article\" \/>\n<meta property=\"og:title\" content=\"Prefeitura de Arari acionar\u00e1 Vale na Justi\u00e7a por danos causados por balsas abandonadas no Rio Mearim - Daniel Matos\" \/>\n<meta property=\"og:description\" content=\"A Prefeitura de Arari, por meio da Secretaria Municipal de Meio Ambiente, anunciou, em nota encaminhada a este blog, que [&hellip;]\" \/>\n<meta property=\"og:url\" content=\"https:\/\/www.blogsoestado.com\/danielmatos\/prefeitura-de-arari-acionara-vale-na-justica-por-danos-causados-por-balsas-abandonadas-no-rio-mearim\/\" \/>\n<meta property=\"og:site_name\" content=\"Daniel Matos\" \/>\n<meta property=\"article:published_time\" content=\"2018-10-12T14:30:27+00:00\" \/>\n<meta property=\"og:image\" content=\"https:\/\/www.blogsoestado.com\/danielmatos\/files\/2018\/10\/balsa-encalhada.jpg\" \/>\n<meta name=\"twitter:card\" content=\"summary_large_image\" \/>\n<meta name=\"twitter:label1\" content=\"Est. tempo de leitura\" \/>\n\t<meta name=\"twitter:data1\" content=\"2 minutos\" \/>\n<script type=\"application\/ld+json\" class=\"yoast-schema-graph\">{\"@context\":\"https:\/\/schema.org\",\"@graph\":[{\"@type\":\"WebPage\",\"@id\":\"https:\/\/www.blogsoestado.com\/danielmatos\/prefeitura-de-arari-acionara-vale-na-justica-por-danos-causados-por-balsas-abandonadas-no-rio-mearim\/\",\"url\":\"https:\/\/www.blogsoestado.com\/danielmatos\/prefeitura-de-arari-acionara-vale-na-justica-por-danos-causados-por-balsas-abandonadas-no-rio-mearim\/\",\"name\":\"Prefeitura de Arari acionar\u00e1 Vale na Justi\u00e7a por danos causados por balsas abandonadas no Rio Mearim - Daniel Matos\",\"isPartOf\":{\"@id\":\"https:\/\/www.blogsoestado.com\/danielmatos\/#website\"},\"primaryImageOfPage\":{\"@id\":\"https:\/\/www.blogsoestado.com\/danielmatos\/prefeitura-de-arari-acionara-vale-na-justica-por-danos-causados-por-balsas-abandonadas-no-rio-mearim\/#primaryimage\"},\"image\":{\"@id\":\"https:\/\/www.blogsoestado.com\/danielmatos\/prefeitura-de-arari-acionara-vale-na-justica-por-danos-causados-por-balsas-abandonadas-no-rio-mearim\/#primaryimage\"},\"thumbnailUrl\":\"https:\/\/www.blogsoestado.com\/danielmatos\/files\/2018\/10\/balsa-encalhada.jpg\",\"datePublished\":\"2018-10-12T14:30:27+00:00\",\"author\":{\"@id\":\"\"},\"breadcrumb\":{\"@id\":\"https:\/\/www.blogsoestado.com\/danielmatos\/prefeitura-de-arari-acionara-vale-na-justica-por-danos-causados-por-balsas-abandonadas-no-rio-mearim\/#breadcrumb\"},\"inLanguage\":\"pt-BR\",\"potentialAction\":[{\"@type\":\"ReadAction\",\"target\":[\"https:\/\/www.blogsoestado.com\/danielmatos\/prefeitura-de-arari-acionara-vale-na-justica-por-danos-causados-por-balsas-abandonadas-no-rio-mearim\/\"]}]},{\"@type\":\"ImageObject\",\"inLanguage\":\"pt-BR\",\"@id\":\"https:\/\/www.blogsoestado.com\/danielmatos\/prefeitura-de-arari-acionara-vale-na-justica-por-danos-causados-por-balsas-abandonadas-no-rio-mearim\/#primaryimage\",\"url\":\"https:\/\/www.blogsoestado.com\/danielmatos\/files\/2018\/10\/balsa-encalhada.jpg\",\"contentUrl\":\"https:\/\/www.blogsoestado.com\/danielmatos\/files\/2018\/10\/balsa-encalhada.jpg\"},{\"@type\":\"BreadcrumbList\",\"@id\":\"https:\/\/www.blogsoestado.com\/danielmatos\/prefeitura-de-arari-acionara-vale-na-justica-por-danos-causados-por-balsas-abandonadas-no-rio-mearim\/#breadcrumb\",\"itemListElement\":[{\"@type\":\"ListItem\",\"position\":1,\"name\":\"In\u00edcio\",\"item\":\"https:\/\/www.blogsoestado.com\/danielmatos\/\"},{\"@type\":\"ListItem\",\"position\":2,\"name\":\"Prefeitura de Arari acionar\u00e1 Vale na Justi\u00e7a por danos causados por balsas abandonadas no Rio Mearim\"}]},{\"@type\":\"WebSite\",\"@id\":\"https:\/\/www.blogsoestado.com\/danielmatos\/#website\",\"url\":\"https:\/\/www.blogsoestado.com\/danielmatos\/\",\"name\":\"Daniel Matos\",\"description\":\"\",\"potentialAction\":[{\"@type\":\"SearchAction\",\"target\":{\"@type\":\"EntryPoint\",\"urlTemplate\":\"https:\/\/www.blogsoestado.com\/danielmatos\/?s={search_term_string}\"},\"query-input\":{\"@type\":\"PropertyValueSpecification\",\"valueRequired\":true,\"valueName\":\"search_term_string\"}}],\"inLanguage\":\"pt-BR\"}]}<\/script>\n<!-- \/ Yoast SEO plugin. -->","yoast_head_json":{"title":"Prefeitura de Arari acionar\u00e1 Vale na Justi\u00e7a por danos causados por balsas abandonadas no Rio Mearim - Daniel Matos","robots":{"index":"index","follow":"follow","max-snippet":"max-snippet:-1","max-image-preview":"max-image-preview:large","max-video-preview":"max-video-preview:-1"},"canonical":"https:\/\/www.blogsoestado.com\/danielmatos\/prefeitura-de-arari-acionara-vale-na-justica-por-danos-causados-por-balsas-abandonadas-no-rio-mearim\/","og_locale":"pt_BR","og_type":"article","og_title":"Prefeitura de Arari acionar\u00e1 Vale na Justi\u00e7a por danos causados por balsas abandonadas no Rio Mearim - Daniel Matos","og_description":"A Prefeitura de Arari, por meio da Secretaria Municipal de Meio Ambiente, anunciou, em nota encaminhada a este blog, que [&hellip;]","og_url":"https:\/\/www.blogsoestado.com\/danielmatos\/prefeitura-de-arari-acionara-vale-na-justica-por-danos-causados-por-balsas-abandonadas-no-rio-mearim\/","og_site_name":"Daniel Matos","article_published_time":"2018-10-12T14:30:27+00:00","og_image":[{"url":"https:\/\/www.blogsoestado.com\/danielmatos\/files\/2018\/10\/balsa-encalhada.jpg","type":"","width":"","height":""}],"twitter_card":"summary_large_image","twitter_misc":{"Est. tempo de leitura":"2 minutos"},"schema":{"@context":"https:\/\/schema.org","@graph":[{"@type":"WebPage","@id":"https:\/\/www.blogsoestado.com\/danielmatos\/prefeitura-de-arari-acionara-vale-na-justica-por-danos-causados-por-balsas-abandonadas-no-rio-mearim\/","url":"https:\/\/www.blogsoestado.com\/danielmatos\/prefeitura-de-arari-acionara-vale-na-justica-por-danos-causados-por-balsas-abandonadas-no-rio-mearim\/","name":"Prefeitura de Arari acionar\u00e1 Vale na Justi\u00e7a por danos causados por balsas abandonadas no Rio Mearim - Daniel Matos","isPartOf":{"@id":"https:\/\/www.blogsoestado.com\/danielmatos\/#website"},"primaryImageOfPage":{"@id":"https:\/\/www.blogsoestado.com\/danielmatos\/prefeitura-de-arari-acionara-vale-na-justica-por-danos-causados-por-balsas-abandonadas-no-rio-mearim\/#primaryimage"},"image":{"@id":"https:\/\/www.blogsoestado.com\/danielmatos\/prefeitura-de-arari-acionara-vale-na-justica-por-danos-causados-por-balsas-abandonadas-no-rio-mearim\/#primaryimage"},"thumbnailUrl":"https:\/\/www.blogsoestado.com\/danielmatos\/files\/2018\/10\/balsa-encalhada.jpg","datePublished":"2018-10-12T14:30:27+00:00","author":{"@id":""},"breadcrumb":{"@id":"https:\/\/www.blogsoestado.com\/danielmatos\/prefeitura-de-arari-acionara-vale-na-justica-por-danos-causados-por-balsas-abandonadas-no-rio-mearim\/#breadcrumb"},"inLanguage":"pt-BR","potentialAction":[{"@type":"ReadAction","target":["https:\/\/www.blogsoestado.com\/danielmatos\/prefeitura-de-arari-acionara-vale-na-justica-por-danos-causados-por-balsas-abandonadas-no-rio-mearim\/"]}]},{"@type":"ImageObject","inLanguage":"pt-BR","@id":"https:\/\/www.blogsoestado.com\/danielmatos\/prefeitura-de-arari-acionara-vale-na-justica-por-danos-causados-por-balsas-abandonadas-no-rio-mearim\/#primaryimage","url":"https:\/\/www.blogsoestado.com\/danielmatos\/files\/2018\/10\/balsa-encalhada.jpg","contentUrl":"https:\/\/www.blogsoestado.com\/danielmatos\/files\/2018\/10\/balsa-encalhada.jpg"},{"@type":"BreadcrumbList","@id":"https:\/\/www.blogsoestado.com\/danielmatos\/prefeitura-de-arari-acionara-vale-na-justica-por-danos-causados-por-balsas-abandonadas-no-rio-mearim\/#breadcrumb","itemListElement":[{"@type":"ListItem","position":1,"name":"In\u00edcio","item":"https:\/\/www.blogsoestado.com\/danielmatos\/"},{"@type":"ListItem","position":2,"name":"Prefeitura de Arari acionar\u00e1 Vale na Justi\u00e7a por danos causados por balsas abandonadas no Rio Mearim"}]},{"@type":"WebSite","@id":"https:\/\/www.blogsoestado.com\/danielmatos\/#website","url":"https:\/\/www.blogsoestado.com\/danielmatos\/","name":"Daniel Matos","description":"","potentialAction":[{"@type":"SearchAction","target":{"@type":"EntryPoint","urlTemplate":"https:\/\/www.blogsoestado.com\/danielmatos\/?s={search_term_string}"},"query-input":{"@type":"PropertyValueSpecification","valueRequired":true,"valueName":"search_term_string"}}],"inLanguage":"pt-BR"}]}},"jetpack_featured_media_url":"","_links":{"self":[{"href":"https:\/\/www.blogsoestado.com\/danielmatos\/wp-json\/wp\/v2\/posts\/56844","targetHints":{"allow":["GET"]}}],"collection":[{"href":"https:\/\/www.blogsoestado.com\/danielmatos\/wp-json\/wp\/v2\/posts"}],"about":[{"href":"https:\/\/www.blogsoestado.com\/danielmatos\/wp-json\/wp\/v2\/types\/post"}],"replies":[{"embeddable":true,"href":"https:\/\/www.blogsoestado.com\/danielmatos\/wp-json\/wp\/v2\/comments?post=56844"}],"version-history":[{"count":0,"href":"https:\/\/www.blogsoestado.com\/danielmatos\/wp-json\/wp\/v2\/posts\/56844\/revisions"}],"wp:attachment":[{"href":"https:\/\/www.blogsoestado.com\/danielmatos\/wp-json\/wp\/v2\/media?parent=56844"}],"wp:term":[{"taxonomy":"category","embeddable":true,"href":"https:\/\/www.blogsoestado.com\/danielmatos\/wp-json\/wp\/v2\/categories?post=56844"},{"taxonomy":"post_tag","embeddable":true,"href":"https:\/\/www.blogsoestado.com\/danielmatos\/wp-json\/wp\/v2\/tags?post=56844"}],"curies":[{"name":"wp","href":"https:\/\/api.w.org\/{rel}","templated":true}]}}