{"id":56869,"date":"2018-10-13T09:03:44","date_gmt":"2018-10-13T12:03:44","guid":{"rendered":"https:\/\/www.blogsoestado.com\/danielmatos\/?p=56869"},"modified":"2018-10-13T09:03:44","modified_gmt":"2018-10-13T12:03:44","slug":"paulo-marinho-comete-injustica-ao-culpar-fabio-gentil-pela-derrota-do-filho-nas-urnas","status":"publish","type":"post","link":"https:\/\/www.blogsoestado.com\/danielmatos\/paulo-marinho-comete-injustica-ao-culpar-fabio-gentil-pela-derrota-do-filho-nas-urnas\/","title":{"rendered":"Paulo Marinho comete injusti\u00e7a ao culpar F\u00e1bio Gentil pela derrota do filho nas urnas"},"content":{"rendered":"<figure id=\"attachment_56870\" aria-describedby=\"caption-attachment-56870\" style=\"width: 450px\" class=\"wp-caption alignleft\"><a href=\"https:\/\/www.blogsoestado.com\/danielmatos\/2018\/10\/13\/paulo-marinho-comete-injustica-ao-culpar-fabio-gentil-pela-derrota-do-filho-nas-urnas\/paulinhoezegentil\/\" rel=\"attachment wp-att-56870\"><img fetchpriority=\"high\" decoding=\"async\" class=\"wp-image-56870\" src=\"https:\/\/www.blogsoestado.com\/danielmatos\/files\/2018\/10\/PaulinhoeZeGentil.jpeg\" alt=\"\" width=\"450\" height=\"300\" \/><\/a><figcaption id=\"caption-attachment-56870\" class=\"wp-caption-text\">Paulinho e Z\u00e9 Gentil fizeram dobradinha e foram os candidatos a deputado federal e estadual mais votados da hist\u00f3ria de Caxias<\/figcaption><\/figure>\n<p>Fracassou mais uma vez a tentativa do ex-prefeito de Caxias e ex-deputado federal Paulo Marinho de eleger o filho, Paulo Marinho Jr. (PP), para uma vaga na C\u00e2mara Federa. Foi a quinta derrota nas urnas do herdeiro pol\u00edtico da fam\u00edlia Marinho. Em meio ao trauma causado pelo novo rev\u00e9s eleitoral, o patriarca tenta apontar culpados e mira justamente um dos aliados que mais o ajudou, o prefeito de Caxias, F\u00e1bio Gentil (PRB), de quem Paulinho \u00e9 vice, cometendo uma injusti\u00e7a que s\u00f3 os fatos muito bem colocados podem remediar.<\/p>\n<p>Ciente de que teria pela frente uma elei\u00e7\u00e3o muito acirrada, Paulo Marinho (o pai) simplesmente abriu m\u00e3o do apoio do grupo liderado pela ex-governadora Roseana Sarney (MDB), aderindo ao senador Roberto Rocha (PSDB), que assim como Roseana, concorreu \u00e0 sucess\u00e3o estadual, mas com densidade eleitoral muito menor. A ades\u00e3o de Marinho no tucano empurrou o primog\u00eanito, que praticamente nasceu dentro do PMDB (hoje MDB), para uma disputa suicida, dentro do chamado &#8220;chap\u00e3o da morte com PP&#8221;. Trag\u00e9dia anunciada.<\/p>\n<p>Ao apoiar, na elei\u00e7\u00e3o de senador, o deputado estadual Alexandre Almeida (PSDB), de Timon, Marinho atrapalhou at\u00e9 as candidaturas de Edison Lob\u00e3o (MDB) e Sarney Filho (PV), embora soubesse que as chances de \u00eaxito do seu escolhida era m\u00ednimas.<\/p>\n<p>Diante da incoer\u00eancia de Paulo Marinho, \u00e9 oportuno reafirmar o empenho do prefeito F\u00e1bio Gentil, que vestiu a camisa de Paulinho e investiu pesado e de forma convicta na dobradinha do herdeiro da fam\u00edlia Marinho com seu pai, o deputado estadual eleito em quarto lugar, Z\u00e9 Gentil (PRB). N\u00e3o fosse essa articula\u00e7\u00e3o, um gesto de lealdade, em reconhecimento ao apoio dos Marinhos \u00e0 elei\u00e7\u00e3o do atual prefeito, h\u00e1 dois anos, talvez, a vota\u00e7\u00e3o de Paulinho, tivesse sido p\u00edfia. Pelo contr\u00e1rio, em Caxias, ele entrou para a hist\u00f3ria como o candidato a deputado federal mais votado na cidade, da mesma forma como ocorreu com Z\u00e9 Gentil, um feito grandioso, digno do melhor registro na pol\u00edtica do Maranh\u00e3o.<\/p>\n<p>\u00c9 fato: Paulinho e Z\u00e9 Gentil sa\u00edram casadinhos nos votos em Caxias, uma demonstra\u00e7\u00e3o da for\u00e7a da uni\u00e3o dos dois grupos, que derrotaram o cl\u00e3 Coutinho, em 2016.<\/p>\n<p>Se n\u00e3o fosse o desempenho aqu\u00e9m das expectativas de Paulinho nos munic\u00edpios de Coelho Neto, onde o ex-prefeito e ent\u00e3o candidato a deputado estadual Soliney Silva (MDB) lhe prometera 12 mil votos, e em Timon, de onde eram esperados pelo menos 8 mil votos, gra\u00e7as \u00e0 alian\u00e7a com Alexandre Almeida para o Senado, o filho de Paulo Marinho estaria eleito.<\/p>\n<p>Paulo Marinho, o pai, ao lamentar a derrota do herdeiro, est\u00e1 sendo ingrato ao tentar culpar F\u00e1bio Gentil pelo insucesso do projeto pol\u00edtico. Se existe algum culpado, n\u00e3o \u00e9 o prefeito, j\u00e1 que tanto Paulinho, quanto Z\u00e9 Gentil obtiveram, praticamente, a mesma vota\u00e7\u00e3o em Caxias.<\/p>\n<p>O inconformismo de Paulo Marinho se d\u00e1 porque outros candidatos eleitos foram votados na cidade.<br \/>\nCl\u00e9ber Verde obteve pouco mais de 5 mil votos, e Edilazio, pouco mais de 3 mil. Se forem somados os votos dos dois e dados a Paulinho, nem assim ele estaria eleito. Portanto, o choro do patriarca da fam\u00edlia Marinho \u00e9 consequ\u00eancia da sua pr\u00f3pria incompet\u00eancia em n\u00e3o eleger o filho com votos de outros redutos eleitorais, e n\u00e3o de Caxias.<\/p>\n<p>A pol\u00edtica mudou e os pol\u00edticos que n\u00e3o acompanharam tal mudan\u00e7a e ainda ficam procurando desculpas para suas lamenta\u00e7\u00f5es ficam perdidos no tempo e ultrapassados pelas novas tend\u00eancias eleitorais, que exigem, sobretudo, habilidade e humildade para reconhecer seus pontos fracos.<\/p>\n<p>Trocar o certo pela duvidoso nunca foi a forma mais sensata de fazer escolhas. A fam\u00edlia Marinho errou ao abandonar suas origens, fincadas no MDB. Se l\u00e1 o grupo tivesse permanecido, Paulo Marinho hoje estaria comemorando a vit\u00f3ria do filho, em vez de estar derramando l\u00e1grimas e tratando com injusti\u00e7a aliados que com ele marcharam juntos na campanha, do in\u00edcio ao fim, como t\u00e3o bem demonstraram as urnas em Caxias.<\/p>\n<p>A ingratid\u00e3o de Paulo Marinho n\u00e3o \u00e9 apenas com o grupo pol\u00edtico liderado por F\u00e1bio Gentil, mas, acima de tudo, com os caxienses, pois muitos dos que votaram em Paulinho o fizeram a pedido da fam\u00edlia do prefeito, que trabalhou e mostrou, ao fim da elei\u00e7\u00e3o, com as vota\u00e7\u00f5es quase id\u00eanticas de Z\u00e9 Gentil e Paulinho, qu\u00e3o leal tem sido \u00e0 alian\u00e7a firmada em 2016.<\/p>\n","protected":false},"excerpt":{"rendered":"<p>Fracassou mais uma vez a tentativa do ex-prefeito de Caxias e ex-deputado federal Paulo Marinho de eleger o filho, Paulo [&hellip;]<\/p>\n","protected":false},"author":0,"featured_media":0,"comment_status":"open","ping_status":"open","sticky":false,"template":"","format":"standard","meta":{"site-sidebar-layout":"default","site-content-layout":"","ast-site-content-layout":"default","site-content-style":"default","site-sidebar-style":"default","ast-global-header-display":"","ast-banner-title-visibility":"","ast-main-header-display":"","ast-hfb-above-header-display":"","ast-hfb-below-header-display":"","ast-hfb-mobile-header-display":"","site-post-title":"","ast-breadcrumbs-content":"","ast-featured-img":"","footer-sml-layout":"","ast-disable-related-posts":"","theme-transparent-header-meta":"","adv-header-id-meta":"","stick-header-meta":"","header-above-stick-meta":"","header-main-stick-meta":"","header-below-stick-meta":"","astra-migrate-meta-layouts":"default","ast-page-background-enabled":"default","ast-page-background-meta":{"desktop":{"background-color":"var(--ast-global-color-5)","background-image":"","background-repeat":"repeat","background-position":"center center","background-size":"auto","background-attachment":"scroll","background-type":"","background-media":"","overlay-type":"","overlay-color":"","overlay-opacity":"","overlay-gradient":""},"tablet":{"background-color":"","background-image":"","background-repeat":"repeat","background-position":"center center","background-size":"auto","background-attachment":"scroll","background-type":"","background-media":"","overlay-type":"","overlay-color":"","overlay-opacity":"","overlay-gradient":""},"mobile":{"background-color":"","background-image":"","background-repeat":"repeat","background-position":"center center","background-size":"auto","background-attachment":"scroll","background-type":"","background-media":"","overlay-type":"","overlay-color":"","overlay-opacity":"","overlay-gradient":""}},"ast-content-background-meta":{"desktop":{"background-color":"var(--ast-global-color-4)","background-image":"","background-repeat":"repeat","background-position":"center center","background-size":"auto","background-attachment":"scroll","background-type":"","background-media":"","overlay-type":"","overlay-color":"","overlay-opacity":"","overlay-gradient":""},"tablet":{"background-color":"var(--ast-global-color-4)","background-image":"","background-repeat":"repeat","background-position":"center center","background-size":"auto","background-attachment":"scroll","background-type":"","background-media":"","overlay-type":"","overlay-color":"","overlay-opacity":"","overlay-gradient":""},"mobile":{"background-color":"var(--ast-global-color-4)","background-image":"","background-repeat":"repeat","background-position":"center center","background-size":"auto","background-attachment":"scroll","background-type":"","background-media":"","overlay-type":"","overlay-color":"","overlay-opacity":"","overlay-gradient":""}},"footnotes":""},"categories":[1],"tags":[],"class_list":["post-56869","post","type-post","status-publish","format-standard","hentry","category-sem-categoria"],"yoast_head":"<!-- This site is optimized with the Yoast SEO plugin v26.6 - https:\/\/yoast.com\/wordpress\/plugins\/seo\/ -->\n<title>Paulo Marinho comete injusti\u00e7a ao culpar F\u00e1bio Gentil pela derrota do filho nas urnas - Daniel Matos<\/title>\n<meta name=\"robots\" content=\"index, follow, max-snippet:-1, max-image-preview:large, max-video-preview:-1\" \/>\n<link rel=\"canonical\" href=\"https:\/\/www.blogsoestado.com\/danielmatos\/paulo-marinho-comete-injustica-ao-culpar-fabio-gentil-pela-derrota-do-filho-nas-urnas\/\" \/>\n<meta property=\"og:locale\" content=\"pt_BR\" \/>\n<meta property=\"og:type\" content=\"article\" \/>\n<meta property=\"og:title\" content=\"Paulo Marinho comete injusti\u00e7a ao culpar F\u00e1bio Gentil pela derrota do filho nas urnas - Daniel Matos\" \/>\n<meta property=\"og:description\" content=\"Fracassou mais uma vez a tentativa do ex-prefeito de Caxias e ex-deputado federal Paulo Marinho de eleger o filho, Paulo [&hellip;]\" \/>\n<meta property=\"og:url\" content=\"https:\/\/www.blogsoestado.com\/danielmatos\/paulo-marinho-comete-injustica-ao-culpar-fabio-gentil-pela-derrota-do-filho-nas-urnas\/\" \/>\n<meta property=\"og:site_name\" content=\"Daniel Matos\" \/>\n<meta property=\"article:published_time\" content=\"2018-10-13T12:03:44+00:00\" \/>\n<meta property=\"og:image\" content=\"https:\/\/www.blogsoestado.com\/danielmatos\/files\/2018\/10\/PaulinhoeZeGentil.jpeg\" \/>\n<meta name=\"twitter:card\" content=\"summary_large_image\" \/>\n<meta name=\"twitter:label1\" content=\"Est. tempo de leitura\" \/>\n\t<meta name=\"twitter:data1\" content=\"4 minutos\" \/>\n<script type=\"application\/ld+json\" class=\"yoast-schema-graph\">{\"@context\":\"https:\/\/schema.org\",\"@graph\":[{\"@type\":\"WebPage\",\"@id\":\"https:\/\/www.blogsoestado.com\/danielmatos\/paulo-marinho-comete-injustica-ao-culpar-fabio-gentil-pela-derrota-do-filho-nas-urnas\/\",\"url\":\"https:\/\/www.blogsoestado.com\/danielmatos\/paulo-marinho-comete-injustica-ao-culpar-fabio-gentil-pela-derrota-do-filho-nas-urnas\/\",\"name\":\"Paulo Marinho comete injusti\u00e7a ao culpar F\u00e1bio Gentil pela derrota do filho nas urnas - Daniel Matos\",\"isPartOf\":{\"@id\":\"https:\/\/www.blogsoestado.com\/danielmatos\/#website\"},\"primaryImageOfPage\":{\"@id\":\"https:\/\/www.blogsoestado.com\/danielmatos\/paulo-marinho-comete-injustica-ao-culpar-fabio-gentil-pela-derrota-do-filho-nas-urnas\/#primaryimage\"},\"image\":{\"@id\":\"https:\/\/www.blogsoestado.com\/danielmatos\/paulo-marinho-comete-injustica-ao-culpar-fabio-gentil-pela-derrota-do-filho-nas-urnas\/#primaryimage\"},\"thumbnailUrl\":\"https:\/\/www.blogsoestado.com\/danielmatos\/files\/2018\/10\/PaulinhoeZeGentil.jpeg\",\"datePublished\":\"2018-10-13T12:03:44+00:00\",\"author\":{\"@id\":\"\"},\"breadcrumb\":{\"@id\":\"https:\/\/www.blogsoestado.com\/danielmatos\/paulo-marinho-comete-injustica-ao-culpar-fabio-gentil-pela-derrota-do-filho-nas-urnas\/#breadcrumb\"},\"inLanguage\":\"pt-BR\",\"potentialAction\":[{\"@type\":\"ReadAction\",\"target\":[\"https:\/\/www.blogsoestado.com\/danielmatos\/paulo-marinho-comete-injustica-ao-culpar-fabio-gentil-pela-derrota-do-filho-nas-urnas\/\"]}]},{\"@type\":\"ImageObject\",\"inLanguage\":\"pt-BR\",\"@id\":\"https:\/\/www.blogsoestado.com\/danielmatos\/paulo-marinho-comete-injustica-ao-culpar-fabio-gentil-pela-derrota-do-filho-nas-urnas\/#primaryimage\",\"url\":\"https:\/\/www.blogsoestado.com\/danielmatos\/files\/2018\/10\/PaulinhoeZeGentil.jpeg\",\"contentUrl\":\"https:\/\/www.blogsoestado.com\/danielmatos\/files\/2018\/10\/PaulinhoeZeGentil.jpeg\"},{\"@type\":\"BreadcrumbList\",\"@id\":\"https:\/\/www.blogsoestado.com\/danielmatos\/paulo-marinho-comete-injustica-ao-culpar-fabio-gentil-pela-derrota-do-filho-nas-urnas\/#breadcrumb\",\"itemListElement\":[{\"@type\":\"ListItem\",\"position\":1,\"name\":\"In\u00edcio\",\"item\":\"https:\/\/www.blogsoestado.com\/danielmatos\/\"},{\"@type\":\"ListItem\",\"position\":2,\"name\":\"Paulo Marinho comete injusti\u00e7a ao culpar F\u00e1bio Gentil pela derrota do filho nas urnas\"}]},{\"@type\":\"WebSite\",\"@id\":\"https:\/\/www.blogsoestado.com\/danielmatos\/#website\",\"url\":\"https:\/\/www.blogsoestado.com\/danielmatos\/\",\"name\":\"Daniel Matos\",\"description\":\"\",\"potentialAction\":[{\"@type\":\"SearchAction\",\"target\":{\"@type\":\"EntryPoint\",\"urlTemplate\":\"https:\/\/www.blogsoestado.com\/danielmatos\/?s={search_term_string}\"},\"query-input\":{\"@type\":\"PropertyValueSpecification\",\"valueRequired\":true,\"valueName\":\"search_term_string\"}}],\"inLanguage\":\"pt-BR\"}]}<\/script>\n<!-- \/ Yoast SEO plugin. -->","yoast_head_json":{"title":"Paulo Marinho comete injusti\u00e7a ao culpar F\u00e1bio Gentil pela derrota do filho nas urnas - Daniel Matos","robots":{"index":"index","follow":"follow","max-snippet":"max-snippet:-1","max-image-preview":"max-image-preview:large","max-video-preview":"max-video-preview:-1"},"canonical":"https:\/\/www.blogsoestado.com\/danielmatos\/paulo-marinho-comete-injustica-ao-culpar-fabio-gentil-pela-derrota-do-filho-nas-urnas\/","og_locale":"pt_BR","og_type":"article","og_title":"Paulo Marinho comete injusti\u00e7a ao culpar F\u00e1bio Gentil pela derrota do filho nas urnas - Daniel Matos","og_description":"Fracassou mais uma vez a tentativa do ex-prefeito de Caxias e ex-deputado federal Paulo Marinho de eleger o filho, Paulo [&hellip;]","og_url":"https:\/\/www.blogsoestado.com\/danielmatos\/paulo-marinho-comete-injustica-ao-culpar-fabio-gentil-pela-derrota-do-filho-nas-urnas\/","og_site_name":"Daniel Matos","article_published_time":"2018-10-13T12:03:44+00:00","og_image":[{"url":"https:\/\/www.blogsoestado.com\/danielmatos\/files\/2018\/10\/PaulinhoeZeGentil.jpeg","type":"","width":"","height":""}],"twitter_card":"summary_large_image","twitter_misc":{"Est. tempo de leitura":"4 minutos"},"schema":{"@context":"https:\/\/schema.org","@graph":[{"@type":"WebPage","@id":"https:\/\/www.blogsoestado.com\/danielmatos\/paulo-marinho-comete-injustica-ao-culpar-fabio-gentil-pela-derrota-do-filho-nas-urnas\/","url":"https:\/\/www.blogsoestado.com\/danielmatos\/paulo-marinho-comete-injustica-ao-culpar-fabio-gentil-pela-derrota-do-filho-nas-urnas\/","name":"Paulo Marinho comete injusti\u00e7a ao culpar F\u00e1bio Gentil pela derrota do filho nas urnas - Daniel Matos","isPartOf":{"@id":"https:\/\/www.blogsoestado.com\/danielmatos\/#website"},"primaryImageOfPage":{"@id":"https:\/\/www.blogsoestado.com\/danielmatos\/paulo-marinho-comete-injustica-ao-culpar-fabio-gentil-pela-derrota-do-filho-nas-urnas\/#primaryimage"},"image":{"@id":"https:\/\/www.blogsoestado.com\/danielmatos\/paulo-marinho-comete-injustica-ao-culpar-fabio-gentil-pela-derrota-do-filho-nas-urnas\/#primaryimage"},"thumbnailUrl":"https:\/\/www.blogsoestado.com\/danielmatos\/files\/2018\/10\/PaulinhoeZeGentil.jpeg","datePublished":"2018-10-13T12:03:44+00:00","author":{"@id":""},"breadcrumb":{"@id":"https:\/\/www.blogsoestado.com\/danielmatos\/paulo-marinho-comete-injustica-ao-culpar-fabio-gentil-pela-derrota-do-filho-nas-urnas\/#breadcrumb"},"inLanguage":"pt-BR","potentialAction":[{"@type":"ReadAction","target":["https:\/\/www.blogsoestado.com\/danielmatos\/paulo-marinho-comete-injustica-ao-culpar-fabio-gentil-pela-derrota-do-filho-nas-urnas\/"]}]},{"@type":"ImageObject","inLanguage":"pt-BR","@id":"https:\/\/www.blogsoestado.com\/danielmatos\/paulo-marinho-comete-injustica-ao-culpar-fabio-gentil-pela-derrota-do-filho-nas-urnas\/#primaryimage","url":"https:\/\/www.blogsoestado.com\/danielmatos\/files\/2018\/10\/PaulinhoeZeGentil.jpeg","contentUrl":"https:\/\/www.blogsoestado.com\/danielmatos\/files\/2018\/10\/PaulinhoeZeGentil.jpeg"},{"@type":"BreadcrumbList","@id":"https:\/\/www.blogsoestado.com\/danielmatos\/paulo-marinho-comete-injustica-ao-culpar-fabio-gentil-pela-derrota-do-filho-nas-urnas\/#breadcrumb","itemListElement":[{"@type":"ListItem","position":1,"name":"In\u00edcio","item":"https:\/\/www.blogsoestado.com\/danielmatos\/"},{"@type":"ListItem","position":2,"name":"Paulo Marinho comete injusti\u00e7a ao culpar F\u00e1bio Gentil pela derrota do filho nas urnas"}]},{"@type":"WebSite","@id":"https:\/\/www.blogsoestado.com\/danielmatos\/#website","url":"https:\/\/www.blogsoestado.com\/danielmatos\/","name":"Daniel Matos","description":"","potentialAction":[{"@type":"SearchAction","target":{"@type":"EntryPoint","urlTemplate":"https:\/\/www.blogsoestado.com\/danielmatos\/?s={search_term_string}"},"query-input":{"@type":"PropertyValueSpecification","valueRequired":true,"valueName":"search_term_string"}}],"inLanguage":"pt-BR"}]}},"jetpack_featured_media_url":"","_links":{"self":[{"href":"https:\/\/www.blogsoestado.com\/danielmatos\/wp-json\/wp\/v2\/posts\/56869","targetHints":{"allow":["GET"]}}],"collection":[{"href":"https:\/\/www.blogsoestado.com\/danielmatos\/wp-json\/wp\/v2\/posts"}],"about":[{"href":"https:\/\/www.blogsoestado.com\/danielmatos\/wp-json\/wp\/v2\/types\/post"}],"replies":[{"embeddable":true,"href":"https:\/\/www.blogsoestado.com\/danielmatos\/wp-json\/wp\/v2\/comments?post=56869"}],"version-history":[{"count":0,"href":"https:\/\/www.blogsoestado.com\/danielmatos\/wp-json\/wp\/v2\/posts\/56869\/revisions"}],"wp:attachment":[{"href":"https:\/\/www.blogsoestado.com\/danielmatos\/wp-json\/wp\/v2\/media?parent=56869"}],"wp:term":[{"taxonomy":"category","embeddable":true,"href":"https:\/\/www.blogsoestado.com\/danielmatos\/wp-json\/wp\/v2\/categories?post=56869"},{"taxonomy":"post_tag","embeddable":true,"href":"https:\/\/www.blogsoestado.com\/danielmatos\/wp-json\/wp\/v2\/tags?post=56869"}],"curies":[{"name":"wp","href":"https:\/\/api.w.org\/{rel}","templated":true}]}}