{"id":56933,"date":"2018-10-16T10:21:24","date_gmt":"2018-10-16T13:21:24","guid":{"rendered":"https:\/\/www.blogsoestado.com\/danielmatos\/?p=56933"},"modified":"2018-10-16T10:21:24","modified_gmt":"2018-10-16T13:21:24","slug":"thiago-diaz-estaria-se-beneficiando-de-alugueis-de-subsecao-da-oab","status":"publish","type":"post","link":"https:\/\/www.blogsoestado.com\/danielmatos\/thiago-diaz-estaria-se-beneficiando-de-alugueis-de-subsecao-da-oab\/","title":{"rendered":"Thiago Diaz estaria se beneficiando de alugu\u00e9is de subse\u00e7\u00e3o da OAB"},"content":{"rendered":"<figure id=\"attachment_56937\" aria-describedby=\"caption-attachment-56937\" style=\"width: 450px\" class=\"wp-caption alignleft\"><a href=\"https:\/\/www.blogsoestado.com\/danielmatos\/2018\/10\/16\/thiago-diaz-estaria-se-beneficiando-de-alugueis-de-subsecao-da-oab\/thiago-favorecido\/\" rel=\"attachment wp-att-56937\"><img fetchpriority=\"high\" decoding=\"async\" class=\"wp-image-56937\" src=\"https:\/\/www.blogsoestado.com\/danielmatos\/files\/2018\/10\/thiago-favorecido.jpg\" alt=\"\" width=\"450\" height=\"232\" \/><\/a><figcaption id=\"caption-attachment-56937\" class=\"wp-caption-text\">Thiago Diaz \u00e9 acusado de usar alugueis pagos pela OAB em benef\u00edcio pr\u00f3prio<\/figcaption><\/figure>\n<p>O clima nas elei\u00e7\u00f5es para a presid\u00eancia da OAB-MA come\u00e7a a se acirrar. O blog recebeu den\u00fancia bomb\u00e1stica contra o atual presidente da entidade e candidato \u00e0 reelei\u00e7\u00e3o, Thiago Diaz, Ele estaria se beneficiando de alugu\u00e9is da institui\u00e7\u00e3o. Um caso espec\u00edfico envolve a Subse\u00e7\u00e3o da OAB de Santa In\u00eas, onde a entidade reformou e alugou um pr\u00e9dio localizado bem distante do f\u00f3rum. O detalhe \u00e9 que o im\u00f3vel pertence \u00e0 pr\u00f3pria presidente da Subse\u00e7\u00e3o, Karine Peres da Silva Sarmento (conforme comprova documento em anexo).<\/p>\n<p>Pelo visto, agora v\u00e3o aparecer os motivos que justificam o isolamento do atual presidente da OAB-MA.<\/p>\n<p>E na tentativa de ganhar for\u00e7a, todos os grupos se uniram. Parte do que era do antigo presidente, M\u00e1rio Macieira, est\u00e1 com Thiago Diaz hoje.<\/p>\n<p>Por outro lado, a oposi\u00e7\u00e3o tenta se unir. No final das contas, pesam contra Thiago as den\u00fancias e o instituto da reelei\u00e7\u00e3o, dois itens inaceit\u00e1veis pelos advogados.<\/p>\n<p>Confira o documento que comprova que o pr\u00e9dio alugado e reformado para sediar a Subse\u00e7\u00e3o da OAB de Santa In\u00eas pertence \u00e0 pr\u00f3pria presidente da unidade:<\/p>\n<p><a href=\"https:\/\/www.blogsoestado.com\/danielmatos\/2018\/10\/16\/thiago-diaz-estaria-se-beneficiando-de-alugueis-de-subsecao-da-oab\/certidao-oab3-2\/\" rel=\"attachment wp-att-56936\"><img decoding=\"async\" class=\"aligncenter wp-image-56936\" src=\"https:\/\/www.blogsoestado.com\/danielmatos\/files\/2018\/10\/certidao-oab3-1.jpg\" alt=\"\" width=\"650\" height=\"475\" \/><\/a><\/p>\n","protected":false},"excerpt":{"rendered":"<p>O clima nas elei\u00e7\u00f5es para a presid\u00eancia da OAB-MA come\u00e7a a se acirrar. O blog recebeu den\u00fancia bomb\u00e1stica contra o [&hellip;]<\/p>\n","protected":false},"author":0,"featured_media":0,"comment_status":"open","ping_status":"open","sticky":false,"template":"","format":"standard","meta":{"site-sidebar-layout":"default","site-content-layout":"","ast-site-content-layout":"default","site-content-style":"default","site-sidebar-style":"default","ast-global-header-display":"","ast-banner-title-visibility":"","ast-main-header-display":"","ast-hfb-above-header-display":"","ast-hfb-below-header-display":"","ast-hfb-mobile-header-display":"","site-post-title":"","ast-breadcrumbs-content":"","ast-featured-img":"","footer-sml-layout":"","ast-disable-related-posts":"","theme-transparent-header-meta":"","adv-header-id-meta":"","stick-header-meta":"","header-above-stick-meta":"","header-main-stick-meta":"","header-below-stick-meta":"","astra-migrate-meta-layouts":"default","ast-page-background-enabled":"default","ast-page-background-meta":{"desktop":{"background-color":"var(--ast-global-color-5)","background-image":"","background-repeat":"repeat","background-position":"center center","background-size":"auto","background-attachment":"scroll","background-type":"","background-media":"","overlay-type":"","overlay-color":"","overlay-opacity":"","overlay-gradient":""},"tablet":{"background-color":"","background-image":"","background-repeat":"repeat","background-position":"center center","background-size":"auto","background-attachment":"scroll","background-type":"","background-media":"","overlay-type":"","overlay-color":"","overlay-opacity":"","overlay-gradient":""},"mobile":{"background-color":"","background-image":"","background-repeat":"repeat","background-position":"center center","background-size":"auto","background-attachment":"scroll","background-type":"","background-media":"","overlay-type":"","overlay-color":"","overlay-opacity":"","overlay-gradient":""}},"ast-content-background-meta":{"desktop":{"background-color":"var(--ast-global-color-4)","background-image":"","background-repeat":"repeat","background-position":"center center","background-size":"auto","background-attachment":"scroll","background-type":"","background-media":"","overlay-type":"","overlay-color":"","overlay-opacity":"","overlay-gradient":""},"tablet":{"background-color":"var(--ast-global-color-4)","background-image":"","background-repeat":"repeat","background-position":"center center","background-size":"auto","background-attachment":"scroll","background-type":"","background-media":"","overlay-type":"","overlay-color":"","overlay-opacity":"","overlay-gradient":""},"mobile":{"background-color":"var(--ast-global-color-4)","background-image":"","background-repeat":"repeat","background-position":"center center","background-size":"auto","background-attachment":"scroll","background-type":"","background-media":"","overlay-type":"","overlay-color":"","overlay-opacity":"","overlay-gradient":""}},"footnotes":""},"categories":[1],"tags":[],"class_list":["post-56933","post","type-post","status-publish","format-standard","hentry","category-sem-categoria"],"yoast_head":"<!-- This site is optimized with the Yoast SEO plugin v26.6 - https:\/\/yoast.com\/wordpress\/plugins\/seo\/ -->\n<title>Thiago Diaz estaria se beneficiando de alugu\u00e9is de subse\u00e7\u00e3o da OAB - Daniel Matos<\/title>\n<meta name=\"robots\" content=\"index, follow, max-snippet:-1, max-image-preview:large, max-video-preview:-1\" \/>\n<link rel=\"canonical\" href=\"https:\/\/www.blogsoestado.com\/danielmatos\/thiago-diaz-estaria-se-beneficiando-de-alugueis-de-subsecao-da-oab\/\" \/>\n<meta property=\"og:locale\" content=\"pt_BR\" \/>\n<meta property=\"og:type\" content=\"article\" \/>\n<meta property=\"og:title\" content=\"Thiago Diaz estaria se beneficiando de alugu\u00e9is de subse\u00e7\u00e3o da OAB - Daniel Matos\" \/>\n<meta property=\"og:description\" content=\"O clima nas elei\u00e7\u00f5es para a presid\u00eancia da OAB-MA come\u00e7a a se acirrar. O blog recebeu den\u00fancia bomb\u00e1stica contra o [&hellip;]\" \/>\n<meta property=\"og:url\" content=\"https:\/\/www.blogsoestado.com\/danielmatos\/thiago-diaz-estaria-se-beneficiando-de-alugueis-de-subsecao-da-oab\/\" \/>\n<meta property=\"og:site_name\" content=\"Daniel Matos\" \/>\n<meta property=\"article:published_time\" content=\"2018-10-16T13:21:24+00:00\" \/>\n<meta property=\"og:image\" content=\"https:\/\/www.blogsoestado.com\/danielmatos\/files\/2018\/10\/thiago-favorecido.jpg\" \/>\n<meta name=\"twitter:card\" content=\"summary_large_image\" \/>\n<meta name=\"twitter:label1\" content=\"Est. tempo de leitura\" \/>\n\t<meta name=\"twitter:data1\" content=\"1 minuto\" \/>\n<script type=\"application\/ld+json\" class=\"yoast-schema-graph\">{\"@context\":\"https:\/\/schema.org\",\"@graph\":[{\"@type\":\"WebPage\",\"@id\":\"https:\/\/www.blogsoestado.com\/danielmatos\/thiago-diaz-estaria-se-beneficiando-de-alugueis-de-subsecao-da-oab\/\",\"url\":\"https:\/\/www.blogsoestado.com\/danielmatos\/thiago-diaz-estaria-se-beneficiando-de-alugueis-de-subsecao-da-oab\/\",\"name\":\"Thiago Diaz estaria se beneficiando de alugu\u00e9is de subse\u00e7\u00e3o da OAB - Daniel Matos\",\"isPartOf\":{\"@id\":\"https:\/\/www.blogsoestado.com\/danielmatos\/#website\"},\"primaryImageOfPage\":{\"@id\":\"https:\/\/www.blogsoestado.com\/danielmatos\/thiago-diaz-estaria-se-beneficiando-de-alugueis-de-subsecao-da-oab\/#primaryimage\"},\"image\":{\"@id\":\"https:\/\/www.blogsoestado.com\/danielmatos\/thiago-diaz-estaria-se-beneficiando-de-alugueis-de-subsecao-da-oab\/#primaryimage\"},\"thumbnailUrl\":\"https:\/\/www.blogsoestado.com\/danielmatos\/files\/2018\/10\/thiago-favorecido.jpg\",\"datePublished\":\"2018-10-16T13:21:24+00:00\",\"author\":{\"@id\":\"\"},\"breadcrumb\":{\"@id\":\"https:\/\/www.blogsoestado.com\/danielmatos\/thiago-diaz-estaria-se-beneficiando-de-alugueis-de-subsecao-da-oab\/#breadcrumb\"},\"inLanguage\":\"pt-BR\",\"potentialAction\":[{\"@type\":\"ReadAction\",\"target\":[\"https:\/\/www.blogsoestado.com\/danielmatos\/thiago-diaz-estaria-se-beneficiando-de-alugueis-de-subsecao-da-oab\/\"]}]},{\"@type\":\"ImageObject\",\"inLanguage\":\"pt-BR\",\"@id\":\"https:\/\/www.blogsoestado.com\/danielmatos\/thiago-diaz-estaria-se-beneficiando-de-alugueis-de-subsecao-da-oab\/#primaryimage\",\"url\":\"https:\/\/www.blogsoestado.com\/danielmatos\/files\/2018\/10\/thiago-favorecido.jpg\",\"contentUrl\":\"https:\/\/www.blogsoestado.com\/danielmatos\/files\/2018\/10\/thiago-favorecido.jpg\"},{\"@type\":\"BreadcrumbList\",\"@id\":\"https:\/\/www.blogsoestado.com\/danielmatos\/thiago-diaz-estaria-se-beneficiando-de-alugueis-de-subsecao-da-oab\/#breadcrumb\",\"itemListElement\":[{\"@type\":\"ListItem\",\"position\":1,\"name\":\"In\u00edcio\",\"item\":\"https:\/\/www.blogsoestado.com\/danielmatos\/\"},{\"@type\":\"ListItem\",\"position\":2,\"name\":\"Thiago Diaz estaria se beneficiando de alugu\u00e9is de subse\u00e7\u00e3o da OAB\"}]},{\"@type\":\"WebSite\",\"@id\":\"https:\/\/www.blogsoestado.com\/danielmatos\/#website\",\"url\":\"https:\/\/www.blogsoestado.com\/danielmatos\/\",\"name\":\"Daniel Matos\",\"description\":\"\",\"potentialAction\":[{\"@type\":\"SearchAction\",\"target\":{\"@type\":\"EntryPoint\",\"urlTemplate\":\"https:\/\/www.blogsoestado.com\/danielmatos\/?s={search_term_string}\"},\"query-input\":{\"@type\":\"PropertyValueSpecification\",\"valueRequired\":true,\"valueName\":\"search_term_string\"}}],\"inLanguage\":\"pt-BR\"}]}<\/script>\n<!-- \/ Yoast SEO plugin. -->","yoast_head_json":{"title":"Thiago Diaz estaria se beneficiando de alugu\u00e9is de subse\u00e7\u00e3o da OAB - Daniel Matos","robots":{"index":"index","follow":"follow","max-snippet":"max-snippet:-1","max-image-preview":"max-image-preview:large","max-video-preview":"max-video-preview:-1"},"canonical":"https:\/\/www.blogsoestado.com\/danielmatos\/thiago-diaz-estaria-se-beneficiando-de-alugueis-de-subsecao-da-oab\/","og_locale":"pt_BR","og_type":"article","og_title":"Thiago Diaz estaria se beneficiando de alugu\u00e9is de subse\u00e7\u00e3o da OAB - Daniel Matos","og_description":"O clima nas elei\u00e7\u00f5es para a presid\u00eancia da OAB-MA come\u00e7a a se acirrar. O blog recebeu den\u00fancia bomb\u00e1stica contra o [&hellip;]","og_url":"https:\/\/www.blogsoestado.com\/danielmatos\/thiago-diaz-estaria-se-beneficiando-de-alugueis-de-subsecao-da-oab\/","og_site_name":"Daniel Matos","article_published_time":"2018-10-16T13:21:24+00:00","og_image":[{"url":"https:\/\/www.blogsoestado.com\/danielmatos\/files\/2018\/10\/thiago-favorecido.jpg","type":"","width":"","height":""}],"twitter_card":"summary_large_image","twitter_misc":{"Est. tempo de leitura":"1 minuto"},"schema":{"@context":"https:\/\/schema.org","@graph":[{"@type":"WebPage","@id":"https:\/\/www.blogsoestado.com\/danielmatos\/thiago-diaz-estaria-se-beneficiando-de-alugueis-de-subsecao-da-oab\/","url":"https:\/\/www.blogsoestado.com\/danielmatos\/thiago-diaz-estaria-se-beneficiando-de-alugueis-de-subsecao-da-oab\/","name":"Thiago Diaz estaria se beneficiando de alugu\u00e9is de subse\u00e7\u00e3o da OAB - Daniel Matos","isPartOf":{"@id":"https:\/\/www.blogsoestado.com\/danielmatos\/#website"},"primaryImageOfPage":{"@id":"https:\/\/www.blogsoestado.com\/danielmatos\/thiago-diaz-estaria-se-beneficiando-de-alugueis-de-subsecao-da-oab\/#primaryimage"},"image":{"@id":"https:\/\/www.blogsoestado.com\/danielmatos\/thiago-diaz-estaria-se-beneficiando-de-alugueis-de-subsecao-da-oab\/#primaryimage"},"thumbnailUrl":"https:\/\/www.blogsoestado.com\/danielmatos\/files\/2018\/10\/thiago-favorecido.jpg","datePublished":"2018-10-16T13:21:24+00:00","author":{"@id":""},"breadcrumb":{"@id":"https:\/\/www.blogsoestado.com\/danielmatos\/thiago-diaz-estaria-se-beneficiando-de-alugueis-de-subsecao-da-oab\/#breadcrumb"},"inLanguage":"pt-BR","potentialAction":[{"@type":"ReadAction","target":["https:\/\/www.blogsoestado.com\/danielmatos\/thiago-diaz-estaria-se-beneficiando-de-alugueis-de-subsecao-da-oab\/"]}]},{"@type":"ImageObject","inLanguage":"pt-BR","@id":"https:\/\/www.blogsoestado.com\/danielmatos\/thiago-diaz-estaria-se-beneficiando-de-alugueis-de-subsecao-da-oab\/#primaryimage","url":"https:\/\/www.blogsoestado.com\/danielmatos\/files\/2018\/10\/thiago-favorecido.jpg","contentUrl":"https:\/\/www.blogsoestado.com\/danielmatos\/files\/2018\/10\/thiago-favorecido.jpg"},{"@type":"BreadcrumbList","@id":"https:\/\/www.blogsoestado.com\/danielmatos\/thiago-diaz-estaria-se-beneficiando-de-alugueis-de-subsecao-da-oab\/#breadcrumb","itemListElement":[{"@type":"ListItem","position":1,"name":"In\u00edcio","item":"https:\/\/www.blogsoestado.com\/danielmatos\/"},{"@type":"ListItem","position":2,"name":"Thiago Diaz estaria se beneficiando de alugu\u00e9is de subse\u00e7\u00e3o da OAB"}]},{"@type":"WebSite","@id":"https:\/\/www.blogsoestado.com\/danielmatos\/#website","url":"https:\/\/www.blogsoestado.com\/danielmatos\/","name":"Daniel Matos","description":"","potentialAction":[{"@type":"SearchAction","target":{"@type":"EntryPoint","urlTemplate":"https:\/\/www.blogsoestado.com\/danielmatos\/?s={search_term_string}"},"query-input":{"@type":"PropertyValueSpecification","valueRequired":true,"valueName":"search_term_string"}}],"inLanguage":"pt-BR"}]}},"jetpack_featured_media_url":"","_links":{"self":[{"href":"https:\/\/www.blogsoestado.com\/danielmatos\/wp-json\/wp\/v2\/posts\/56933","targetHints":{"allow":["GET"]}}],"collection":[{"href":"https:\/\/www.blogsoestado.com\/danielmatos\/wp-json\/wp\/v2\/posts"}],"about":[{"href":"https:\/\/www.blogsoestado.com\/danielmatos\/wp-json\/wp\/v2\/types\/post"}],"replies":[{"embeddable":true,"href":"https:\/\/www.blogsoestado.com\/danielmatos\/wp-json\/wp\/v2\/comments?post=56933"}],"version-history":[{"count":0,"href":"https:\/\/www.blogsoestado.com\/danielmatos\/wp-json\/wp\/v2\/posts\/56933\/revisions"}],"wp:attachment":[{"href":"https:\/\/www.blogsoestado.com\/danielmatos\/wp-json\/wp\/v2\/media?parent=56933"}],"wp:term":[{"taxonomy":"category","embeddable":true,"href":"https:\/\/www.blogsoestado.com\/danielmatos\/wp-json\/wp\/v2\/categories?post=56933"},{"taxonomy":"post_tag","embeddable":true,"href":"https:\/\/www.blogsoestado.com\/danielmatos\/wp-json\/wp\/v2\/tags?post=56933"}],"curies":[{"name":"wp","href":"https:\/\/api.w.org\/{rel}","templated":true}]}}