{"id":56958,"date":"2018-10-16T15:14:34","date_gmt":"2018-10-16T18:14:34","guid":{"rendered":"https:\/\/www.blogsoestado.com\/danielmatos\/?p=56958"},"modified":"2018-10-16T15:14:34","modified_gmt":"2018-10-16T18:14:34","slug":"gestores-de-sao-vicente-ferrer-por-ato-de-improbidade","status":"publish","type":"post","link":"https:\/\/www.blogsoestado.com\/danielmatos\/gestores-de-sao-vicente-ferrer-por-ato-de-improbidade\/","title":{"rendered":"Gestores de S\u00e3o Vicente F\u00e9rrer acionados por ato de improbidade"},"content":{"rendered":"<h2><span style=\"color: #ff0000;\">Prefeita e secret\u00e1rio de Sa\u00fade se recusaram a fornecer informa\u00e7\u00f5es \u00e0 Promotoria de Justi\u00e7a<\/span><\/h2>\n<figure id=\"attachment_52916\" aria-describedby=\"caption-attachment-52916\" style=\"width: 300px\" class=\"wp-caption alignleft\"><a href=\"https:\/\/www.blogsoestado.com\/danielmatos\/2018\/07\/03\/mp-pede-execucao-de-tac-para-legalizacao-de-escolas-em-sao-vicente-ferrer\/prefeita-ferrer-dino\/\" rel=\"attachment wp-att-52916\"><img fetchpriority=\"high\" decoding=\"async\" class=\"wp-image-52916\" src=\"https:\/\/www.blogsoestado.com\/danielmatos\/files\/2018\/07\/prefeita-ferrer-dino.jpg\" alt=\"\" width=\"300\" height=\"348\" \/><\/a><figcaption id=\"caption-attachment-52916\" class=\"wp-caption-text\">Prefeita Concei\u00e7\u00e3o, de S\u00e3o Vicente F\u00e9rrer, com o governador Fl\u00e1vio Dino<\/figcaption><\/figure>\n<p>O Minist\u00e9rio P\u00fablico do Maranh\u00e3o (MPMA) ajuizou, em 9 de outubro, A\u00e7\u00e3o Civil P\u00fablica (ACP) por ato de improbidade administrativa contra a prefeita de S\u00e3o Vicente F\u00e9rrer, Concei\u00e7\u00e3o Castro, e o secret\u00e1rio de Sa\u00fade do munic\u00edpio, Jo\u00e3o Batista Castro, devido \u00e0 omiss\u00e3o dos dois gestores em fornecer informa\u00e7\u00f5es ao \u00f3rg\u00e3o ministerial.<\/p>\n<p>Formulada pela promotora de justi\u00e7a Alessandra Darub Alves, a ACP foi motivada por reclama\u00e7\u00e3o do Hospital da Crian\u00e7a de S\u00e3o Lu\u00eds sobre a transfer\u00eancia de pacientes do Hospital Municipal de S\u00e3o Vicente F\u00e9rrer para a unidade de sa\u00fade da capital.<\/p>\n<p>Em tr\u00eas ocasi\u00f5es, nos meses de junho, julho e setembro deste ano, o MPMA tentou receber um retorno da prefeita Concei\u00e7\u00e3o Castro sobre a queixa do Hospital da Crian\u00e7a, mas a gestora n\u00e3o respondeu ao Minist\u00e9rio P\u00fablico.<\/p>\n","protected":false},"excerpt":{"rendered":"<p>Prefeita e secret\u00e1rio de Sa\u00fade se recusaram a fornecer informa\u00e7\u00f5es \u00e0 Promotoria de Justi\u00e7a O Minist\u00e9rio P\u00fablico do Maranh\u00e3o (MPMA) [&hellip;]<\/p>\n","protected":false},"author":0,"featured_media":0,"comment_status":"open","ping_status":"open","sticky":false,"template":"","format":"standard","meta":{"site-sidebar-layout":"default","site-content-layout":"","ast-site-content-layout":"default","site-content-style":"default","site-sidebar-style":"default","ast-global-header-display":"","ast-banner-title-visibility":"","ast-main-header-display":"","ast-hfb-above-header-display":"","ast-hfb-below-header-display":"","ast-hfb-mobile-header-display":"","site-post-title":"","ast-breadcrumbs-content":"","ast-featured-img":"","footer-sml-layout":"","ast-disable-related-posts":"","theme-transparent-header-meta":"","adv-header-id-meta":"","stick-header-meta":"","header-above-stick-meta":"","header-main-stick-meta":"","header-below-stick-meta":"","astra-migrate-meta-layouts":"default","ast-page-background-enabled":"default","ast-page-background-meta":{"desktop":{"background-color":"var(--ast-global-color-5)","background-image":"","background-repeat":"repeat","background-position":"center center","background-size":"auto","background-attachment":"scroll","background-type":"","background-media":"","overlay-type":"","overlay-color":"","overlay-opacity":"","overlay-gradient":""},"tablet":{"background-color":"","background-image":"","background-repeat":"repeat","background-position":"center center","background-size":"auto","background-attachment":"scroll","background-type":"","background-media":"","overlay-type":"","overlay-color":"","overlay-opacity":"","overlay-gradient":""},"mobile":{"background-color":"","background-image":"","background-repeat":"repeat","background-position":"center center","background-size":"auto","background-attachment":"scroll","background-type":"","background-media":"","overlay-type":"","overlay-color":"","overlay-opacity":"","overlay-gradient":""}},"ast-content-background-meta":{"desktop":{"background-color":"var(--ast-global-color-4)","background-image":"","background-repeat":"repeat","background-position":"center center","background-size":"auto","background-attachment":"scroll","background-type":"","background-media":"","overlay-type":"","overlay-color":"","overlay-opacity":"","overlay-gradient":""},"tablet":{"background-color":"var(--ast-global-color-4)","background-image":"","background-repeat":"repeat","background-position":"center center","background-size":"auto","background-attachment":"scroll","background-type":"","background-media":"","overlay-type":"","overlay-color":"","overlay-opacity":"","overlay-gradient":""},"mobile":{"background-color":"var(--ast-global-color-4)","background-image":"","background-repeat":"repeat","background-position":"center center","background-size":"auto","background-attachment":"scroll","background-type":"","background-media":"","overlay-type":"","overlay-color":"","overlay-opacity":"","overlay-gradient":""}},"footnotes":""},"categories":[1],"tags":[],"class_list":["post-56958","post","type-post","status-publish","format-standard","hentry","category-sem-categoria"],"yoast_head":"<!-- This site is optimized with the Yoast SEO plugin v26.6 - https:\/\/yoast.com\/wordpress\/plugins\/seo\/ -->\n<title>Gestores de S\u00e3o Vicente F\u00e9rrer acionados por ato de improbidade - Daniel Matos<\/title>\n<meta name=\"robots\" content=\"index, follow, max-snippet:-1, max-image-preview:large, max-video-preview:-1\" \/>\n<link rel=\"canonical\" href=\"https:\/\/www.blogsoestado.com\/danielmatos\/gestores-de-sao-vicente-ferrer-por-ato-de-improbidade\/\" \/>\n<meta property=\"og:locale\" content=\"pt_BR\" \/>\n<meta property=\"og:type\" content=\"article\" \/>\n<meta property=\"og:title\" content=\"Gestores de S\u00e3o Vicente F\u00e9rrer acionados por ato de improbidade - Daniel Matos\" \/>\n<meta property=\"og:description\" content=\"Prefeita e secret\u00e1rio de Sa\u00fade se recusaram a fornecer informa\u00e7\u00f5es \u00e0 Promotoria de Justi\u00e7a O Minist\u00e9rio P\u00fablico do Maranh\u00e3o (MPMA) [&hellip;]\" \/>\n<meta property=\"og:url\" content=\"https:\/\/www.blogsoestado.com\/danielmatos\/gestores-de-sao-vicente-ferrer-por-ato-de-improbidade\/\" \/>\n<meta property=\"og:site_name\" content=\"Daniel Matos\" \/>\n<meta property=\"article:published_time\" content=\"2018-10-16T18:14:34+00:00\" \/>\n<meta property=\"og:image\" content=\"https:\/\/www.blogsoestado.com\/danielmatos\/files\/2018\/07\/prefeita-ferrer-dino.jpg\" \/>\n<meta name=\"twitter:card\" content=\"summary_large_image\" \/>\n<meta name=\"twitter:label1\" content=\"Est. tempo de leitura\" \/>\n\t<meta name=\"twitter:data1\" content=\"1 minuto\" \/>\n<script type=\"application\/ld+json\" class=\"yoast-schema-graph\">{\"@context\":\"https:\/\/schema.org\",\"@graph\":[{\"@type\":\"WebPage\",\"@id\":\"https:\/\/www.blogsoestado.com\/danielmatos\/gestores-de-sao-vicente-ferrer-por-ato-de-improbidade\/\",\"url\":\"https:\/\/www.blogsoestado.com\/danielmatos\/gestores-de-sao-vicente-ferrer-por-ato-de-improbidade\/\",\"name\":\"Gestores de S\u00e3o Vicente F\u00e9rrer acionados por ato de improbidade - Daniel Matos\",\"isPartOf\":{\"@id\":\"https:\/\/www.blogsoestado.com\/danielmatos\/#website\"},\"primaryImageOfPage\":{\"@id\":\"https:\/\/www.blogsoestado.com\/danielmatos\/gestores-de-sao-vicente-ferrer-por-ato-de-improbidade\/#primaryimage\"},\"image\":{\"@id\":\"https:\/\/www.blogsoestado.com\/danielmatos\/gestores-de-sao-vicente-ferrer-por-ato-de-improbidade\/#primaryimage\"},\"thumbnailUrl\":\"https:\/\/www.blogsoestado.com\/danielmatos\/files\/2018\/07\/prefeita-ferrer-dino.jpg\",\"datePublished\":\"2018-10-16T18:14:34+00:00\",\"author\":{\"@id\":\"\"},\"breadcrumb\":{\"@id\":\"https:\/\/www.blogsoestado.com\/danielmatos\/gestores-de-sao-vicente-ferrer-por-ato-de-improbidade\/#breadcrumb\"},\"inLanguage\":\"pt-BR\",\"potentialAction\":[{\"@type\":\"ReadAction\",\"target\":[\"https:\/\/www.blogsoestado.com\/danielmatos\/gestores-de-sao-vicente-ferrer-por-ato-de-improbidade\/\"]}]},{\"@type\":\"ImageObject\",\"inLanguage\":\"pt-BR\",\"@id\":\"https:\/\/www.blogsoestado.com\/danielmatos\/gestores-de-sao-vicente-ferrer-por-ato-de-improbidade\/#primaryimage\",\"url\":\"https:\/\/www.blogsoestado.com\/danielmatos\/files\/2018\/07\/prefeita-ferrer-dino.jpg\",\"contentUrl\":\"https:\/\/www.blogsoestado.com\/danielmatos\/files\/2018\/07\/prefeita-ferrer-dino.jpg\"},{\"@type\":\"BreadcrumbList\",\"@id\":\"https:\/\/www.blogsoestado.com\/danielmatos\/gestores-de-sao-vicente-ferrer-por-ato-de-improbidade\/#breadcrumb\",\"itemListElement\":[{\"@type\":\"ListItem\",\"position\":1,\"name\":\"In\u00edcio\",\"item\":\"https:\/\/www.blogsoestado.com\/danielmatos\/\"},{\"@type\":\"ListItem\",\"position\":2,\"name\":\"Gestores de S\u00e3o Vicente F\u00e9rrer acionados por ato de improbidade\"}]},{\"@type\":\"WebSite\",\"@id\":\"https:\/\/www.blogsoestado.com\/danielmatos\/#website\",\"url\":\"https:\/\/www.blogsoestado.com\/danielmatos\/\",\"name\":\"Daniel Matos\",\"description\":\"\",\"potentialAction\":[{\"@type\":\"SearchAction\",\"target\":{\"@type\":\"EntryPoint\",\"urlTemplate\":\"https:\/\/www.blogsoestado.com\/danielmatos\/?s={search_term_string}\"},\"query-input\":{\"@type\":\"PropertyValueSpecification\",\"valueRequired\":true,\"valueName\":\"search_term_string\"}}],\"inLanguage\":\"pt-BR\"}]}<\/script>\n<!-- \/ Yoast SEO plugin. -->","yoast_head_json":{"title":"Gestores de S\u00e3o Vicente F\u00e9rrer acionados por ato de improbidade - Daniel Matos","robots":{"index":"index","follow":"follow","max-snippet":"max-snippet:-1","max-image-preview":"max-image-preview:large","max-video-preview":"max-video-preview:-1"},"canonical":"https:\/\/www.blogsoestado.com\/danielmatos\/gestores-de-sao-vicente-ferrer-por-ato-de-improbidade\/","og_locale":"pt_BR","og_type":"article","og_title":"Gestores de S\u00e3o Vicente F\u00e9rrer acionados por ato de improbidade - Daniel Matos","og_description":"Prefeita e secret\u00e1rio de Sa\u00fade se recusaram a fornecer informa\u00e7\u00f5es \u00e0 Promotoria de Justi\u00e7a O Minist\u00e9rio P\u00fablico do Maranh\u00e3o (MPMA) [&hellip;]","og_url":"https:\/\/www.blogsoestado.com\/danielmatos\/gestores-de-sao-vicente-ferrer-por-ato-de-improbidade\/","og_site_name":"Daniel Matos","article_published_time":"2018-10-16T18:14:34+00:00","og_image":[{"url":"https:\/\/www.blogsoestado.com\/danielmatos\/files\/2018\/07\/prefeita-ferrer-dino.jpg","type":"","width":"","height":""}],"twitter_card":"summary_large_image","twitter_misc":{"Est. tempo de leitura":"1 minuto"},"schema":{"@context":"https:\/\/schema.org","@graph":[{"@type":"WebPage","@id":"https:\/\/www.blogsoestado.com\/danielmatos\/gestores-de-sao-vicente-ferrer-por-ato-de-improbidade\/","url":"https:\/\/www.blogsoestado.com\/danielmatos\/gestores-de-sao-vicente-ferrer-por-ato-de-improbidade\/","name":"Gestores de S\u00e3o Vicente F\u00e9rrer acionados por ato de improbidade - Daniel Matos","isPartOf":{"@id":"https:\/\/www.blogsoestado.com\/danielmatos\/#website"},"primaryImageOfPage":{"@id":"https:\/\/www.blogsoestado.com\/danielmatos\/gestores-de-sao-vicente-ferrer-por-ato-de-improbidade\/#primaryimage"},"image":{"@id":"https:\/\/www.blogsoestado.com\/danielmatos\/gestores-de-sao-vicente-ferrer-por-ato-de-improbidade\/#primaryimage"},"thumbnailUrl":"https:\/\/www.blogsoestado.com\/danielmatos\/files\/2018\/07\/prefeita-ferrer-dino.jpg","datePublished":"2018-10-16T18:14:34+00:00","author":{"@id":""},"breadcrumb":{"@id":"https:\/\/www.blogsoestado.com\/danielmatos\/gestores-de-sao-vicente-ferrer-por-ato-de-improbidade\/#breadcrumb"},"inLanguage":"pt-BR","potentialAction":[{"@type":"ReadAction","target":["https:\/\/www.blogsoestado.com\/danielmatos\/gestores-de-sao-vicente-ferrer-por-ato-de-improbidade\/"]}]},{"@type":"ImageObject","inLanguage":"pt-BR","@id":"https:\/\/www.blogsoestado.com\/danielmatos\/gestores-de-sao-vicente-ferrer-por-ato-de-improbidade\/#primaryimage","url":"https:\/\/www.blogsoestado.com\/danielmatos\/files\/2018\/07\/prefeita-ferrer-dino.jpg","contentUrl":"https:\/\/www.blogsoestado.com\/danielmatos\/files\/2018\/07\/prefeita-ferrer-dino.jpg"},{"@type":"BreadcrumbList","@id":"https:\/\/www.blogsoestado.com\/danielmatos\/gestores-de-sao-vicente-ferrer-por-ato-de-improbidade\/#breadcrumb","itemListElement":[{"@type":"ListItem","position":1,"name":"In\u00edcio","item":"https:\/\/www.blogsoestado.com\/danielmatos\/"},{"@type":"ListItem","position":2,"name":"Gestores de S\u00e3o Vicente F\u00e9rrer acionados por ato de improbidade"}]},{"@type":"WebSite","@id":"https:\/\/www.blogsoestado.com\/danielmatos\/#website","url":"https:\/\/www.blogsoestado.com\/danielmatos\/","name":"Daniel Matos","description":"","potentialAction":[{"@type":"SearchAction","target":{"@type":"EntryPoint","urlTemplate":"https:\/\/www.blogsoestado.com\/danielmatos\/?s={search_term_string}"},"query-input":{"@type":"PropertyValueSpecification","valueRequired":true,"valueName":"search_term_string"}}],"inLanguage":"pt-BR"}]}},"jetpack_featured_media_url":"","_links":{"self":[{"href":"https:\/\/www.blogsoestado.com\/danielmatos\/wp-json\/wp\/v2\/posts\/56958","targetHints":{"allow":["GET"]}}],"collection":[{"href":"https:\/\/www.blogsoestado.com\/danielmatos\/wp-json\/wp\/v2\/posts"}],"about":[{"href":"https:\/\/www.blogsoestado.com\/danielmatos\/wp-json\/wp\/v2\/types\/post"}],"replies":[{"embeddable":true,"href":"https:\/\/www.blogsoestado.com\/danielmatos\/wp-json\/wp\/v2\/comments?post=56958"}],"version-history":[{"count":0,"href":"https:\/\/www.blogsoestado.com\/danielmatos\/wp-json\/wp\/v2\/posts\/56958\/revisions"}],"wp:attachment":[{"href":"https:\/\/www.blogsoestado.com\/danielmatos\/wp-json\/wp\/v2\/media?parent=56958"}],"wp:term":[{"taxonomy":"category","embeddable":true,"href":"https:\/\/www.blogsoestado.com\/danielmatos\/wp-json\/wp\/v2\/categories?post=56958"},{"taxonomy":"post_tag","embeddable":true,"href":"https:\/\/www.blogsoestado.com\/danielmatos\/wp-json\/wp\/v2\/tags?post=56958"}],"curies":[{"name":"wp","href":"https:\/\/api.w.org\/{rel}","templated":true}]}}