{"id":56963,"date":"2018-10-16T18:45:56","date_gmt":"2018-10-16T21:45:56","guid":{"rendered":"https:\/\/www.blogsoestado.com\/danielmatos\/?p=56963"},"modified":"2018-10-16T18:45:56","modified_gmt":"2018-10-16T21:45:56","slug":"devido-a-incompetencia-de-flavio-dino-deputado-wellington-luta-pela-federalizacao-da-ma-006","status":"publish","type":"post","link":"https:\/\/www.blogsoestado.com\/danielmatos\/devido-a-incompetencia-de-flavio-dino-deputado-wellington-luta-pela-federalizacao-da-ma-006\/","title":{"rendered":"Devido \u00e0 incompet\u00eancia de Fl\u00e1vio Dino, deputado Wellington luta pela federaliza\u00e7\u00e3o da MA-006"},"content":{"rendered":"<figure id=\"attachment_56976\" aria-describedby=\"caption-attachment-56976\" style=\"width: 450px\" class=\"wp-caption alignright\"><a href=\"https:\/\/www.blogsoestado.com\/danielmatos\/?attachment_id=56976\" rel=\"attachment wp-att-56976\"><img fetchpriority=\"high\" decoding=\"async\" class=\"wp-image-56976\" src=\"https:\/\/www.blogsoestado.com\/danielmatos\/files\/2018\/10\/w-006.jpg\" alt=\"\" width=\"450\" height=\"247\" \/><\/a><figcaption id=\"caption-attachment-56976\" class=\"wp-caption-text\">Wellington oficiou ao MP para que o Governo do Estado informe o destino dos R$ 5 milh\u00f5es que deveriam ter sido aplicados em melhorias na estrada<\/figcaption><\/figure>\n<p>O deputado estadual Wellington do Curso usou a tribuna da Assembleia Legislativa,\u00a0na manh\u00e3 desta ter\u00e7a-feira (16), para anunciar que levar\u00e1 \u00e0 bancada federal a proposta de federaliza\u00e7\u00e3o da MA-006, que se encontra intrafeg\u00e1vel.<\/p>\n<p>Ao se pronunciar sobre a de federaliza\u00e7\u00e3o da MA-006, Wellington destacou a omiss\u00e3o do governo do Estado em rela\u00e7\u00e3o a situa\u00e7\u00e3o da rodovia que interliga o Sul do Maranh\u00e3o e a necessidade de interven\u00e7\u00e3o do governo Federal na MA-006 que se encontra em situa\u00e7\u00e3o de abandono, apesar dos investimentos anunciados pelo governo do Estado.<\/p>\n<p>\u201cEssa \u00e9 uma importante rodovia maranhense, por onde passa parte da nossa economia. Apesar das den\u00fancias amplamente divulgas na imprensa local e nacional, a MA-006 continua em situa\u00e7\u00e3o prec\u00e1ria. J\u00e1 percorremos a rodovia v\u00e1rias vezes e constatamos \u201cin loco\u201d a situa\u00e7\u00e3o deplor\u00e1vel que se encontra. Denunciamos e cobramos a recupera\u00e7\u00e3o asf\u00e1ltica e o governo nada fez. Fl\u00e1vio Dino anunciou que investiu mais de R$ 5 milh\u00f5es nessa rodovia, mas a situa\u00e7\u00e3o de caos e abandono persiste. Inclusive, j\u00e1 encaminhamos requerimento ao governo do Estado solicitando informa\u00e7\u00f5es referentes ao processo licitat\u00f3rio, no entanto, foi negado pela base governista. J\u00e1 que fizeram a obra por que negam informa\u00e7\u00f5es? Al\u00e9m disso, formalizaremos den\u00fancia ao Minist\u00e9rio P\u00fablico para que tome as devidas provid\u00eancias e solicite explica\u00e7\u00f5es do Governo do Estado sobre onde foram parar os R$ 5 milh\u00f5es de reais que teriam sidos investidos para tapar buracos na rodovia e nada foi feito. Por isso, devido a incompet\u00eancia e as falsas promessas do Governador Fl\u00e1vio Dino, entramos na luta pela federaliza\u00e7\u00e3o da MA-006 e encaminhamos essa proposta para bancada federal para que o Governo Federal assuma a responsabilidade pela rodovia, pois a popula\u00e7\u00e3o do Sul do Maranh\u00e3o n\u00e3o aguenta mais o descaso causado pela omiss\u00e3o do Governo do Estado. \u00c9 uma vergonha que uma rodovia que movimenta a economia maranhense esteja nessa situa\u00e7\u00e3o\u201d Disse o deputado Wellington do Curso.<\/p>\n<p>Assista:<\/p>\n<div class=\"ast-oembed-container \" style=\"height: 100%;\"><iframe title=\"Deputado Wellington luta por melhorias na MA-006\" width=\"500\" height=\"281\" src=\"https:\/\/www.youtube.com\/embed\/IoKnNmegEXU?feature=oembed\" frameborder=\"0\" allow=\"accelerometer; autoplay; clipboard-write; encrypted-media; gyroscope; picture-in-picture; web-share\" referrerpolicy=\"strict-origin-when-cross-origin\" allowfullscreen><\/iframe><\/div>\n","protected":false},"excerpt":{"rendered":"<p>O deputado estadual Wellington do Curso usou a tribuna da Assembleia Legislativa,\u00a0na manh\u00e3 desta ter\u00e7a-feira (16), para anunciar que levar\u00e1 [&hellip;]<\/p>\n","protected":false},"author":0,"featured_media":0,"comment_status":"open","ping_status":"open","sticky":false,"template":"","format":"standard","meta":{"site-sidebar-layout":"default","site-content-layout":"","ast-site-content-layout":"default","site-content-style":"default","site-sidebar-style":"default","ast-global-header-display":"","ast-banner-title-visibility":"","ast-main-header-display":"","ast-hfb-above-header-display":"","ast-hfb-below-header-display":"","ast-hfb-mobile-header-display":"","site-post-title":"","ast-breadcrumbs-content":"","ast-featured-img":"","footer-sml-layout":"","ast-disable-related-posts":"","theme-transparent-header-meta":"","adv-header-id-meta":"","stick-header-meta":"","header-above-stick-meta":"","header-main-stick-meta":"","header-below-stick-meta":"","astra-migrate-meta-layouts":"default","ast-page-background-enabled":"default","ast-page-background-meta":{"desktop":{"background-color":"var(--ast-global-color-5)","background-image":"","background-repeat":"repeat","background-position":"center center","background-size":"auto","background-attachment":"scroll","background-type":"","background-media":"","overlay-type":"","overlay-color":"","overlay-opacity":"","overlay-gradient":""},"tablet":{"background-color":"","background-image":"","background-repeat":"repeat","background-position":"center center","background-size":"auto","background-attachment":"scroll","background-type":"","background-media":"","overlay-type":"","overlay-color":"","overlay-opacity":"","overlay-gradient":""},"mobile":{"background-color":"","background-image":"","background-repeat":"repeat","background-position":"center center","background-size":"auto","background-attachment":"scroll","background-type":"","background-media":"","overlay-type":"","overlay-color":"","overlay-opacity":"","overlay-gradient":""}},"ast-content-background-meta":{"desktop":{"background-color":"var(--ast-global-color-4)","background-image":"","background-repeat":"repeat","background-position":"center center","background-size":"auto","background-attachment":"scroll","background-type":"","background-media":"","overlay-type":"","overlay-color":"","overlay-opacity":"","overlay-gradient":""},"tablet":{"background-color":"var(--ast-global-color-4)","background-image":"","background-repeat":"repeat","background-position":"center center","background-size":"auto","background-attachment":"scroll","background-type":"","background-media":"","overlay-type":"","overlay-color":"","overlay-opacity":"","overlay-gradient":""},"mobile":{"background-color":"var(--ast-global-color-4)","background-image":"","background-repeat":"repeat","background-position":"center center","background-size":"auto","background-attachment":"scroll","background-type":"","background-media":"","overlay-type":"","overlay-color":"","overlay-opacity":"","overlay-gradient":""}},"footnotes":""},"categories":[1],"tags":[],"class_list":["post-56963","post","type-post","status-publish","format-standard","hentry","category-sem-categoria"],"yoast_head":"<!-- This site is optimized with the Yoast SEO plugin v26.6 - https:\/\/yoast.com\/wordpress\/plugins\/seo\/ -->\n<title>Devido \u00e0 incompet\u00eancia de Fl\u00e1vio Dino, deputado Wellington luta pela federaliza\u00e7\u00e3o da MA-006 - Daniel Matos<\/title>\n<meta name=\"robots\" content=\"index, follow, max-snippet:-1, max-image-preview:large, max-video-preview:-1\" \/>\n<link rel=\"canonical\" href=\"https:\/\/www.blogsoestado.com\/danielmatos\/devido-a-incompetencia-de-flavio-dino-deputado-wellington-luta-pela-federalizacao-da-ma-006\/\" \/>\n<meta property=\"og:locale\" content=\"pt_BR\" \/>\n<meta property=\"og:type\" content=\"article\" \/>\n<meta property=\"og:title\" content=\"Devido \u00e0 incompet\u00eancia de Fl\u00e1vio Dino, deputado Wellington luta pela federaliza\u00e7\u00e3o da MA-006 - Daniel Matos\" \/>\n<meta property=\"og:description\" content=\"O deputado estadual Wellington do Curso usou a tribuna da Assembleia Legislativa,\u00a0na manh\u00e3 desta ter\u00e7a-feira (16), para anunciar que levar\u00e1 [&hellip;]\" \/>\n<meta property=\"og:url\" content=\"https:\/\/www.blogsoestado.com\/danielmatos\/devido-a-incompetencia-de-flavio-dino-deputado-wellington-luta-pela-federalizacao-da-ma-006\/\" \/>\n<meta property=\"og:site_name\" content=\"Daniel Matos\" \/>\n<meta property=\"article:published_time\" content=\"2018-10-16T21:45:56+00:00\" \/>\n<meta property=\"og:image\" content=\"https:\/\/www.blogsoestado.com\/danielmatos\/files\/2018\/10\/w-006.jpg\" \/>\n<meta name=\"twitter:card\" content=\"summary_large_image\" \/>\n<meta name=\"twitter:label1\" content=\"Est. tempo de leitura\" \/>\n\t<meta name=\"twitter:data1\" content=\"2 minutos\" \/>\n<script type=\"application\/ld+json\" class=\"yoast-schema-graph\">{\"@context\":\"https:\/\/schema.org\",\"@graph\":[{\"@type\":\"WebPage\",\"@id\":\"https:\/\/www.blogsoestado.com\/danielmatos\/devido-a-incompetencia-de-flavio-dino-deputado-wellington-luta-pela-federalizacao-da-ma-006\/\",\"url\":\"https:\/\/www.blogsoestado.com\/danielmatos\/devido-a-incompetencia-de-flavio-dino-deputado-wellington-luta-pela-federalizacao-da-ma-006\/\",\"name\":\"Devido \u00e0 incompet\u00eancia de Fl\u00e1vio Dino, deputado Wellington luta pela federaliza\u00e7\u00e3o da MA-006 - Daniel Matos\",\"isPartOf\":{\"@id\":\"https:\/\/www.blogsoestado.com\/danielmatos\/#website\"},\"primaryImageOfPage\":{\"@id\":\"https:\/\/www.blogsoestado.com\/danielmatos\/devido-a-incompetencia-de-flavio-dino-deputado-wellington-luta-pela-federalizacao-da-ma-006\/#primaryimage\"},\"image\":{\"@id\":\"https:\/\/www.blogsoestado.com\/danielmatos\/devido-a-incompetencia-de-flavio-dino-deputado-wellington-luta-pela-federalizacao-da-ma-006\/#primaryimage\"},\"thumbnailUrl\":\"https:\/\/www.blogsoestado.com\/danielmatos\/files\/2018\/10\/w-006.jpg\",\"datePublished\":\"2018-10-16T21:45:56+00:00\",\"author\":{\"@id\":\"\"},\"breadcrumb\":{\"@id\":\"https:\/\/www.blogsoestado.com\/danielmatos\/devido-a-incompetencia-de-flavio-dino-deputado-wellington-luta-pela-federalizacao-da-ma-006\/#breadcrumb\"},\"inLanguage\":\"pt-BR\",\"potentialAction\":[{\"@type\":\"ReadAction\",\"target\":[\"https:\/\/www.blogsoestado.com\/danielmatos\/devido-a-incompetencia-de-flavio-dino-deputado-wellington-luta-pela-federalizacao-da-ma-006\/\"]}]},{\"@type\":\"ImageObject\",\"inLanguage\":\"pt-BR\",\"@id\":\"https:\/\/www.blogsoestado.com\/danielmatos\/devido-a-incompetencia-de-flavio-dino-deputado-wellington-luta-pela-federalizacao-da-ma-006\/#primaryimage\",\"url\":\"https:\/\/www.blogsoestado.com\/danielmatos\/files\/2018\/10\/w-006.jpg\",\"contentUrl\":\"https:\/\/www.blogsoestado.com\/danielmatos\/files\/2018\/10\/w-006.jpg\"},{\"@type\":\"BreadcrumbList\",\"@id\":\"https:\/\/www.blogsoestado.com\/danielmatos\/devido-a-incompetencia-de-flavio-dino-deputado-wellington-luta-pela-federalizacao-da-ma-006\/#breadcrumb\",\"itemListElement\":[{\"@type\":\"ListItem\",\"position\":1,\"name\":\"In\u00edcio\",\"item\":\"https:\/\/www.blogsoestado.com\/danielmatos\/\"},{\"@type\":\"ListItem\",\"position\":2,\"name\":\"Devido \u00e0 incompet\u00eancia de Fl\u00e1vio Dino, deputado Wellington luta pela federaliza\u00e7\u00e3o da MA-006\"}]},{\"@type\":\"WebSite\",\"@id\":\"https:\/\/www.blogsoestado.com\/danielmatos\/#website\",\"url\":\"https:\/\/www.blogsoestado.com\/danielmatos\/\",\"name\":\"Daniel Matos\",\"description\":\"\",\"potentialAction\":[{\"@type\":\"SearchAction\",\"target\":{\"@type\":\"EntryPoint\",\"urlTemplate\":\"https:\/\/www.blogsoestado.com\/danielmatos\/?s={search_term_string}\"},\"query-input\":{\"@type\":\"PropertyValueSpecification\",\"valueRequired\":true,\"valueName\":\"search_term_string\"}}],\"inLanguage\":\"pt-BR\"}]}<\/script>\n<!-- \/ Yoast SEO plugin. -->","yoast_head_json":{"title":"Devido \u00e0 incompet\u00eancia de Fl\u00e1vio Dino, deputado Wellington luta pela federaliza\u00e7\u00e3o da MA-006 - Daniel Matos","robots":{"index":"index","follow":"follow","max-snippet":"max-snippet:-1","max-image-preview":"max-image-preview:large","max-video-preview":"max-video-preview:-1"},"canonical":"https:\/\/www.blogsoestado.com\/danielmatos\/devido-a-incompetencia-de-flavio-dino-deputado-wellington-luta-pela-federalizacao-da-ma-006\/","og_locale":"pt_BR","og_type":"article","og_title":"Devido \u00e0 incompet\u00eancia de Fl\u00e1vio Dino, deputado Wellington luta pela federaliza\u00e7\u00e3o da MA-006 - Daniel Matos","og_description":"O deputado estadual Wellington do Curso usou a tribuna da Assembleia Legislativa,\u00a0na manh\u00e3 desta ter\u00e7a-feira (16), para anunciar que levar\u00e1 [&hellip;]","og_url":"https:\/\/www.blogsoestado.com\/danielmatos\/devido-a-incompetencia-de-flavio-dino-deputado-wellington-luta-pela-federalizacao-da-ma-006\/","og_site_name":"Daniel Matos","article_published_time":"2018-10-16T21:45:56+00:00","og_image":[{"url":"https:\/\/www.blogsoestado.com\/danielmatos\/files\/2018\/10\/w-006.jpg","type":"","width":"","height":""}],"twitter_card":"summary_large_image","twitter_misc":{"Est. tempo de leitura":"2 minutos"},"schema":{"@context":"https:\/\/schema.org","@graph":[{"@type":"WebPage","@id":"https:\/\/www.blogsoestado.com\/danielmatos\/devido-a-incompetencia-de-flavio-dino-deputado-wellington-luta-pela-federalizacao-da-ma-006\/","url":"https:\/\/www.blogsoestado.com\/danielmatos\/devido-a-incompetencia-de-flavio-dino-deputado-wellington-luta-pela-federalizacao-da-ma-006\/","name":"Devido \u00e0 incompet\u00eancia de Fl\u00e1vio Dino, deputado Wellington luta pela federaliza\u00e7\u00e3o da MA-006 - Daniel Matos","isPartOf":{"@id":"https:\/\/www.blogsoestado.com\/danielmatos\/#website"},"primaryImageOfPage":{"@id":"https:\/\/www.blogsoestado.com\/danielmatos\/devido-a-incompetencia-de-flavio-dino-deputado-wellington-luta-pela-federalizacao-da-ma-006\/#primaryimage"},"image":{"@id":"https:\/\/www.blogsoestado.com\/danielmatos\/devido-a-incompetencia-de-flavio-dino-deputado-wellington-luta-pela-federalizacao-da-ma-006\/#primaryimage"},"thumbnailUrl":"https:\/\/www.blogsoestado.com\/danielmatos\/files\/2018\/10\/w-006.jpg","datePublished":"2018-10-16T21:45:56+00:00","author":{"@id":""},"breadcrumb":{"@id":"https:\/\/www.blogsoestado.com\/danielmatos\/devido-a-incompetencia-de-flavio-dino-deputado-wellington-luta-pela-federalizacao-da-ma-006\/#breadcrumb"},"inLanguage":"pt-BR","potentialAction":[{"@type":"ReadAction","target":["https:\/\/www.blogsoestado.com\/danielmatos\/devido-a-incompetencia-de-flavio-dino-deputado-wellington-luta-pela-federalizacao-da-ma-006\/"]}]},{"@type":"ImageObject","inLanguage":"pt-BR","@id":"https:\/\/www.blogsoestado.com\/danielmatos\/devido-a-incompetencia-de-flavio-dino-deputado-wellington-luta-pela-federalizacao-da-ma-006\/#primaryimage","url":"https:\/\/www.blogsoestado.com\/danielmatos\/files\/2018\/10\/w-006.jpg","contentUrl":"https:\/\/www.blogsoestado.com\/danielmatos\/files\/2018\/10\/w-006.jpg"},{"@type":"BreadcrumbList","@id":"https:\/\/www.blogsoestado.com\/danielmatos\/devido-a-incompetencia-de-flavio-dino-deputado-wellington-luta-pela-federalizacao-da-ma-006\/#breadcrumb","itemListElement":[{"@type":"ListItem","position":1,"name":"In\u00edcio","item":"https:\/\/www.blogsoestado.com\/danielmatos\/"},{"@type":"ListItem","position":2,"name":"Devido \u00e0 incompet\u00eancia de Fl\u00e1vio Dino, deputado Wellington luta pela federaliza\u00e7\u00e3o da MA-006"}]},{"@type":"WebSite","@id":"https:\/\/www.blogsoestado.com\/danielmatos\/#website","url":"https:\/\/www.blogsoestado.com\/danielmatos\/","name":"Daniel Matos","description":"","potentialAction":[{"@type":"SearchAction","target":{"@type":"EntryPoint","urlTemplate":"https:\/\/www.blogsoestado.com\/danielmatos\/?s={search_term_string}"},"query-input":{"@type":"PropertyValueSpecification","valueRequired":true,"valueName":"search_term_string"}}],"inLanguage":"pt-BR"}]}},"jetpack_featured_media_url":"","_links":{"self":[{"href":"https:\/\/www.blogsoestado.com\/danielmatos\/wp-json\/wp\/v2\/posts\/56963","targetHints":{"allow":["GET"]}}],"collection":[{"href":"https:\/\/www.blogsoestado.com\/danielmatos\/wp-json\/wp\/v2\/posts"}],"about":[{"href":"https:\/\/www.blogsoestado.com\/danielmatos\/wp-json\/wp\/v2\/types\/post"}],"replies":[{"embeddable":true,"href":"https:\/\/www.blogsoestado.com\/danielmatos\/wp-json\/wp\/v2\/comments?post=56963"}],"version-history":[{"count":0,"href":"https:\/\/www.blogsoestado.com\/danielmatos\/wp-json\/wp\/v2\/posts\/56963\/revisions"}],"wp:attachment":[{"href":"https:\/\/www.blogsoestado.com\/danielmatos\/wp-json\/wp\/v2\/media?parent=56963"}],"wp:term":[{"taxonomy":"category","embeddable":true,"href":"https:\/\/www.blogsoestado.com\/danielmatos\/wp-json\/wp\/v2\/categories?post=56963"},{"taxonomy":"post_tag","embeddable":true,"href":"https:\/\/www.blogsoestado.com\/danielmatos\/wp-json\/wp\/v2\/tags?post=56963"}],"curies":[{"name":"wp","href":"https:\/\/api.w.org\/{rel}","templated":true}]}}