{"id":56969,"date":"2018-10-16T20:00:58","date_gmt":"2018-10-16T23:00:58","guid":{"rendered":"https:\/\/www.blogsoestado.com\/danielmatos\/?p=56969"},"modified":"2018-10-16T20:00:58","modified_gmt":"2018-10-16T23:00:58","slug":"prefeito-edivaldo-entrega-novos-kits-com-fardamentos-e-equipamentos-a-agentes-de-combate-a-endemias","status":"publish","type":"post","link":"https:\/\/www.blogsoestado.com\/danielmatos\/prefeito-edivaldo-entrega-novos-kits-com-fardamentos-e-equipamentos-a-agentes-de-combate-a-endemias\/","title":{"rendered":"Prefeito Edivaldo entrega novos kits com fardamentos e equipamentos a agentes de combate a endemias"},"content":{"rendered":"<h2><span style=\"color: #ff0000;\">A\u00e7\u00e3o integra a pol\u00edtica de valoriza\u00e7\u00e3o dos profissionais da sa\u00fade implementada na gest\u00e3o do prefeito Edivaldo e que garante mais qualidade ao trabalho de combate \u00e0s arboviroses colocado em pr\u00e1tica pela Prefeitura de S\u00e3o Lu\u00eds em benef\u00edcio da popula\u00e7\u00e3o<\/span><\/h2>\n<figure id=\"attachment_56970\" aria-describedby=\"caption-attachment-56970\" style=\"width: 650px\" class=\"wp-caption aligncenter\"><a href=\"https:\/\/www.blogsoestado.com\/danielmatos\/?attachment_id=56970\" rel=\"attachment wp-att-56970\"><img fetchpriority=\"high\" decoding=\"async\" class=\"wp-image-56970\" src=\"https:\/\/www.blogsoestado.com\/danielmatos\/files\/2018\/10\/edivaldo-agentes.jpg\" alt=\"\" width=\"650\" height=\"433\" \/><\/a><figcaption id=\"caption-attachment-56970\" class=\"wp-caption-text\">Prefeito Edivaldo entrega novos kits de fardamentos e equipamentos a agentes de combate a endemias<\/figcaption><\/figure>\n<p>O prefeito Edivaldo entregou, nesta ter\u00e7a-feira (16), a agentes de combate a endemias da capital, novos kits contendo uniformes e equipamentos individuais de trabalho. A iniciativa integra as a\u00e7\u00f5es da gest\u00e3o do prefeito Edivaldo de valoriza\u00e7\u00e3o dos profissionais que desenvolvem importante trabalho de controle \u00e0 doen\u00e7as e visa promover mais qualidade ao servi\u00e7o ofertado \u00e0 popula\u00e7\u00e3o. O ato de entrega dos kits &#8211; compostos por bolsa, cal\u00e7as, camisas, bota, bon\u00e9, repelentes e protetor solar &#8211; aconteceu no gin\u00e1sio do Parque do Bom Menino, com a presen\u00e7a de grande n\u00famero de profissionais que comp\u00f5em as equipes do munic\u00edpio.<\/p>\n<p>Durante a entrega, o prefeito Edivaldo destacou a import\u00e2ncia dos novos itens entregues, para a efetiva\u00e7\u00e3o das a\u00e7\u00f5es de combate \u00e0s arboviroses como dengue, chikungunya e zika v\u00edrus em S\u00e3o Lu\u00eds. &#8220;Al\u00e9m de garantir uma melhor apresenta\u00e7\u00e3o e identifica\u00e7\u00e3o de nossos agentes no trabalho de porta a porta nas a\u00e7\u00f5es de combate \u00e0s endemias, os novos equipamentos promovem tamb\u00e9m mais seguran\u00e7a no desempenho de suas fun\u00e7\u00f5es e melhores condi\u00e7\u00f5es \u00e0 execu\u00e7\u00e3o desse trabalho que \u00e9 fundamental para garantir a sa\u00fade da popula\u00e7\u00e3o&#8221;, afirmou Edivaldo que estava acompanhado da primeira-dama, Camila Holanda; do vice-prefeito Julio Pinheiro; e do secret\u00e1rio municipal de Sa\u00fade, Lula Fylho.<\/p>\n<p>Pela primeira vez os profissionais da \u00e1rea participaram de todo o processo de escolha dos equipamentos e da tomada de decis\u00f5es quanto \u00e0 qualidade dos materiais adquiridos. &#8220;S\u00e3o eles que est\u00e3o \u00e0 frente do trabalho di\u00e1rio travando essa guerra contra o mosquito Aedes aegypti, portanto, nada mais importante e democr\u00e1tico que ouvi-los sobre o que melhor conv\u00e9m \u00e0 categoria na execu\u00e7\u00e3o de seu trabalho&#8221;, frisou Edivaldo acrescentando ainda que gra\u00e7as ao bom trabalho desempenhado pelos profissionais a Prefeitura de S\u00e3o Lu\u00eds conseguiu reduzir este ano, em rela\u00e7\u00e3o ao ano passado; em cerca de 60% o n\u00famero de casos de dengue e em 68% os de zika e chikungunya.<\/p>\n<figure id=\"attachment_56971\" aria-describedby=\"caption-attachment-56971\" style=\"width: 650px\" class=\"wp-caption aligncenter\"><a href=\"https:\/\/www.blogsoestado.com\/danielmatos\/?attachment_id=56971\" rel=\"attachment wp-att-56971\"><img decoding=\"async\" class=\"wp-image-56971\" src=\"https:\/\/www.blogsoestado.com\/danielmatos\/files\/2018\/10\/edivaldo-agentes2.jpg\" alt=\"\" width=\"650\" height=\"433\" \/><\/a><figcaption id=\"caption-attachment-56971\" class=\"wp-caption-text\">Bolsa, fardamento e produtos qu\u00edmicos foram entregues a agentes de combate a endemias<\/figcaption><\/figure>\n<p>Segundo o vice-prefeito Julio Pinheiro, com a entrega dos novos uniformes e equipamentos de trabalho aos agentes, a Prefeitura n\u00e3o apenas investe na valoriza\u00e7\u00e3o do trabalhador e na melhoria do servi\u00e7o, como tamb\u00e9m garante \u00e0 popula\u00e7\u00e3o meios para melhor identificar os agentes que chegam \u00e0s suas casas para combater os focos do isento causador das doen\u00e7as.<\/p>\n<p>&#8220;S\u00e3o interven\u00e7\u00f5es importantes no combate \u00e0s endemias e em favor da sa\u00fade da popula\u00e7\u00e3o, principalmente agora que estamos nos aproximando do per\u00edodo chuvoso. O uniforme adequado faz com que os agentes trabalhem mais motivados e sejam valorizados pela popula\u00e7\u00e3o. Al\u00e9m disso, proporcionando melhores condi\u00e7\u00f5es de trabalho aos profissionais, consequentemente teremos resultados mais efetivos no enfrentamento a essas doen\u00e7as&#8221;, observou Julio Pinheiro.<\/p>\n<p>Os agentes de endemias trabalham em toda a cidade e t\u00eam sido importantes para garantir a redu\u00e7\u00e3o dos casos de dengue, chikungunya e zika v\u00edrus, atrav\u00e9s das visitas domiciliares para identifica\u00e7\u00e3o e tratamento de poss\u00edveis focos do mosquito transmissor dessas doen\u00e7as.<\/p>\n<p>O secret\u00e1rio municipal de Sa\u00fade, Lula Fylho, tamb\u00e9m atribuiu a queda na incid\u00eancia de dengue, febre chikungunya e zika v\u00edrus em grande parte ao esfor\u00e7o empreendido pelos agentes de endemias na capital. &#8220;A maior prova de que o trabalho de nossas equipes de agentes de endemias tem dado certo \u00e9 que tivemos uma redu\u00e7\u00e3o dr\u00e1stica no n\u00famero de pessoas que procuram nossas unidades de sa\u00fade com sintomas dessas doen\u00e7as&#8221;, disse Lula Fylho.<\/p>\n<p>&#8220;Os agentes de endemias trabalham em toda a cidade e t\u00eam sido importantes para garantir a redu\u00e7\u00e3o dos casos destas doen\u00e7as, atrav\u00e9s das visitas para identifica\u00e7\u00e3o e tratamento de poss\u00edveis focos do mosquito transmissor. \u00c9 um trabalho silencioso, realizado com muita dilig\u00eancia por nossos agentes, e que tem apresentado resultados muito satisfat\u00f3rios&#8221;, acrescentou Lula Fylho.<\/p>\n<p>As iniciativas de valoriza\u00e7\u00e3o da categoria tamb\u00e9m foram destacadas pelo presidente do Sindicato dos Trabalhadores do Controle de Endemias do Estado do Maranh\u00e3o (Sintracema), Bernardo Medeiros. &#8220;Hoje temos um fardamento realmente de melhor qualidade. Fomos ouvidos e participamos efetivamente do processo de escolha, inclusive com rela\u00e7\u00e3o at\u00e9 mesmo \u00e0 cor dos uniformes, o que consideramos extremamente importante para identifica\u00e7\u00e3o da nossa categoria. Sem d\u00favida, na gest\u00e3o do prefeito Edivaldo avan\u00e7amos muito no nosso objetivo de trabalhar com mais dignidade&#8221;, relatou Medeiros.<\/p>\n<p>Em ato simb\u00f3lico, o prefeito fez a entrega do kit a agente Francineide Nogueira, que disse considerar louv\u00e1vel a iniciativa de melhor paramentar o profissional para o trabalho de campo. &#8220;S\u00e3o equipamentos que nos proporcionam mais seguran\u00e7a no ambiente de trabalho e melhores condi\u00e7\u00f5es para desempenharmos a contento nossa fun\u00e7\u00e3o&#8221;, disse ela.<\/p>\n<p>O agente de endemia Ant\u00f4nio Travassos Nunes, que atua no Distrito de Sa\u00fade do Tirirical, tamb\u00e9m enalteceu a iniciativa. &#8220;Pela primeira vez recebemos fardamentos feitos com materiais realmente de qualidade. Isso nos d\u00e1 mais motiva\u00e7\u00e3o para trabalhar e nos ajuda a ser melhor identificados pela popula\u00e7\u00e3o durante as nossas visitas domiciliares&#8221;, observou.<\/p>\n<p><strong>VALORIZA\u00c7\u00c3O<\/strong><\/p>\n<figure id=\"attachment_56972\" aria-describedby=\"caption-attachment-56972\" style=\"width: 650px\" class=\"wp-caption aligncenter\"><a href=\"https:\/\/www.blogsoestado.com\/danielmatos\/?attachment_id=56972\" rel=\"attachment wp-att-56972\"><img decoding=\"async\" class=\"wp-image-56972\" src=\"https:\/\/www.blogsoestado.com\/danielmatos\/files\/2018\/10\/edivaldo-agentes3.jpg\" alt=\"\" width=\"650\" height=\"433\" \/><\/a><figcaption id=\"caption-attachment-56972\" class=\"wp-caption-text\">Ant\u00f4nio Travassos Nunes destacou a qualidade do material recebido das m\u00e3os do prefeito Edivaldo<\/figcaption><\/figure>\n<p>Visando uma maior qualifica\u00e7\u00e3o e valoriza\u00e7\u00e3o dos profissionais, a Prefeitura de S\u00e3o Lu\u00eds realizou, em setembro deste ano, o curso Introdut\u00f3rio para Agentes Comunit\u00e1rios de Endemias (ACE). O curso reuniu 150 agentes, com o objetivo fortalecer a aten\u00e7\u00e3o primaria em sa\u00fade no processo de forma\u00e7\u00e3o dos profissionais. A capacita\u00e7\u00e3o, promovida pela Secretaria Municipal de Planejamento e Desenvolvimento (Seplan), via Escola de Governo e Gest\u00e3o Municipal (EGGEM), atendeu a uma demanda espec\u00edfica da Secretaria Municipal de Sa\u00fade (Semus), sendo colocadas em pr\u00e1tica na gest\u00e3o do prefeito Edivaldo.<\/p>\n<p>Com a qualifica\u00e7\u00e3o, os agentes comunit\u00e1rios de endemias aprimoraram sua forma\u00e7\u00e3o para atuarem no Sistema \u00danico de Sa\u00fade, a partir de conhecimentos das normas e instrumentos essenciais \u00e0 sua atua\u00e7\u00e3o cotidiana, no controle ambiental de riscos e danos \u00e0 sa\u00fade e a responsabilidade no desempenho de fun\u00e7\u00e3o p\u00fablica.<\/p>\n<p>Tamb\u00e9m estiveram presentes \u00e0 solenidade de entrega dos novos kits, o vereador Pav\u00e3o Filho, os secret\u00e1rios municipais Jos\u00e9 Cursino (Planejamento) e Rommeo Amim, a secret\u00e1ria adjunta de Servi\u00e7os de Sa\u00fade, Nat\u00e1lia Mandarino; o coordenador do Programa de Combate \u00e0s Arboviroses, Pedro Tavares, entre outras autoridades.<\/p>\n<p><strong>Fonte:<\/strong> Secretaria Municipal de Comunica\u00e7\u00e3o (Secom)<\/p>\n","protected":false},"excerpt":{"rendered":"<p>A\u00e7\u00e3o integra a pol\u00edtica de valoriza\u00e7\u00e3o dos profissionais da sa\u00fade implementada na gest\u00e3o do prefeito Edivaldo e que garante mais [&hellip;]<\/p>\n","protected":false},"author":0,"featured_media":0,"comment_status":"open","ping_status":"open","sticky":false,"template":"","format":"standard","meta":{"site-sidebar-layout":"default","site-content-layout":"","ast-site-content-layout":"default","site-content-style":"default","site-sidebar-style":"default","ast-global-header-display":"","ast-banner-title-visibility":"","ast-main-header-display":"","ast-hfb-above-header-display":"","ast-hfb-below-header-display":"","ast-hfb-mobile-header-display":"","site-post-title":"","ast-breadcrumbs-content":"","ast-featured-img":"","footer-sml-layout":"","ast-disable-related-posts":"","theme-transparent-header-meta":"","adv-header-id-meta":"","stick-header-meta":"","header-above-stick-meta":"","header-main-stick-meta":"","header-below-stick-meta":"","astra-migrate-meta-layouts":"default","ast-page-background-enabled":"default","ast-page-background-meta":{"desktop":{"background-color":"var(--ast-global-color-5)","background-image":"","background-repeat":"repeat","background-position":"center center","background-size":"auto","background-attachment":"scroll","background-type":"","background-media":"","overlay-type":"","overlay-color":"","overlay-opacity":"","overlay-gradient":""},"tablet":{"background-color":"","background-image":"","background-repeat":"repeat","background-position":"center center","background-size":"auto","background-attachment":"scroll","background-type":"","background-media":"","overlay-type":"","overlay-color":"","overlay-opacity":"","overlay-gradient":""},"mobile":{"background-color":"","background-image":"","background-repeat":"repeat","background-position":"center center","background-size":"auto","background-attachment":"scroll","background-type":"","background-media":"","overlay-type":"","overlay-color":"","overlay-opacity":"","overlay-gradient":""}},"ast-content-background-meta":{"desktop":{"background-color":"var(--ast-global-color-4)","background-image":"","background-repeat":"repeat","background-position":"center center","background-size":"auto","background-attachment":"scroll","background-type":"","background-media":"","overlay-type":"","overlay-color":"","overlay-opacity":"","overlay-gradient":""},"tablet":{"background-color":"var(--ast-global-color-4)","background-image":"","background-repeat":"repeat","background-position":"center center","background-size":"auto","background-attachment":"scroll","background-type":"","background-media":"","overlay-type":"","overlay-color":"","overlay-opacity":"","overlay-gradient":""},"mobile":{"background-color":"var(--ast-global-color-4)","background-image":"","background-repeat":"repeat","background-position":"center center","background-size":"auto","background-attachment":"scroll","background-type":"","background-media":"","overlay-type":"","overlay-color":"","overlay-opacity":"","overlay-gradient":""}},"footnotes":""},"categories":[1],"tags":[],"class_list":["post-56969","post","type-post","status-publish","format-standard","hentry","category-sem-categoria"],"yoast_head":"<!-- This site is optimized with the Yoast SEO plugin v26.6 - https:\/\/yoast.com\/wordpress\/plugins\/seo\/ -->\n<title>Prefeito Edivaldo entrega novos kits com fardamentos e equipamentos a agentes de combate a endemias - Daniel Matos<\/title>\n<meta name=\"robots\" content=\"index, follow, max-snippet:-1, max-image-preview:large, max-video-preview:-1\" \/>\n<link rel=\"canonical\" href=\"https:\/\/www.blogsoestado.com\/danielmatos\/prefeito-edivaldo-entrega-novos-kits-com-fardamentos-e-equipamentos-a-agentes-de-combate-a-endemias\/\" \/>\n<meta property=\"og:locale\" content=\"pt_BR\" \/>\n<meta property=\"og:type\" content=\"article\" \/>\n<meta property=\"og:title\" content=\"Prefeito Edivaldo entrega novos kits com fardamentos e equipamentos a agentes de combate a endemias - Daniel Matos\" \/>\n<meta property=\"og:description\" content=\"A\u00e7\u00e3o integra a pol\u00edtica de valoriza\u00e7\u00e3o dos profissionais da sa\u00fade implementada na gest\u00e3o do prefeito Edivaldo e que garante mais [&hellip;]\" \/>\n<meta property=\"og:url\" content=\"https:\/\/www.blogsoestado.com\/danielmatos\/prefeito-edivaldo-entrega-novos-kits-com-fardamentos-e-equipamentos-a-agentes-de-combate-a-endemias\/\" \/>\n<meta property=\"og:site_name\" content=\"Daniel Matos\" \/>\n<meta property=\"article:published_time\" content=\"2018-10-16T23:00:58+00:00\" \/>\n<meta property=\"og:image\" content=\"https:\/\/www.blogsoestado.com\/danielmatos\/files\/2018\/10\/edivaldo-agentes.jpg\" \/>\n<meta name=\"twitter:card\" content=\"summary_large_image\" \/>\n<meta name=\"twitter:label1\" content=\"Est. tempo de leitura\" \/>\n\t<meta name=\"twitter:data1\" content=\"6 minutos\" \/>\n<script type=\"application\/ld+json\" class=\"yoast-schema-graph\">{\"@context\":\"https:\/\/schema.org\",\"@graph\":[{\"@type\":\"WebPage\",\"@id\":\"https:\/\/www.blogsoestado.com\/danielmatos\/prefeito-edivaldo-entrega-novos-kits-com-fardamentos-e-equipamentos-a-agentes-de-combate-a-endemias\/\",\"url\":\"https:\/\/www.blogsoestado.com\/danielmatos\/prefeito-edivaldo-entrega-novos-kits-com-fardamentos-e-equipamentos-a-agentes-de-combate-a-endemias\/\",\"name\":\"Prefeito Edivaldo entrega novos kits com fardamentos e equipamentos a agentes de combate a endemias - Daniel Matos\",\"isPartOf\":{\"@id\":\"https:\/\/www.blogsoestado.com\/danielmatos\/#website\"},\"primaryImageOfPage\":{\"@id\":\"https:\/\/www.blogsoestado.com\/danielmatos\/prefeito-edivaldo-entrega-novos-kits-com-fardamentos-e-equipamentos-a-agentes-de-combate-a-endemias\/#primaryimage\"},\"image\":{\"@id\":\"https:\/\/www.blogsoestado.com\/danielmatos\/prefeito-edivaldo-entrega-novos-kits-com-fardamentos-e-equipamentos-a-agentes-de-combate-a-endemias\/#primaryimage\"},\"thumbnailUrl\":\"https:\/\/www.blogsoestado.com\/danielmatos\/files\/2018\/10\/edivaldo-agentes.jpg\",\"datePublished\":\"2018-10-16T23:00:58+00:00\",\"author\":{\"@id\":\"\"},\"breadcrumb\":{\"@id\":\"https:\/\/www.blogsoestado.com\/danielmatos\/prefeito-edivaldo-entrega-novos-kits-com-fardamentos-e-equipamentos-a-agentes-de-combate-a-endemias\/#breadcrumb\"},\"inLanguage\":\"pt-BR\",\"potentialAction\":[{\"@type\":\"ReadAction\",\"target\":[\"https:\/\/www.blogsoestado.com\/danielmatos\/prefeito-edivaldo-entrega-novos-kits-com-fardamentos-e-equipamentos-a-agentes-de-combate-a-endemias\/\"]}]},{\"@type\":\"ImageObject\",\"inLanguage\":\"pt-BR\",\"@id\":\"https:\/\/www.blogsoestado.com\/danielmatos\/prefeito-edivaldo-entrega-novos-kits-com-fardamentos-e-equipamentos-a-agentes-de-combate-a-endemias\/#primaryimage\",\"url\":\"https:\/\/www.blogsoestado.com\/danielmatos\/files\/2018\/10\/edivaldo-agentes.jpg\",\"contentUrl\":\"https:\/\/www.blogsoestado.com\/danielmatos\/files\/2018\/10\/edivaldo-agentes.jpg\"},{\"@type\":\"BreadcrumbList\",\"@id\":\"https:\/\/www.blogsoestado.com\/danielmatos\/prefeito-edivaldo-entrega-novos-kits-com-fardamentos-e-equipamentos-a-agentes-de-combate-a-endemias\/#breadcrumb\",\"itemListElement\":[{\"@type\":\"ListItem\",\"position\":1,\"name\":\"In\u00edcio\",\"item\":\"https:\/\/www.blogsoestado.com\/danielmatos\/\"},{\"@type\":\"ListItem\",\"position\":2,\"name\":\"Prefeito Edivaldo entrega novos kits com fardamentos e equipamentos a agentes de combate a endemias\"}]},{\"@type\":\"WebSite\",\"@id\":\"https:\/\/www.blogsoestado.com\/danielmatos\/#website\",\"url\":\"https:\/\/www.blogsoestado.com\/danielmatos\/\",\"name\":\"Daniel Matos\",\"description\":\"\",\"potentialAction\":[{\"@type\":\"SearchAction\",\"target\":{\"@type\":\"EntryPoint\",\"urlTemplate\":\"https:\/\/www.blogsoestado.com\/danielmatos\/?s={search_term_string}\"},\"query-input\":{\"@type\":\"PropertyValueSpecification\",\"valueRequired\":true,\"valueName\":\"search_term_string\"}}],\"inLanguage\":\"pt-BR\"}]}<\/script>\n<!-- \/ Yoast SEO plugin. -->","yoast_head_json":{"title":"Prefeito Edivaldo entrega novos kits com fardamentos e equipamentos a agentes de combate a endemias - Daniel Matos","robots":{"index":"index","follow":"follow","max-snippet":"max-snippet:-1","max-image-preview":"max-image-preview:large","max-video-preview":"max-video-preview:-1"},"canonical":"https:\/\/www.blogsoestado.com\/danielmatos\/prefeito-edivaldo-entrega-novos-kits-com-fardamentos-e-equipamentos-a-agentes-de-combate-a-endemias\/","og_locale":"pt_BR","og_type":"article","og_title":"Prefeito Edivaldo entrega novos kits com fardamentos e equipamentos a agentes de combate a endemias - Daniel Matos","og_description":"A\u00e7\u00e3o integra a pol\u00edtica de valoriza\u00e7\u00e3o dos profissionais da sa\u00fade implementada na gest\u00e3o do prefeito Edivaldo e que garante mais [&hellip;]","og_url":"https:\/\/www.blogsoestado.com\/danielmatos\/prefeito-edivaldo-entrega-novos-kits-com-fardamentos-e-equipamentos-a-agentes-de-combate-a-endemias\/","og_site_name":"Daniel Matos","article_published_time":"2018-10-16T23:00:58+00:00","og_image":[{"url":"https:\/\/www.blogsoestado.com\/danielmatos\/files\/2018\/10\/edivaldo-agentes.jpg","type":"","width":"","height":""}],"twitter_card":"summary_large_image","twitter_misc":{"Est. tempo de leitura":"6 minutos"},"schema":{"@context":"https:\/\/schema.org","@graph":[{"@type":"WebPage","@id":"https:\/\/www.blogsoestado.com\/danielmatos\/prefeito-edivaldo-entrega-novos-kits-com-fardamentos-e-equipamentos-a-agentes-de-combate-a-endemias\/","url":"https:\/\/www.blogsoestado.com\/danielmatos\/prefeito-edivaldo-entrega-novos-kits-com-fardamentos-e-equipamentos-a-agentes-de-combate-a-endemias\/","name":"Prefeito Edivaldo entrega novos kits com fardamentos e equipamentos a agentes de combate a endemias - Daniel Matos","isPartOf":{"@id":"https:\/\/www.blogsoestado.com\/danielmatos\/#website"},"primaryImageOfPage":{"@id":"https:\/\/www.blogsoestado.com\/danielmatos\/prefeito-edivaldo-entrega-novos-kits-com-fardamentos-e-equipamentos-a-agentes-de-combate-a-endemias\/#primaryimage"},"image":{"@id":"https:\/\/www.blogsoestado.com\/danielmatos\/prefeito-edivaldo-entrega-novos-kits-com-fardamentos-e-equipamentos-a-agentes-de-combate-a-endemias\/#primaryimage"},"thumbnailUrl":"https:\/\/www.blogsoestado.com\/danielmatos\/files\/2018\/10\/edivaldo-agentes.jpg","datePublished":"2018-10-16T23:00:58+00:00","author":{"@id":""},"breadcrumb":{"@id":"https:\/\/www.blogsoestado.com\/danielmatos\/prefeito-edivaldo-entrega-novos-kits-com-fardamentos-e-equipamentos-a-agentes-de-combate-a-endemias\/#breadcrumb"},"inLanguage":"pt-BR","potentialAction":[{"@type":"ReadAction","target":["https:\/\/www.blogsoestado.com\/danielmatos\/prefeito-edivaldo-entrega-novos-kits-com-fardamentos-e-equipamentos-a-agentes-de-combate-a-endemias\/"]}]},{"@type":"ImageObject","inLanguage":"pt-BR","@id":"https:\/\/www.blogsoestado.com\/danielmatos\/prefeito-edivaldo-entrega-novos-kits-com-fardamentos-e-equipamentos-a-agentes-de-combate-a-endemias\/#primaryimage","url":"https:\/\/www.blogsoestado.com\/danielmatos\/files\/2018\/10\/edivaldo-agentes.jpg","contentUrl":"https:\/\/www.blogsoestado.com\/danielmatos\/files\/2018\/10\/edivaldo-agentes.jpg"},{"@type":"BreadcrumbList","@id":"https:\/\/www.blogsoestado.com\/danielmatos\/prefeito-edivaldo-entrega-novos-kits-com-fardamentos-e-equipamentos-a-agentes-de-combate-a-endemias\/#breadcrumb","itemListElement":[{"@type":"ListItem","position":1,"name":"In\u00edcio","item":"https:\/\/www.blogsoestado.com\/danielmatos\/"},{"@type":"ListItem","position":2,"name":"Prefeito Edivaldo entrega novos kits com fardamentos e equipamentos a agentes de combate a endemias"}]},{"@type":"WebSite","@id":"https:\/\/www.blogsoestado.com\/danielmatos\/#website","url":"https:\/\/www.blogsoestado.com\/danielmatos\/","name":"Daniel Matos","description":"","potentialAction":[{"@type":"SearchAction","target":{"@type":"EntryPoint","urlTemplate":"https:\/\/www.blogsoestado.com\/danielmatos\/?s={search_term_string}"},"query-input":{"@type":"PropertyValueSpecification","valueRequired":true,"valueName":"search_term_string"}}],"inLanguage":"pt-BR"}]}},"jetpack_featured_media_url":"","_links":{"self":[{"href":"https:\/\/www.blogsoestado.com\/danielmatos\/wp-json\/wp\/v2\/posts\/56969","targetHints":{"allow":["GET"]}}],"collection":[{"href":"https:\/\/www.blogsoestado.com\/danielmatos\/wp-json\/wp\/v2\/posts"}],"about":[{"href":"https:\/\/www.blogsoestado.com\/danielmatos\/wp-json\/wp\/v2\/types\/post"}],"replies":[{"embeddable":true,"href":"https:\/\/www.blogsoestado.com\/danielmatos\/wp-json\/wp\/v2\/comments?post=56969"}],"version-history":[{"count":0,"href":"https:\/\/www.blogsoestado.com\/danielmatos\/wp-json\/wp\/v2\/posts\/56969\/revisions"}],"wp:attachment":[{"href":"https:\/\/www.blogsoestado.com\/danielmatos\/wp-json\/wp\/v2\/media?parent=56969"}],"wp:term":[{"taxonomy":"category","embeddable":true,"href":"https:\/\/www.blogsoestado.com\/danielmatos\/wp-json\/wp\/v2\/categories?post=56969"},{"taxonomy":"post_tag","embeddable":true,"href":"https:\/\/www.blogsoestado.com\/danielmatos\/wp-json\/wp\/v2\/tags?post=56969"}],"curies":[{"name":"wp","href":"https:\/\/api.w.org\/{rel}","templated":true}]}}