{"id":56983,"date":"2018-10-17T09:25:03","date_gmt":"2018-10-17T12:25:03","guid":{"rendered":"https:\/\/www.blogsoestado.com\/danielmatos\/?p=56983"},"modified":"2018-10-17T09:25:03","modified_gmt":"2018-10-17T12:25:03","slug":"perspectivas-de-mercado-e-recrutamento-foram-temas-do-encontro-de-oportunidades-faene","status":"publish","type":"post","link":"https:\/\/www.blogsoestado.com\/danielmatos\/perspectivas-de-mercado-e-recrutamento-foram-temas-do-encontro-de-oportunidades-faene\/","title":{"rendered":"Perspectivas de mercado e recrutamento  foram temas do \u201cEncontro de Oportunidades Faene\u201d"},"content":{"rendered":"<figure id=\"attachment_56984\" aria-describedby=\"caption-attachment-56984\" style=\"width: 650px\" class=\"wp-caption aligncenter\"><a href=\"https:\/\/www.blogsoestado.com\/danielmatos\/2018\/10\/17\/perspectivas-de-mercado-e-recrutamento-foram-temas-do-encontro-de-oportunidades-faene\/faene-encontro\/\" rel=\"attachment wp-att-56984\"><img fetchpriority=\"high\" decoding=\"async\" class=\"wp-image-56984\" src=\"https:\/\/www.blogsoestado.com\/danielmatos\/files\/2018\/10\/faene-encontro.jpg\" alt=\"\" width=\"650\" height=\"488\" \/><\/a><figcaption id=\"caption-attachment-56984\" class=\"wp-caption-text\">\u201cEncontro de Oportunidades\u201d, promovido pela Faculdade de Neg\u00f3cios Faene, abordou a dificuldade das empresas em preencher vagas<\/figcaption><\/figure>\n<p>\u00c9 numeroso o ex\u00e9rcito de pessoas que buscam emprego atualmente no Brasil. E apesar de tudo, as empresas ainda sentem dificuldades na hora de recrutar, principalmente no que diz respeito aos perfis de candidatos. O Brasil, ali\u00e1s, \u00e9 o segundo pa\u00eds do mundo onde as empresas t\u00eam mais dificuldades para preencher vagas.<\/p>\n<p>Foi justamente esse um dos assuntos discutidos no \u201cEncontro de Oportunidades\u201d promovido pela Faculdade de Neg\u00f3cios Faene, com a participa\u00e7\u00e3o de representantes das empresas Vale e Potiguar. Entre outras coisas, foram abordadas as perspectivas de mercado e os pontos mais dif\u00edceis a serem levados em considera\u00e7\u00e3o na hora da sele\u00e7\u00e3o. Representando a Vale, participaram M\u00e1rcia Lima e Victor Gomes, ambos do Departamento de Recursos Humanos. Da Potiguar, Concei\u00e7\u00e3o Almeida, coordenadora do setor de Recursos Humanos da empresa.<\/p>\n<figure id=\"attachment_56985\" aria-describedby=\"caption-attachment-56985\" style=\"width: 650px\" class=\"wp-caption aligncenter\"><a href=\"https:\/\/www.blogsoestado.com\/danielmatos\/2018\/10\/17\/perspectivas-de-mercado-e-recrutamento-foram-temas-do-encontro-de-oportunidades-faene\/faene-encontro2\/\" rel=\"attachment wp-att-56985\"><img decoding=\"async\" class=\"wp-image-56985\" src=\"https:\/\/www.blogsoestado.com\/danielmatos\/files\/2018\/10\/faene-encontro2.jpg\" alt=\"\" width=\"650\" height=\"488\" \/><\/a><figcaption id=\"caption-attachment-56985\" class=\"wp-caption-text\">O Encontro de Oportunidades foi considerado bastante enriquecedor por todos os participantes<\/figcaption><\/figure>\n<p>Um dos maiores desafios, segundo a diretora administrativa da Faene, Michelle Carreira, \u00e9 identificar o perfil adequado para determinada fun\u00e7\u00e3o. \u201cTanto a Vale quanto a Potiguar est\u00e3o sempre buscando profissionais no mercado com um processo seletivo cont\u00ednuo, raz\u00e3o pela qual foi extremamente importante a presen\u00e7a dos representantes dessas empresas aqui, para nos mostrar como as coisas funcionam na pr\u00e1tica, o que foi bastante enriquecedor para todos aqueles que participaram do evento. Ali\u00e1s, o mercado competitivo originou nas empresas a necessidade de realizar contrata\u00e7\u00f5es cada vez mais acertadas, r\u00e1pidas e econ\u00f4micas. Com isso, o processo se diversificou nos \u00faltimos tempos, fazendo com que existam v\u00e1rios tipos de recrutamento\u201d.<\/p>\n<p>O processo de recrutamento e sele\u00e7\u00e3o \u00e9 uma das fun\u00e7\u00f5es mais importantes em uma empresa, pois representa o come\u00e7o de toda rela\u00e7\u00e3o estabelecida no ambiente de trabalho. Al\u00e9m disso, sabendo-se da import\u00e2ncia do capital humano para os resultados dos neg\u00f3cios, um excelente processo de contrata\u00e7\u00e3o pode garantir vantagem competitiva para a empresa.<\/p>\n","protected":false},"excerpt":{"rendered":"<p>\u00c9 numeroso o ex\u00e9rcito de pessoas que buscam emprego atualmente no Brasil. E apesar de tudo, as empresas ainda sentem [&hellip;]<\/p>\n","protected":false},"author":0,"featured_media":0,"comment_status":"open","ping_status":"open","sticky":false,"template":"","format":"standard","meta":{"site-sidebar-layout":"default","site-content-layout":"","ast-site-content-layout":"default","site-content-style":"default","site-sidebar-style":"default","ast-global-header-display":"","ast-banner-title-visibility":"","ast-main-header-display":"","ast-hfb-above-header-display":"","ast-hfb-below-header-display":"","ast-hfb-mobile-header-display":"","site-post-title":"","ast-breadcrumbs-content":"","ast-featured-img":"","footer-sml-layout":"","ast-disable-related-posts":"","theme-transparent-header-meta":"","adv-header-id-meta":"","stick-header-meta":"","header-above-stick-meta":"","header-main-stick-meta":"","header-below-stick-meta":"","astra-migrate-meta-layouts":"default","ast-page-background-enabled":"default","ast-page-background-meta":{"desktop":{"background-color":"var(--ast-global-color-5)","background-image":"","background-repeat":"repeat","background-position":"center center","background-size":"auto","background-attachment":"scroll","background-type":"","background-media":"","overlay-type":"","overlay-color":"","overlay-opacity":"","overlay-gradient":""},"tablet":{"background-color":"","background-image":"","background-repeat":"repeat","background-position":"center center","background-size":"auto","background-attachment":"scroll","background-type":"","background-media":"","overlay-type":"","overlay-color":"","overlay-opacity":"","overlay-gradient":""},"mobile":{"background-color":"","background-image":"","background-repeat":"repeat","background-position":"center center","background-size":"auto","background-attachment":"scroll","background-type":"","background-media":"","overlay-type":"","overlay-color":"","overlay-opacity":"","overlay-gradient":""}},"ast-content-background-meta":{"desktop":{"background-color":"var(--ast-global-color-4)","background-image":"","background-repeat":"repeat","background-position":"center center","background-size":"auto","background-attachment":"scroll","background-type":"","background-media":"","overlay-type":"","overlay-color":"","overlay-opacity":"","overlay-gradient":""},"tablet":{"background-color":"var(--ast-global-color-4)","background-image":"","background-repeat":"repeat","background-position":"center center","background-size":"auto","background-attachment":"scroll","background-type":"","background-media":"","overlay-type":"","overlay-color":"","overlay-opacity":"","overlay-gradient":""},"mobile":{"background-color":"var(--ast-global-color-4)","background-image":"","background-repeat":"repeat","background-position":"center center","background-size":"auto","background-attachment":"scroll","background-type":"","background-media":"","overlay-type":"","overlay-color":"","overlay-opacity":"","overlay-gradient":""}},"footnotes":""},"categories":[1],"tags":[],"class_list":["post-56983","post","type-post","status-publish","format-standard","hentry","category-sem-categoria"],"yoast_head":"<!-- This site is optimized with the Yoast SEO plugin v26.6 - https:\/\/yoast.com\/wordpress\/plugins\/seo\/ -->\n<title>Perspectivas de mercado e recrutamento foram temas do \u201cEncontro de Oportunidades Faene\u201d - Daniel Matos<\/title>\n<meta name=\"robots\" content=\"index, follow, max-snippet:-1, max-image-preview:large, max-video-preview:-1\" \/>\n<link rel=\"canonical\" href=\"https:\/\/www.blogsoestado.com\/danielmatos\/perspectivas-de-mercado-e-recrutamento-foram-temas-do-encontro-de-oportunidades-faene\/\" \/>\n<meta property=\"og:locale\" content=\"pt_BR\" \/>\n<meta property=\"og:type\" content=\"article\" \/>\n<meta property=\"og:title\" content=\"Perspectivas de mercado e recrutamento foram temas do \u201cEncontro de Oportunidades Faene\u201d - Daniel Matos\" \/>\n<meta property=\"og:description\" content=\"\u00c9 numeroso o ex\u00e9rcito de pessoas que buscam emprego atualmente no Brasil. E apesar de tudo, as empresas ainda sentem [&hellip;]\" \/>\n<meta property=\"og:url\" content=\"https:\/\/www.blogsoestado.com\/danielmatos\/perspectivas-de-mercado-e-recrutamento-foram-temas-do-encontro-de-oportunidades-faene\/\" \/>\n<meta property=\"og:site_name\" content=\"Daniel Matos\" \/>\n<meta property=\"article:published_time\" content=\"2018-10-17T12:25:03+00:00\" \/>\n<meta property=\"og:image\" content=\"https:\/\/www.blogsoestado.com\/danielmatos\/files\/2018\/10\/faene-encontro.jpg\" \/>\n<meta name=\"twitter:card\" content=\"summary_large_image\" \/>\n<meta name=\"twitter:label1\" content=\"Est. tempo de leitura\" \/>\n\t<meta name=\"twitter:data1\" content=\"2 minutos\" \/>\n<script type=\"application\/ld+json\" class=\"yoast-schema-graph\">{\"@context\":\"https:\/\/schema.org\",\"@graph\":[{\"@type\":\"WebPage\",\"@id\":\"https:\/\/www.blogsoestado.com\/danielmatos\/perspectivas-de-mercado-e-recrutamento-foram-temas-do-encontro-de-oportunidades-faene\/\",\"url\":\"https:\/\/www.blogsoestado.com\/danielmatos\/perspectivas-de-mercado-e-recrutamento-foram-temas-do-encontro-de-oportunidades-faene\/\",\"name\":\"Perspectivas de mercado e recrutamento foram temas do \u201cEncontro de Oportunidades Faene\u201d - Daniel Matos\",\"isPartOf\":{\"@id\":\"https:\/\/www.blogsoestado.com\/danielmatos\/#website\"},\"primaryImageOfPage\":{\"@id\":\"https:\/\/www.blogsoestado.com\/danielmatos\/perspectivas-de-mercado-e-recrutamento-foram-temas-do-encontro-de-oportunidades-faene\/#primaryimage\"},\"image\":{\"@id\":\"https:\/\/www.blogsoestado.com\/danielmatos\/perspectivas-de-mercado-e-recrutamento-foram-temas-do-encontro-de-oportunidades-faene\/#primaryimage\"},\"thumbnailUrl\":\"https:\/\/www.blogsoestado.com\/danielmatos\/files\/2018\/10\/faene-encontro.jpg\",\"datePublished\":\"2018-10-17T12:25:03+00:00\",\"author\":{\"@id\":\"\"},\"breadcrumb\":{\"@id\":\"https:\/\/www.blogsoestado.com\/danielmatos\/perspectivas-de-mercado-e-recrutamento-foram-temas-do-encontro-de-oportunidades-faene\/#breadcrumb\"},\"inLanguage\":\"pt-BR\",\"potentialAction\":[{\"@type\":\"ReadAction\",\"target\":[\"https:\/\/www.blogsoestado.com\/danielmatos\/perspectivas-de-mercado-e-recrutamento-foram-temas-do-encontro-de-oportunidades-faene\/\"]}]},{\"@type\":\"ImageObject\",\"inLanguage\":\"pt-BR\",\"@id\":\"https:\/\/www.blogsoestado.com\/danielmatos\/perspectivas-de-mercado-e-recrutamento-foram-temas-do-encontro-de-oportunidades-faene\/#primaryimage\",\"url\":\"https:\/\/www.blogsoestado.com\/danielmatos\/files\/2018\/10\/faene-encontro.jpg\",\"contentUrl\":\"https:\/\/www.blogsoestado.com\/danielmatos\/files\/2018\/10\/faene-encontro.jpg\"},{\"@type\":\"BreadcrumbList\",\"@id\":\"https:\/\/www.blogsoestado.com\/danielmatos\/perspectivas-de-mercado-e-recrutamento-foram-temas-do-encontro-de-oportunidades-faene\/#breadcrumb\",\"itemListElement\":[{\"@type\":\"ListItem\",\"position\":1,\"name\":\"In\u00edcio\",\"item\":\"https:\/\/www.blogsoestado.com\/danielmatos\/\"},{\"@type\":\"ListItem\",\"position\":2,\"name\":\"Perspectivas de mercado e recrutamento foram temas do \u201cEncontro de Oportunidades Faene\u201d\"}]},{\"@type\":\"WebSite\",\"@id\":\"https:\/\/www.blogsoestado.com\/danielmatos\/#website\",\"url\":\"https:\/\/www.blogsoestado.com\/danielmatos\/\",\"name\":\"Daniel Matos\",\"description\":\"\",\"potentialAction\":[{\"@type\":\"SearchAction\",\"target\":{\"@type\":\"EntryPoint\",\"urlTemplate\":\"https:\/\/www.blogsoestado.com\/danielmatos\/?s={search_term_string}\"},\"query-input\":{\"@type\":\"PropertyValueSpecification\",\"valueRequired\":true,\"valueName\":\"search_term_string\"}}],\"inLanguage\":\"pt-BR\"}]}<\/script>\n<!-- \/ Yoast SEO plugin. -->","yoast_head_json":{"title":"Perspectivas de mercado e recrutamento foram temas do \u201cEncontro de Oportunidades Faene\u201d - Daniel Matos","robots":{"index":"index","follow":"follow","max-snippet":"max-snippet:-1","max-image-preview":"max-image-preview:large","max-video-preview":"max-video-preview:-1"},"canonical":"https:\/\/www.blogsoestado.com\/danielmatos\/perspectivas-de-mercado-e-recrutamento-foram-temas-do-encontro-de-oportunidades-faene\/","og_locale":"pt_BR","og_type":"article","og_title":"Perspectivas de mercado e recrutamento foram temas do \u201cEncontro de Oportunidades Faene\u201d - Daniel Matos","og_description":"\u00c9 numeroso o ex\u00e9rcito de pessoas que buscam emprego atualmente no Brasil. E apesar de tudo, as empresas ainda sentem [&hellip;]","og_url":"https:\/\/www.blogsoestado.com\/danielmatos\/perspectivas-de-mercado-e-recrutamento-foram-temas-do-encontro-de-oportunidades-faene\/","og_site_name":"Daniel Matos","article_published_time":"2018-10-17T12:25:03+00:00","og_image":[{"url":"https:\/\/www.blogsoestado.com\/danielmatos\/files\/2018\/10\/faene-encontro.jpg","type":"","width":"","height":""}],"twitter_card":"summary_large_image","twitter_misc":{"Est. tempo de leitura":"2 minutos"},"schema":{"@context":"https:\/\/schema.org","@graph":[{"@type":"WebPage","@id":"https:\/\/www.blogsoestado.com\/danielmatos\/perspectivas-de-mercado-e-recrutamento-foram-temas-do-encontro-de-oportunidades-faene\/","url":"https:\/\/www.blogsoestado.com\/danielmatos\/perspectivas-de-mercado-e-recrutamento-foram-temas-do-encontro-de-oportunidades-faene\/","name":"Perspectivas de mercado e recrutamento foram temas do \u201cEncontro de Oportunidades Faene\u201d - Daniel Matos","isPartOf":{"@id":"https:\/\/www.blogsoestado.com\/danielmatos\/#website"},"primaryImageOfPage":{"@id":"https:\/\/www.blogsoestado.com\/danielmatos\/perspectivas-de-mercado-e-recrutamento-foram-temas-do-encontro-de-oportunidades-faene\/#primaryimage"},"image":{"@id":"https:\/\/www.blogsoestado.com\/danielmatos\/perspectivas-de-mercado-e-recrutamento-foram-temas-do-encontro-de-oportunidades-faene\/#primaryimage"},"thumbnailUrl":"https:\/\/www.blogsoestado.com\/danielmatos\/files\/2018\/10\/faene-encontro.jpg","datePublished":"2018-10-17T12:25:03+00:00","author":{"@id":""},"breadcrumb":{"@id":"https:\/\/www.blogsoestado.com\/danielmatos\/perspectivas-de-mercado-e-recrutamento-foram-temas-do-encontro-de-oportunidades-faene\/#breadcrumb"},"inLanguage":"pt-BR","potentialAction":[{"@type":"ReadAction","target":["https:\/\/www.blogsoestado.com\/danielmatos\/perspectivas-de-mercado-e-recrutamento-foram-temas-do-encontro-de-oportunidades-faene\/"]}]},{"@type":"ImageObject","inLanguage":"pt-BR","@id":"https:\/\/www.blogsoestado.com\/danielmatos\/perspectivas-de-mercado-e-recrutamento-foram-temas-do-encontro-de-oportunidades-faene\/#primaryimage","url":"https:\/\/www.blogsoestado.com\/danielmatos\/files\/2018\/10\/faene-encontro.jpg","contentUrl":"https:\/\/www.blogsoestado.com\/danielmatos\/files\/2018\/10\/faene-encontro.jpg"},{"@type":"BreadcrumbList","@id":"https:\/\/www.blogsoestado.com\/danielmatos\/perspectivas-de-mercado-e-recrutamento-foram-temas-do-encontro-de-oportunidades-faene\/#breadcrumb","itemListElement":[{"@type":"ListItem","position":1,"name":"In\u00edcio","item":"https:\/\/www.blogsoestado.com\/danielmatos\/"},{"@type":"ListItem","position":2,"name":"Perspectivas de mercado e recrutamento foram temas do \u201cEncontro de Oportunidades Faene\u201d"}]},{"@type":"WebSite","@id":"https:\/\/www.blogsoestado.com\/danielmatos\/#website","url":"https:\/\/www.blogsoestado.com\/danielmatos\/","name":"Daniel Matos","description":"","potentialAction":[{"@type":"SearchAction","target":{"@type":"EntryPoint","urlTemplate":"https:\/\/www.blogsoestado.com\/danielmatos\/?s={search_term_string}"},"query-input":{"@type":"PropertyValueSpecification","valueRequired":true,"valueName":"search_term_string"}}],"inLanguage":"pt-BR"}]}},"jetpack_featured_media_url":"","_links":{"self":[{"href":"https:\/\/www.blogsoestado.com\/danielmatos\/wp-json\/wp\/v2\/posts\/56983","targetHints":{"allow":["GET"]}}],"collection":[{"href":"https:\/\/www.blogsoestado.com\/danielmatos\/wp-json\/wp\/v2\/posts"}],"about":[{"href":"https:\/\/www.blogsoestado.com\/danielmatos\/wp-json\/wp\/v2\/types\/post"}],"replies":[{"embeddable":true,"href":"https:\/\/www.blogsoestado.com\/danielmatos\/wp-json\/wp\/v2\/comments?post=56983"}],"version-history":[{"count":0,"href":"https:\/\/www.blogsoestado.com\/danielmatos\/wp-json\/wp\/v2\/posts\/56983\/revisions"}],"wp:attachment":[{"href":"https:\/\/www.blogsoestado.com\/danielmatos\/wp-json\/wp\/v2\/media?parent=56983"}],"wp:term":[{"taxonomy":"category","embeddable":true,"href":"https:\/\/www.blogsoestado.com\/danielmatos\/wp-json\/wp\/v2\/categories?post=56983"},{"taxonomy":"post_tag","embeddable":true,"href":"https:\/\/www.blogsoestado.com\/danielmatos\/wp-json\/wp\/v2\/tags?post=56983"}],"curies":[{"name":"wp","href":"https:\/\/api.w.org\/{rel}","templated":true}]}}