{"id":56988,"date":"2018-10-17T12:33:54","date_gmt":"2018-10-17T15:33:54","guid":{"rendered":"https:\/\/www.blogsoestado.com\/danielmatos\/?p=56988"},"modified":"2018-10-17T12:33:54","modified_gmt":"2018-10-17T15:33:54","slug":"dutra-deixa-comercio-da-sede-de-paco-do-lumiar-as-moscas-apos-mudar-secretarias-para-regiao-do-maiobao","status":"publish","type":"post","link":"https:\/\/www.blogsoestado.com\/danielmatos\/dutra-deixa-comercio-da-sede-de-paco-do-lumiar-as-moscas-apos-mudar-secretarias-para-regiao-do-maiobao\/","title":{"rendered":"Dutra deixa com\u00e9rcio da sede de Pa\u00e7o do Lumiar \u00e0s moscas ap\u00f3s mudar secretarias para regi\u00e3o do Maiob\u00e3o"},"content":{"rendered":"<figure id=\"attachment_56989\" aria-describedby=\"caption-attachment-56989\" style=\"width: 450px\" class=\"wp-caption alignright\"><a href=\"https:\/\/www.blogsoestado.com\/danielmatos\/2018\/10\/17\/dutra-deixa-comercio-da-sede-de-paco-do-lumiar-as-moscas-apos-mudar-secretarias\/dutra-dino-sede\/\" rel=\"attachment wp-att-56989\"><img fetchpriority=\"high\" decoding=\"async\" class=\"wp-image-56989\" src=\"https:\/\/www.blogsoestado.com\/danielmatos\/files\/2018\/10\/dutra-dino-sede.jpg\" alt=\"\" width=\"450\" height=\"202\" \/><\/a><figcaption id=\"caption-attachment-56989\" class=\"wp-caption-text\">Aliado de Fl\u00e1vio Dino, Domingos Dutra deixou comerciantes da sede de Pa\u00e7o do Lumiar a m\u00edngua<\/figcaption><\/figure>\n<p>O prefeito de Pa\u00e7o do Lumiar, Domingos Dutra (PCdoB), cometeu uma maldade sem tamanho contra os comerciantes da sede do munic\u00edpio. Ao retirar a maioria das secretarias do n\u00facleo que deu origem \u00e0 cidade e instal\u00e1-las na regi\u00e3o do Maiob\u00e3o, o comunista praticamente inviabilizou pequenos neg\u00f3cios que garantiam sobreviv\u00eancia a centenas de fam\u00edlias.<\/p>\n<p>Mudaram de endere\u00e7o as secretarias de Sa\u00fade, Educa\u00e7\u00e3o, Fazenda, Planejamento, Desenvolvimento Social, Cultura e Esporte, Direitos Humanos, Agricultura, Meio Ambiente e Recursos Naturais, Mobilidade Urbana, \u00f3rg\u00e3os como Controladoria e Procuradoria do Munic\u00edpio, sem contar o gabinete do pr\u00f3prio prefeito. A \u00fanica pasta a permanecer na sede foi a de Infraestrutura.<\/p>\n<p>O com\u00e9rcio da sede ficou literalmente \u00e0s moscas com a medida adotada por Dutra, que demonstrou n\u00e3o ter a m\u00ednima sensibilidade como gestor p\u00fablico.\u00a0Antes da mudan\u00e7a de endere\u00e7o, os servidores municipais de Pa\u00e7o do Lumiar consumiam produtos e servi\u00e7os na sede, fomentando a economia local. Depois que foram remanejados para o Maiob\u00e3o e adjac\u00eancias, a receita que geravam migrou para a nova freguesia.<\/p>\n<p>Bares, mercearias, restaurantes, armarinhos e at\u00e9 servi\u00e7os de transporte, como t\u00e1xi e moto-t\u00e1xi, perderam faturamento e muitos n\u00e3o suportaram os preju\u00edzos e quebraram. Os que ainda resistem acumulam preju\u00edzos dia ap\u00f3s dia e amargam a incerteza sobre o futuro.<\/p>\n<p>\u00c9 a pol\u00edtica de inclus\u00e3o \u00e0s avessas praticada pelos comunistas em \u00e2mbito estadual sendo reproduzida \u00e0 risca por Domingos Dutra em Pa\u00e7o do Lumiar. Em vez de gerar emprego e renda, o prefeito age na dire\u00e7\u00e3o contr\u00e1ria e, a pretexto de dinamizar sua gest\u00e3o, reduz ainda mais a chance de vida digna dos cidad\u00e3os historicamente desassistidos por morarem longe da \u00e1rea urbana.<\/p>\n","protected":false},"excerpt":{"rendered":"<p>O prefeito de Pa\u00e7o do Lumiar, Domingos Dutra (PCdoB), cometeu uma maldade sem tamanho contra os comerciantes da sede do [&hellip;]<\/p>\n","protected":false},"author":0,"featured_media":0,"comment_status":"open","ping_status":"open","sticky":false,"template":"","format":"standard","meta":{"site-sidebar-layout":"default","site-content-layout":"","ast-site-content-layout":"default","site-content-style":"default","site-sidebar-style":"default","ast-global-header-display":"","ast-banner-title-visibility":"","ast-main-header-display":"","ast-hfb-above-header-display":"","ast-hfb-below-header-display":"","ast-hfb-mobile-header-display":"","site-post-title":"","ast-breadcrumbs-content":"","ast-featured-img":"","footer-sml-layout":"","ast-disable-related-posts":"","theme-transparent-header-meta":"","adv-header-id-meta":"","stick-header-meta":"","header-above-stick-meta":"","header-main-stick-meta":"","header-below-stick-meta":"","astra-migrate-meta-layouts":"default","ast-page-background-enabled":"default","ast-page-background-meta":{"desktop":{"background-color":"var(--ast-global-color-5)","background-image":"","background-repeat":"repeat","background-position":"center center","background-size":"auto","background-attachment":"scroll","background-type":"","background-media":"","overlay-type":"","overlay-color":"","overlay-opacity":"","overlay-gradient":""},"tablet":{"background-color":"","background-image":"","background-repeat":"repeat","background-position":"center center","background-size":"auto","background-attachment":"scroll","background-type":"","background-media":"","overlay-type":"","overlay-color":"","overlay-opacity":"","overlay-gradient":""},"mobile":{"background-color":"","background-image":"","background-repeat":"repeat","background-position":"center center","background-size":"auto","background-attachment":"scroll","background-type":"","background-media":"","overlay-type":"","overlay-color":"","overlay-opacity":"","overlay-gradient":""}},"ast-content-background-meta":{"desktop":{"background-color":"var(--ast-global-color-4)","background-image":"","background-repeat":"repeat","background-position":"center center","background-size":"auto","background-attachment":"scroll","background-type":"","background-media":"","overlay-type":"","overlay-color":"","overlay-opacity":"","overlay-gradient":""},"tablet":{"background-color":"var(--ast-global-color-4)","background-image":"","background-repeat":"repeat","background-position":"center center","background-size":"auto","background-attachment":"scroll","background-type":"","background-media":"","overlay-type":"","overlay-color":"","overlay-opacity":"","overlay-gradient":""},"mobile":{"background-color":"var(--ast-global-color-4)","background-image":"","background-repeat":"repeat","background-position":"center center","background-size":"auto","background-attachment":"scroll","background-type":"","background-media":"","overlay-type":"","overlay-color":"","overlay-opacity":"","overlay-gradient":""}},"footnotes":""},"categories":[1],"tags":[],"class_list":["post-56988","post","type-post","status-publish","format-standard","hentry","category-sem-categoria"],"yoast_head":"<!-- This site is optimized with the Yoast SEO plugin v26.6 - https:\/\/yoast.com\/wordpress\/plugins\/seo\/ -->\n<title>Dutra deixa com\u00e9rcio da sede de Pa\u00e7o do Lumiar \u00e0s moscas ap\u00f3s mudar secretarias para regi\u00e3o do Maiob\u00e3o - Daniel Matos<\/title>\n<meta name=\"robots\" content=\"index, follow, max-snippet:-1, max-image-preview:large, max-video-preview:-1\" \/>\n<link rel=\"canonical\" href=\"https:\/\/www.blogsoestado.com\/danielmatos\/dutra-deixa-comercio-da-sede-de-paco-do-lumiar-as-moscas-apos-mudar-secretarias-para-regiao-do-maiobao\/\" \/>\n<meta property=\"og:locale\" content=\"pt_BR\" \/>\n<meta property=\"og:type\" content=\"article\" \/>\n<meta property=\"og:title\" content=\"Dutra deixa com\u00e9rcio da sede de Pa\u00e7o do Lumiar \u00e0s moscas ap\u00f3s mudar secretarias para regi\u00e3o do Maiob\u00e3o - Daniel Matos\" \/>\n<meta property=\"og:description\" content=\"O prefeito de Pa\u00e7o do Lumiar, Domingos Dutra (PCdoB), cometeu uma maldade sem tamanho contra os comerciantes da sede do [&hellip;]\" \/>\n<meta property=\"og:url\" content=\"https:\/\/www.blogsoestado.com\/danielmatos\/dutra-deixa-comercio-da-sede-de-paco-do-lumiar-as-moscas-apos-mudar-secretarias-para-regiao-do-maiobao\/\" \/>\n<meta property=\"og:site_name\" content=\"Daniel Matos\" \/>\n<meta property=\"article:published_time\" content=\"2018-10-17T15:33:54+00:00\" \/>\n<meta property=\"og:image\" content=\"https:\/\/www.blogsoestado.com\/danielmatos\/files\/2018\/10\/dutra-dino-sede.jpg\" \/>\n<meta name=\"twitter:card\" content=\"summary_large_image\" \/>\n<meta name=\"twitter:label1\" content=\"Est. tempo de leitura\" \/>\n\t<meta name=\"twitter:data1\" content=\"2 minutos\" \/>\n<script type=\"application\/ld+json\" class=\"yoast-schema-graph\">{\"@context\":\"https:\/\/schema.org\",\"@graph\":[{\"@type\":\"WebPage\",\"@id\":\"https:\/\/www.blogsoestado.com\/danielmatos\/dutra-deixa-comercio-da-sede-de-paco-do-lumiar-as-moscas-apos-mudar-secretarias-para-regiao-do-maiobao\/\",\"url\":\"https:\/\/www.blogsoestado.com\/danielmatos\/dutra-deixa-comercio-da-sede-de-paco-do-lumiar-as-moscas-apos-mudar-secretarias-para-regiao-do-maiobao\/\",\"name\":\"Dutra deixa com\u00e9rcio da sede de Pa\u00e7o do Lumiar \u00e0s moscas ap\u00f3s mudar secretarias para regi\u00e3o do Maiob\u00e3o - Daniel Matos\",\"isPartOf\":{\"@id\":\"https:\/\/www.blogsoestado.com\/danielmatos\/#website\"},\"primaryImageOfPage\":{\"@id\":\"https:\/\/www.blogsoestado.com\/danielmatos\/dutra-deixa-comercio-da-sede-de-paco-do-lumiar-as-moscas-apos-mudar-secretarias-para-regiao-do-maiobao\/#primaryimage\"},\"image\":{\"@id\":\"https:\/\/www.blogsoestado.com\/danielmatos\/dutra-deixa-comercio-da-sede-de-paco-do-lumiar-as-moscas-apos-mudar-secretarias-para-regiao-do-maiobao\/#primaryimage\"},\"thumbnailUrl\":\"https:\/\/www.blogsoestado.com\/danielmatos\/files\/2018\/10\/dutra-dino-sede.jpg\",\"datePublished\":\"2018-10-17T15:33:54+00:00\",\"author\":{\"@id\":\"\"},\"breadcrumb\":{\"@id\":\"https:\/\/www.blogsoestado.com\/danielmatos\/dutra-deixa-comercio-da-sede-de-paco-do-lumiar-as-moscas-apos-mudar-secretarias-para-regiao-do-maiobao\/#breadcrumb\"},\"inLanguage\":\"pt-BR\",\"potentialAction\":[{\"@type\":\"ReadAction\",\"target\":[\"https:\/\/www.blogsoestado.com\/danielmatos\/dutra-deixa-comercio-da-sede-de-paco-do-lumiar-as-moscas-apos-mudar-secretarias-para-regiao-do-maiobao\/\"]}]},{\"@type\":\"ImageObject\",\"inLanguage\":\"pt-BR\",\"@id\":\"https:\/\/www.blogsoestado.com\/danielmatos\/dutra-deixa-comercio-da-sede-de-paco-do-lumiar-as-moscas-apos-mudar-secretarias-para-regiao-do-maiobao\/#primaryimage\",\"url\":\"https:\/\/www.blogsoestado.com\/danielmatos\/files\/2018\/10\/dutra-dino-sede.jpg\",\"contentUrl\":\"https:\/\/www.blogsoestado.com\/danielmatos\/files\/2018\/10\/dutra-dino-sede.jpg\"},{\"@type\":\"BreadcrumbList\",\"@id\":\"https:\/\/www.blogsoestado.com\/danielmatos\/dutra-deixa-comercio-da-sede-de-paco-do-lumiar-as-moscas-apos-mudar-secretarias-para-regiao-do-maiobao\/#breadcrumb\",\"itemListElement\":[{\"@type\":\"ListItem\",\"position\":1,\"name\":\"In\u00edcio\",\"item\":\"https:\/\/www.blogsoestado.com\/danielmatos\/\"},{\"@type\":\"ListItem\",\"position\":2,\"name\":\"Dutra deixa com\u00e9rcio da sede de Pa\u00e7o do Lumiar \u00e0s moscas ap\u00f3s mudar secretarias para regi\u00e3o do Maiob\u00e3o\"}]},{\"@type\":\"WebSite\",\"@id\":\"https:\/\/www.blogsoestado.com\/danielmatos\/#website\",\"url\":\"https:\/\/www.blogsoestado.com\/danielmatos\/\",\"name\":\"Daniel Matos\",\"description\":\"\",\"potentialAction\":[{\"@type\":\"SearchAction\",\"target\":{\"@type\":\"EntryPoint\",\"urlTemplate\":\"https:\/\/www.blogsoestado.com\/danielmatos\/?s={search_term_string}\"},\"query-input\":{\"@type\":\"PropertyValueSpecification\",\"valueRequired\":true,\"valueName\":\"search_term_string\"}}],\"inLanguage\":\"pt-BR\"}]}<\/script>\n<!-- \/ Yoast SEO plugin. -->","yoast_head_json":{"title":"Dutra deixa com\u00e9rcio da sede de Pa\u00e7o do Lumiar \u00e0s moscas ap\u00f3s mudar secretarias para regi\u00e3o do Maiob\u00e3o - Daniel Matos","robots":{"index":"index","follow":"follow","max-snippet":"max-snippet:-1","max-image-preview":"max-image-preview:large","max-video-preview":"max-video-preview:-1"},"canonical":"https:\/\/www.blogsoestado.com\/danielmatos\/dutra-deixa-comercio-da-sede-de-paco-do-lumiar-as-moscas-apos-mudar-secretarias-para-regiao-do-maiobao\/","og_locale":"pt_BR","og_type":"article","og_title":"Dutra deixa com\u00e9rcio da sede de Pa\u00e7o do Lumiar \u00e0s moscas ap\u00f3s mudar secretarias para regi\u00e3o do Maiob\u00e3o - Daniel Matos","og_description":"O prefeito de Pa\u00e7o do Lumiar, Domingos Dutra (PCdoB), cometeu uma maldade sem tamanho contra os comerciantes da sede do [&hellip;]","og_url":"https:\/\/www.blogsoestado.com\/danielmatos\/dutra-deixa-comercio-da-sede-de-paco-do-lumiar-as-moscas-apos-mudar-secretarias-para-regiao-do-maiobao\/","og_site_name":"Daniel Matos","article_published_time":"2018-10-17T15:33:54+00:00","og_image":[{"url":"https:\/\/www.blogsoestado.com\/danielmatos\/files\/2018\/10\/dutra-dino-sede.jpg","type":"","width":"","height":""}],"twitter_card":"summary_large_image","twitter_misc":{"Est. tempo de leitura":"2 minutos"},"schema":{"@context":"https:\/\/schema.org","@graph":[{"@type":"WebPage","@id":"https:\/\/www.blogsoestado.com\/danielmatos\/dutra-deixa-comercio-da-sede-de-paco-do-lumiar-as-moscas-apos-mudar-secretarias-para-regiao-do-maiobao\/","url":"https:\/\/www.blogsoestado.com\/danielmatos\/dutra-deixa-comercio-da-sede-de-paco-do-lumiar-as-moscas-apos-mudar-secretarias-para-regiao-do-maiobao\/","name":"Dutra deixa com\u00e9rcio da sede de Pa\u00e7o do Lumiar \u00e0s moscas ap\u00f3s mudar secretarias para regi\u00e3o do Maiob\u00e3o - Daniel Matos","isPartOf":{"@id":"https:\/\/www.blogsoestado.com\/danielmatos\/#website"},"primaryImageOfPage":{"@id":"https:\/\/www.blogsoestado.com\/danielmatos\/dutra-deixa-comercio-da-sede-de-paco-do-lumiar-as-moscas-apos-mudar-secretarias-para-regiao-do-maiobao\/#primaryimage"},"image":{"@id":"https:\/\/www.blogsoestado.com\/danielmatos\/dutra-deixa-comercio-da-sede-de-paco-do-lumiar-as-moscas-apos-mudar-secretarias-para-regiao-do-maiobao\/#primaryimage"},"thumbnailUrl":"https:\/\/www.blogsoestado.com\/danielmatos\/files\/2018\/10\/dutra-dino-sede.jpg","datePublished":"2018-10-17T15:33:54+00:00","author":{"@id":""},"breadcrumb":{"@id":"https:\/\/www.blogsoestado.com\/danielmatos\/dutra-deixa-comercio-da-sede-de-paco-do-lumiar-as-moscas-apos-mudar-secretarias-para-regiao-do-maiobao\/#breadcrumb"},"inLanguage":"pt-BR","potentialAction":[{"@type":"ReadAction","target":["https:\/\/www.blogsoestado.com\/danielmatos\/dutra-deixa-comercio-da-sede-de-paco-do-lumiar-as-moscas-apos-mudar-secretarias-para-regiao-do-maiobao\/"]}]},{"@type":"ImageObject","inLanguage":"pt-BR","@id":"https:\/\/www.blogsoestado.com\/danielmatos\/dutra-deixa-comercio-da-sede-de-paco-do-lumiar-as-moscas-apos-mudar-secretarias-para-regiao-do-maiobao\/#primaryimage","url":"https:\/\/www.blogsoestado.com\/danielmatos\/files\/2018\/10\/dutra-dino-sede.jpg","contentUrl":"https:\/\/www.blogsoestado.com\/danielmatos\/files\/2018\/10\/dutra-dino-sede.jpg"},{"@type":"BreadcrumbList","@id":"https:\/\/www.blogsoestado.com\/danielmatos\/dutra-deixa-comercio-da-sede-de-paco-do-lumiar-as-moscas-apos-mudar-secretarias-para-regiao-do-maiobao\/#breadcrumb","itemListElement":[{"@type":"ListItem","position":1,"name":"In\u00edcio","item":"https:\/\/www.blogsoestado.com\/danielmatos\/"},{"@type":"ListItem","position":2,"name":"Dutra deixa com\u00e9rcio da sede de Pa\u00e7o do Lumiar \u00e0s moscas ap\u00f3s mudar secretarias para regi\u00e3o do Maiob\u00e3o"}]},{"@type":"WebSite","@id":"https:\/\/www.blogsoestado.com\/danielmatos\/#website","url":"https:\/\/www.blogsoestado.com\/danielmatos\/","name":"Daniel Matos","description":"","potentialAction":[{"@type":"SearchAction","target":{"@type":"EntryPoint","urlTemplate":"https:\/\/www.blogsoestado.com\/danielmatos\/?s={search_term_string}"},"query-input":{"@type":"PropertyValueSpecification","valueRequired":true,"valueName":"search_term_string"}}],"inLanguage":"pt-BR"}]}},"jetpack_featured_media_url":"","_links":{"self":[{"href":"https:\/\/www.blogsoestado.com\/danielmatos\/wp-json\/wp\/v2\/posts\/56988","targetHints":{"allow":["GET"]}}],"collection":[{"href":"https:\/\/www.blogsoestado.com\/danielmatos\/wp-json\/wp\/v2\/posts"}],"about":[{"href":"https:\/\/www.blogsoestado.com\/danielmatos\/wp-json\/wp\/v2\/types\/post"}],"replies":[{"embeddable":true,"href":"https:\/\/www.blogsoestado.com\/danielmatos\/wp-json\/wp\/v2\/comments?post=56988"}],"version-history":[{"count":0,"href":"https:\/\/www.blogsoestado.com\/danielmatos\/wp-json\/wp\/v2\/posts\/56988\/revisions"}],"wp:attachment":[{"href":"https:\/\/www.blogsoestado.com\/danielmatos\/wp-json\/wp\/v2\/media?parent=56988"}],"wp:term":[{"taxonomy":"category","embeddable":true,"href":"https:\/\/www.blogsoestado.com\/danielmatos\/wp-json\/wp\/v2\/categories?post=56988"},{"taxonomy":"post_tag","embeddable":true,"href":"https:\/\/www.blogsoestado.com\/danielmatos\/wp-json\/wp\/v2\/tags?post=56988"}],"curies":[{"name":"wp","href":"https:\/\/api.w.org\/{rel}","templated":true}]}}