{"id":56996,"date":"2018-10-17T12:48:52","date_gmt":"2018-10-17T15:48:52","guid":{"rendered":"https:\/\/www.blogsoestado.com\/danielmatos\/?p=56996"},"modified":"2018-10-17T12:48:52","modified_gmt":"2018-10-17T15:48:52","slug":"prefeito-de-feira-nova-declara-apoio-a-cleomar-tema-para-reeleicao-na-famem","status":"publish","type":"post","link":"https:\/\/www.blogsoestado.com\/danielmatos\/prefeito-de-feira-nova-declara-apoio-a-cleomar-tema-para-reeleicao-na-famem\/","title":{"rendered":"Prefeito de Feira Nova declara apoio a Cleomar Tema para reelei\u00e7\u00e3o na FAMEM"},"content":{"rendered":"<figure id=\"attachment_56997\" aria-describedby=\"caption-attachment-56997\" style=\"width: 450px\" class=\"wp-caption alignright\"><a href=\"https:\/\/www.blogsoestado.com\/danielmatos\/2018\/10\/17\/prefeito-de-feira-nova-declara-apoio-a-cleomar-tema-para-reeleicao-na-famem\/prefeito-feira\/\" rel=\"attachment wp-att-56997\"><img fetchpriority=\"high\" decoding=\"async\" class=\"wp-image-56997\" src=\"https:\/\/www.blogsoestado.com\/danielmatos\/files\/2018\/10\/prefeito-feira.jpg\" alt=\"\" width=\"450\" height=\"600\" \/><\/a><figcaption id=\"caption-attachment-56997\" class=\"wp-caption-text\">Prefeito Tiago Dantas, do PCdoB, foi mais um a aderir ao projeto de relei\u00e7\u00e3o de Tema na Famem<\/figcaption><\/figure>\n<p>O prefeito do munic\u00edpio de Feira Nova do Maranh\u00e3o, Tiago Dantas (PC do B), declarou apoio incondicional ao colega Cleomar Tema, de Tuntum, para a reelei\u00e7\u00e3o dele como presidente da Federa\u00e7\u00e3o dos Munic\u00edpios do Estado do Maranh\u00e3o (FAMEM), sob o argumento de que a entidade teve um elevado crescimento durante sua gest\u00e3o.<\/p>\n<p>\u201cNestes dois anos, a nossa entidade experimentou um gigantesco crescimento, em todos os sentidos. Estamos com uma sede que nos orgulha e a administra\u00e7\u00e3o do Tema \u00e9 merecedora de louvor, uma vez que podemos contar com apoio t\u00e9cnico e pol\u00edtico, em todas as suas esferas\u201d, declarou Tiago Dantas.<\/p>\n<p>Ele acrescentou ainda que Tema, al\u00e9m de modernizar a FAMEM, dotou a entidade de uma infraestrutura que possibilita aos prefeitos terem conhecimento de tudo o que acontece no municipalismo.<\/p>\n<p>E diz mais: \u201cA FAMEM, nos orienta atrav\u00e9s de seus departamentos T\u00e9cnico e de Planejamento, nos oferece cursos e nos orienta em todos os sentidos, atrav\u00e9s das informa\u00e7\u00f5es oriundas das determina\u00e7\u00f5es dos \u00f3rg\u00e3os t\u00e9cnicos como TCU, CGU, TCE e dos pr\u00f3prios minist\u00e9rios\u201d, acrescentou.<\/p>\n<p>Na concep\u00e7\u00e3o de Tiago Dantas, Cleomar Tema tem o apoio da ampla maioria dos colegas e alertou para que se evitasse a divis\u00e3o numa entidade que, apesar de agregar uma classe pol\u00edtica, deve est\u00e1 unida pelo fortalecimento do municipalismo, uma vez que \u00e9 suprapartid\u00e1ria.<\/p>\n","protected":false},"excerpt":{"rendered":"<p>O prefeito do munic\u00edpio de Feira Nova do Maranh\u00e3o, Tiago Dantas (PC do B), declarou apoio incondicional ao colega Cleomar [&hellip;]<\/p>\n","protected":false},"author":0,"featured_media":0,"comment_status":"open","ping_status":"open","sticky":false,"template":"","format":"standard","meta":{"site-sidebar-layout":"default","site-content-layout":"","ast-site-content-layout":"default","site-content-style":"default","site-sidebar-style":"default","ast-global-header-display":"","ast-banner-title-visibility":"","ast-main-header-display":"","ast-hfb-above-header-display":"","ast-hfb-below-header-display":"","ast-hfb-mobile-header-display":"","site-post-title":"","ast-breadcrumbs-content":"","ast-featured-img":"","footer-sml-layout":"","ast-disable-related-posts":"","theme-transparent-header-meta":"","adv-header-id-meta":"","stick-header-meta":"","header-above-stick-meta":"","header-main-stick-meta":"","header-below-stick-meta":"","astra-migrate-meta-layouts":"default","ast-page-background-enabled":"default","ast-page-background-meta":{"desktop":{"background-color":"var(--ast-global-color-5)","background-image":"","background-repeat":"repeat","background-position":"center center","background-size":"auto","background-attachment":"scroll","background-type":"","background-media":"","overlay-type":"","overlay-color":"","overlay-opacity":"","overlay-gradient":""},"tablet":{"background-color":"","background-image":"","background-repeat":"repeat","background-position":"center center","background-size":"auto","background-attachment":"scroll","background-type":"","background-media":"","overlay-type":"","overlay-color":"","overlay-opacity":"","overlay-gradient":""},"mobile":{"background-color":"","background-image":"","background-repeat":"repeat","background-position":"center center","background-size":"auto","background-attachment":"scroll","background-type":"","background-media":"","overlay-type":"","overlay-color":"","overlay-opacity":"","overlay-gradient":""}},"ast-content-background-meta":{"desktop":{"background-color":"var(--ast-global-color-4)","background-image":"","background-repeat":"repeat","background-position":"center center","background-size":"auto","background-attachment":"scroll","background-type":"","background-media":"","overlay-type":"","overlay-color":"","overlay-opacity":"","overlay-gradient":""},"tablet":{"background-color":"var(--ast-global-color-4)","background-image":"","background-repeat":"repeat","background-position":"center center","background-size":"auto","background-attachment":"scroll","background-type":"","background-media":"","overlay-type":"","overlay-color":"","overlay-opacity":"","overlay-gradient":""},"mobile":{"background-color":"var(--ast-global-color-4)","background-image":"","background-repeat":"repeat","background-position":"center center","background-size":"auto","background-attachment":"scroll","background-type":"","background-media":"","overlay-type":"","overlay-color":"","overlay-opacity":"","overlay-gradient":""}},"footnotes":""},"categories":[1],"tags":[],"class_list":["post-56996","post","type-post","status-publish","format-standard","hentry","category-sem-categoria"],"yoast_head":"<!-- This site is optimized with the Yoast SEO plugin v26.6 - https:\/\/yoast.com\/wordpress\/plugins\/seo\/ -->\n<title>Prefeito de Feira Nova declara apoio a Cleomar Tema para reelei\u00e7\u00e3o na FAMEM - Daniel Matos<\/title>\n<meta name=\"robots\" content=\"index, follow, max-snippet:-1, max-image-preview:large, max-video-preview:-1\" \/>\n<link rel=\"canonical\" href=\"https:\/\/www.blogsoestado.com\/danielmatos\/prefeito-de-feira-nova-declara-apoio-a-cleomar-tema-para-reeleicao-na-famem\/\" \/>\n<meta property=\"og:locale\" content=\"pt_BR\" \/>\n<meta property=\"og:type\" content=\"article\" \/>\n<meta property=\"og:title\" content=\"Prefeito de Feira Nova declara apoio a Cleomar Tema para reelei\u00e7\u00e3o na FAMEM - Daniel Matos\" \/>\n<meta property=\"og:description\" content=\"O prefeito do munic\u00edpio de Feira Nova do Maranh\u00e3o, Tiago Dantas (PC do B), declarou apoio incondicional ao colega Cleomar [&hellip;]\" \/>\n<meta property=\"og:url\" content=\"https:\/\/www.blogsoestado.com\/danielmatos\/prefeito-de-feira-nova-declara-apoio-a-cleomar-tema-para-reeleicao-na-famem\/\" \/>\n<meta property=\"og:site_name\" content=\"Daniel Matos\" \/>\n<meta property=\"article:published_time\" content=\"2018-10-17T15:48:52+00:00\" \/>\n<meta property=\"og:image\" content=\"https:\/\/www.blogsoestado.com\/danielmatos\/files\/2018\/10\/prefeito-feira.jpg\" \/>\n<meta name=\"twitter:card\" content=\"summary_large_image\" \/>\n<meta name=\"twitter:label1\" content=\"Est. tempo de leitura\" \/>\n\t<meta name=\"twitter:data1\" content=\"1 minuto\" \/>\n<script type=\"application\/ld+json\" class=\"yoast-schema-graph\">{\"@context\":\"https:\/\/schema.org\",\"@graph\":[{\"@type\":\"WebPage\",\"@id\":\"https:\/\/www.blogsoestado.com\/danielmatos\/prefeito-de-feira-nova-declara-apoio-a-cleomar-tema-para-reeleicao-na-famem\/\",\"url\":\"https:\/\/www.blogsoestado.com\/danielmatos\/prefeito-de-feira-nova-declara-apoio-a-cleomar-tema-para-reeleicao-na-famem\/\",\"name\":\"Prefeito de Feira Nova declara apoio a Cleomar Tema para reelei\u00e7\u00e3o na FAMEM - Daniel Matos\",\"isPartOf\":{\"@id\":\"https:\/\/www.blogsoestado.com\/danielmatos\/#website\"},\"primaryImageOfPage\":{\"@id\":\"https:\/\/www.blogsoestado.com\/danielmatos\/prefeito-de-feira-nova-declara-apoio-a-cleomar-tema-para-reeleicao-na-famem\/#primaryimage\"},\"image\":{\"@id\":\"https:\/\/www.blogsoestado.com\/danielmatos\/prefeito-de-feira-nova-declara-apoio-a-cleomar-tema-para-reeleicao-na-famem\/#primaryimage\"},\"thumbnailUrl\":\"https:\/\/www.blogsoestado.com\/danielmatos\/files\/2018\/10\/prefeito-feira.jpg\",\"datePublished\":\"2018-10-17T15:48:52+00:00\",\"author\":{\"@id\":\"\"},\"breadcrumb\":{\"@id\":\"https:\/\/www.blogsoestado.com\/danielmatos\/prefeito-de-feira-nova-declara-apoio-a-cleomar-tema-para-reeleicao-na-famem\/#breadcrumb\"},\"inLanguage\":\"pt-BR\",\"potentialAction\":[{\"@type\":\"ReadAction\",\"target\":[\"https:\/\/www.blogsoestado.com\/danielmatos\/prefeito-de-feira-nova-declara-apoio-a-cleomar-tema-para-reeleicao-na-famem\/\"]}]},{\"@type\":\"ImageObject\",\"inLanguage\":\"pt-BR\",\"@id\":\"https:\/\/www.blogsoestado.com\/danielmatos\/prefeito-de-feira-nova-declara-apoio-a-cleomar-tema-para-reeleicao-na-famem\/#primaryimage\",\"url\":\"https:\/\/www.blogsoestado.com\/danielmatos\/files\/2018\/10\/prefeito-feira.jpg\",\"contentUrl\":\"https:\/\/www.blogsoestado.com\/danielmatos\/files\/2018\/10\/prefeito-feira.jpg\"},{\"@type\":\"BreadcrumbList\",\"@id\":\"https:\/\/www.blogsoestado.com\/danielmatos\/prefeito-de-feira-nova-declara-apoio-a-cleomar-tema-para-reeleicao-na-famem\/#breadcrumb\",\"itemListElement\":[{\"@type\":\"ListItem\",\"position\":1,\"name\":\"In\u00edcio\",\"item\":\"https:\/\/www.blogsoestado.com\/danielmatos\/\"},{\"@type\":\"ListItem\",\"position\":2,\"name\":\"Prefeito de Feira Nova declara apoio a Cleomar Tema para reelei\u00e7\u00e3o na FAMEM\"}]},{\"@type\":\"WebSite\",\"@id\":\"https:\/\/www.blogsoestado.com\/danielmatos\/#website\",\"url\":\"https:\/\/www.blogsoestado.com\/danielmatos\/\",\"name\":\"Daniel Matos\",\"description\":\"\",\"potentialAction\":[{\"@type\":\"SearchAction\",\"target\":{\"@type\":\"EntryPoint\",\"urlTemplate\":\"https:\/\/www.blogsoestado.com\/danielmatos\/?s={search_term_string}\"},\"query-input\":{\"@type\":\"PropertyValueSpecification\",\"valueRequired\":true,\"valueName\":\"search_term_string\"}}],\"inLanguage\":\"pt-BR\"}]}<\/script>\n<!-- \/ Yoast SEO plugin. -->","yoast_head_json":{"title":"Prefeito de Feira Nova declara apoio a Cleomar Tema para reelei\u00e7\u00e3o na FAMEM - Daniel Matos","robots":{"index":"index","follow":"follow","max-snippet":"max-snippet:-1","max-image-preview":"max-image-preview:large","max-video-preview":"max-video-preview:-1"},"canonical":"https:\/\/www.blogsoestado.com\/danielmatos\/prefeito-de-feira-nova-declara-apoio-a-cleomar-tema-para-reeleicao-na-famem\/","og_locale":"pt_BR","og_type":"article","og_title":"Prefeito de Feira Nova declara apoio a Cleomar Tema para reelei\u00e7\u00e3o na FAMEM - Daniel Matos","og_description":"O prefeito do munic\u00edpio de Feira Nova do Maranh\u00e3o, Tiago Dantas (PC do B), declarou apoio incondicional ao colega Cleomar [&hellip;]","og_url":"https:\/\/www.blogsoestado.com\/danielmatos\/prefeito-de-feira-nova-declara-apoio-a-cleomar-tema-para-reeleicao-na-famem\/","og_site_name":"Daniel Matos","article_published_time":"2018-10-17T15:48:52+00:00","og_image":[{"url":"https:\/\/www.blogsoestado.com\/danielmatos\/files\/2018\/10\/prefeito-feira.jpg","type":"","width":"","height":""}],"twitter_card":"summary_large_image","twitter_misc":{"Est. tempo de leitura":"1 minuto"},"schema":{"@context":"https:\/\/schema.org","@graph":[{"@type":"WebPage","@id":"https:\/\/www.blogsoestado.com\/danielmatos\/prefeito-de-feira-nova-declara-apoio-a-cleomar-tema-para-reeleicao-na-famem\/","url":"https:\/\/www.blogsoestado.com\/danielmatos\/prefeito-de-feira-nova-declara-apoio-a-cleomar-tema-para-reeleicao-na-famem\/","name":"Prefeito de Feira Nova declara apoio a Cleomar Tema para reelei\u00e7\u00e3o na FAMEM - Daniel Matos","isPartOf":{"@id":"https:\/\/www.blogsoestado.com\/danielmatos\/#website"},"primaryImageOfPage":{"@id":"https:\/\/www.blogsoestado.com\/danielmatos\/prefeito-de-feira-nova-declara-apoio-a-cleomar-tema-para-reeleicao-na-famem\/#primaryimage"},"image":{"@id":"https:\/\/www.blogsoestado.com\/danielmatos\/prefeito-de-feira-nova-declara-apoio-a-cleomar-tema-para-reeleicao-na-famem\/#primaryimage"},"thumbnailUrl":"https:\/\/www.blogsoestado.com\/danielmatos\/files\/2018\/10\/prefeito-feira.jpg","datePublished":"2018-10-17T15:48:52+00:00","author":{"@id":""},"breadcrumb":{"@id":"https:\/\/www.blogsoestado.com\/danielmatos\/prefeito-de-feira-nova-declara-apoio-a-cleomar-tema-para-reeleicao-na-famem\/#breadcrumb"},"inLanguage":"pt-BR","potentialAction":[{"@type":"ReadAction","target":["https:\/\/www.blogsoestado.com\/danielmatos\/prefeito-de-feira-nova-declara-apoio-a-cleomar-tema-para-reeleicao-na-famem\/"]}]},{"@type":"ImageObject","inLanguage":"pt-BR","@id":"https:\/\/www.blogsoestado.com\/danielmatos\/prefeito-de-feira-nova-declara-apoio-a-cleomar-tema-para-reeleicao-na-famem\/#primaryimage","url":"https:\/\/www.blogsoestado.com\/danielmatos\/files\/2018\/10\/prefeito-feira.jpg","contentUrl":"https:\/\/www.blogsoestado.com\/danielmatos\/files\/2018\/10\/prefeito-feira.jpg"},{"@type":"BreadcrumbList","@id":"https:\/\/www.blogsoestado.com\/danielmatos\/prefeito-de-feira-nova-declara-apoio-a-cleomar-tema-para-reeleicao-na-famem\/#breadcrumb","itemListElement":[{"@type":"ListItem","position":1,"name":"In\u00edcio","item":"https:\/\/www.blogsoestado.com\/danielmatos\/"},{"@type":"ListItem","position":2,"name":"Prefeito de Feira Nova declara apoio a Cleomar Tema para reelei\u00e7\u00e3o na FAMEM"}]},{"@type":"WebSite","@id":"https:\/\/www.blogsoestado.com\/danielmatos\/#website","url":"https:\/\/www.blogsoestado.com\/danielmatos\/","name":"Daniel Matos","description":"","potentialAction":[{"@type":"SearchAction","target":{"@type":"EntryPoint","urlTemplate":"https:\/\/www.blogsoestado.com\/danielmatos\/?s={search_term_string}"},"query-input":{"@type":"PropertyValueSpecification","valueRequired":true,"valueName":"search_term_string"}}],"inLanguage":"pt-BR"}]}},"jetpack_featured_media_url":"","_links":{"self":[{"href":"https:\/\/www.blogsoestado.com\/danielmatos\/wp-json\/wp\/v2\/posts\/56996","targetHints":{"allow":["GET"]}}],"collection":[{"href":"https:\/\/www.blogsoestado.com\/danielmatos\/wp-json\/wp\/v2\/posts"}],"about":[{"href":"https:\/\/www.blogsoestado.com\/danielmatos\/wp-json\/wp\/v2\/types\/post"}],"replies":[{"embeddable":true,"href":"https:\/\/www.blogsoestado.com\/danielmatos\/wp-json\/wp\/v2\/comments?post=56996"}],"version-history":[{"count":0,"href":"https:\/\/www.blogsoestado.com\/danielmatos\/wp-json\/wp\/v2\/posts\/56996\/revisions"}],"wp:attachment":[{"href":"https:\/\/www.blogsoestado.com\/danielmatos\/wp-json\/wp\/v2\/media?parent=56996"}],"wp:term":[{"taxonomy":"category","embeddable":true,"href":"https:\/\/www.blogsoestado.com\/danielmatos\/wp-json\/wp\/v2\/categories?post=56996"},{"taxonomy":"post_tag","embeddable":true,"href":"https:\/\/www.blogsoestado.com\/danielmatos\/wp-json\/wp\/v2\/tags?post=56996"}],"curies":[{"name":"wp","href":"https:\/\/api.w.org\/{rel}","templated":true}]}}