{"id":57003,"date":"2018-10-17T20:30:00","date_gmt":"2018-10-17T23:30:00","guid":{"rendered":"https:\/\/www.blogsoestado.com\/danielmatos\/?p=57003"},"modified":"2018-10-17T20:30:00","modified_gmt":"2018-10-17T23:30:00","slug":"semana-de-harmonizacao-de-vinhos-no-spazio-mateus","status":"publish","type":"post","link":"https:\/\/www.blogsoestado.com\/danielmatos\/semana-de-harmonizacao-de-vinhos-no-spazio-mateus\/","title":{"rendered":"Semana de harmoniza\u00e7\u00e3o de vinhos no Spazio Mateus"},"content":{"rendered":"<figure id=\"attachment_57005\" aria-describedby=\"caption-attachment-57005\" style=\"width: 640px\" class=\"wp-caption aligncenter\"><a href=\"https:\/\/www.blogsoestado.com\/danielmatos\/?attachment_id=57005\" rel=\"attachment wp-att-57005\"><img fetchpriority=\"high\" decoding=\"async\" class=\"wp-image-57005 size-full\" src=\"https:\/\/www.blogsoestado.com\/danielmatos\/files\/2018\/10\/vinhos-mateus2.jpg\" alt=\"\" width=\"640\" height=\"427\" \/><\/a><figcaption id=\"caption-attachment-57005\" class=\"wp-caption-text\">A programa\u00e7\u00e3o conta com a apresenta\u00e7\u00e3o e degusta\u00e7\u00e3o dos r\u00f3tulos mediante a explica\u00e7\u00e3o do sommelier respons\u00e1vel pela vin\u00edcola<\/figcaption><\/figure>\n<p>Degustar um vinho \u00e9 uma atitude que faz bem tanto para os mais modestos quanto para os mais entendidos dessa bebida t\u00e3o plural. Pensando em atender cada vez melhor os clientes, o Spazio Mateus (emp\u00f3rio do Grupo Mateus) realiza, nesta semana, uma harmoniza\u00e7\u00e3o de vinhos chilenos e argentinos. Na segunda e na ter\u00e7a foi a vez da importadora Viu Manent apresentar os r\u00f3tulos chilenos, j\u00e1 na quarta e na quinta ser\u00e1 a vez dos r\u00f3tulos argentinos da Del Maipo.<\/p>\n<figure id=\"attachment_57006\" aria-describedby=\"caption-attachment-57006\" style=\"width: 640px\" class=\"wp-caption aligncenter\"><a href=\"https:\/\/www.blogsoestado.com\/danielmatos\/?attachment_id=57006\" rel=\"attachment wp-att-57006\"><img decoding=\"async\" class=\"size-full wp-image-57006\" src=\"https:\/\/www.blogsoestado.com\/danielmatos\/files\/2018\/10\/vinhos-mateus.jpg\" alt=\"\" width=\"640\" height=\"427\" \/><\/a><figcaption id=\"caption-attachment-57006\" class=\"wp-caption-text\">Chef Luciano Rosa, sommelier Raquel Aciole e o sommellier Claudio Hernandez<\/figcaption><\/figure>\n<p>A programa\u00e7\u00e3o conta com a apresenta\u00e7\u00e3o e degusta\u00e7\u00e3o dos r\u00f3tulos mediante a explica\u00e7\u00e3o do sommelier respons\u00e1vel pela vin\u00edcola. O sommelier chileno Claudio Hernandez foi o respons\u00e1vel pela apresenta\u00e7\u00e3o nos dois primeiros dias. Nos dois \u00faltimos, a apresenta\u00e7\u00e3o ficar\u00e1 por conta do sommelier argentino Enrique Baz\u00e1n. A harmoniza\u00e7\u00e3o \u00e9 realizada no restaurante Cuori, piso superior do Mateus da Cohama.<\/p>\n<figure id=\"attachment_57007\" aria-describedby=\"caption-attachment-57007\" style=\"width: 640px\" class=\"wp-caption aligncenter\"><a href=\"https:\/\/www.blogsoestado.com\/danielmatos\/?attachment_id=57007\" rel=\"attachment wp-att-57007\"><img decoding=\"async\" class=\"size-full wp-image-57007\" src=\"https:\/\/www.blogsoestado.com\/danielmatos\/files\/2018\/10\/vinhos-mateus3.jpg\" alt=\"\" width=\"640\" height=\"427\" \/><\/a><figcaption id=\"caption-attachment-57007\" class=\"wp-caption-text\">Uma das turmas durante a harmoniza\u00e7\u00e3o de vinhos no Restaurante Cuori<\/figcaption><\/figure>\n<p>Para harmonizar com os vinhos, o Chef Luciano Rosa, respons\u00e1vel por toda a gastronomia do Grupo Mateus, preparou pratos que complementam e agu\u00e7am ainda mais os sabores. Os especialistas alertam que a degusta\u00e7\u00e3o do vinho \u00e9 dividida em tr\u00eas fases: an\u00e1lise visual, olfativa e gustativa, necessariamente nessa ordem.<\/p>\n<p>Para participar dessa harmoniza\u00e7\u00e3o e para ficar por dentro de toda a programa\u00e7\u00e3o gastron\u00f4mica, basta entrar em contato pelos telefones: (98) 98789-8577 ou 2108-9896.<\/p>\n","protected":false},"excerpt":{"rendered":"<p>Degustar um vinho \u00e9 uma atitude que faz bem tanto para os mais modestos quanto para os mais entendidos dessa [&hellip;]<\/p>\n","protected":false},"author":0,"featured_media":0,"comment_status":"open","ping_status":"open","sticky":false,"template":"","format":"standard","meta":{"site-sidebar-layout":"default","site-content-layout":"","ast-site-content-layout":"default","site-content-style":"default","site-sidebar-style":"default","ast-global-header-display":"","ast-banner-title-visibility":"","ast-main-header-display":"","ast-hfb-above-header-display":"","ast-hfb-below-header-display":"","ast-hfb-mobile-header-display":"","site-post-title":"","ast-breadcrumbs-content":"","ast-featured-img":"","footer-sml-layout":"","ast-disable-related-posts":"","theme-transparent-header-meta":"","adv-header-id-meta":"","stick-header-meta":"","header-above-stick-meta":"","header-main-stick-meta":"","header-below-stick-meta":"","astra-migrate-meta-layouts":"default","ast-page-background-enabled":"default","ast-page-background-meta":{"desktop":{"background-color":"var(--ast-global-color-5)","background-image":"","background-repeat":"repeat","background-position":"center center","background-size":"auto","background-attachment":"scroll","background-type":"","background-media":"","overlay-type":"","overlay-color":"","overlay-opacity":"","overlay-gradient":""},"tablet":{"background-color":"","background-image":"","background-repeat":"repeat","background-position":"center center","background-size":"auto","background-attachment":"scroll","background-type":"","background-media":"","overlay-type":"","overlay-color":"","overlay-opacity":"","overlay-gradient":""},"mobile":{"background-color":"","background-image":"","background-repeat":"repeat","background-position":"center center","background-size":"auto","background-attachment":"scroll","background-type":"","background-media":"","overlay-type":"","overlay-color":"","overlay-opacity":"","overlay-gradient":""}},"ast-content-background-meta":{"desktop":{"background-color":"var(--ast-global-color-4)","background-image":"","background-repeat":"repeat","background-position":"center center","background-size":"auto","background-attachment":"scroll","background-type":"","background-media":"","overlay-type":"","overlay-color":"","overlay-opacity":"","overlay-gradient":""},"tablet":{"background-color":"var(--ast-global-color-4)","background-image":"","background-repeat":"repeat","background-position":"center center","background-size":"auto","background-attachment":"scroll","background-type":"","background-media":"","overlay-type":"","overlay-color":"","overlay-opacity":"","overlay-gradient":""},"mobile":{"background-color":"var(--ast-global-color-4)","background-image":"","background-repeat":"repeat","background-position":"center center","background-size":"auto","background-attachment":"scroll","background-type":"","background-media":"","overlay-type":"","overlay-color":"","overlay-opacity":"","overlay-gradient":""}},"footnotes":""},"categories":[1],"tags":[],"class_list":["post-57003","post","type-post","status-publish","format-standard","hentry","category-sem-categoria"],"yoast_head":"<!-- This site is optimized with the Yoast SEO plugin v26.6 - https:\/\/yoast.com\/wordpress\/plugins\/seo\/ -->\n<title>Semana de harmoniza\u00e7\u00e3o de vinhos no Spazio Mateus - Daniel Matos<\/title>\n<meta name=\"robots\" content=\"index, follow, max-snippet:-1, max-image-preview:large, max-video-preview:-1\" \/>\n<link rel=\"canonical\" href=\"https:\/\/www.blogsoestado.com\/danielmatos\/semana-de-harmonizacao-de-vinhos-no-spazio-mateus\/\" \/>\n<meta property=\"og:locale\" content=\"pt_BR\" \/>\n<meta property=\"og:type\" content=\"article\" \/>\n<meta property=\"og:title\" content=\"Semana de harmoniza\u00e7\u00e3o de vinhos no Spazio Mateus - Daniel Matos\" \/>\n<meta property=\"og:description\" content=\"Degustar um vinho \u00e9 uma atitude que faz bem tanto para os mais modestos quanto para os mais entendidos dessa [&hellip;]\" \/>\n<meta property=\"og:url\" content=\"https:\/\/www.blogsoestado.com\/danielmatos\/semana-de-harmonizacao-de-vinhos-no-spazio-mateus\/\" \/>\n<meta property=\"og:site_name\" content=\"Daniel Matos\" \/>\n<meta property=\"article:published_time\" content=\"2018-10-17T23:30:00+00:00\" \/>\n<meta property=\"og:image\" content=\"https:\/\/www.blogsoestado.com\/danielmatos\/files\/2018\/10\/vinhos-mateus2.jpg\" \/>\n<meta name=\"twitter:card\" content=\"summary_large_image\" \/>\n<meta name=\"twitter:label1\" content=\"Est. tempo de leitura\" \/>\n\t<meta name=\"twitter:data1\" content=\"2 minutos\" \/>\n<script type=\"application\/ld+json\" class=\"yoast-schema-graph\">{\"@context\":\"https:\/\/schema.org\",\"@graph\":[{\"@type\":\"WebPage\",\"@id\":\"https:\/\/www.blogsoestado.com\/danielmatos\/semana-de-harmonizacao-de-vinhos-no-spazio-mateus\/\",\"url\":\"https:\/\/www.blogsoestado.com\/danielmatos\/semana-de-harmonizacao-de-vinhos-no-spazio-mateus\/\",\"name\":\"Semana de harmoniza\u00e7\u00e3o de vinhos no Spazio Mateus - Daniel Matos\",\"isPartOf\":{\"@id\":\"https:\/\/www.blogsoestado.com\/danielmatos\/#website\"},\"primaryImageOfPage\":{\"@id\":\"https:\/\/www.blogsoestado.com\/danielmatos\/semana-de-harmonizacao-de-vinhos-no-spazio-mateus\/#primaryimage\"},\"image\":{\"@id\":\"https:\/\/www.blogsoestado.com\/danielmatos\/semana-de-harmonizacao-de-vinhos-no-spazio-mateus\/#primaryimage\"},\"thumbnailUrl\":\"https:\/\/www.blogsoestado.com\/danielmatos\/files\/2018\/10\/vinhos-mateus2.jpg\",\"datePublished\":\"2018-10-17T23:30:00+00:00\",\"author\":{\"@id\":\"\"},\"breadcrumb\":{\"@id\":\"https:\/\/www.blogsoestado.com\/danielmatos\/semana-de-harmonizacao-de-vinhos-no-spazio-mateus\/#breadcrumb\"},\"inLanguage\":\"pt-BR\",\"potentialAction\":[{\"@type\":\"ReadAction\",\"target\":[\"https:\/\/www.blogsoestado.com\/danielmatos\/semana-de-harmonizacao-de-vinhos-no-spazio-mateus\/\"]}]},{\"@type\":\"ImageObject\",\"inLanguage\":\"pt-BR\",\"@id\":\"https:\/\/www.blogsoestado.com\/danielmatos\/semana-de-harmonizacao-de-vinhos-no-spazio-mateus\/#primaryimage\",\"url\":\"https:\/\/www.blogsoestado.com\/danielmatos\/files\/2018\/10\/vinhos-mateus2.jpg\",\"contentUrl\":\"https:\/\/www.blogsoestado.com\/danielmatos\/files\/2018\/10\/vinhos-mateus2.jpg\"},{\"@type\":\"BreadcrumbList\",\"@id\":\"https:\/\/www.blogsoestado.com\/danielmatos\/semana-de-harmonizacao-de-vinhos-no-spazio-mateus\/#breadcrumb\",\"itemListElement\":[{\"@type\":\"ListItem\",\"position\":1,\"name\":\"In\u00edcio\",\"item\":\"https:\/\/www.blogsoestado.com\/danielmatos\/\"},{\"@type\":\"ListItem\",\"position\":2,\"name\":\"Semana de harmoniza\u00e7\u00e3o de vinhos no Spazio Mateus\"}]},{\"@type\":\"WebSite\",\"@id\":\"https:\/\/www.blogsoestado.com\/danielmatos\/#website\",\"url\":\"https:\/\/www.blogsoestado.com\/danielmatos\/\",\"name\":\"Daniel Matos\",\"description\":\"\",\"potentialAction\":[{\"@type\":\"SearchAction\",\"target\":{\"@type\":\"EntryPoint\",\"urlTemplate\":\"https:\/\/www.blogsoestado.com\/danielmatos\/?s={search_term_string}\"},\"query-input\":{\"@type\":\"PropertyValueSpecification\",\"valueRequired\":true,\"valueName\":\"search_term_string\"}}],\"inLanguage\":\"pt-BR\"}]}<\/script>\n<!-- \/ Yoast SEO plugin. -->","yoast_head_json":{"title":"Semana de harmoniza\u00e7\u00e3o de vinhos no Spazio Mateus - Daniel Matos","robots":{"index":"index","follow":"follow","max-snippet":"max-snippet:-1","max-image-preview":"max-image-preview:large","max-video-preview":"max-video-preview:-1"},"canonical":"https:\/\/www.blogsoestado.com\/danielmatos\/semana-de-harmonizacao-de-vinhos-no-spazio-mateus\/","og_locale":"pt_BR","og_type":"article","og_title":"Semana de harmoniza\u00e7\u00e3o de vinhos no Spazio Mateus - Daniel Matos","og_description":"Degustar um vinho \u00e9 uma atitude que faz bem tanto para os mais modestos quanto para os mais entendidos dessa [&hellip;]","og_url":"https:\/\/www.blogsoestado.com\/danielmatos\/semana-de-harmonizacao-de-vinhos-no-spazio-mateus\/","og_site_name":"Daniel Matos","article_published_time":"2018-10-17T23:30:00+00:00","og_image":[{"url":"https:\/\/www.blogsoestado.com\/danielmatos\/files\/2018\/10\/vinhos-mateus2.jpg","type":"","width":"","height":""}],"twitter_card":"summary_large_image","twitter_misc":{"Est. tempo de leitura":"2 minutos"},"schema":{"@context":"https:\/\/schema.org","@graph":[{"@type":"WebPage","@id":"https:\/\/www.blogsoestado.com\/danielmatos\/semana-de-harmonizacao-de-vinhos-no-spazio-mateus\/","url":"https:\/\/www.blogsoestado.com\/danielmatos\/semana-de-harmonizacao-de-vinhos-no-spazio-mateus\/","name":"Semana de harmoniza\u00e7\u00e3o de vinhos no Spazio Mateus - Daniel Matos","isPartOf":{"@id":"https:\/\/www.blogsoestado.com\/danielmatos\/#website"},"primaryImageOfPage":{"@id":"https:\/\/www.blogsoestado.com\/danielmatos\/semana-de-harmonizacao-de-vinhos-no-spazio-mateus\/#primaryimage"},"image":{"@id":"https:\/\/www.blogsoestado.com\/danielmatos\/semana-de-harmonizacao-de-vinhos-no-spazio-mateus\/#primaryimage"},"thumbnailUrl":"https:\/\/www.blogsoestado.com\/danielmatos\/files\/2018\/10\/vinhos-mateus2.jpg","datePublished":"2018-10-17T23:30:00+00:00","author":{"@id":""},"breadcrumb":{"@id":"https:\/\/www.blogsoestado.com\/danielmatos\/semana-de-harmonizacao-de-vinhos-no-spazio-mateus\/#breadcrumb"},"inLanguage":"pt-BR","potentialAction":[{"@type":"ReadAction","target":["https:\/\/www.blogsoestado.com\/danielmatos\/semana-de-harmonizacao-de-vinhos-no-spazio-mateus\/"]}]},{"@type":"ImageObject","inLanguage":"pt-BR","@id":"https:\/\/www.blogsoestado.com\/danielmatos\/semana-de-harmonizacao-de-vinhos-no-spazio-mateus\/#primaryimage","url":"https:\/\/www.blogsoestado.com\/danielmatos\/files\/2018\/10\/vinhos-mateus2.jpg","contentUrl":"https:\/\/www.blogsoestado.com\/danielmatos\/files\/2018\/10\/vinhos-mateus2.jpg"},{"@type":"BreadcrumbList","@id":"https:\/\/www.blogsoestado.com\/danielmatos\/semana-de-harmonizacao-de-vinhos-no-spazio-mateus\/#breadcrumb","itemListElement":[{"@type":"ListItem","position":1,"name":"In\u00edcio","item":"https:\/\/www.blogsoestado.com\/danielmatos\/"},{"@type":"ListItem","position":2,"name":"Semana de harmoniza\u00e7\u00e3o de vinhos no Spazio Mateus"}]},{"@type":"WebSite","@id":"https:\/\/www.blogsoestado.com\/danielmatos\/#website","url":"https:\/\/www.blogsoestado.com\/danielmatos\/","name":"Daniel Matos","description":"","potentialAction":[{"@type":"SearchAction","target":{"@type":"EntryPoint","urlTemplate":"https:\/\/www.blogsoestado.com\/danielmatos\/?s={search_term_string}"},"query-input":{"@type":"PropertyValueSpecification","valueRequired":true,"valueName":"search_term_string"}}],"inLanguage":"pt-BR"}]}},"jetpack_featured_media_url":"","_links":{"self":[{"href":"https:\/\/www.blogsoestado.com\/danielmatos\/wp-json\/wp\/v2\/posts\/57003","targetHints":{"allow":["GET"]}}],"collection":[{"href":"https:\/\/www.blogsoestado.com\/danielmatos\/wp-json\/wp\/v2\/posts"}],"about":[{"href":"https:\/\/www.blogsoestado.com\/danielmatos\/wp-json\/wp\/v2\/types\/post"}],"replies":[{"embeddable":true,"href":"https:\/\/www.blogsoestado.com\/danielmatos\/wp-json\/wp\/v2\/comments?post=57003"}],"version-history":[{"count":0,"href":"https:\/\/www.blogsoestado.com\/danielmatos\/wp-json\/wp\/v2\/posts\/57003\/revisions"}],"wp:attachment":[{"href":"https:\/\/www.blogsoestado.com\/danielmatos\/wp-json\/wp\/v2\/media?parent=57003"}],"wp:term":[{"taxonomy":"category","embeddable":true,"href":"https:\/\/www.blogsoestado.com\/danielmatos\/wp-json\/wp\/v2\/categories?post=57003"},{"taxonomy":"post_tag","embeddable":true,"href":"https:\/\/www.blogsoestado.com\/danielmatos\/wp-json\/wp\/v2\/tags?post=57003"}],"curies":[{"name":"wp","href":"https:\/\/api.w.org\/{rel}","templated":true}]}}