{"id":57009,"date":"2018-10-17T15:43:07","date_gmt":"2018-10-17T18:43:07","guid":{"rendered":"https:\/\/www.blogsoestado.com\/danielmatos\/?p=57009"},"modified":"2018-10-17T15:43:07","modified_gmt":"2018-10-17T18:43:07","slug":"sao-61-anos-bem-vividos-diz-astro-de-ogum-ao-ganhar-homenagens-pelo-aniversario","status":"publish","type":"post","link":"https:\/\/www.blogsoestado.com\/danielmatos\/sao-61-anos-bem-vividos-diz-astro-de-ogum-ao-ganhar-homenagens-pelo-aniversario\/","title":{"rendered":"\u201dS\u00e3o 61 anos bem vividos&#8221;, diz Astro de Ogum ao ganhar homenagens pelo anivers\u00e1rio"},"content":{"rendered":"<figure id=\"attachment_57010\" aria-describedby=\"caption-attachment-57010\" style=\"width: 650px\" class=\"wp-caption aligncenter\"><a href=\"https:\/\/www.blogsoestado.com\/danielmatos\/2018\/10\/17\/sao-61-anos-bem-vividos-diz-astro-de-ogum-ao-ganhar-homenagens-pelo-aniversario\/astro61\/\" rel=\"attachment wp-att-57010\"><img fetchpriority=\"high\" decoding=\"async\" class=\"wp-image-57010\" src=\"https:\/\/www.blogsoestado.com\/danielmatos\/files\/2018\/10\/astro61.jpg\" alt=\"\" width=\"650\" height=\"304\" \/><\/a><figcaption id=\"caption-attachment-57010\" class=\"wp-caption-text\">Servidores da C\u00e2mara Municipal manifestam carinho a Astro do Dia do anivers\u00e1rio do presidente<\/figcaption><\/figure>\n<p>Completando 61 anos, nesta ter\u00e7a-feira (16), e ainda cotado para disputar mais uma elei\u00e7\u00e3o \u2013 pela Prefeitura de S\u00e3o Lu\u00eds em 2020 -, o presidente da C\u00e2mara Municipal, vereador Astro de Ogum (PR), recebeu no final da manh\u00e3 aliados pol\u00edticos, diversos vereadores, assessores, funcion\u00e1rios e amigos, na sala de reuni\u00e3o do legislativo, para os cumprimentos de felicita\u00e7\u00f5es.<\/p>\n<p>O chefe do Legislativo tamb\u00e9m parabenizado pelo deputado eleito M\u00e1rcio Jerry (PCdoB), seu aliado pol\u00edtico. &#8220;Desejamos ao Astro de Ogum muita sa\u00fade, paz e felicidade&#8221;, disse o parlamentar comunista que visitava a C\u00e2mara para agradecer apoio do correligion\u00e1rio \u00e0 sua elei\u00e7\u00e3o na capital maranhense.<\/p>\n<figure id=\"attachment_57011\" aria-describedby=\"caption-attachment-57011\" style=\"width: 450px\" class=\"wp-caption alignright\"><a href=\"https:\/\/www.blogsoestado.com\/danielmatos\/2018\/10\/17\/sao-61-anos-bem-vividos-diz-astro-de-ogum-ao-ganhar-homenagens-pelo-aniversario\/astro61dois\/\" rel=\"attachment wp-att-57011\"><img decoding=\"async\" class=\"wp-image-57011\" src=\"https:\/\/www.blogsoestado.com\/danielmatos\/files\/2018\/10\/astro61dois.jpg\" alt=\"\" width=\"450\" height=\"300\" \/><\/a><figcaption id=\"caption-attachment-57011\" class=\"wp-caption-text\">Vereadores e funcion\u00e1rios da C\u00e2mara compartilha do bolo de anivers\u00e1rio de Astro de Ogum<\/figcaption><\/figure>\n<p>Depois que recebeu os parab\u00e9ns, Astro de Ogum aproveitou para agradecer as felicita\u00e7\u00f5es, afirmou que o momento era de agradecimento por mais um ano de vida e agradeceu \u00e0 sua equipe pela surpresa.<\/p>\n<p>&#8220;Dia de agradecer pela minha vida, sa\u00fade e pessoas que me cercam. S\u00e3o 61 anos bem vividos. Grato por tudo que tenho, especialmente pela minha fam\u00edlia e amigos. Obrigado \u00e0 minha equipe pela surpresa&#8221;, destacou.<\/p>\n<p>A noite, al\u00e9m do tradicional jantar, foi oferecido a quem desfrutou de sua companhia para comemorar com ele esse dia t\u00e3o importante, a caba\u00e7a e os tambores rufar\u00e3o, no terreiro Ogum com Iansa, no bairro do Barreto, para celebrar, tamb\u00e9m, Pomba Gira Rainha, guia do parlamentar, que tamb\u00e9m \u00e9 pai de Santo.<\/p>\n","protected":false},"excerpt":{"rendered":"<p>Completando 61 anos, nesta ter\u00e7a-feira (16), e ainda cotado para disputar mais uma elei\u00e7\u00e3o \u2013 pela Prefeitura de S\u00e3o Lu\u00eds [&hellip;]<\/p>\n","protected":false},"author":0,"featured_media":0,"comment_status":"open","ping_status":"open","sticky":false,"template":"","format":"standard","meta":{"site-sidebar-layout":"default","site-content-layout":"","ast-site-content-layout":"default","site-content-style":"default","site-sidebar-style":"default","ast-global-header-display":"","ast-banner-title-visibility":"","ast-main-header-display":"","ast-hfb-above-header-display":"","ast-hfb-below-header-display":"","ast-hfb-mobile-header-display":"","site-post-title":"","ast-breadcrumbs-content":"","ast-featured-img":"","footer-sml-layout":"","ast-disable-related-posts":"","theme-transparent-header-meta":"","adv-header-id-meta":"","stick-header-meta":"","header-above-stick-meta":"","header-main-stick-meta":"","header-below-stick-meta":"","astra-migrate-meta-layouts":"default","ast-page-background-enabled":"default","ast-page-background-meta":{"desktop":{"background-color":"var(--ast-global-color-5)","background-image":"","background-repeat":"repeat","background-position":"center center","background-size":"auto","background-attachment":"scroll","background-type":"","background-media":"","overlay-type":"","overlay-color":"","overlay-opacity":"","overlay-gradient":""},"tablet":{"background-color":"","background-image":"","background-repeat":"repeat","background-position":"center center","background-size":"auto","background-attachment":"scroll","background-type":"","background-media":"","overlay-type":"","overlay-color":"","overlay-opacity":"","overlay-gradient":""},"mobile":{"background-color":"","background-image":"","background-repeat":"repeat","background-position":"center center","background-size":"auto","background-attachment":"scroll","background-type":"","background-media":"","overlay-type":"","overlay-color":"","overlay-opacity":"","overlay-gradient":""}},"ast-content-background-meta":{"desktop":{"background-color":"var(--ast-global-color-4)","background-image":"","background-repeat":"repeat","background-position":"center center","background-size":"auto","background-attachment":"scroll","background-type":"","background-media":"","overlay-type":"","overlay-color":"","overlay-opacity":"","overlay-gradient":""},"tablet":{"background-color":"var(--ast-global-color-4)","background-image":"","background-repeat":"repeat","background-position":"center center","background-size":"auto","background-attachment":"scroll","background-type":"","background-media":"","overlay-type":"","overlay-color":"","overlay-opacity":"","overlay-gradient":""},"mobile":{"background-color":"var(--ast-global-color-4)","background-image":"","background-repeat":"repeat","background-position":"center center","background-size":"auto","background-attachment":"scroll","background-type":"","background-media":"","overlay-type":"","overlay-color":"","overlay-opacity":"","overlay-gradient":""}},"footnotes":""},"categories":[1],"tags":[],"class_list":["post-57009","post","type-post","status-publish","format-standard","hentry","category-sem-categoria"],"yoast_head":"<!-- This site is optimized with the Yoast SEO plugin v26.6 - https:\/\/yoast.com\/wordpress\/plugins\/seo\/ -->\n<title>\u201dS\u00e3o 61 anos bem vividos&quot;, diz Astro de Ogum ao ganhar homenagens pelo anivers\u00e1rio - Daniel Matos<\/title>\n<meta name=\"robots\" content=\"index, follow, max-snippet:-1, max-image-preview:large, max-video-preview:-1\" \/>\n<link rel=\"canonical\" href=\"https:\/\/www.blogsoestado.com\/danielmatos\/sao-61-anos-bem-vividos-diz-astro-de-ogum-ao-ganhar-homenagens-pelo-aniversario\/\" \/>\n<meta property=\"og:locale\" content=\"pt_BR\" \/>\n<meta property=\"og:type\" content=\"article\" \/>\n<meta property=\"og:title\" content=\"\u201dS\u00e3o 61 anos bem vividos&quot;, diz Astro de Ogum ao ganhar homenagens pelo anivers\u00e1rio - Daniel Matos\" \/>\n<meta property=\"og:description\" content=\"Completando 61 anos, nesta ter\u00e7a-feira (16), e ainda cotado para disputar mais uma elei\u00e7\u00e3o \u2013 pela Prefeitura de S\u00e3o Lu\u00eds [&hellip;]\" \/>\n<meta property=\"og:url\" content=\"https:\/\/www.blogsoestado.com\/danielmatos\/sao-61-anos-bem-vividos-diz-astro-de-ogum-ao-ganhar-homenagens-pelo-aniversario\/\" \/>\n<meta property=\"og:site_name\" content=\"Daniel Matos\" \/>\n<meta property=\"article:published_time\" content=\"2018-10-17T18:43:07+00:00\" \/>\n<meta property=\"og:image\" content=\"https:\/\/www.blogsoestado.com\/danielmatos\/files\/2018\/10\/astro61.jpg\" \/>\n<meta name=\"twitter:card\" content=\"summary_large_image\" \/>\n<meta name=\"twitter:label1\" content=\"Est. tempo de leitura\" \/>\n\t<meta name=\"twitter:data1\" content=\"1 minuto\" \/>\n<script type=\"application\/ld+json\" class=\"yoast-schema-graph\">{\"@context\":\"https:\/\/schema.org\",\"@graph\":[{\"@type\":\"WebPage\",\"@id\":\"https:\/\/www.blogsoestado.com\/danielmatos\/sao-61-anos-bem-vividos-diz-astro-de-ogum-ao-ganhar-homenagens-pelo-aniversario\/\",\"url\":\"https:\/\/www.blogsoestado.com\/danielmatos\/sao-61-anos-bem-vividos-diz-astro-de-ogum-ao-ganhar-homenagens-pelo-aniversario\/\",\"name\":\"\u201dS\u00e3o 61 anos bem vividos\\\", diz Astro de Ogum ao ganhar homenagens pelo anivers\u00e1rio - Daniel Matos\",\"isPartOf\":{\"@id\":\"https:\/\/www.blogsoestado.com\/danielmatos\/#website\"},\"primaryImageOfPage\":{\"@id\":\"https:\/\/www.blogsoestado.com\/danielmatos\/sao-61-anos-bem-vividos-diz-astro-de-ogum-ao-ganhar-homenagens-pelo-aniversario\/#primaryimage\"},\"image\":{\"@id\":\"https:\/\/www.blogsoestado.com\/danielmatos\/sao-61-anos-bem-vividos-diz-astro-de-ogum-ao-ganhar-homenagens-pelo-aniversario\/#primaryimage\"},\"thumbnailUrl\":\"https:\/\/www.blogsoestado.com\/danielmatos\/files\/2018\/10\/astro61.jpg\",\"datePublished\":\"2018-10-17T18:43:07+00:00\",\"author\":{\"@id\":\"\"},\"breadcrumb\":{\"@id\":\"https:\/\/www.blogsoestado.com\/danielmatos\/sao-61-anos-bem-vividos-diz-astro-de-ogum-ao-ganhar-homenagens-pelo-aniversario\/#breadcrumb\"},\"inLanguage\":\"pt-BR\",\"potentialAction\":[{\"@type\":\"ReadAction\",\"target\":[\"https:\/\/www.blogsoestado.com\/danielmatos\/sao-61-anos-bem-vividos-diz-astro-de-ogum-ao-ganhar-homenagens-pelo-aniversario\/\"]}]},{\"@type\":\"ImageObject\",\"inLanguage\":\"pt-BR\",\"@id\":\"https:\/\/www.blogsoestado.com\/danielmatos\/sao-61-anos-bem-vividos-diz-astro-de-ogum-ao-ganhar-homenagens-pelo-aniversario\/#primaryimage\",\"url\":\"https:\/\/www.blogsoestado.com\/danielmatos\/files\/2018\/10\/astro61.jpg\",\"contentUrl\":\"https:\/\/www.blogsoestado.com\/danielmatos\/files\/2018\/10\/astro61.jpg\"},{\"@type\":\"BreadcrumbList\",\"@id\":\"https:\/\/www.blogsoestado.com\/danielmatos\/sao-61-anos-bem-vividos-diz-astro-de-ogum-ao-ganhar-homenagens-pelo-aniversario\/#breadcrumb\",\"itemListElement\":[{\"@type\":\"ListItem\",\"position\":1,\"name\":\"In\u00edcio\",\"item\":\"https:\/\/www.blogsoestado.com\/danielmatos\/\"},{\"@type\":\"ListItem\",\"position\":2,\"name\":\"\u201dS\u00e3o 61 anos bem vividos&#8221;, diz Astro de Ogum ao ganhar homenagens pelo anivers\u00e1rio\"}]},{\"@type\":\"WebSite\",\"@id\":\"https:\/\/www.blogsoestado.com\/danielmatos\/#website\",\"url\":\"https:\/\/www.blogsoestado.com\/danielmatos\/\",\"name\":\"Daniel Matos\",\"description\":\"\",\"potentialAction\":[{\"@type\":\"SearchAction\",\"target\":{\"@type\":\"EntryPoint\",\"urlTemplate\":\"https:\/\/www.blogsoestado.com\/danielmatos\/?s={search_term_string}\"},\"query-input\":{\"@type\":\"PropertyValueSpecification\",\"valueRequired\":true,\"valueName\":\"search_term_string\"}}],\"inLanguage\":\"pt-BR\"}]}<\/script>\n<!-- \/ Yoast SEO plugin. -->","yoast_head_json":{"title":"\u201dS\u00e3o 61 anos bem vividos\", diz Astro de Ogum ao ganhar homenagens pelo anivers\u00e1rio - Daniel Matos","robots":{"index":"index","follow":"follow","max-snippet":"max-snippet:-1","max-image-preview":"max-image-preview:large","max-video-preview":"max-video-preview:-1"},"canonical":"https:\/\/www.blogsoestado.com\/danielmatos\/sao-61-anos-bem-vividos-diz-astro-de-ogum-ao-ganhar-homenagens-pelo-aniversario\/","og_locale":"pt_BR","og_type":"article","og_title":"\u201dS\u00e3o 61 anos bem vividos\", diz Astro de Ogum ao ganhar homenagens pelo anivers\u00e1rio - Daniel Matos","og_description":"Completando 61 anos, nesta ter\u00e7a-feira (16), e ainda cotado para disputar mais uma elei\u00e7\u00e3o \u2013 pela Prefeitura de S\u00e3o Lu\u00eds [&hellip;]","og_url":"https:\/\/www.blogsoestado.com\/danielmatos\/sao-61-anos-bem-vividos-diz-astro-de-ogum-ao-ganhar-homenagens-pelo-aniversario\/","og_site_name":"Daniel Matos","article_published_time":"2018-10-17T18:43:07+00:00","og_image":[{"url":"https:\/\/www.blogsoestado.com\/danielmatos\/files\/2018\/10\/astro61.jpg","type":"","width":"","height":""}],"twitter_card":"summary_large_image","twitter_misc":{"Est. tempo de leitura":"1 minuto"},"schema":{"@context":"https:\/\/schema.org","@graph":[{"@type":"WebPage","@id":"https:\/\/www.blogsoestado.com\/danielmatos\/sao-61-anos-bem-vividos-diz-astro-de-ogum-ao-ganhar-homenagens-pelo-aniversario\/","url":"https:\/\/www.blogsoestado.com\/danielmatos\/sao-61-anos-bem-vividos-diz-astro-de-ogum-ao-ganhar-homenagens-pelo-aniversario\/","name":"\u201dS\u00e3o 61 anos bem vividos\", diz Astro de Ogum ao ganhar homenagens pelo anivers\u00e1rio - Daniel Matos","isPartOf":{"@id":"https:\/\/www.blogsoestado.com\/danielmatos\/#website"},"primaryImageOfPage":{"@id":"https:\/\/www.blogsoestado.com\/danielmatos\/sao-61-anos-bem-vividos-diz-astro-de-ogum-ao-ganhar-homenagens-pelo-aniversario\/#primaryimage"},"image":{"@id":"https:\/\/www.blogsoestado.com\/danielmatos\/sao-61-anos-bem-vividos-diz-astro-de-ogum-ao-ganhar-homenagens-pelo-aniversario\/#primaryimage"},"thumbnailUrl":"https:\/\/www.blogsoestado.com\/danielmatos\/files\/2018\/10\/astro61.jpg","datePublished":"2018-10-17T18:43:07+00:00","author":{"@id":""},"breadcrumb":{"@id":"https:\/\/www.blogsoestado.com\/danielmatos\/sao-61-anos-bem-vividos-diz-astro-de-ogum-ao-ganhar-homenagens-pelo-aniversario\/#breadcrumb"},"inLanguage":"pt-BR","potentialAction":[{"@type":"ReadAction","target":["https:\/\/www.blogsoestado.com\/danielmatos\/sao-61-anos-bem-vividos-diz-astro-de-ogum-ao-ganhar-homenagens-pelo-aniversario\/"]}]},{"@type":"ImageObject","inLanguage":"pt-BR","@id":"https:\/\/www.blogsoestado.com\/danielmatos\/sao-61-anos-bem-vividos-diz-astro-de-ogum-ao-ganhar-homenagens-pelo-aniversario\/#primaryimage","url":"https:\/\/www.blogsoestado.com\/danielmatos\/files\/2018\/10\/astro61.jpg","contentUrl":"https:\/\/www.blogsoestado.com\/danielmatos\/files\/2018\/10\/astro61.jpg"},{"@type":"BreadcrumbList","@id":"https:\/\/www.blogsoestado.com\/danielmatos\/sao-61-anos-bem-vividos-diz-astro-de-ogum-ao-ganhar-homenagens-pelo-aniversario\/#breadcrumb","itemListElement":[{"@type":"ListItem","position":1,"name":"In\u00edcio","item":"https:\/\/www.blogsoestado.com\/danielmatos\/"},{"@type":"ListItem","position":2,"name":"\u201dS\u00e3o 61 anos bem vividos&#8221;, diz Astro de Ogum ao ganhar homenagens pelo anivers\u00e1rio"}]},{"@type":"WebSite","@id":"https:\/\/www.blogsoestado.com\/danielmatos\/#website","url":"https:\/\/www.blogsoestado.com\/danielmatos\/","name":"Daniel Matos","description":"","potentialAction":[{"@type":"SearchAction","target":{"@type":"EntryPoint","urlTemplate":"https:\/\/www.blogsoestado.com\/danielmatos\/?s={search_term_string}"},"query-input":{"@type":"PropertyValueSpecification","valueRequired":true,"valueName":"search_term_string"}}],"inLanguage":"pt-BR"}]}},"jetpack_featured_media_url":"","_links":{"self":[{"href":"https:\/\/www.blogsoestado.com\/danielmatos\/wp-json\/wp\/v2\/posts\/57009","targetHints":{"allow":["GET"]}}],"collection":[{"href":"https:\/\/www.blogsoestado.com\/danielmatos\/wp-json\/wp\/v2\/posts"}],"about":[{"href":"https:\/\/www.blogsoestado.com\/danielmatos\/wp-json\/wp\/v2\/types\/post"}],"replies":[{"embeddable":true,"href":"https:\/\/www.blogsoestado.com\/danielmatos\/wp-json\/wp\/v2\/comments?post=57009"}],"version-history":[{"count":0,"href":"https:\/\/www.blogsoestado.com\/danielmatos\/wp-json\/wp\/v2\/posts\/57009\/revisions"}],"wp:attachment":[{"href":"https:\/\/www.blogsoestado.com\/danielmatos\/wp-json\/wp\/v2\/media?parent=57009"}],"wp:term":[{"taxonomy":"category","embeddable":true,"href":"https:\/\/www.blogsoestado.com\/danielmatos\/wp-json\/wp\/v2\/categories?post=57009"},{"taxonomy":"post_tag","embeddable":true,"href":"https:\/\/www.blogsoestado.com\/danielmatos\/wp-json\/wp\/v2\/tags?post=57009"}],"curies":[{"name":"wp","href":"https:\/\/api.w.org\/{rel}","templated":true}]}}