{"id":57014,"date":"2018-10-17T16:48:01","date_gmt":"2018-10-17T19:48:01","guid":{"rendered":"https:\/\/www.blogsoestado.com\/danielmatos\/?p=57014"},"modified":"2018-10-17T16:48:01","modified_gmt":"2018-10-17T19:48:01","slug":"adriano-sarney-chama-haddad-de-covarde-e-cita-weverton-e-laranja-ao-rebater-comentario-do-petista-sobre-eleicao-no-maranhao","status":"publish","type":"post","link":"https:\/\/www.blogsoestado.com\/danielmatos\/adriano-sarney-chama-haddad-de-covarde-e-cita-weverton-e-laranja-ao-rebater-comentario-do-petista-sobre-eleicao-no-maranhao\/","title":{"rendered":"Adriano Sarney chama Haddad de covarde e cita Weverton e &#8220;laranja&#8221; ao rebater coment\u00e1rio do petista sobre elei\u00e7\u00e3o no Maranh\u00e3o"},"content":{"rendered":"<figure id=\"attachment_57016\" aria-describedby=\"caption-attachment-57016\" style=\"width: 450px\" class=\"wp-caption alignleft\"><a href=\"https:\/\/www.blogsoestado.com\/danielmatos\/2018\/10\/17\/adriano-sarney-chama-haddad-de-covarde-e-cita-weverton-e-laranja-ao-rebater-comentario-do-petista-sobre-eleicao-no-maranhao\/adriano-haddad\/\" rel=\"attachment wp-att-57016\"><img fetchpriority=\"high\" decoding=\"async\" class=\"wp-image-57016\" src=\"https:\/\/www.blogsoestado.com\/danielmatos\/files\/2018\/10\/adriano-haddad.jpg\" alt=\"\" width=\"450\" height=\"300\" \/><\/a><figcaption id=\"caption-attachment-57016\" class=\"wp-caption-text\">Adriano Sarney citou negocia\u00e7\u00e3o de emissora no Maranh\u00e3o, at\u00e9 hoje n\u00e3o esclarecida<\/figcaption><\/figure>\n<p>O deputado estadual Adriano Sarney (PV) reagiu com firmeza \u00e0 declara\u00e7\u00e3o do candidato do PT \u00e0 Presid\u00eancia da Rep\u00fablica, Fernando Haddad, sobre o desfecho da \u00faltima elei\u00e7\u00e3o no Maranh\u00e3o. Em entrevista concedida ontem ao programa P\u00e2nico, da R\u00e1dio Jovem PAN, o presidenci\u00e1vel petista respondeu &#8220;gra\u00e7as a Deus&#8221; ao ser perguntado sobre a derrota de membros da fam\u00edlia do ex-presidente Jos\u00e9 Sarney.<\/p>\n<p>Em resposta a um tweet do blogueiro Jhon Cutrim, que reproduziu a resposta de Haddad ao P\u00e2nico, Adriano foi incisivo. &#8220;Como disse o Cid (Gomes): @Haddad_ Fernando \u00e9 um babaca! Pergunto a ele quem comprou a Difusora no MA? Responde, covarde&#8221;, detonou, para em seguida postar as hashtags (palavras-chave) #HaddadNoPanico #HaddadMente #HaddadNAO.<\/p>\n<p>Em outro tweet, Adriano responde, ele pr\u00f3prio, \u00e0 indaga\u00e7\u00e3o que fizera ao candidato petista \u00e0 sucess\u00e3o presidencial. &#8220;J\u00e1 que o covarde do @Haddad_Fernando n\u00e3o responde: quem comprou o SBT no MA foi o advogado Willer Tomaz, envolvido na Lava Jato, laranja de Weverton PDT e Dino PCdoB&#8221;, escreveu, arrematando a mensagem com as hashtags #HaddadNoPanico e #HaddadArregao.<\/p>\n<p>Confira:<\/p>\n<p><a href=\"https:\/\/www.blogsoestado.com\/danielmatos\/2018\/10\/17\/adriano-sarney-chama-haddad-de-covarde-e-cita-weverton-e-laranja-ao-rebater-comentario-do-petista-sobre-eleicao-no-maranhao\/adriano-detona-2\/\" rel=\"attachment wp-att-57015\"><img decoding=\"async\" class=\"aligncenter size-full wp-image-57015\" src=\"https:\/\/www.blogsoestado.com\/danielmatos\/files\/2018\/10\/adriano-detona.jpg\" alt=\"\" width=\"518\" height=\"301\" \/><\/a><\/p>\n","protected":false},"excerpt":{"rendered":"<p>O deputado estadual Adriano Sarney (PV) reagiu com firmeza \u00e0 declara\u00e7\u00e3o do candidato do PT \u00e0 Presid\u00eancia da Rep\u00fablica, Fernando [&hellip;]<\/p>\n","protected":false},"author":0,"featured_media":0,"comment_status":"open","ping_status":"open","sticky":false,"template":"","format":"standard","meta":{"site-sidebar-layout":"default","site-content-layout":"","ast-site-content-layout":"default","site-content-style":"default","site-sidebar-style":"default","ast-global-header-display":"","ast-banner-title-visibility":"","ast-main-header-display":"","ast-hfb-above-header-display":"","ast-hfb-below-header-display":"","ast-hfb-mobile-header-display":"","site-post-title":"","ast-breadcrumbs-content":"","ast-featured-img":"","footer-sml-layout":"","ast-disable-related-posts":"","theme-transparent-header-meta":"","adv-header-id-meta":"","stick-header-meta":"","header-above-stick-meta":"","header-main-stick-meta":"","header-below-stick-meta":"","astra-migrate-meta-layouts":"default","ast-page-background-enabled":"default","ast-page-background-meta":{"desktop":{"background-color":"var(--ast-global-color-5)","background-image":"","background-repeat":"repeat","background-position":"center center","background-size":"auto","background-attachment":"scroll","background-type":"","background-media":"","overlay-type":"","overlay-color":"","overlay-opacity":"","overlay-gradient":""},"tablet":{"background-color":"","background-image":"","background-repeat":"repeat","background-position":"center center","background-size":"auto","background-attachment":"scroll","background-type":"","background-media":"","overlay-type":"","overlay-color":"","overlay-opacity":"","overlay-gradient":""},"mobile":{"background-color":"","background-image":"","background-repeat":"repeat","background-position":"center center","background-size":"auto","background-attachment":"scroll","background-type":"","background-media":"","overlay-type":"","overlay-color":"","overlay-opacity":"","overlay-gradient":""}},"ast-content-background-meta":{"desktop":{"background-color":"var(--ast-global-color-4)","background-image":"","background-repeat":"repeat","background-position":"center center","background-size":"auto","background-attachment":"scroll","background-type":"","background-media":"","overlay-type":"","overlay-color":"","overlay-opacity":"","overlay-gradient":""},"tablet":{"background-color":"var(--ast-global-color-4)","background-image":"","background-repeat":"repeat","background-position":"center center","background-size":"auto","background-attachment":"scroll","background-type":"","background-media":"","overlay-type":"","overlay-color":"","overlay-opacity":"","overlay-gradient":""},"mobile":{"background-color":"var(--ast-global-color-4)","background-image":"","background-repeat":"repeat","background-position":"center center","background-size":"auto","background-attachment":"scroll","background-type":"","background-media":"","overlay-type":"","overlay-color":"","overlay-opacity":"","overlay-gradient":""}},"footnotes":""},"categories":[1],"tags":[],"class_list":["post-57014","post","type-post","status-publish","format-standard","hentry","category-sem-categoria"],"yoast_head":"<!-- This site is optimized with the Yoast SEO plugin v26.6 - https:\/\/yoast.com\/wordpress\/plugins\/seo\/ -->\n<title>Adriano Sarney chama Haddad de covarde e cita Weverton e &quot;laranja&quot; ao rebater coment\u00e1rio do petista sobre elei\u00e7\u00e3o no Maranh\u00e3o - Daniel Matos<\/title>\n<meta name=\"robots\" content=\"index, follow, max-snippet:-1, max-image-preview:large, max-video-preview:-1\" \/>\n<link rel=\"canonical\" href=\"https:\/\/www.blogsoestado.com\/danielmatos\/adriano-sarney-chama-haddad-de-covarde-e-cita-weverton-e-laranja-ao-rebater-comentario-do-petista-sobre-eleicao-no-maranhao\/\" \/>\n<meta property=\"og:locale\" content=\"pt_BR\" \/>\n<meta property=\"og:type\" content=\"article\" \/>\n<meta property=\"og:title\" content=\"Adriano Sarney chama Haddad de covarde e cita Weverton e &quot;laranja&quot; ao rebater coment\u00e1rio do petista sobre elei\u00e7\u00e3o no Maranh\u00e3o - Daniel Matos\" \/>\n<meta property=\"og:description\" content=\"O deputado estadual Adriano Sarney (PV) reagiu com firmeza \u00e0 declara\u00e7\u00e3o do candidato do PT \u00e0 Presid\u00eancia da Rep\u00fablica, Fernando [&hellip;]\" \/>\n<meta property=\"og:url\" content=\"https:\/\/www.blogsoestado.com\/danielmatos\/adriano-sarney-chama-haddad-de-covarde-e-cita-weverton-e-laranja-ao-rebater-comentario-do-petista-sobre-eleicao-no-maranhao\/\" \/>\n<meta property=\"og:site_name\" content=\"Daniel Matos\" \/>\n<meta property=\"article:published_time\" content=\"2018-10-17T19:48:01+00:00\" \/>\n<meta property=\"og:image\" content=\"https:\/\/www.blogsoestado.com\/danielmatos\/files\/2018\/10\/adriano-haddad.jpg\" \/>\n<meta name=\"twitter:card\" content=\"summary_large_image\" \/>\n<meta name=\"twitter:label1\" content=\"Est. tempo de leitura\" \/>\n\t<meta name=\"twitter:data1\" content=\"1 minuto\" \/>\n<script type=\"application\/ld+json\" class=\"yoast-schema-graph\">{\"@context\":\"https:\/\/schema.org\",\"@graph\":[{\"@type\":\"WebPage\",\"@id\":\"https:\/\/www.blogsoestado.com\/danielmatos\/adriano-sarney-chama-haddad-de-covarde-e-cita-weverton-e-laranja-ao-rebater-comentario-do-petista-sobre-eleicao-no-maranhao\/\",\"url\":\"https:\/\/www.blogsoestado.com\/danielmatos\/adriano-sarney-chama-haddad-de-covarde-e-cita-weverton-e-laranja-ao-rebater-comentario-do-petista-sobre-eleicao-no-maranhao\/\",\"name\":\"Adriano Sarney chama Haddad de covarde e cita Weverton e \\\"laranja\\\" ao rebater coment\u00e1rio do petista sobre elei\u00e7\u00e3o no Maranh\u00e3o - Daniel Matos\",\"isPartOf\":{\"@id\":\"https:\/\/www.blogsoestado.com\/danielmatos\/#website\"},\"primaryImageOfPage\":{\"@id\":\"https:\/\/www.blogsoestado.com\/danielmatos\/adriano-sarney-chama-haddad-de-covarde-e-cita-weverton-e-laranja-ao-rebater-comentario-do-petista-sobre-eleicao-no-maranhao\/#primaryimage\"},\"image\":{\"@id\":\"https:\/\/www.blogsoestado.com\/danielmatos\/adriano-sarney-chama-haddad-de-covarde-e-cita-weverton-e-laranja-ao-rebater-comentario-do-petista-sobre-eleicao-no-maranhao\/#primaryimage\"},\"thumbnailUrl\":\"https:\/\/www.blogsoestado.com\/danielmatos\/files\/2018\/10\/adriano-haddad.jpg\",\"datePublished\":\"2018-10-17T19:48:01+00:00\",\"author\":{\"@id\":\"\"},\"breadcrumb\":{\"@id\":\"https:\/\/www.blogsoestado.com\/danielmatos\/adriano-sarney-chama-haddad-de-covarde-e-cita-weverton-e-laranja-ao-rebater-comentario-do-petista-sobre-eleicao-no-maranhao\/#breadcrumb\"},\"inLanguage\":\"pt-BR\",\"potentialAction\":[{\"@type\":\"ReadAction\",\"target\":[\"https:\/\/www.blogsoestado.com\/danielmatos\/adriano-sarney-chama-haddad-de-covarde-e-cita-weverton-e-laranja-ao-rebater-comentario-do-petista-sobre-eleicao-no-maranhao\/\"]}]},{\"@type\":\"ImageObject\",\"inLanguage\":\"pt-BR\",\"@id\":\"https:\/\/www.blogsoestado.com\/danielmatos\/adriano-sarney-chama-haddad-de-covarde-e-cita-weverton-e-laranja-ao-rebater-comentario-do-petista-sobre-eleicao-no-maranhao\/#primaryimage\",\"url\":\"https:\/\/www.blogsoestado.com\/danielmatos\/files\/2018\/10\/adriano-haddad.jpg\",\"contentUrl\":\"https:\/\/www.blogsoestado.com\/danielmatos\/files\/2018\/10\/adriano-haddad.jpg\"},{\"@type\":\"BreadcrumbList\",\"@id\":\"https:\/\/www.blogsoestado.com\/danielmatos\/adriano-sarney-chama-haddad-de-covarde-e-cita-weverton-e-laranja-ao-rebater-comentario-do-petista-sobre-eleicao-no-maranhao\/#breadcrumb\",\"itemListElement\":[{\"@type\":\"ListItem\",\"position\":1,\"name\":\"In\u00edcio\",\"item\":\"https:\/\/www.blogsoestado.com\/danielmatos\/\"},{\"@type\":\"ListItem\",\"position\":2,\"name\":\"Adriano Sarney chama Haddad de covarde e cita Weverton e &#8220;laranja&#8221; ao rebater coment\u00e1rio do petista sobre elei\u00e7\u00e3o no Maranh\u00e3o\"}]},{\"@type\":\"WebSite\",\"@id\":\"https:\/\/www.blogsoestado.com\/danielmatos\/#website\",\"url\":\"https:\/\/www.blogsoestado.com\/danielmatos\/\",\"name\":\"Daniel Matos\",\"description\":\"\",\"potentialAction\":[{\"@type\":\"SearchAction\",\"target\":{\"@type\":\"EntryPoint\",\"urlTemplate\":\"https:\/\/www.blogsoestado.com\/danielmatos\/?s={search_term_string}\"},\"query-input\":{\"@type\":\"PropertyValueSpecification\",\"valueRequired\":true,\"valueName\":\"search_term_string\"}}],\"inLanguage\":\"pt-BR\"}]}<\/script>\n<!-- \/ Yoast SEO plugin. -->","yoast_head_json":{"title":"Adriano Sarney chama Haddad de covarde e cita Weverton e \"laranja\" ao rebater coment\u00e1rio do petista sobre elei\u00e7\u00e3o no Maranh\u00e3o - Daniel Matos","robots":{"index":"index","follow":"follow","max-snippet":"max-snippet:-1","max-image-preview":"max-image-preview:large","max-video-preview":"max-video-preview:-1"},"canonical":"https:\/\/www.blogsoestado.com\/danielmatos\/adriano-sarney-chama-haddad-de-covarde-e-cita-weverton-e-laranja-ao-rebater-comentario-do-petista-sobre-eleicao-no-maranhao\/","og_locale":"pt_BR","og_type":"article","og_title":"Adriano Sarney chama Haddad de covarde e cita Weverton e \"laranja\" ao rebater coment\u00e1rio do petista sobre elei\u00e7\u00e3o no Maranh\u00e3o - Daniel Matos","og_description":"O deputado estadual Adriano Sarney (PV) reagiu com firmeza \u00e0 declara\u00e7\u00e3o do candidato do PT \u00e0 Presid\u00eancia da Rep\u00fablica, Fernando [&hellip;]","og_url":"https:\/\/www.blogsoestado.com\/danielmatos\/adriano-sarney-chama-haddad-de-covarde-e-cita-weverton-e-laranja-ao-rebater-comentario-do-petista-sobre-eleicao-no-maranhao\/","og_site_name":"Daniel Matos","article_published_time":"2018-10-17T19:48:01+00:00","og_image":[{"url":"https:\/\/www.blogsoestado.com\/danielmatos\/files\/2018\/10\/adriano-haddad.jpg","type":"","width":"","height":""}],"twitter_card":"summary_large_image","twitter_misc":{"Est. tempo de leitura":"1 minuto"},"schema":{"@context":"https:\/\/schema.org","@graph":[{"@type":"WebPage","@id":"https:\/\/www.blogsoestado.com\/danielmatos\/adriano-sarney-chama-haddad-de-covarde-e-cita-weverton-e-laranja-ao-rebater-comentario-do-petista-sobre-eleicao-no-maranhao\/","url":"https:\/\/www.blogsoestado.com\/danielmatos\/adriano-sarney-chama-haddad-de-covarde-e-cita-weverton-e-laranja-ao-rebater-comentario-do-petista-sobre-eleicao-no-maranhao\/","name":"Adriano Sarney chama Haddad de covarde e cita Weverton e \"laranja\" ao rebater coment\u00e1rio do petista sobre elei\u00e7\u00e3o no Maranh\u00e3o - Daniel Matos","isPartOf":{"@id":"https:\/\/www.blogsoestado.com\/danielmatos\/#website"},"primaryImageOfPage":{"@id":"https:\/\/www.blogsoestado.com\/danielmatos\/adriano-sarney-chama-haddad-de-covarde-e-cita-weverton-e-laranja-ao-rebater-comentario-do-petista-sobre-eleicao-no-maranhao\/#primaryimage"},"image":{"@id":"https:\/\/www.blogsoestado.com\/danielmatos\/adriano-sarney-chama-haddad-de-covarde-e-cita-weverton-e-laranja-ao-rebater-comentario-do-petista-sobre-eleicao-no-maranhao\/#primaryimage"},"thumbnailUrl":"https:\/\/www.blogsoestado.com\/danielmatos\/files\/2018\/10\/adriano-haddad.jpg","datePublished":"2018-10-17T19:48:01+00:00","author":{"@id":""},"breadcrumb":{"@id":"https:\/\/www.blogsoestado.com\/danielmatos\/adriano-sarney-chama-haddad-de-covarde-e-cita-weverton-e-laranja-ao-rebater-comentario-do-petista-sobre-eleicao-no-maranhao\/#breadcrumb"},"inLanguage":"pt-BR","potentialAction":[{"@type":"ReadAction","target":["https:\/\/www.blogsoestado.com\/danielmatos\/adriano-sarney-chama-haddad-de-covarde-e-cita-weverton-e-laranja-ao-rebater-comentario-do-petista-sobre-eleicao-no-maranhao\/"]}]},{"@type":"ImageObject","inLanguage":"pt-BR","@id":"https:\/\/www.blogsoestado.com\/danielmatos\/adriano-sarney-chama-haddad-de-covarde-e-cita-weverton-e-laranja-ao-rebater-comentario-do-petista-sobre-eleicao-no-maranhao\/#primaryimage","url":"https:\/\/www.blogsoestado.com\/danielmatos\/files\/2018\/10\/adriano-haddad.jpg","contentUrl":"https:\/\/www.blogsoestado.com\/danielmatos\/files\/2018\/10\/adriano-haddad.jpg"},{"@type":"BreadcrumbList","@id":"https:\/\/www.blogsoestado.com\/danielmatos\/adriano-sarney-chama-haddad-de-covarde-e-cita-weverton-e-laranja-ao-rebater-comentario-do-petista-sobre-eleicao-no-maranhao\/#breadcrumb","itemListElement":[{"@type":"ListItem","position":1,"name":"In\u00edcio","item":"https:\/\/www.blogsoestado.com\/danielmatos\/"},{"@type":"ListItem","position":2,"name":"Adriano Sarney chama Haddad de covarde e cita Weverton e &#8220;laranja&#8221; ao rebater coment\u00e1rio do petista sobre elei\u00e7\u00e3o no Maranh\u00e3o"}]},{"@type":"WebSite","@id":"https:\/\/www.blogsoestado.com\/danielmatos\/#website","url":"https:\/\/www.blogsoestado.com\/danielmatos\/","name":"Daniel Matos","description":"","potentialAction":[{"@type":"SearchAction","target":{"@type":"EntryPoint","urlTemplate":"https:\/\/www.blogsoestado.com\/danielmatos\/?s={search_term_string}"},"query-input":{"@type":"PropertyValueSpecification","valueRequired":true,"valueName":"search_term_string"}}],"inLanguage":"pt-BR"}]}},"jetpack_featured_media_url":"","_links":{"self":[{"href":"https:\/\/www.blogsoestado.com\/danielmatos\/wp-json\/wp\/v2\/posts\/57014","targetHints":{"allow":["GET"]}}],"collection":[{"href":"https:\/\/www.blogsoestado.com\/danielmatos\/wp-json\/wp\/v2\/posts"}],"about":[{"href":"https:\/\/www.blogsoestado.com\/danielmatos\/wp-json\/wp\/v2\/types\/post"}],"replies":[{"embeddable":true,"href":"https:\/\/www.blogsoestado.com\/danielmatos\/wp-json\/wp\/v2\/comments?post=57014"}],"version-history":[{"count":0,"href":"https:\/\/www.blogsoestado.com\/danielmatos\/wp-json\/wp\/v2\/posts\/57014\/revisions"}],"wp:attachment":[{"href":"https:\/\/www.blogsoestado.com\/danielmatos\/wp-json\/wp\/v2\/media?parent=57014"}],"wp:term":[{"taxonomy":"category","embeddable":true,"href":"https:\/\/www.blogsoestado.com\/danielmatos\/wp-json\/wp\/v2\/categories?post=57014"},{"taxonomy":"post_tag","embeddable":true,"href":"https:\/\/www.blogsoestado.com\/danielmatos\/wp-json\/wp\/v2\/tags?post=57014"}],"curies":[{"name":"wp","href":"https:\/\/api.w.org\/{rel}","templated":true}]}}