{"id":57036,"date":"2018-10-18T12:50:28","date_gmt":"2018-10-18T15:50:28","guid":{"rendered":"https:\/\/www.blogsoestado.com\/danielmatos\/?p=57036"},"modified":"2018-10-18T12:50:28","modified_gmt":"2018-10-18T15:50:28","slug":"o-ato-e-virtual-mas-as-consequencias-sao-reais","status":"publish","type":"post","link":"https:\/\/www.blogsoestado.com\/danielmatos\/o-ato-e-virtual-mas-as-consequencias-sao-reais\/","title":{"rendered":"O ato \u00e9 virtual, mas as consequ\u00eancias s\u00e3o reais"},"content":{"rendered":"<p><strong>Natalino Salgado Filho*<\/strong><\/p>\n<figure id=\"attachment_51789\" aria-describedby=\"caption-attachment-51789\" style=\"width: 448px\" class=\"wp-caption alignleft\"><a href=\"https:\/\/www.blogsoestado.com\/danielmatos\/2018\/05\/29\/o-legado-de-ferretti\/natalino-premio-2\/\" rel=\"attachment wp-att-51789\"><img fetchpriority=\"high\" decoding=\"async\" class=\"size-full wp-image-51789\" src=\"https:\/\/www.blogsoestado.com\/danielmatos\/files\/2018\/05\/natalino-pr\u00eamio.jpg\" alt=\"\" width=\"448\" height=\"298\" \/><\/a><figcaption id=\"caption-attachment-51789\" class=\"wp-caption-text\">Professor-doutor Natalino Salgado Filho alerta que o Poder Judici\u00e1rio vem coibindo crimes virtuais com a aplica\u00e7\u00e3o de dispositivos previstos no C\u00f3digo Penal, no C\u00f3digo Civil e em leis espec\u00edficas<\/figcaption><\/figure>\n<p>Vivemos uma era em que as fronteiras entre o virtual e o real est\u00e3o esmaecidas.\u00a0 As pessoas permanentemente conectadas nas m\u00eddias sociais e muitas vezes esquecem que o que se pratica num mundo virtual tem repercuss\u00f5es \u2013 \u00e0s vezes graves \u2013 no mundo real. Lembro do conceito t\u00e3o bem cunhado pelo fil\u00f3sofo Pierre L\u00e9vy, que faz um alerta: o virtual existe ou como refletiu Zygmunt Bauman, que acredita que estamos passando da fase \u201cs\u00f3lida\u201d da sociedade para uma fase \u201cflu\u00edda\u201d, onde os fatos sociais mudam de forma sob a influ\u00eancia de muitas for\u00e7as, como a globaliza\u00e7\u00e3o, a internet ou a quebra das fronteiras f\u00edsicas entre as na\u00e7\u00f5es.<\/p>\n<p>A despeito de a Constitui\u00e7\u00e3o Federal eleger em seu artigo 5, inciso IX, como um dos direitos fundamentais do cidad\u00e3o a liberdade de express\u00e3o e, em seguida, tratar de limitar esse direito, ao dispor, no inciso X \u201cque s\u00e3o inviol\u00e1veis a intimidade, a vida privada, a honra e a imagem das pessoas, assegurado o direito a indeniza\u00e7\u00e3o pelo dano material ou moral decorrente de sua viola\u00e7\u00e3o\u201d, entende-se, por assim dizer, que o direito \u00e0 livre express\u00e3o esbarra nos consect\u00e1rios da responsabilidade com o que se diz, como se diz e onde se diz.<\/p>\n<p>Em junho deste ano, o Superior Tribunal de Justi\u00e7a divulgou o levantamento dos dados referentes aos crimes virtuais, ao constatar que \u201cesse tipo de delito afeta anualmente 62 milh\u00f5es de pessoas e causa preju\u00edzo de US$ 22 bilh\u00f5es, de acordo com estudo divulgado, no in\u00edcio de 2018, pela empresa de seguran\u00e7a virtual Symantec\u201d.\u00a0 Esse tribunal disponibiliza para consulta seus julgamentos realizados acerca dos crimes contra a honra.<\/p>\n<p>Para aqueles que consideram a internet como um territ\u00f3rio sem lei, um alerta: o judici\u00e1rio vem coibindo as pr\u00e1ticas criminosas com a aplica\u00e7\u00e3o de dispositivos previstos no C\u00f3digo Penal, no C\u00f3digo Civil e em leis espec\u00edficas. A sensa\u00e7\u00e3o de impunidade \u00e9 falsa: os crimes cometidos s\u00e3o iguais aos praticados fora desse meio. A diferen\u00e7a \u00e9 apenas o suporte.<\/p>\n<p>Tomemos como exemplo o fato de uma pessoa se utilizar do ambiente virtual para insultar a honra de algu\u00e9m, imputando-lhe uma acusa\u00e7\u00e3o que fira sua esfera \u00edntima. Essa pr\u00e1tica constituiu o crime de inj\u00faria, tipificado no artigo 140 do C\u00f3digo Penal.\u00a0 Acusar falsamente algu\u00e9m de um crime \u2013 trata-se de cal\u00fania, tamb\u00e9m previsto no C\u00f3digo Penal, no artigo 138. E por fim, disseminar not\u00edcias inver\u00eddicas, acusa\u00e7\u00f5es sem provas \u00e9 o tipo previsto no crime de difama\u00e7\u00e3o, inserto no artigo 139 do mesmo C\u00f3digo Penal. Outras agress\u00f5es \u00e0 imagem de algu\u00e9m, como o fato de associ\u00e1-lo a pr\u00e1ticas nazistas, com montagens grosseiras de imagens j\u00e1 encontra previs\u00e3o legal. Trata-se do artigo 20, par\u00e1grafo primeiro da lei 7716, de 1989.<\/p>\n<p>Gra\u00e7as a Deus, o Maranh\u00e3o tem avan\u00e7ado no combate \u00e0 pr\u00e1tica desses crimes com a atua\u00e7\u00e3o do Departamento de Combate a Crimes Tecnol\u00f3gicos da Secretaria Estadual de Investiga\u00e7\u00f5es Criminais (Seic), que, at\u00e9 a metade do ano passado, apurou o cometimento de 148 crimes virtuais, segundo dados divulgados pela Secretaria de Seguran\u00e7a P\u00fablica do Maranh\u00e3o.<\/p>\n<p>O combate a essas pr\u00e1ticas criminosas come\u00e7a pela notifica\u00e7\u00e3o do\u00a0 provedor respons\u00e1vel pelo site ou rede social na qual tenha sido inserido o conte\u00fado ofensivo, com informa\u00e7\u00f5es claras acerca do teor da mensagem publicada. Com essa notifica\u00e7\u00e3o, o provedor tem como localizar n\u00e3o apenas a p\u00e1gina ofensiva como ainda localizar o agressor, atrav\u00e9s do n\u00famero do IP.<\/p>\n<p>A juntada de provas, como a impress\u00e3o das p\u00e1ginas onde a agress\u00e3o foi registrada e consequente transforma\u00e7\u00e3o desse material em ata notarial s\u00e3o as outras medidas igualmente necess\u00e1rias, para que o ofendido possa buscar a repara\u00e7\u00e3o ao dano causado \u00e0 sua imagem e sirva, ainda, para impedir que o agressor persista em sua atua\u00e7\u00e3o il\u00edcita.<\/p>\n<p>Todos os direitos, por mais caros que sejam, encontram-se limitados de alguma forma. Atentar contra a honra de algu\u00e9m ultrapassa em muito a liberdade de se expressar. \u00c9 um crime que precisa ser combatido e punido.<\/p>\n<p><strong>* M\u00e9dico, doutor em Nefrologia, ex-reitor da UFMA, membro da ANM, da AML, da AMM, Sobrames e do IHGMA<\/strong><\/p>\n","protected":false},"excerpt":{"rendered":"<p>Natalino Salgado Filho* Vivemos uma era em que as fronteiras entre o virtual e o real est\u00e3o esmaecidas.\u00a0 As pessoas [&hellip;]<\/p>\n","protected":false},"author":0,"featured_media":0,"comment_status":"open","ping_status":"open","sticky":false,"template":"","format":"standard","meta":{"site-sidebar-layout":"default","site-content-layout":"","ast-site-content-layout":"default","site-content-style":"default","site-sidebar-style":"default","ast-global-header-display":"","ast-banner-title-visibility":"","ast-main-header-display":"","ast-hfb-above-header-display":"","ast-hfb-below-header-display":"","ast-hfb-mobile-header-display":"","site-post-title":"","ast-breadcrumbs-content":"","ast-featured-img":"","footer-sml-layout":"","ast-disable-related-posts":"","theme-transparent-header-meta":"","adv-header-id-meta":"","stick-header-meta":"","header-above-stick-meta":"","header-main-stick-meta":"","header-below-stick-meta":"","astra-migrate-meta-layouts":"default","ast-page-background-enabled":"default","ast-page-background-meta":{"desktop":{"background-color":"var(--ast-global-color-5)","background-image":"","background-repeat":"repeat","background-position":"center center","background-size":"auto","background-attachment":"scroll","background-type":"","background-media":"","overlay-type":"","overlay-color":"","overlay-opacity":"","overlay-gradient":""},"tablet":{"background-color":"","background-image":"","background-repeat":"repeat","background-position":"center center","background-size":"auto","background-attachment":"scroll","background-type":"","background-media":"","overlay-type":"","overlay-color":"","overlay-opacity":"","overlay-gradient":""},"mobile":{"background-color":"","background-image":"","background-repeat":"repeat","background-position":"center center","background-size":"auto","background-attachment":"scroll","background-type":"","background-media":"","overlay-type":"","overlay-color":"","overlay-opacity":"","overlay-gradient":""}},"ast-content-background-meta":{"desktop":{"background-color":"var(--ast-global-color-4)","background-image":"","background-repeat":"repeat","background-position":"center center","background-size":"auto","background-attachment":"scroll","background-type":"","background-media":"","overlay-type":"","overlay-color":"","overlay-opacity":"","overlay-gradient":""},"tablet":{"background-color":"var(--ast-global-color-4)","background-image":"","background-repeat":"repeat","background-position":"center center","background-size":"auto","background-attachment":"scroll","background-type":"","background-media":"","overlay-type":"","overlay-color":"","overlay-opacity":"","overlay-gradient":""},"mobile":{"background-color":"var(--ast-global-color-4)","background-image":"","background-repeat":"repeat","background-position":"center center","background-size":"auto","background-attachment":"scroll","background-type":"","background-media":"","overlay-type":"","overlay-color":"","overlay-opacity":"","overlay-gradient":""}},"footnotes":""},"categories":[1],"tags":[],"class_list":["post-57036","post","type-post","status-publish","format-standard","hentry","category-sem-categoria"],"yoast_head":"<!-- This site is optimized with the Yoast SEO plugin v26.6 - https:\/\/yoast.com\/wordpress\/plugins\/seo\/ -->\n<title>O ato \u00e9 virtual, mas as consequ\u00eancias s\u00e3o reais - Daniel Matos<\/title>\n<meta name=\"robots\" content=\"index, follow, max-snippet:-1, max-image-preview:large, max-video-preview:-1\" \/>\n<link rel=\"canonical\" href=\"https:\/\/www.blogsoestado.com\/danielmatos\/o-ato-e-virtual-mas-as-consequencias-sao-reais\/\" \/>\n<meta property=\"og:locale\" content=\"pt_BR\" \/>\n<meta property=\"og:type\" content=\"article\" \/>\n<meta property=\"og:title\" content=\"O ato \u00e9 virtual, mas as consequ\u00eancias s\u00e3o reais - Daniel Matos\" \/>\n<meta property=\"og:description\" content=\"Natalino Salgado Filho* Vivemos uma era em que as fronteiras entre o virtual e o real est\u00e3o esmaecidas.\u00a0 As pessoas [&hellip;]\" \/>\n<meta property=\"og:url\" content=\"https:\/\/www.blogsoestado.com\/danielmatos\/o-ato-e-virtual-mas-as-consequencias-sao-reais\/\" \/>\n<meta property=\"og:site_name\" content=\"Daniel Matos\" \/>\n<meta property=\"article:published_time\" content=\"2018-10-18T15:50:28+00:00\" \/>\n<meta name=\"twitter:card\" content=\"summary_large_image\" \/>\n<meta name=\"twitter:label1\" content=\"Est. tempo de leitura\" \/>\n\t<meta name=\"twitter:data1\" content=\"4 minutos\" \/>\n<script type=\"application\/ld+json\" class=\"yoast-schema-graph\">{\"@context\":\"https:\/\/schema.org\",\"@graph\":[{\"@type\":\"WebPage\",\"@id\":\"https:\/\/www.blogsoestado.com\/danielmatos\/o-ato-e-virtual-mas-as-consequencias-sao-reais\/\",\"url\":\"https:\/\/www.blogsoestado.com\/danielmatos\/o-ato-e-virtual-mas-as-consequencias-sao-reais\/\",\"name\":\"O ato \u00e9 virtual, mas as consequ\u00eancias s\u00e3o reais - Daniel Matos\",\"isPartOf\":{\"@id\":\"https:\/\/www.blogsoestado.com\/danielmatos\/#website\"},\"datePublished\":\"2018-10-18T15:50:28+00:00\",\"author\":{\"@id\":\"\"},\"breadcrumb\":{\"@id\":\"https:\/\/www.blogsoestado.com\/danielmatos\/o-ato-e-virtual-mas-as-consequencias-sao-reais\/#breadcrumb\"},\"inLanguage\":\"pt-BR\",\"potentialAction\":[{\"@type\":\"ReadAction\",\"target\":[\"https:\/\/www.blogsoestado.com\/danielmatos\/o-ato-e-virtual-mas-as-consequencias-sao-reais\/\"]}]},{\"@type\":\"BreadcrumbList\",\"@id\":\"https:\/\/www.blogsoestado.com\/danielmatos\/o-ato-e-virtual-mas-as-consequencias-sao-reais\/#breadcrumb\",\"itemListElement\":[{\"@type\":\"ListItem\",\"position\":1,\"name\":\"In\u00edcio\",\"item\":\"https:\/\/www.blogsoestado.com\/danielmatos\/\"},{\"@type\":\"ListItem\",\"position\":2,\"name\":\"O ato \u00e9 virtual, mas as consequ\u00eancias s\u00e3o reais\"}]},{\"@type\":\"WebSite\",\"@id\":\"https:\/\/www.blogsoestado.com\/danielmatos\/#website\",\"url\":\"https:\/\/www.blogsoestado.com\/danielmatos\/\",\"name\":\"Daniel Matos\",\"description\":\"\",\"potentialAction\":[{\"@type\":\"SearchAction\",\"target\":{\"@type\":\"EntryPoint\",\"urlTemplate\":\"https:\/\/www.blogsoestado.com\/danielmatos\/?s={search_term_string}\"},\"query-input\":{\"@type\":\"PropertyValueSpecification\",\"valueRequired\":true,\"valueName\":\"search_term_string\"}}],\"inLanguage\":\"pt-BR\"}]}<\/script>\n<!-- \/ Yoast SEO plugin. -->","yoast_head_json":{"title":"O ato \u00e9 virtual, mas as consequ\u00eancias s\u00e3o reais - Daniel Matos","robots":{"index":"index","follow":"follow","max-snippet":"max-snippet:-1","max-image-preview":"max-image-preview:large","max-video-preview":"max-video-preview:-1"},"canonical":"https:\/\/www.blogsoestado.com\/danielmatos\/o-ato-e-virtual-mas-as-consequencias-sao-reais\/","og_locale":"pt_BR","og_type":"article","og_title":"O ato \u00e9 virtual, mas as consequ\u00eancias s\u00e3o reais - Daniel Matos","og_description":"Natalino Salgado Filho* Vivemos uma era em que as fronteiras entre o virtual e o real est\u00e3o esmaecidas.\u00a0 As pessoas [&hellip;]","og_url":"https:\/\/www.blogsoestado.com\/danielmatos\/o-ato-e-virtual-mas-as-consequencias-sao-reais\/","og_site_name":"Daniel Matos","article_published_time":"2018-10-18T15:50:28+00:00","twitter_card":"summary_large_image","twitter_misc":{"Est. tempo de leitura":"4 minutos"},"schema":{"@context":"https:\/\/schema.org","@graph":[{"@type":"WebPage","@id":"https:\/\/www.blogsoestado.com\/danielmatos\/o-ato-e-virtual-mas-as-consequencias-sao-reais\/","url":"https:\/\/www.blogsoestado.com\/danielmatos\/o-ato-e-virtual-mas-as-consequencias-sao-reais\/","name":"O ato \u00e9 virtual, mas as consequ\u00eancias s\u00e3o reais - Daniel Matos","isPartOf":{"@id":"https:\/\/www.blogsoestado.com\/danielmatos\/#website"},"datePublished":"2018-10-18T15:50:28+00:00","author":{"@id":""},"breadcrumb":{"@id":"https:\/\/www.blogsoestado.com\/danielmatos\/o-ato-e-virtual-mas-as-consequencias-sao-reais\/#breadcrumb"},"inLanguage":"pt-BR","potentialAction":[{"@type":"ReadAction","target":["https:\/\/www.blogsoestado.com\/danielmatos\/o-ato-e-virtual-mas-as-consequencias-sao-reais\/"]}]},{"@type":"BreadcrumbList","@id":"https:\/\/www.blogsoestado.com\/danielmatos\/o-ato-e-virtual-mas-as-consequencias-sao-reais\/#breadcrumb","itemListElement":[{"@type":"ListItem","position":1,"name":"In\u00edcio","item":"https:\/\/www.blogsoestado.com\/danielmatos\/"},{"@type":"ListItem","position":2,"name":"O ato \u00e9 virtual, mas as consequ\u00eancias s\u00e3o reais"}]},{"@type":"WebSite","@id":"https:\/\/www.blogsoestado.com\/danielmatos\/#website","url":"https:\/\/www.blogsoestado.com\/danielmatos\/","name":"Daniel Matos","description":"","potentialAction":[{"@type":"SearchAction","target":{"@type":"EntryPoint","urlTemplate":"https:\/\/www.blogsoestado.com\/danielmatos\/?s={search_term_string}"},"query-input":{"@type":"PropertyValueSpecification","valueRequired":true,"valueName":"search_term_string"}}],"inLanguage":"pt-BR"}]}},"jetpack_featured_media_url":"","_links":{"self":[{"href":"https:\/\/www.blogsoestado.com\/danielmatos\/wp-json\/wp\/v2\/posts\/57036","targetHints":{"allow":["GET"]}}],"collection":[{"href":"https:\/\/www.blogsoestado.com\/danielmatos\/wp-json\/wp\/v2\/posts"}],"about":[{"href":"https:\/\/www.blogsoestado.com\/danielmatos\/wp-json\/wp\/v2\/types\/post"}],"replies":[{"embeddable":true,"href":"https:\/\/www.blogsoestado.com\/danielmatos\/wp-json\/wp\/v2\/comments?post=57036"}],"version-history":[{"count":0,"href":"https:\/\/www.blogsoestado.com\/danielmatos\/wp-json\/wp\/v2\/posts\/57036\/revisions"}],"wp:attachment":[{"href":"https:\/\/www.blogsoestado.com\/danielmatos\/wp-json\/wp\/v2\/media?parent=57036"}],"wp:term":[{"taxonomy":"category","embeddable":true,"href":"https:\/\/www.blogsoestado.com\/danielmatos\/wp-json\/wp\/v2\/categories?post=57036"},{"taxonomy":"post_tag","embeddable":true,"href":"https:\/\/www.blogsoestado.com\/danielmatos\/wp-json\/wp\/v2\/tags?post=57036"}],"curies":[{"name":"wp","href":"https:\/\/api.w.org\/{rel}","templated":true}]}}