{"id":57053,"date":"2018-10-18T16:39:24","date_gmt":"2018-10-18T19:39:24","guid":{"rendered":"https:\/\/www.blogsoestado.com\/danielmatos\/?p=57053"},"modified":"2018-10-18T16:39:24","modified_gmt":"2018-10-18T19:39:24","slug":"grupos-de-oposicao-se-unem-e-mudam-rumo-da-eleicao-na-oab-ma","status":"publish","type":"post","link":"https:\/\/www.blogsoestado.com\/danielmatos\/grupos-de-oposicao-se-unem-e-mudam-rumo-da-eleicao-na-oab-ma\/","title":{"rendered":"Grupos de oposi\u00e7\u00e3o se unem e mudam rumo da elei\u00e7\u00e3o na OAB-MA"},"content":{"rendered":"<figure id=\"attachment_57054\" aria-describedby=\"caption-attachment-57054\" style=\"width: 650px\" class=\"wp-caption aligncenter\"><a href=\"https:\/\/www.blogsoestado.com\/danielmatos\/2018\/10\/18\/grupos-de-oposicao-se-unem-e-mudam-rumo-da-eleicao-na-oab-ma\/oposicao-oab\/\" rel=\"attachment wp-att-57054\"><img fetchpriority=\"high\" decoding=\"async\" class=\"wp-image-57054\" src=\"https:\/\/www.blogsoestado.com\/danielmatos\/files\/2018\/10\/oposi\u00e7\u00e3o-oab.jpg\" alt=\"\" width=\"650\" height=\"433\" \/><\/a><figcaption id=\"caption-attachment-57054\" class=\"wp-caption-text\">Carlos Brissac, Pedro de Alencar e Roberto Feitosa no encontro que selou a uni\u00e3o da oposi\u00e7\u00e3o<\/figcaption><\/figure>\n<p>Os pr\u00e9-candidatos \u00e0 presid\u00eancia da seccional maranhense da Ordem dos Advogados do Brasil Roberto Feitosa, Carlos Brissac e Pedro de Alencar, abriram m\u00e3o de lan\u00e7ar candidaturas individuais e resolveram unir seus grupos para disputarem juntos a elei\u00e7\u00e3o da entidade, que acontecer\u00e1 em 23 de novembro.<\/p>\n<p>Os l\u00edderes dos movimentos Repense OAB, Por uma OAB Forte e Uni\u00e3o &amp; For\u00e7a, fizeram o an\u00fancio da uni\u00e3o em um evento ocorrido nesta quarta-feira, 17, na sede da AABB, no Calhau. Embora tenha sido organizado em menos de 24h, o encontro reuniu centenas de advogados, mesmo sendo no meio da semana. Feitosa, Brissac e Pedro receberam ainda v\u00e1rios telefonemas e mensagens de apoio de colegas em prol de um projeto coletivo da oposi\u00e7\u00e3o.<\/p>\n<figure id=\"attachment_57055\" aria-describedby=\"caption-attachment-57055\" style=\"width: 650px\" class=\"wp-caption aligncenter\"><a href=\"https:\/\/www.blogsoestado.com\/danielmatos\/2018\/10\/18\/grupos-de-oposicao-se-unem-e-mudam-rumo-da-eleicao-na-oab-ma\/oposicao-oab2\/\" rel=\"attachment wp-att-57055\"><img decoding=\"async\" class=\"wp-image-57055\" src=\"https:\/\/www.blogsoestado.com\/danielmatos\/files\/2018\/10\/oposi\u00e7\u00e3o-oab2.jpg\" alt=\"\" width=\"650\" height=\"433\" \/><\/a><figcaption id=\"caption-attachment-57055\" class=\"wp-caption-text\">An\u00fancio da nova composi\u00e7\u00e3o agitou os bastidores e pelo visto mudou o resultado das elei\u00e7\u00f5es da OAB, j\u00e1 que 70% dos advogados s\u00e3o contra a reelei\u00e7\u00e3o<\/figcaption><\/figure>\n<p>O an\u00fancio da nova composi\u00e7\u00e3o agitou os bastidores e pelo visto mudou o resultado das elei\u00e7\u00f5es da OAB, j\u00e1 que 70% dos advogados s\u00e3o contra a reelei\u00e7\u00e3o. O novo grupo vem recebendo ades\u00f5es de v\u00e1rias partes do Estado e at\u00e9 mesmo de colegas de grupos advers\u00e1rios, reconhecendo o poder de articula\u00e7\u00e3o dos tr\u00eas l\u00edderes que antes caminhavam separadamente e entenderam que unidos s\u00e3o mais fortes.<\/p>\n","protected":false},"excerpt":{"rendered":"<p>Os pr\u00e9-candidatos \u00e0 presid\u00eancia da seccional maranhense da Ordem dos Advogados do Brasil Roberto Feitosa, Carlos Brissac e Pedro de [&hellip;]<\/p>\n","protected":false},"author":0,"featured_media":0,"comment_status":"open","ping_status":"open","sticky":false,"template":"","format":"standard","meta":{"site-sidebar-layout":"default","site-content-layout":"","ast-site-content-layout":"default","site-content-style":"default","site-sidebar-style":"default","ast-global-header-display":"","ast-banner-title-visibility":"","ast-main-header-display":"","ast-hfb-above-header-display":"","ast-hfb-below-header-display":"","ast-hfb-mobile-header-display":"","site-post-title":"","ast-breadcrumbs-content":"","ast-featured-img":"","footer-sml-layout":"","ast-disable-related-posts":"","theme-transparent-header-meta":"","adv-header-id-meta":"","stick-header-meta":"","header-above-stick-meta":"","header-main-stick-meta":"","header-below-stick-meta":"","astra-migrate-meta-layouts":"default","ast-page-background-enabled":"default","ast-page-background-meta":{"desktop":{"background-color":"var(--ast-global-color-5)","background-image":"","background-repeat":"repeat","background-position":"center center","background-size":"auto","background-attachment":"scroll","background-type":"","background-media":"","overlay-type":"","overlay-color":"","overlay-opacity":"","overlay-gradient":""},"tablet":{"background-color":"","background-image":"","background-repeat":"repeat","background-position":"center center","background-size":"auto","background-attachment":"scroll","background-type":"","background-media":"","overlay-type":"","overlay-color":"","overlay-opacity":"","overlay-gradient":""},"mobile":{"background-color":"","background-image":"","background-repeat":"repeat","background-position":"center center","background-size":"auto","background-attachment":"scroll","background-type":"","background-media":"","overlay-type":"","overlay-color":"","overlay-opacity":"","overlay-gradient":""}},"ast-content-background-meta":{"desktop":{"background-color":"var(--ast-global-color-4)","background-image":"","background-repeat":"repeat","background-position":"center center","background-size":"auto","background-attachment":"scroll","background-type":"","background-media":"","overlay-type":"","overlay-color":"","overlay-opacity":"","overlay-gradient":""},"tablet":{"background-color":"var(--ast-global-color-4)","background-image":"","background-repeat":"repeat","background-position":"center center","background-size":"auto","background-attachment":"scroll","background-type":"","background-media":"","overlay-type":"","overlay-color":"","overlay-opacity":"","overlay-gradient":""},"mobile":{"background-color":"var(--ast-global-color-4)","background-image":"","background-repeat":"repeat","background-position":"center center","background-size":"auto","background-attachment":"scroll","background-type":"","background-media":"","overlay-type":"","overlay-color":"","overlay-opacity":"","overlay-gradient":""}},"footnotes":""},"categories":[1],"tags":[],"class_list":["post-57053","post","type-post","status-publish","format-standard","hentry","category-sem-categoria"],"yoast_head":"<!-- This site is optimized with the Yoast SEO plugin v26.6 - https:\/\/yoast.com\/wordpress\/plugins\/seo\/ -->\n<title>Grupos de oposi\u00e7\u00e3o se unem e mudam rumo da elei\u00e7\u00e3o na OAB-MA - Daniel Matos<\/title>\n<meta name=\"robots\" content=\"index, follow, max-snippet:-1, max-image-preview:large, max-video-preview:-1\" \/>\n<link rel=\"canonical\" href=\"https:\/\/www.blogsoestado.com\/danielmatos\/grupos-de-oposicao-se-unem-e-mudam-rumo-da-eleicao-na-oab-ma\/\" \/>\n<meta property=\"og:locale\" content=\"pt_BR\" \/>\n<meta property=\"og:type\" content=\"article\" \/>\n<meta property=\"og:title\" content=\"Grupos de oposi\u00e7\u00e3o se unem e mudam rumo da elei\u00e7\u00e3o na OAB-MA - Daniel Matos\" \/>\n<meta property=\"og:description\" content=\"Os pr\u00e9-candidatos \u00e0 presid\u00eancia da seccional maranhense da Ordem dos Advogados do Brasil Roberto Feitosa, Carlos Brissac e Pedro de [&hellip;]\" \/>\n<meta property=\"og:url\" content=\"https:\/\/www.blogsoestado.com\/danielmatos\/grupos-de-oposicao-se-unem-e-mudam-rumo-da-eleicao-na-oab-ma\/\" \/>\n<meta property=\"og:site_name\" content=\"Daniel Matos\" \/>\n<meta property=\"article:published_time\" content=\"2018-10-18T19:39:24+00:00\" \/>\n<meta name=\"twitter:card\" content=\"summary_large_image\" \/>\n<meta name=\"twitter:label1\" content=\"Est. tempo de leitura\" \/>\n\t<meta name=\"twitter:data1\" content=\"1 minuto\" \/>\n<script type=\"application\/ld+json\" class=\"yoast-schema-graph\">{\"@context\":\"https:\/\/schema.org\",\"@graph\":[{\"@type\":\"WebPage\",\"@id\":\"https:\/\/www.blogsoestado.com\/danielmatos\/grupos-de-oposicao-se-unem-e-mudam-rumo-da-eleicao-na-oab-ma\/\",\"url\":\"https:\/\/www.blogsoestado.com\/danielmatos\/grupos-de-oposicao-se-unem-e-mudam-rumo-da-eleicao-na-oab-ma\/\",\"name\":\"Grupos de oposi\u00e7\u00e3o se unem e mudam rumo da elei\u00e7\u00e3o na OAB-MA - Daniel Matos\",\"isPartOf\":{\"@id\":\"https:\/\/www.blogsoestado.com\/danielmatos\/#website\"},\"datePublished\":\"2018-10-18T19:39:24+00:00\",\"author\":{\"@id\":\"\"},\"breadcrumb\":{\"@id\":\"https:\/\/www.blogsoestado.com\/danielmatos\/grupos-de-oposicao-se-unem-e-mudam-rumo-da-eleicao-na-oab-ma\/#breadcrumb\"},\"inLanguage\":\"pt-BR\",\"potentialAction\":[{\"@type\":\"ReadAction\",\"target\":[\"https:\/\/www.blogsoestado.com\/danielmatos\/grupos-de-oposicao-se-unem-e-mudam-rumo-da-eleicao-na-oab-ma\/\"]}]},{\"@type\":\"BreadcrumbList\",\"@id\":\"https:\/\/www.blogsoestado.com\/danielmatos\/grupos-de-oposicao-se-unem-e-mudam-rumo-da-eleicao-na-oab-ma\/#breadcrumb\",\"itemListElement\":[{\"@type\":\"ListItem\",\"position\":1,\"name\":\"In\u00edcio\",\"item\":\"https:\/\/www.blogsoestado.com\/danielmatos\/\"},{\"@type\":\"ListItem\",\"position\":2,\"name\":\"Grupos de oposi\u00e7\u00e3o se unem e mudam rumo da elei\u00e7\u00e3o na OAB-MA\"}]},{\"@type\":\"WebSite\",\"@id\":\"https:\/\/www.blogsoestado.com\/danielmatos\/#website\",\"url\":\"https:\/\/www.blogsoestado.com\/danielmatos\/\",\"name\":\"Daniel Matos\",\"description\":\"\",\"potentialAction\":[{\"@type\":\"SearchAction\",\"target\":{\"@type\":\"EntryPoint\",\"urlTemplate\":\"https:\/\/www.blogsoestado.com\/danielmatos\/?s={search_term_string}\"},\"query-input\":{\"@type\":\"PropertyValueSpecification\",\"valueRequired\":true,\"valueName\":\"search_term_string\"}}],\"inLanguage\":\"pt-BR\"}]}<\/script>\n<!-- \/ Yoast SEO plugin. -->","yoast_head_json":{"title":"Grupos de oposi\u00e7\u00e3o se unem e mudam rumo da elei\u00e7\u00e3o na OAB-MA - Daniel Matos","robots":{"index":"index","follow":"follow","max-snippet":"max-snippet:-1","max-image-preview":"max-image-preview:large","max-video-preview":"max-video-preview:-1"},"canonical":"https:\/\/www.blogsoestado.com\/danielmatos\/grupos-de-oposicao-se-unem-e-mudam-rumo-da-eleicao-na-oab-ma\/","og_locale":"pt_BR","og_type":"article","og_title":"Grupos de oposi\u00e7\u00e3o se unem e mudam rumo da elei\u00e7\u00e3o na OAB-MA - Daniel Matos","og_description":"Os pr\u00e9-candidatos \u00e0 presid\u00eancia da seccional maranhense da Ordem dos Advogados do Brasil Roberto Feitosa, Carlos Brissac e Pedro de [&hellip;]","og_url":"https:\/\/www.blogsoestado.com\/danielmatos\/grupos-de-oposicao-se-unem-e-mudam-rumo-da-eleicao-na-oab-ma\/","og_site_name":"Daniel Matos","article_published_time":"2018-10-18T19:39:24+00:00","twitter_card":"summary_large_image","twitter_misc":{"Est. tempo de leitura":"1 minuto"},"schema":{"@context":"https:\/\/schema.org","@graph":[{"@type":"WebPage","@id":"https:\/\/www.blogsoestado.com\/danielmatos\/grupos-de-oposicao-se-unem-e-mudam-rumo-da-eleicao-na-oab-ma\/","url":"https:\/\/www.blogsoestado.com\/danielmatos\/grupos-de-oposicao-se-unem-e-mudam-rumo-da-eleicao-na-oab-ma\/","name":"Grupos de oposi\u00e7\u00e3o se unem e mudam rumo da elei\u00e7\u00e3o na OAB-MA - Daniel Matos","isPartOf":{"@id":"https:\/\/www.blogsoestado.com\/danielmatos\/#website"},"datePublished":"2018-10-18T19:39:24+00:00","author":{"@id":""},"breadcrumb":{"@id":"https:\/\/www.blogsoestado.com\/danielmatos\/grupos-de-oposicao-se-unem-e-mudam-rumo-da-eleicao-na-oab-ma\/#breadcrumb"},"inLanguage":"pt-BR","potentialAction":[{"@type":"ReadAction","target":["https:\/\/www.blogsoestado.com\/danielmatos\/grupos-de-oposicao-se-unem-e-mudam-rumo-da-eleicao-na-oab-ma\/"]}]},{"@type":"BreadcrumbList","@id":"https:\/\/www.blogsoestado.com\/danielmatos\/grupos-de-oposicao-se-unem-e-mudam-rumo-da-eleicao-na-oab-ma\/#breadcrumb","itemListElement":[{"@type":"ListItem","position":1,"name":"In\u00edcio","item":"https:\/\/www.blogsoestado.com\/danielmatos\/"},{"@type":"ListItem","position":2,"name":"Grupos de oposi\u00e7\u00e3o se unem e mudam rumo da elei\u00e7\u00e3o na OAB-MA"}]},{"@type":"WebSite","@id":"https:\/\/www.blogsoestado.com\/danielmatos\/#website","url":"https:\/\/www.blogsoestado.com\/danielmatos\/","name":"Daniel Matos","description":"","potentialAction":[{"@type":"SearchAction","target":{"@type":"EntryPoint","urlTemplate":"https:\/\/www.blogsoestado.com\/danielmatos\/?s={search_term_string}"},"query-input":{"@type":"PropertyValueSpecification","valueRequired":true,"valueName":"search_term_string"}}],"inLanguage":"pt-BR"}]}},"jetpack_featured_media_url":"","_links":{"self":[{"href":"https:\/\/www.blogsoestado.com\/danielmatos\/wp-json\/wp\/v2\/posts\/57053","targetHints":{"allow":["GET"]}}],"collection":[{"href":"https:\/\/www.blogsoestado.com\/danielmatos\/wp-json\/wp\/v2\/posts"}],"about":[{"href":"https:\/\/www.blogsoestado.com\/danielmatos\/wp-json\/wp\/v2\/types\/post"}],"replies":[{"embeddable":true,"href":"https:\/\/www.blogsoestado.com\/danielmatos\/wp-json\/wp\/v2\/comments?post=57053"}],"version-history":[{"count":0,"href":"https:\/\/www.blogsoestado.com\/danielmatos\/wp-json\/wp\/v2\/posts\/57053\/revisions"}],"wp:attachment":[{"href":"https:\/\/www.blogsoestado.com\/danielmatos\/wp-json\/wp\/v2\/media?parent=57053"}],"wp:term":[{"taxonomy":"category","embeddable":true,"href":"https:\/\/www.blogsoestado.com\/danielmatos\/wp-json\/wp\/v2\/categories?post=57053"},{"taxonomy":"post_tag","embeddable":true,"href":"https:\/\/www.blogsoestado.com\/danielmatos\/wp-json\/wp\/v2\/tags?post=57053"}],"curies":[{"name":"wp","href":"https:\/\/api.w.org\/{rel}","templated":true}]}}