{"id":57062,"date":"2018-10-19T09:52:10","date_gmt":"2018-10-19T12:52:10","guid":{"rendered":"https:\/\/www.blogsoestado.com\/danielmatos\/?p=57062"},"modified":"2018-10-19T09:52:10","modified_gmt":"2018-10-19T12:52:10","slug":"vereador-cezar-bombeiro-destaca-que-eduardo-braide-merece-reconhecimento","status":"publish","type":"post","link":"https:\/\/www.blogsoestado.com\/danielmatos\/vereador-cezar-bombeiro-destaca-que-eduardo-braide-merece-reconhecimento\/","title":{"rendered":"Vereador C\u00e9zar Bombeiro destaca que Eduardo Braide merece reconhecimento"},"content":{"rendered":"<figure id=\"attachment_57063\" aria-describedby=\"caption-attachment-57063\" style=\"width: 567px\" class=\"wp-caption aligncenter\"><a href=\"https:\/\/www.blogsoestado.com\/danielmatos\/2018\/10\/19\/vereador-cezar-bombeiro-destaca-que-eduardo-braide-merece-reconhecimento\/bombeiro-braide3\/\" rel=\"attachment wp-att-57063\"><img fetchpriority=\"high\" decoding=\"async\" class=\"size-full wp-image-57063\" src=\"https:\/\/www.blogsoestado.com\/danielmatos\/files\/2018\/10\/bombeiro-braide3.jpg\" alt=\"\" width=\"567\" height=\"375\" \/><\/a><figcaption id=\"caption-attachment-57063\" class=\"wp-caption-text\">Campe\u00e3o de votos em S\u00e3o Lu\u00eds na elei\u00e7\u00e3o de deputado federal, Braide \u00e9 cumprimentado por C\u00e9zar Bombeiro no plen\u00e1rio da C\u00e2mara Municipal<\/figcaption><\/figure>\n<p>O deputado estadual eleito federal Eduardo Braide (PMN), agora conhecido como campe\u00e3o de votos em S\u00e3o Lu\u00eds, visitou a C\u00e2mara Municipal,\u00a0na manh\u00e3 desta quarta-feira (17), com o objetivo de agradecer o apoio que obteve dos vereadores da capital. No plen\u00e1rio do Legislativo ludovicense, ele teve uma \u00f3tima receptividade por parte dos membros do parlamento municipal.<\/p>\n<p>Eduardo Braide teve a sua lideran\u00e7a exaltada pelos vereadores, bem como a expressiva vota\u00e7\u00e3o do eleitorado, manifestando o crescimento junto a popula\u00e7\u00e3o, fato que o credencia a disputar a Prefeitura de S\u00e3o Lu\u00eds nas pr\u00f3ximas elei\u00e7\u00f5es.<\/p>\n<p>Durante sua perman\u00eancia no plen\u00e1rio da C\u00e2mara Municipal, Eduardo Braide manteve conversas e contatos com diversos vereadores, que sempre tinham algum assunto para conversar com o deputado campe\u00e3o de votos em S\u00e3o Lu\u00eds, entre eles o vereador C\u00e9zar Bombeiro (PSD)<\/p>\n<p><strong>RESPEITO E CARINHO<\/strong><\/p>\n<p>O vereador C\u00e9zar Bombeiro (PSD), que apoiou Eduardo Braide nas elei\u00e7\u00f5es de 2016, e agora, em 2018, no bairro da Liberdade, registrou que nos dois pleitos, ele venceu em todas as se\u00e7\u00f5es eleitorais. Afirmou que o respeito e o carinho que ele tem com os moradores s\u00e3o bem afetivos e rec\u00edprocos, com a importante observa\u00e7\u00e3o de que ele aceita convites e entra na casa das pessoas bebe \u00e1gua e toma caf\u00e9 que lhes ofertado, n\u00e3o se negando a di\u00e1logos e as pessoas das caminhadas aguardam em todas paradas que se fizerem necess\u00e1rias.<\/p>\n<p>C\u00e9zar Bombeiro destacou ao deputado Eduardo Braide, que como vereador vem lutando para que o executivo municipal execute obras nas valas, galerias e no saneamento b\u00e1sico para evitar os constantes alagamentos em diversos pontos da cidade, e que infelizmente no pr\u00f3ximo inverno teremos a repeti\u00e7\u00e3o dos anteriores, em raz\u00e3o de que nada vem sendo feito em favor da popula\u00e7\u00e3o, da\u00ed que pediu a possibilidade de como deputado federal destinar uma emenda espec\u00edfica para obras em valas, galerias e saneamento b\u00e1sico. Lamentou tamb\u00e9m que n\u00e3o h\u00e1 disposi\u00e7\u00e3o do poder p\u00fablico em fazer a regulariza\u00e7\u00e3o fundi\u00e1ria em nossa capital, afirmou o vereador.<\/p>\n<p>Eduardo Braide agradeceu o importante apoio que vem recebendo do vereador C\u00e9zar Bombeiro e da sua fam\u00edlia e manifestou a sua gratid\u00e3o ao povo do bairro da Liberdade, que sempre o abra\u00e7a com carinho e que deposita em sua pessoa a confian\u00e7a de que lutar\u00e1 por direitos e dignidade humana para todos. Dentro do meu trabalho parlamentar na C\u00e2mara Federal garantiu que vai tratar seriamente das quest\u00f5es propostas pelo vereador C\u00e9zar Bombeiro, afirmou o campe\u00e3o de votos de S\u00e3o Lu\u00eds.<\/p>\n","protected":false},"excerpt":{"rendered":"<p>O deputado estadual eleito federal Eduardo Braide (PMN), agora conhecido como campe\u00e3o de votos em S\u00e3o Lu\u00eds, visitou a C\u00e2mara [&hellip;]<\/p>\n","protected":false},"author":0,"featured_media":0,"comment_status":"open","ping_status":"open","sticky":false,"template":"","format":"standard","meta":{"site-sidebar-layout":"default","site-content-layout":"","ast-site-content-layout":"default","site-content-style":"default","site-sidebar-style":"default","ast-global-header-display":"","ast-banner-title-visibility":"","ast-main-header-display":"","ast-hfb-above-header-display":"","ast-hfb-below-header-display":"","ast-hfb-mobile-header-display":"","site-post-title":"","ast-breadcrumbs-content":"","ast-featured-img":"","footer-sml-layout":"","ast-disable-related-posts":"","theme-transparent-header-meta":"","adv-header-id-meta":"","stick-header-meta":"","header-above-stick-meta":"","header-main-stick-meta":"","header-below-stick-meta":"","astra-migrate-meta-layouts":"default","ast-page-background-enabled":"default","ast-page-background-meta":{"desktop":{"background-color":"var(--ast-global-color-5)","background-image":"","background-repeat":"repeat","background-position":"center center","background-size":"auto","background-attachment":"scroll","background-type":"","background-media":"","overlay-type":"","overlay-color":"","overlay-opacity":"","overlay-gradient":""},"tablet":{"background-color":"","background-image":"","background-repeat":"repeat","background-position":"center center","background-size":"auto","background-attachment":"scroll","background-type":"","background-media":"","overlay-type":"","overlay-color":"","overlay-opacity":"","overlay-gradient":""},"mobile":{"background-color":"","background-image":"","background-repeat":"repeat","background-position":"center center","background-size":"auto","background-attachment":"scroll","background-type":"","background-media":"","overlay-type":"","overlay-color":"","overlay-opacity":"","overlay-gradient":""}},"ast-content-background-meta":{"desktop":{"background-color":"var(--ast-global-color-4)","background-image":"","background-repeat":"repeat","background-position":"center center","background-size":"auto","background-attachment":"scroll","background-type":"","background-media":"","overlay-type":"","overlay-color":"","overlay-opacity":"","overlay-gradient":""},"tablet":{"background-color":"var(--ast-global-color-4)","background-image":"","background-repeat":"repeat","background-position":"center center","background-size":"auto","background-attachment":"scroll","background-type":"","background-media":"","overlay-type":"","overlay-color":"","overlay-opacity":"","overlay-gradient":""},"mobile":{"background-color":"var(--ast-global-color-4)","background-image":"","background-repeat":"repeat","background-position":"center center","background-size":"auto","background-attachment":"scroll","background-type":"","background-media":"","overlay-type":"","overlay-color":"","overlay-opacity":"","overlay-gradient":""}},"footnotes":""},"categories":[1],"tags":[],"class_list":["post-57062","post","type-post","status-publish","format-standard","hentry","category-sem-categoria"],"yoast_head":"<!-- This site is optimized with the Yoast SEO plugin v26.6 - https:\/\/yoast.com\/wordpress\/plugins\/seo\/ -->\n<title>Vereador C\u00e9zar Bombeiro destaca que Eduardo Braide merece reconhecimento - Daniel Matos<\/title>\n<meta name=\"robots\" content=\"index, follow, max-snippet:-1, max-image-preview:large, max-video-preview:-1\" \/>\n<link rel=\"canonical\" href=\"https:\/\/www.blogsoestado.com\/danielmatos\/vereador-cezar-bombeiro-destaca-que-eduardo-braide-merece-reconhecimento\/\" \/>\n<meta property=\"og:locale\" content=\"pt_BR\" \/>\n<meta property=\"og:type\" content=\"article\" \/>\n<meta property=\"og:title\" content=\"Vereador C\u00e9zar Bombeiro destaca que Eduardo Braide merece reconhecimento - Daniel Matos\" \/>\n<meta property=\"og:description\" content=\"O deputado estadual eleito federal Eduardo Braide (PMN), agora conhecido como campe\u00e3o de votos em S\u00e3o Lu\u00eds, visitou a C\u00e2mara [&hellip;]\" \/>\n<meta property=\"og:url\" content=\"https:\/\/www.blogsoestado.com\/danielmatos\/vereador-cezar-bombeiro-destaca-que-eduardo-braide-merece-reconhecimento\/\" \/>\n<meta property=\"og:site_name\" content=\"Daniel Matos\" \/>\n<meta property=\"article:published_time\" content=\"2018-10-19T12:52:10+00:00\" \/>\n<meta property=\"og:image\" content=\"https:\/\/www.blogsoestado.com\/danielmatos\/files\/2018\/10\/bombeiro-braide3.jpg\" \/>\n<meta name=\"twitter:card\" content=\"summary_large_image\" \/>\n<meta name=\"twitter:label1\" content=\"Est. tempo de leitura\" \/>\n\t<meta name=\"twitter:data1\" content=\"2 minutos\" \/>\n<script type=\"application\/ld+json\" class=\"yoast-schema-graph\">{\"@context\":\"https:\/\/schema.org\",\"@graph\":[{\"@type\":\"WebPage\",\"@id\":\"https:\/\/www.blogsoestado.com\/danielmatos\/vereador-cezar-bombeiro-destaca-que-eduardo-braide-merece-reconhecimento\/\",\"url\":\"https:\/\/www.blogsoestado.com\/danielmatos\/vereador-cezar-bombeiro-destaca-que-eduardo-braide-merece-reconhecimento\/\",\"name\":\"Vereador C\u00e9zar Bombeiro destaca que Eduardo Braide merece reconhecimento - Daniel Matos\",\"isPartOf\":{\"@id\":\"https:\/\/www.blogsoestado.com\/danielmatos\/#website\"},\"primaryImageOfPage\":{\"@id\":\"https:\/\/www.blogsoestado.com\/danielmatos\/vereador-cezar-bombeiro-destaca-que-eduardo-braide-merece-reconhecimento\/#primaryimage\"},\"image\":{\"@id\":\"https:\/\/www.blogsoestado.com\/danielmatos\/vereador-cezar-bombeiro-destaca-que-eduardo-braide-merece-reconhecimento\/#primaryimage\"},\"thumbnailUrl\":\"https:\/\/www.blogsoestado.com\/danielmatos\/files\/2018\/10\/bombeiro-braide3.jpg\",\"datePublished\":\"2018-10-19T12:52:10+00:00\",\"author\":{\"@id\":\"\"},\"breadcrumb\":{\"@id\":\"https:\/\/www.blogsoestado.com\/danielmatos\/vereador-cezar-bombeiro-destaca-que-eduardo-braide-merece-reconhecimento\/#breadcrumb\"},\"inLanguage\":\"pt-BR\",\"potentialAction\":[{\"@type\":\"ReadAction\",\"target\":[\"https:\/\/www.blogsoestado.com\/danielmatos\/vereador-cezar-bombeiro-destaca-que-eduardo-braide-merece-reconhecimento\/\"]}]},{\"@type\":\"ImageObject\",\"inLanguage\":\"pt-BR\",\"@id\":\"https:\/\/www.blogsoestado.com\/danielmatos\/vereador-cezar-bombeiro-destaca-que-eduardo-braide-merece-reconhecimento\/#primaryimage\",\"url\":\"https:\/\/www.blogsoestado.com\/danielmatos\/files\/2018\/10\/bombeiro-braide3.jpg\",\"contentUrl\":\"https:\/\/www.blogsoestado.com\/danielmatos\/files\/2018\/10\/bombeiro-braide3.jpg\"},{\"@type\":\"BreadcrumbList\",\"@id\":\"https:\/\/www.blogsoestado.com\/danielmatos\/vereador-cezar-bombeiro-destaca-que-eduardo-braide-merece-reconhecimento\/#breadcrumb\",\"itemListElement\":[{\"@type\":\"ListItem\",\"position\":1,\"name\":\"In\u00edcio\",\"item\":\"https:\/\/www.blogsoestado.com\/danielmatos\/\"},{\"@type\":\"ListItem\",\"position\":2,\"name\":\"Vereador C\u00e9zar Bombeiro destaca que Eduardo Braide merece reconhecimento\"}]},{\"@type\":\"WebSite\",\"@id\":\"https:\/\/www.blogsoestado.com\/danielmatos\/#website\",\"url\":\"https:\/\/www.blogsoestado.com\/danielmatos\/\",\"name\":\"Daniel Matos\",\"description\":\"\",\"potentialAction\":[{\"@type\":\"SearchAction\",\"target\":{\"@type\":\"EntryPoint\",\"urlTemplate\":\"https:\/\/www.blogsoestado.com\/danielmatos\/?s={search_term_string}\"},\"query-input\":{\"@type\":\"PropertyValueSpecification\",\"valueRequired\":true,\"valueName\":\"search_term_string\"}}],\"inLanguage\":\"pt-BR\"}]}<\/script>\n<!-- \/ Yoast SEO plugin. -->","yoast_head_json":{"title":"Vereador C\u00e9zar Bombeiro destaca que Eduardo Braide merece reconhecimento - Daniel Matos","robots":{"index":"index","follow":"follow","max-snippet":"max-snippet:-1","max-image-preview":"max-image-preview:large","max-video-preview":"max-video-preview:-1"},"canonical":"https:\/\/www.blogsoestado.com\/danielmatos\/vereador-cezar-bombeiro-destaca-que-eduardo-braide-merece-reconhecimento\/","og_locale":"pt_BR","og_type":"article","og_title":"Vereador C\u00e9zar Bombeiro destaca que Eduardo Braide merece reconhecimento - Daniel Matos","og_description":"O deputado estadual eleito federal Eduardo Braide (PMN), agora conhecido como campe\u00e3o de votos em S\u00e3o Lu\u00eds, visitou a C\u00e2mara [&hellip;]","og_url":"https:\/\/www.blogsoestado.com\/danielmatos\/vereador-cezar-bombeiro-destaca-que-eduardo-braide-merece-reconhecimento\/","og_site_name":"Daniel Matos","article_published_time":"2018-10-19T12:52:10+00:00","og_image":[{"url":"https:\/\/www.blogsoestado.com\/danielmatos\/files\/2018\/10\/bombeiro-braide3.jpg","type":"","width":"","height":""}],"twitter_card":"summary_large_image","twitter_misc":{"Est. tempo de leitura":"2 minutos"},"schema":{"@context":"https:\/\/schema.org","@graph":[{"@type":"WebPage","@id":"https:\/\/www.blogsoestado.com\/danielmatos\/vereador-cezar-bombeiro-destaca-que-eduardo-braide-merece-reconhecimento\/","url":"https:\/\/www.blogsoestado.com\/danielmatos\/vereador-cezar-bombeiro-destaca-que-eduardo-braide-merece-reconhecimento\/","name":"Vereador C\u00e9zar Bombeiro destaca que Eduardo Braide merece reconhecimento - Daniel Matos","isPartOf":{"@id":"https:\/\/www.blogsoestado.com\/danielmatos\/#website"},"primaryImageOfPage":{"@id":"https:\/\/www.blogsoestado.com\/danielmatos\/vereador-cezar-bombeiro-destaca-que-eduardo-braide-merece-reconhecimento\/#primaryimage"},"image":{"@id":"https:\/\/www.blogsoestado.com\/danielmatos\/vereador-cezar-bombeiro-destaca-que-eduardo-braide-merece-reconhecimento\/#primaryimage"},"thumbnailUrl":"https:\/\/www.blogsoestado.com\/danielmatos\/files\/2018\/10\/bombeiro-braide3.jpg","datePublished":"2018-10-19T12:52:10+00:00","author":{"@id":""},"breadcrumb":{"@id":"https:\/\/www.blogsoestado.com\/danielmatos\/vereador-cezar-bombeiro-destaca-que-eduardo-braide-merece-reconhecimento\/#breadcrumb"},"inLanguage":"pt-BR","potentialAction":[{"@type":"ReadAction","target":["https:\/\/www.blogsoestado.com\/danielmatos\/vereador-cezar-bombeiro-destaca-que-eduardo-braide-merece-reconhecimento\/"]}]},{"@type":"ImageObject","inLanguage":"pt-BR","@id":"https:\/\/www.blogsoestado.com\/danielmatos\/vereador-cezar-bombeiro-destaca-que-eduardo-braide-merece-reconhecimento\/#primaryimage","url":"https:\/\/www.blogsoestado.com\/danielmatos\/files\/2018\/10\/bombeiro-braide3.jpg","contentUrl":"https:\/\/www.blogsoestado.com\/danielmatos\/files\/2018\/10\/bombeiro-braide3.jpg"},{"@type":"BreadcrumbList","@id":"https:\/\/www.blogsoestado.com\/danielmatos\/vereador-cezar-bombeiro-destaca-que-eduardo-braide-merece-reconhecimento\/#breadcrumb","itemListElement":[{"@type":"ListItem","position":1,"name":"In\u00edcio","item":"https:\/\/www.blogsoestado.com\/danielmatos\/"},{"@type":"ListItem","position":2,"name":"Vereador C\u00e9zar Bombeiro destaca que Eduardo Braide merece reconhecimento"}]},{"@type":"WebSite","@id":"https:\/\/www.blogsoestado.com\/danielmatos\/#website","url":"https:\/\/www.blogsoestado.com\/danielmatos\/","name":"Daniel Matos","description":"","potentialAction":[{"@type":"SearchAction","target":{"@type":"EntryPoint","urlTemplate":"https:\/\/www.blogsoestado.com\/danielmatos\/?s={search_term_string}"},"query-input":{"@type":"PropertyValueSpecification","valueRequired":true,"valueName":"search_term_string"}}],"inLanguage":"pt-BR"}]}},"jetpack_featured_media_url":"","_links":{"self":[{"href":"https:\/\/www.blogsoestado.com\/danielmatos\/wp-json\/wp\/v2\/posts\/57062","targetHints":{"allow":["GET"]}}],"collection":[{"href":"https:\/\/www.blogsoestado.com\/danielmatos\/wp-json\/wp\/v2\/posts"}],"about":[{"href":"https:\/\/www.blogsoestado.com\/danielmatos\/wp-json\/wp\/v2\/types\/post"}],"replies":[{"embeddable":true,"href":"https:\/\/www.blogsoestado.com\/danielmatos\/wp-json\/wp\/v2\/comments?post=57062"}],"version-history":[{"count":0,"href":"https:\/\/www.blogsoestado.com\/danielmatos\/wp-json\/wp\/v2\/posts\/57062\/revisions"}],"wp:attachment":[{"href":"https:\/\/www.blogsoestado.com\/danielmatos\/wp-json\/wp\/v2\/media?parent=57062"}],"wp:term":[{"taxonomy":"category","embeddable":true,"href":"https:\/\/www.blogsoestado.com\/danielmatos\/wp-json\/wp\/v2\/categories?post=57062"},{"taxonomy":"post_tag","embeddable":true,"href":"https:\/\/www.blogsoestado.com\/danielmatos\/wp-json\/wp\/v2\/tags?post=57062"}],"curies":[{"name":"wp","href":"https:\/\/api.w.org\/{rel}","templated":true}]}}