{"id":57069,"date":"2018-10-19T10:54:12","date_gmt":"2018-10-19T13:54:12","guid":{"rendered":"https:\/\/www.blogsoestado.com\/danielmatos\/?p=57069"},"modified":"2018-10-19T10:54:12","modified_gmt":"2018-10-19T13:54:12","slug":"tema-reivindica-em-brasilia-retirada-de-despesas-de-programas-federais-do-computo-de-gastos-com-pessoal","status":"publish","type":"post","link":"https:\/\/www.blogsoestado.com\/danielmatos\/tema-reivindica-em-brasilia-retirada-de-despesas-de-programas-federais-do-computo-de-gastos-com-pessoal\/","title":{"rendered":"Tema reivindica em Bras\u00edlia retirada de despesas de programas federais  do c\u00f4mputo de gastos com pessoal"},"content":{"rendered":"<figure id=\"attachment_57070\" aria-describedby=\"caption-attachment-57070\" style=\"width: 450px\" class=\"wp-caption alignright\"><a href=\"https:\/\/www.blogsoestado.com\/danielmatos\/2018\/10\/19\/tema-reivindica-em-brasilia-retirada-de-despesas-de-programas-federais-do-computo-de-gastos-com-pessoal\/tema-brasilia\/\" rel=\"attachment wp-att-57070\"><img fetchpriority=\"high\" decoding=\"async\" class=\"wp-image-57070\" src=\"https:\/\/www.blogsoestado.com\/danielmatos\/files\/2018\/10\/tema-brasilia.jpg\" alt=\"\" width=\"450\" height=\"338\" \/><\/a><figcaption id=\"caption-attachment-57070\" class=\"wp-caption-text\">Cleomar Tema com representantes do Minist\u00e9rio da Fazenda e do TCU, em Bras\u00edlia<\/figcaption><\/figure>\n<p>O presidente da Federa\u00e7\u00e3o dos Munic\u00edpios do Estado do Maranh\u00e3o \u2013 FAMEM, Cleomar Tema, esteve em Bras\u00edlia, esta semana, reunido com a secret\u00e1ria de Rela\u00e7\u00f5es Financeiras Intergovernamentais da Secretaria do Tesouro Nacional do Minist\u00e9rio da Fazenda, Priscila Santana, com o coordenador geral do \u00f3rg\u00e3o, Renato Andrade e com o subgerente da Associa\u00e7\u00e3o dos Membros dos Tribunais de Contas \u2013ATRICON, Jo\u00e3o Lopes Conde.<\/p>\n<p>Foram dois encontros distintos, com a mesma pauta. Tema reivindicou, tanto na STN, como na ATRICON, que na pr\u00f3xima edi\u00e7\u00e3o do Manual da Contabilidade P\u00fablica 2019, elaborada pela STN, que as despesas relativas aos programas do Governo Federal relativas \u00e0 Sa\u00fade, a exemplo da Sa\u00fade da Fam\u00edlia Agente Comunit\u00e1rio da Sa\u00fade, Agente de Combate \u00e0s Endemias e N\u00facleo de Apoio \u00e0 Sa\u00fade da Fam\u00edlia-NASF, deixem de ser consideradas como despesas pr\u00f3prias de pessoal dos munic\u00edpios para fins de aferi\u00e7\u00e3o de limites da Lei de Responsabilidade Fiscal.<\/p>\n<p>\u201cEsses programas s\u00e3o de natureza tempor\u00e1ria e a maioria dos servidores s\u00e3o apenas prestadores de servi\u00e7os, sem v\u00ednculo efetivo. Por isso, dever\u00e3o ser enquadrados na rubrica or\u00e7ament\u00e1ria \u201cOutros Servi\u00e7os de Terceiros \u2013 Pessoa F\u00edsica\u201d, afirmou o dirigente da FAMEM.<\/p>\n<p>Tema destacou ainda que antes de se dirigir a Bras\u00edlia, determinou que fosse protocolado junto ao TCE\/MA, consulta no mesmo sentido.<\/p>\n<p>A solicita\u00e7\u00e3o feita pela Federa\u00e7\u00e3o do Estado do Maranh\u00e3o, de acordo com Cleomar Tema, j\u00e1 vem sendo seguido pelos Tribunais de Contas dos Estados do Paran\u00e1, Mato Grosso, Rond\u00f4nia e Minas Gerais.<\/p>\n<p><strong>Viagem proveitosa<\/strong><\/p>\n<p>O l\u00edder municipalista maranhense afirmou que sua viagem a Bras\u00edlia foi bastante proveitosa. \u201cTivemos \u00eaxito inicial em nosso pleito, uma vez que a secret\u00e1ria de Rela\u00e7\u00f5es Financeira e Intergovernamentais da STN, a doutora Priscila Santana, nos garantiu que levar\u00e1 nossa reivindica\u00e7\u00e3o \u00e0 aprecia\u00e7\u00e3o do colegiado, na reuni\u00e3o que ser\u00e1 realizada em novembro, incluindo a participa\u00e7\u00e3o de representantes da ATRICON\u201d, destacou Tema.<\/p>\n<p>Por sua vez, Jo\u00e3o Lopes Conde, da ATRICON afirmou que: \u201c\u00c9 papel de nossa entidade normatizar o entendimento comum dos TCEs. Assim, acreditamos na real possibilidade de atendimento, dentro de pouco tempo do pleito da Federa\u00e7\u00e3o dos Munic\u00edpios do Estado do Maranh\u00e3o\u201d, assinalou.<\/p>\n<p>\u201cAtravessamos uma crise financeira muito grave. As despesas s\u00e3o imensas e os recursos s\u00e3o parcos e vari\u00e1veis. Esse pedido vai de encontro aos anseios de todos os prefeitos e acredito, pela forma como fomos recebidos, tanto na Associa\u00e7\u00e3o dos Tribunais de Contas, como na Secretaria do Tesouro do Minist\u00e9rio da Fazenda, que estamos dando um grande passo para a consolida\u00e7\u00e3o do nosso pedido\u201d, finalizou Cleomar Tema.<\/p>\n","protected":false},"excerpt":{"rendered":"<p>O presidente da Federa\u00e7\u00e3o dos Munic\u00edpios do Estado do Maranh\u00e3o \u2013 FAMEM, Cleomar Tema, esteve em Bras\u00edlia, esta semana, reunido [&hellip;]<\/p>\n","protected":false},"author":0,"featured_media":0,"comment_status":"open","ping_status":"open","sticky":false,"template":"","format":"standard","meta":{"site-sidebar-layout":"default","site-content-layout":"","ast-site-content-layout":"default","site-content-style":"default","site-sidebar-style":"default","ast-global-header-display":"","ast-banner-title-visibility":"","ast-main-header-display":"","ast-hfb-above-header-display":"","ast-hfb-below-header-display":"","ast-hfb-mobile-header-display":"","site-post-title":"","ast-breadcrumbs-content":"","ast-featured-img":"","footer-sml-layout":"","ast-disable-related-posts":"","theme-transparent-header-meta":"","adv-header-id-meta":"","stick-header-meta":"","header-above-stick-meta":"","header-main-stick-meta":"","header-below-stick-meta":"","astra-migrate-meta-layouts":"default","ast-page-background-enabled":"default","ast-page-background-meta":{"desktop":{"background-color":"var(--ast-global-color-5)","background-image":"","background-repeat":"repeat","background-position":"center center","background-size":"auto","background-attachment":"scroll","background-type":"","background-media":"","overlay-type":"","overlay-color":"","overlay-opacity":"","overlay-gradient":""},"tablet":{"background-color":"","background-image":"","background-repeat":"repeat","background-position":"center center","background-size":"auto","background-attachment":"scroll","background-type":"","background-media":"","overlay-type":"","overlay-color":"","overlay-opacity":"","overlay-gradient":""},"mobile":{"background-color":"","background-image":"","background-repeat":"repeat","background-position":"center center","background-size":"auto","background-attachment":"scroll","background-type":"","background-media":"","overlay-type":"","overlay-color":"","overlay-opacity":"","overlay-gradient":""}},"ast-content-background-meta":{"desktop":{"background-color":"var(--ast-global-color-4)","background-image":"","background-repeat":"repeat","background-position":"center center","background-size":"auto","background-attachment":"scroll","background-type":"","background-media":"","overlay-type":"","overlay-color":"","overlay-opacity":"","overlay-gradient":""},"tablet":{"background-color":"var(--ast-global-color-4)","background-image":"","background-repeat":"repeat","background-position":"center center","background-size":"auto","background-attachment":"scroll","background-type":"","background-media":"","overlay-type":"","overlay-color":"","overlay-opacity":"","overlay-gradient":""},"mobile":{"background-color":"var(--ast-global-color-4)","background-image":"","background-repeat":"repeat","background-position":"center center","background-size":"auto","background-attachment":"scroll","background-type":"","background-media":"","overlay-type":"","overlay-color":"","overlay-opacity":"","overlay-gradient":""}},"footnotes":""},"categories":[1],"tags":[],"class_list":["post-57069","post","type-post","status-publish","format-standard","hentry","category-sem-categoria"],"yoast_head":"<!-- This site is optimized with the Yoast SEO plugin v26.6 - https:\/\/yoast.com\/wordpress\/plugins\/seo\/ -->\n<title>Tema reivindica em Bras\u00edlia retirada de despesas de programas federais do c\u00f4mputo de gastos com pessoal - Daniel Matos<\/title>\n<meta name=\"robots\" content=\"index, follow, max-snippet:-1, max-image-preview:large, max-video-preview:-1\" \/>\n<link rel=\"canonical\" href=\"https:\/\/www.blogsoestado.com\/danielmatos\/tema-reivindica-em-brasilia-retirada-de-despesas-de-programas-federais-do-computo-de-gastos-com-pessoal\/\" \/>\n<meta property=\"og:locale\" content=\"pt_BR\" \/>\n<meta property=\"og:type\" content=\"article\" \/>\n<meta property=\"og:title\" content=\"Tema reivindica em Bras\u00edlia retirada de despesas de programas federais do c\u00f4mputo de gastos com pessoal - Daniel Matos\" \/>\n<meta property=\"og:description\" content=\"O presidente da Federa\u00e7\u00e3o dos Munic\u00edpios do Estado do Maranh\u00e3o \u2013 FAMEM, Cleomar Tema, esteve em Bras\u00edlia, esta semana, reunido [&hellip;]\" \/>\n<meta property=\"og:url\" content=\"https:\/\/www.blogsoestado.com\/danielmatos\/tema-reivindica-em-brasilia-retirada-de-despesas-de-programas-federais-do-computo-de-gastos-com-pessoal\/\" \/>\n<meta property=\"og:site_name\" content=\"Daniel Matos\" \/>\n<meta property=\"article:published_time\" content=\"2018-10-19T13:54:12+00:00\" \/>\n<meta property=\"og:image\" content=\"https:\/\/www.blogsoestado.com\/danielmatos\/files\/2018\/10\/tema-brasilia.jpg\" \/>\n<meta name=\"twitter:card\" content=\"summary_large_image\" \/>\n<meta name=\"twitter:label1\" content=\"Est. tempo de leitura\" \/>\n\t<meta name=\"twitter:data1\" content=\"2 minutos\" \/>\n<script type=\"application\/ld+json\" class=\"yoast-schema-graph\">{\"@context\":\"https:\/\/schema.org\",\"@graph\":[{\"@type\":\"WebPage\",\"@id\":\"https:\/\/www.blogsoestado.com\/danielmatos\/tema-reivindica-em-brasilia-retirada-de-despesas-de-programas-federais-do-computo-de-gastos-com-pessoal\/\",\"url\":\"https:\/\/www.blogsoestado.com\/danielmatos\/tema-reivindica-em-brasilia-retirada-de-despesas-de-programas-federais-do-computo-de-gastos-com-pessoal\/\",\"name\":\"Tema reivindica em Bras\u00edlia retirada de despesas de programas federais do c\u00f4mputo de gastos com pessoal - Daniel Matos\",\"isPartOf\":{\"@id\":\"https:\/\/www.blogsoestado.com\/danielmatos\/#website\"},\"primaryImageOfPage\":{\"@id\":\"https:\/\/www.blogsoestado.com\/danielmatos\/tema-reivindica-em-brasilia-retirada-de-despesas-de-programas-federais-do-computo-de-gastos-com-pessoal\/#primaryimage\"},\"image\":{\"@id\":\"https:\/\/www.blogsoestado.com\/danielmatos\/tema-reivindica-em-brasilia-retirada-de-despesas-de-programas-federais-do-computo-de-gastos-com-pessoal\/#primaryimage\"},\"thumbnailUrl\":\"https:\/\/www.blogsoestado.com\/danielmatos\/files\/2018\/10\/tema-brasilia.jpg\",\"datePublished\":\"2018-10-19T13:54:12+00:00\",\"author\":{\"@id\":\"\"},\"breadcrumb\":{\"@id\":\"https:\/\/www.blogsoestado.com\/danielmatos\/tema-reivindica-em-brasilia-retirada-de-despesas-de-programas-federais-do-computo-de-gastos-com-pessoal\/#breadcrumb\"},\"inLanguage\":\"pt-BR\",\"potentialAction\":[{\"@type\":\"ReadAction\",\"target\":[\"https:\/\/www.blogsoestado.com\/danielmatos\/tema-reivindica-em-brasilia-retirada-de-despesas-de-programas-federais-do-computo-de-gastos-com-pessoal\/\"]}]},{\"@type\":\"ImageObject\",\"inLanguage\":\"pt-BR\",\"@id\":\"https:\/\/www.blogsoestado.com\/danielmatos\/tema-reivindica-em-brasilia-retirada-de-despesas-de-programas-federais-do-computo-de-gastos-com-pessoal\/#primaryimage\",\"url\":\"https:\/\/www.blogsoestado.com\/danielmatos\/files\/2018\/10\/tema-brasilia.jpg\",\"contentUrl\":\"https:\/\/www.blogsoestado.com\/danielmatos\/files\/2018\/10\/tema-brasilia.jpg\"},{\"@type\":\"BreadcrumbList\",\"@id\":\"https:\/\/www.blogsoestado.com\/danielmatos\/tema-reivindica-em-brasilia-retirada-de-despesas-de-programas-federais-do-computo-de-gastos-com-pessoal\/#breadcrumb\",\"itemListElement\":[{\"@type\":\"ListItem\",\"position\":1,\"name\":\"In\u00edcio\",\"item\":\"https:\/\/www.blogsoestado.com\/danielmatos\/\"},{\"@type\":\"ListItem\",\"position\":2,\"name\":\"Tema reivindica em Bras\u00edlia retirada de despesas de programas federais do c\u00f4mputo de gastos com pessoal\"}]},{\"@type\":\"WebSite\",\"@id\":\"https:\/\/www.blogsoestado.com\/danielmatos\/#website\",\"url\":\"https:\/\/www.blogsoestado.com\/danielmatos\/\",\"name\":\"Daniel Matos\",\"description\":\"\",\"potentialAction\":[{\"@type\":\"SearchAction\",\"target\":{\"@type\":\"EntryPoint\",\"urlTemplate\":\"https:\/\/www.blogsoestado.com\/danielmatos\/?s={search_term_string}\"},\"query-input\":{\"@type\":\"PropertyValueSpecification\",\"valueRequired\":true,\"valueName\":\"search_term_string\"}}],\"inLanguage\":\"pt-BR\"}]}<\/script>\n<!-- \/ Yoast SEO plugin. -->","yoast_head_json":{"title":"Tema reivindica em Bras\u00edlia retirada de despesas de programas federais do c\u00f4mputo de gastos com pessoal - Daniel Matos","robots":{"index":"index","follow":"follow","max-snippet":"max-snippet:-1","max-image-preview":"max-image-preview:large","max-video-preview":"max-video-preview:-1"},"canonical":"https:\/\/www.blogsoestado.com\/danielmatos\/tema-reivindica-em-brasilia-retirada-de-despesas-de-programas-federais-do-computo-de-gastos-com-pessoal\/","og_locale":"pt_BR","og_type":"article","og_title":"Tema reivindica em Bras\u00edlia retirada de despesas de programas federais do c\u00f4mputo de gastos com pessoal - Daniel Matos","og_description":"O presidente da Federa\u00e7\u00e3o dos Munic\u00edpios do Estado do Maranh\u00e3o \u2013 FAMEM, Cleomar Tema, esteve em Bras\u00edlia, esta semana, reunido [&hellip;]","og_url":"https:\/\/www.blogsoestado.com\/danielmatos\/tema-reivindica-em-brasilia-retirada-de-despesas-de-programas-federais-do-computo-de-gastos-com-pessoal\/","og_site_name":"Daniel Matos","article_published_time":"2018-10-19T13:54:12+00:00","og_image":[{"url":"https:\/\/www.blogsoestado.com\/danielmatos\/files\/2018\/10\/tema-brasilia.jpg","type":"","width":"","height":""}],"twitter_card":"summary_large_image","twitter_misc":{"Est. tempo de leitura":"2 minutos"},"schema":{"@context":"https:\/\/schema.org","@graph":[{"@type":"WebPage","@id":"https:\/\/www.blogsoestado.com\/danielmatos\/tema-reivindica-em-brasilia-retirada-de-despesas-de-programas-federais-do-computo-de-gastos-com-pessoal\/","url":"https:\/\/www.blogsoestado.com\/danielmatos\/tema-reivindica-em-brasilia-retirada-de-despesas-de-programas-federais-do-computo-de-gastos-com-pessoal\/","name":"Tema reivindica em Bras\u00edlia retirada de despesas de programas federais do c\u00f4mputo de gastos com pessoal - Daniel Matos","isPartOf":{"@id":"https:\/\/www.blogsoestado.com\/danielmatos\/#website"},"primaryImageOfPage":{"@id":"https:\/\/www.blogsoestado.com\/danielmatos\/tema-reivindica-em-brasilia-retirada-de-despesas-de-programas-federais-do-computo-de-gastos-com-pessoal\/#primaryimage"},"image":{"@id":"https:\/\/www.blogsoestado.com\/danielmatos\/tema-reivindica-em-brasilia-retirada-de-despesas-de-programas-federais-do-computo-de-gastos-com-pessoal\/#primaryimage"},"thumbnailUrl":"https:\/\/www.blogsoestado.com\/danielmatos\/files\/2018\/10\/tema-brasilia.jpg","datePublished":"2018-10-19T13:54:12+00:00","author":{"@id":""},"breadcrumb":{"@id":"https:\/\/www.blogsoestado.com\/danielmatos\/tema-reivindica-em-brasilia-retirada-de-despesas-de-programas-federais-do-computo-de-gastos-com-pessoal\/#breadcrumb"},"inLanguage":"pt-BR","potentialAction":[{"@type":"ReadAction","target":["https:\/\/www.blogsoestado.com\/danielmatos\/tema-reivindica-em-brasilia-retirada-de-despesas-de-programas-federais-do-computo-de-gastos-com-pessoal\/"]}]},{"@type":"ImageObject","inLanguage":"pt-BR","@id":"https:\/\/www.blogsoestado.com\/danielmatos\/tema-reivindica-em-brasilia-retirada-de-despesas-de-programas-federais-do-computo-de-gastos-com-pessoal\/#primaryimage","url":"https:\/\/www.blogsoestado.com\/danielmatos\/files\/2018\/10\/tema-brasilia.jpg","contentUrl":"https:\/\/www.blogsoestado.com\/danielmatos\/files\/2018\/10\/tema-brasilia.jpg"},{"@type":"BreadcrumbList","@id":"https:\/\/www.blogsoestado.com\/danielmatos\/tema-reivindica-em-brasilia-retirada-de-despesas-de-programas-federais-do-computo-de-gastos-com-pessoal\/#breadcrumb","itemListElement":[{"@type":"ListItem","position":1,"name":"In\u00edcio","item":"https:\/\/www.blogsoestado.com\/danielmatos\/"},{"@type":"ListItem","position":2,"name":"Tema reivindica em Bras\u00edlia retirada de despesas de programas federais do c\u00f4mputo de gastos com pessoal"}]},{"@type":"WebSite","@id":"https:\/\/www.blogsoestado.com\/danielmatos\/#website","url":"https:\/\/www.blogsoestado.com\/danielmatos\/","name":"Daniel Matos","description":"","potentialAction":[{"@type":"SearchAction","target":{"@type":"EntryPoint","urlTemplate":"https:\/\/www.blogsoestado.com\/danielmatos\/?s={search_term_string}"},"query-input":{"@type":"PropertyValueSpecification","valueRequired":true,"valueName":"search_term_string"}}],"inLanguage":"pt-BR"}]}},"jetpack_featured_media_url":"","_links":{"self":[{"href":"https:\/\/www.blogsoestado.com\/danielmatos\/wp-json\/wp\/v2\/posts\/57069","targetHints":{"allow":["GET"]}}],"collection":[{"href":"https:\/\/www.blogsoestado.com\/danielmatos\/wp-json\/wp\/v2\/posts"}],"about":[{"href":"https:\/\/www.blogsoestado.com\/danielmatos\/wp-json\/wp\/v2\/types\/post"}],"replies":[{"embeddable":true,"href":"https:\/\/www.blogsoestado.com\/danielmatos\/wp-json\/wp\/v2\/comments?post=57069"}],"version-history":[{"count":0,"href":"https:\/\/www.blogsoestado.com\/danielmatos\/wp-json\/wp\/v2\/posts\/57069\/revisions"}],"wp:attachment":[{"href":"https:\/\/www.blogsoestado.com\/danielmatos\/wp-json\/wp\/v2\/media?parent=57069"}],"wp:term":[{"taxonomy":"category","embeddable":true,"href":"https:\/\/www.blogsoestado.com\/danielmatos\/wp-json\/wp\/v2\/categories?post=57069"},{"taxonomy":"post_tag","embeddable":true,"href":"https:\/\/www.blogsoestado.com\/danielmatos\/wp-json\/wp\/v2\/tags?post=57069"}],"curies":[{"name":"wp","href":"https:\/\/api.w.org\/{rel}","templated":true}]}}