{"id":57083,"date":"2018-10-19T20:00:57","date_gmt":"2018-10-19T23:00:57","guid":{"rendered":"https:\/\/www.blogsoestado.com\/danielmatos\/?p=57083"},"modified":"2018-10-19T20:00:57","modified_gmt":"2018-10-19T23:00:57","slug":"o-centro-ja-esta-com-uma-nova-paisagem-urbana-diz-edivaldo-ao-vistoriar-obras-do-complexo-deodoro","status":"publish","type":"post","link":"https:\/\/www.blogsoestado.com\/danielmatos\/o-centro-ja-esta-com-uma-nova-paisagem-urbana-diz-edivaldo-ao-vistoriar-obras-do-complexo-deodoro\/","title":{"rendered":"&#8220;O Centro j\u00e1 est\u00e1 com uma nova paisagem urbana&#8221;, diz Edivaldo ao vistoriar obras do Complexo Deodoro"},"content":{"rendered":"<h2><span style=\"color: #ff0000;\">Acompanhado do superintendente do Iphan, Maur\u00edcio Itapary o prefeito Edivaldo vistoriou, na manh\u00e3 desta sexta-feira (19), os servi\u00e7os de requalifica\u00e7\u00e3o das pra\u00e7as Deodoro e Pantheon que avan\u00e7am para serem entregues no fim do ano<\/span><\/h2>\n<figure id=\"attachment_57084\" aria-describedby=\"caption-attachment-57084\" style=\"width: 650px\" class=\"wp-caption aligncenter\"><a href=\"https:\/\/www.blogsoestado.com\/danielmatos\/?attachment_id=57084\" rel=\"attachment wp-att-57084\"><img fetchpriority=\"high\" decoding=\"async\" class=\"wp-image-57084\" src=\"https:\/\/www.blogsoestado.com\/danielmatos\/files\/2018\/10\/edivaldo-paisagem.jpg\" alt=\"\" width=\"650\" height=\"434\" \/><\/a><figcaption id=\"caption-attachment-57084\" class=\"wp-caption-text\">Obras do Centro s\u00e3o vistoriadas pelo prefeito Edivaldo e superintendente do Iphan, Maur\u00edcio Itapary<\/figcaption><\/figure>\n<p>Em nova vistoria \u00e0s obras do Centro, o prefeito Edivaldo, acompanhado do superintendente do Instituto do Patrim\u00f4nio Hist\u00f3rico e Art\u00edstico Nacional (Iphan), Mauricio Itapary, disse que &#8220;o Centro de S\u00e3o Lu\u00eds j\u00e1 est\u00e1 com uma nova paisagem urbana&#8221;, se referindo ao avan\u00e7o das obras de requalifica\u00e7\u00e3o que j\u00e1 podem ser percebidas pela popula\u00e7\u00e3o. A vistoria aconteceu na manh\u00e3 desta sexta-feira (19) nas pra\u00e7as Deodoro e Pantheon e alamedas Silva Maia e Gomes de Castro, que comp\u00f5em um conjunto de servi\u00e7os que est\u00e3o sendo executados na regi\u00e3o do Centro da capital. A previs\u00e3o de entrega do complexo \u00e9 at\u00e9 o fim deste ano. As obras est\u00e3o sendo executadas pelo Iphan em parceria com a Prefeitura de S\u00e3o Lu\u00eds.<\/p>\n<p>As alamedas Silva Maia e Gomes de Castro est\u00e3o finalizadas, enquanto os servi\u00e7os na Pra\u00e7a do Pantheon est\u00e3o com mais de 90% conclu\u00eddos e as obras na Pra\u00e7a Deodoro est\u00e3o com 70% dos servi\u00e7os feitos. A vistoria t\u00e9cnica para acompanhar o andamento das obras foi realizada em todo o canteiro de obras do Complexo Deodoro.<\/p>\n<p>Durante a vistoria, o prefeito Edivaldo destacou os avan\u00e7os do trabalho e a import\u00e2ncia que a restaura\u00e7\u00e3o do espa\u00e7o tem para a promo\u00e7\u00e3o do desenvolvimento econ\u00f4mico, tur\u00edstico e cultural da cidade. Esta semana, o gestor, tamb\u00e9m acompanhado de Maur\u00edcio Itapary, vistoriou a Rua Grande, onde as obras de revitaliza\u00e7\u00e3o est\u00e3o em pleno andamento e dentro do cronograma previsto para entregar \u00e0 popula\u00e7\u00e3o, amplamente restaurado, o maior centro de com\u00e9rcio popular da capital.<\/p>\n<figure id=\"attachment_57085\" aria-describedby=\"caption-attachment-57085\" style=\"width: 650px\" class=\"wp-caption aligncenter\"><a href=\"https:\/\/www.blogsoestado.com\/danielmatos\/?attachment_id=57085\" rel=\"attachment wp-att-57085\"><img decoding=\"async\" class=\"wp-image-57085\" src=\"https:\/\/www.blogsoestado.com\/danielmatos\/files\/2018\/10\/edivaldo-paisagem2.jpg\" alt=\"\" width=\"650\" height=\"433\" \/><\/a><figcaption id=\"caption-attachment-57085\" class=\"wp-caption-text\">Edivaldo e o superintendente do IPHAN, Maur\u00edcio Itapary, em canteiro de obras no Centro<\/figcaption><\/figure>\n<p>&#8220;Estamos voltando ao canteiro de obras para acompanhar de perto o andamento dos servi\u00e7os desse importante projeto urban\u00edstico que \u00e9 a requalifica\u00e7\u00e3o de todo o Complexo Deodoro realizado pelo Iphan em parceria com a Prefeitura. Temos aqui um volume grandioso de servi\u00e7os que, sem d\u00favida alguma, \u00e9 o maior investimento j\u00e1 realizado nos \u00faltimos 30 anos na \u00e1rea central da nossa cidade, o que muito nos alegra porque a restaura\u00e7\u00e3o desse espa\u00e7o era um clamor antigo da popula\u00e7\u00e3o que, em muito breve, vai poder usufruir plenamente desses espa\u00e7os que fazem parte da mem\u00f3ria hist\u00f3rica e comercial da capital&#8221;, afirmou Edivaldo, que esteve acompanhado tamb\u00e9m da primeira-dama Camila Holanda, e do vice-prefeito Julio Pinheiro. O presidente do Instituto Municipal da Paisagem Urbana (Impur), F\u00e1bio Henrique Cardoso e o secret\u00e1rio municipal de Urbanismo e Habita\u00e7\u00e3o, M\u00e1dison Leonardo Andrade estiveram presentes na vistoria.<\/p>\n<p>No local, o superintendente do Iphan, Mauricio Itapary, analisou o andamento dos servi\u00e7os e disse que as obras est\u00e3o dentro do cronograma estipulado. &#8220;Al\u00e9m de acompanhar de perto o andamento dos servi\u00e7os, nossas vistorias t\u00e9cnicas visam analisar o cumprimento do cronograma e pedir celeridade \u00e0 execu\u00e7\u00e3o das obras que entendemos ser de suma import\u00e2ncia para a cidade e a popula\u00e7\u00e3o. E contar com a parceria da Prefeitura nesse processo foi fundamental, pois sem esse apoio log\u00edstico seria imposs\u00edvel concretizar a contento esse grandioso projeto urban\u00edstico na cidade&#8221;, observou Maur\u00edcio Itapary.<\/p>\n<p><strong>OBRAS<\/strong><\/p>\n<figure id=\"attachment_57086\" aria-describedby=\"caption-attachment-57086\" style=\"width: 665px\" class=\"wp-caption aligncenter\"><a href=\"https:\/\/www.blogsoestado.com\/danielmatos\/?attachment_id=57086\" rel=\"attachment wp-att-57086\"><img decoding=\"async\" class=\"size-full wp-image-57086\" src=\"https:\/\/www.blogsoestado.com\/danielmatos\/files\/2018\/10\/edivaldo-paisagem3.jpg\" alt=\"\" width=\"665\" height=\"443\" \/><\/a><figcaption id=\"caption-attachment-57086\" class=\"wp-caption-text\">Vista panor\u00e2mica da Pra\u00e7a do Pantheon, que ganhou nova configura\u00e7\u00e3o urban\u00edstica<\/figcaption><\/figure>\n<p>As obras nas alamedas Silva Maia e Gomes de Castro, que tamb\u00e9m comp\u00f5em o Complexo Deodoro, est\u00e3o 100% finalizadas, segundo informou Itapary. J\u00e1 os servi\u00e7os na Pra\u00e7a do Pantheon est\u00e3o com mais de 90% conclu\u00eddos, faltando apenas a coloca\u00e7\u00e3o de parte do mobili\u00e1rio urbano, como lixeiras e bancos; a instala\u00e7\u00e3o das novas lumin\u00e1rias, a recoloca\u00e7\u00e3o dos bustos e a pintura e ilumina\u00e7\u00e3o art\u00edstica da Biblioteca Benedito Leite, servi\u00e7o que foi inclu\u00eddo ao projeto para promover melhor harmoniza\u00e7\u00e3o do monumento ao novo aspecto urban\u00edstico do espa\u00e7o requalificado.<\/p>\n<p>As obras na Pra\u00e7a Deodoro est\u00e3o com 70% dos servi\u00e7os feitos. No local, est\u00e3o em pleno andamento os servi\u00e7os de constru\u00e7\u00e3o de 18 banheiros com frald\u00e1rios; a coloca\u00e7\u00e3o da nova pavimenta\u00e7\u00e3o de concreto lapidado e acessibilidade; e a constru\u00e7\u00e3o da estrutura de concreto da esplanada, uma esp\u00e9cie de eleva\u00e7\u00e3o que dar\u00e1 uma nova caracter\u00edstica urban\u00edstica ao espa\u00e7o.<\/p>\n<figure id=\"attachment_57087\" aria-describedby=\"caption-attachment-57087\" style=\"width: 650px\" class=\"wp-caption aligncenter\"><a href=\"https:\/\/www.blogsoestado.com\/danielmatos\/?attachment_id=57087\" rel=\"attachment wp-att-57087\"><img loading=\"lazy\" decoding=\"async\" class=\"wp-image-57087\" src=\"https:\/\/www.blogsoestado.com\/danielmatos\/files\/2018\/10\/edivaldo-paisagem4.jpg\" alt=\"\" width=\"650\" height=\"433\" \/><\/a><figcaption id=\"caption-attachment-57087\" class=\"wp-caption-text\">Oper\u00e1rios trabalham em ritmo acelerado para concluir a obra no prazo previsto<\/figcaption><\/figure>\n<p>A Pra\u00e7a Deodoro tamb\u00e9m j\u00e1 recebeu obras de drenagem e tratamento sanit\u00e1rio, al\u00e9m de prepara\u00e7\u00e3o para receber o novo cal\u00e7amento, mobili\u00e1rio e sistema de ilumina\u00e7\u00e3o; fia\u00e7\u00e3o subterr\u00e2nea e dutos de passagem de fibra \u00f3tica. O projeto da Deodoro contempla ainda a constru\u00e7\u00e3o de canteiros com espa\u00e7o mais amplos para maior permeabilidade do solo \u00e0s plantas e demarca\u00e7\u00e3o das \u00e1reas de estacionamento com acessibilidade e sinaliza\u00e7\u00e3o; cria\u00e7\u00e3o de um centro administrativo para uso de equipes de fiscaliza\u00e7\u00e3o e seguran\u00e7a. O centro administrativo vai contar com um mirante para servir como \u00e1rea de viv\u00eancia e contempla\u00e7\u00e3o p\u00fablica.<\/p>\n<p><strong>RUA GRANDE<\/strong><\/p>\n<p>A Rua Grande, outro espa\u00e7o integrante do Complexo Deodoro com obras em pleno andamento, j\u00e1 est\u00e1 com mais de 60% dos servi\u00e7os conclu\u00eddos. Esta semana, foram terminados os trabalhos de acabamento na segunda quadra da via e iniciados os servi\u00e7os de concretagem da terceira e da quarta quadras. Os trabalhos de finaliza\u00e7\u00e3o tamb\u00e9m avan\u00e7aram para a Rua de Santaninha, que corta a Rua Grande, na altura das Lojas Americanas. A previs\u00e3o de entrega da obra da Rua Grande \u00e9 primeiro semestre de 2019.<\/p>\n<p><strong>Fonte:<\/strong> Secretaria Municipal de Comunica\u00e7\u00e3o (Secom)<\/p>\n","protected":false},"excerpt":{"rendered":"<p>Acompanhado do superintendente do Iphan, Maur\u00edcio Itapary o prefeito Edivaldo vistoriou, na manh\u00e3 desta sexta-feira (19), os servi\u00e7os de requalifica\u00e7\u00e3o [&hellip;]<\/p>\n","protected":false},"author":0,"featured_media":0,"comment_status":"open","ping_status":"open","sticky":false,"template":"","format":"standard","meta":{"site-sidebar-layout":"default","site-content-layout":"","ast-site-content-layout":"default","site-content-style":"default","site-sidebar-style":"default","ast-global-header-display":"","ast-banner-title-visibility":"","ast-main-header-display":"","ast-hfb-above-header-display":"","ast-hfb-below-header-display":"","ast-hfb-mobile-header-display":"","site-post-title":"","ast-breadcrumbs-content":"","ast-featured-img":"","footer-sml-layout":"","ast-disable-related-posts":"","theme-transparent-header-meta":"","adv-header-id-meta":"","stick-header-meta":"","header-above-stick-meta":"","header-main-stick-meta":"","header-below-stick-meta":"","astra-migrate-meta-layouts":"default","ast-page-background-enabled":"default","ast-page-background-meta":{"desktop":{"background-color":"var(--ast-global-color-5)","background-image":"","background-repeat":"repeat","background-position":"center center","background-size":"auto","background-attachment":"scroll","background-type":"","background-media":"","overlay-type":"","overlay-color":"","overlay-opacity":"","overlay-gradient":""},"tablet":{"background-color":"","background-image":"","background-repeat":"repeat","background-position":"center center","background-size":"auto","background-attachment":"scroll","background-type":"","background-media":"","overlay-type":"","overlay-color":"","overlay-opacity":"","overlay-gradient":""},"mobile":{"background-color":"","background-image":"","background-repeat":"repeat","background-position":"center center","background-size":"auto","background-attachment":"scroll","background-type":"","background-media":"","overlay-type":"","overlay-color":"","overlay-opacity":"","overlay-gradient":""}},"ast-content-background-meta":{"desktop":{"background-color":"var(--ast-global-color-4)","background-image":"","background-repeat":"repeat","background-position":"center center","background-size":"auto","background-attachment":"scroll","background-type":"","background-media":"","overlay-type":"","overlay-color":"","overlay-opacity":"","overlay-gradient":""},"tablet":{"background-color":"var(--ast-global-color-4)","background-image":"","background-repeat":"repeat","background-position":"center center","background-size":"auto","background-attachment":"scroll","background-type":"","background-media":"","overlay-type":"","overlay-color":"","overlay-opacity":"","overlay-gradient":""},"mobile":{"background-color":"var(--ast-global-color-4)","background-image":"","background-repeat":"repeat","background-position":"center center","background-size":"auto","background-attachment":"scroll","background-type":"","background-media":"","overlay-type":"","overlay-color":"","overlay-opacity":"","overlay-gradient":""}},"footnotes":""},"categories":[1],"tags":[],"class_list":["post-57083","post","type-post","status-publish","format-standard","hentry","category-sem-categoria"],"yoast_head":"<!-- This site is optimized with the Yoast SEO plugin v26.6 - https:\/\/yoast.com\/wordpress\/plugins\/seo\/ -->\n<title>&quot;O Centro j\u00e1 est\u00e1 com uma nova paisagem urbana&quot;, diz Edivaldo ao vistoriar obras do Complexo Deodoro - Daniel Matos<\/title>\n<meta name=\"robots\" content=\"index, follow, max-snippet:-1, max-image-preview:large, max-video-preview:-1\" \/>\n<link rel=\"canonical\" href=\"https:\/\/www.blogsoestado.com\/danielmatos\/o-centro-ja-esta-com-uma-nova-paisagem-urbana-diz-edivaldo-ao-vistoriar-obras-do-complexo-deodoro\/\" \/>\n<meta property=\"og:locale\" content=\"pt_BR\" \/>\n<meta property=\"og:type\" content=\"article\" \/>\n<meta property=\"og:title\" content=\"&quot;O Centro j\u00e1 est\u00e1 com uma nova paisagem urbana&quot;, diz Edivaldo ao vistoriar obras do Complexo Deodoro - Daniel Matos\" \/>\n<meta property=\"og:description\" content=\"Acompanhado do superintendente do Iphan, Maur\u00edcio Itapary o prefeito Edivaldo vistoriou, na manh\u00e3 desta sexta-feira (19), os servi\u00e7os de requalifica\u00e7\u00e3o [&hellip;]\" \/>\n<meta property=\"og:url\" content=\"https:\/\/www.blogsoestado.com\/danielmatos\/o-centro-ja-esta-com-uma-nova-paisagem-urbana-diz-edivaldo-ao-vistoriar-obras-do-complexo-deodoro\/\" \/>\n<meta property=\"og:site_name\" content=\"Daniel Matos\" \/>\n<meta property=\"article:published_time\" content=\"2018-10-19T23:00:57+00:00\" \/>\n<meta property=\"og:image\" content=\"https:\/\/www.blogsoestado.com\/danielmatos\/files\/2018\/10\/edivaldo-paisagem.jpg\" \/>\n<meta name=\"twitter:card\" content=\"summary_large_image\" \/>\n<meta name=\"twitter:label1\" content=\"Est. tempo de leitura\" \/>\n\t<meta name=\"twitter:data1\" content=\"5 minutos\" \/>\n<script type=\"application\/ld+json\" class=\"yoast-schema-graph\">{\"@context\":\"https:\/\/schema.org\",\"@graph\":[{\"@type\":\"WebPage\",\"@id\":\"https:\/\/www.blogsoestado.com\/danielmatos\/o-centro-ja-esta-com-uma-nova-paisagem-urbana-diz-edivaldo-ao-vistoriar-obras-do-complexo-deodoro\/\",\"url\":\"https:\/\/www.blogsoestado.com\/danielmatos\/o-centro-ja-esta-com-uma-nova-paisagem-urbana-diz-edivaldo-ao-vistoriar-obras-do-complexo-deodoro\/\",\"name\":\"\\\"O Centro j\u00e1 est\u00e1 com uma nova paisagem urbana\\\", diz Edivaldo ao vistoriar obras do Complexo Deodoro - Daniel Matos\",\"isPartOf\":{\"@id\":\"https:\/\/www.blogsoestado.com\/danielmatos\/#website\"},\"primaryImageOfPage\":{\"@id\":\"https:\/\/www.blogsoestado.com\/danielmatos\/o-centro-ja-esta-com-uma-nova-paisagem-urbana-diz-edivaldo-ao-vistoriar-obras-do-complexo-deodoro\/#primaryimage\"},\"image\":{\"@id\":\"https:\/\/www.blogsoestado.com\/danielmatos\/o-centro-ja-esta-com-uma-nova-paisagem-urbana-diz-edivaldo-ao-vistoriar-obras-do-complexo-deodoro\/#primaryimage\"},\"thumbnailUrl\":\"https:\/\/www.blogsoestado.com\/danielmatos\/files\/2018\/10\/edivaldo-paisagem.jpg\",\"datePublished\":\"2018-10-19T23:00:57+00:00\",\"author\":{\"@id\":\"\"},\"breadcrumb\":{\"@id\":\"https:\/\/www.blogsoestado.com\/danielmatos\/o-centro-ja-esta-com-uma-nova-paisagem-urbana-diz-edivaldo-ao-vistoriar-obras-do-complexo-deodoro\/#breadcrumb\"},\"inLanguage\":\"pt-BR\",\"potentialAction\":[{\"@type\":\"ReadAction\",\"target\":[\"https:\/\/www.blogsoestado.com\/danielmatos\/o-centro-ja-esta-com-uma-nova-paisagem-urbana-diz-edivaldo-ao-vistoriar-obras-do-complexo-deodoro\/\"]}]},{\"@type\":\"ImageObject\",\"inLanguage\":\"pt-BR\",\"@id\":\"https:\/\/www.blogsoestado.com\/danielmatos\/o-centro-ja-esta-com-uma-nova-paisagem-urbana-diz-edivaldo-ao-vistoriar-obras-do-complexo-deodoro\/#primaryimage\",\"url\":\"https:\/\/www.blogsoestado.com\/danielmatos\/files\/2018\/10\/edivaldo-paisagem.jpg\",\"contentUrl\":\"https:\/\/www.blogsoestado.com\/danielmatos\/files\/2018\/10\/edivaldo-paisagem.jpg\"},{\"@type\":\"BreadcrumbList\",\"@id\":\"https:\/\/www.blogsoestado.com\/danielmatos\/o-centro-ja-esta-com-uma-nova-paisagem-urbana-diz-edivaldo-ao-vistoriar-obras-do-complexo-deodoro\/#breadcrumb\",\"itemListElement\":[{\"@type\":\"ListItem\",\"position\":1,\"name\":\"In\u00edcio\",\"item\":\"https:\/\/www.blogsoestado.com\/danielmatos\/\"},{\"@type\":\"ListItem\",\"position\":2,\"name\":\"&#8220;O Centro j\u00e1 est\u00e1 com uma nova paisagem urbana&#8221;, diz Edivaldo ao vistoriar obras do Complexo Deodoro\"}]},{\"@type\":\"WebSite\",\"@id\":\"https:\/\/www.blogsoestado.com\/danielmatos\/#website\",\"url\":\"https:\/\/www.blogsoestado.com\/danielmatos\/\",\"name\":\"Daniel Matos\",\"description\":\"\",\"potentialAction\":[{\"@type\":\"SearchAction\",\"target\":{\"@type\":\"EntryPoint\",\"urlTemplate\":\"https:\/\/www.blogsoestado.com\/danielmatos\/?s={search_term_string}\"},\"query-input\":{\"@type\":\"PropertyValueSpecification\",\"valueRequired\":true,\"valueName\":\"search_term_string\"}}],\"inLanguage\":\"pt-BR\"}]}<\/script>\n<!-- \/ Yoast SEO plugin. -->","yoast_head_json":{"title":"\"O Centro j\u00e1 est\u00e1 com uma nova paisagem urbana\", diz Edivaldo ao vistoriar obras do Complexo Deodoro - Daniel Matos","robots":{"index":"index","follow":"follow","max-snippet":"max-snippet:-1","max-image-preview":"max-image-preview:large","max-video-preview":"max-video-preview:-1"},"canonical":"https:\/\/www.blogsoestado.com\/danielmatos\/o-centro-ja-esta-com-uma-nova-paisagem-urbana-diz-edivaldo-ao-vistoriar-obras-do-complexo-deodoro\/","og_locale":"pt_BR","og_type":"article","og_title":"\"O Centro j\u00e1 est\u00e1 com uma nova paisagem urbana\", diz Edivaldo ao vistoriar obras do Complexo Deodoro - Daniel Matos","og_description":"Acompanhado do superintendente do Iphan, Maur\u00edcio Itapary o prefeito Edivaldo vistoriou, na manh\u00e3 desta sexta-feira (19), os servi\u00e7os de requalifica\u00e7\u00e3o [&hellip;]","og_url":"https:\/\/www.blogsoestado.com\/danielmatos\/o-centro-ja-esta-com-uma-nova-paisagem-urbana-diz-edivaldo-ao-vistoriar-obras-do-complexo-deodoro\/","og_site_name":"Daniel Matos","article_published_time":"2018-10-19T23:00:57+00:00","og_image":[{"url":"https:\/\/www.blogsoestado.com\/danielmatos\/files\/2018\/10\/edivaldo-paisagem.jpg","type":"","width":"","height":""}],"twitter_card":"summary_large_image","twitter_misc":{"Est. tempo de leitura":"5 minutos"},"schema":{"@context":"https:\/\/schema.org","@graph":[{"@type":"WebPage","@id":"https:\/\/www.blogsoestado.com\/danielmatos\/o-centro-ja-esta-com-uma-nova-paisagem-urbana-diz-edivaldo-ao-vistoriar-obras-do-complexo-deodoro\/","url":"https:\/\/www.blogsoestado.com\/danielmatos\/o-centro-ja-esta-com-uma-nova-paisagem-urbana-diz-edivaldo-ao-vistoriar-obras-do-complexo-deodoro\/","name":"\"O Centro j\u00e1 est\u00e1 com uma nova paisagem urbana\", diz Edivaldo ao vistoriar obras do Complexo Deodoro - Daniel Matos","isPartOf":{"@id":"https:\/\/www.blogsoestado.com\/danielmatos\/#website"},"primaryImageOfPage":{"@id":"https:\/\/www.blogsoestado.com\/danielmatos\/o-centro-ja-esta-com-uma-nova-paisagem-urbana-diz-edivaldo-ao-vistoriar-obras-do-complexo-deodoro\/#primaryimage"},"image":{"@id":"https:\/\/www.blogsoestado.com\/danielmatos\/o-centro-ja-esta-com-uma-nova-paisagem-urbana-diz-edivaldo-ao-vistoriar-obras-do-complexo-deodoro\/#primaryimage"},"thumbnailUrl":"https:\/\/www.blogsoestado.com\/danielmatos\/files\/2018\/10\/edivaldo-paisagem.jpg","datePublished":"2018-10-19T23:00:57+00:00","author":{"@id":""},"breadcrumb":{"@id":"https:\/\/www.blogsoestado.com\/danielmatos\/o-centro-ja-esta-com-uma-nova-paisagem-urbana-diz-edivaldo-ao-vistoriar-obras-do-complexo-deodoro\/#breadcrumb"},"inLanguage":"pt-BR","potentialAction":[{"@type":"ReadAction","target":["https:\/\/www.blogsoestado.com\/danielmatos\/o-centro-ja-esta-com-uma-nova-paisagem-urbana-diz-edivaldo-ao-vistoriar-obras-do-complexo-deodoro\/"]}]},{"@type":"ImageObject","inLanguage":"pt-BR","@id":"https:\/\/www.blogsoestado.com\/danielmatos\/o-centro-ja-esta-com-uma-nova-paisagem-urbana-diz-edivaldo-ao-vistoriar-obras-do-complexo-deodoro\/#primaryimage","url":"https:\/\/www.blogsoestado.com\/danielmatos\/files\/2018\/10\/edivaldo-paisagem.jpg","contentUrl":"https:\/\/www.blogsoestado.com\/danielmatos\/files\/2018\/10\/edivaldo-paisagem.jpg"},{"@type":"BreadcrumbList","@id":"https:\/\/www.blogsoestado.com\/danielmatos\/o-centro-ja-esta-com-uma-nova-paisagem-urbana-diz-edivaldo-ao-vistoriar-obras-do-complexo-deodoro\/#breadcrumb","itemListElement":[{"@type":"ListItem","position":1,"name":"In\u00edcio","item":"https:\/\/www.blogsoestado.com\/danielmatos\/"},{"@type":"ListItem","position":2,"name":"&#8220;O Centro j\u00e1 est\u00e1 com uma nova paisagem urbana&#8221;, diz Edivaldo ao vistoriar obras do Complexo Deodoro"}]},{"@type":"WebSite","@id":"https:\/\/www.blogsoestado.com\/danielmatos\/#website","url":"https:\/\/www.blogsoestado.com\/danielmatos\/","name":"Daniel Matos","description":"","potentialAction":[{"@type":"SearchAction","target":{"@type":"EntryPoint","urlTemplate":"https:\/\/www.blogsoestado.com\/danielmatos\/?s={search_term_string}"},"query-input":{"@type":"PropertyValueSpecification","valueRequired":true,"valueName":"search_term_string"}}],"inLanguage":"pt-BR"}]}},"jetpack_featured_media_url":"","_links":{"self":[{"href":"https:\/\/www.blogsoestado.com\/danielmatos\/wp-json\/wp\/v2\/posts\/57083","targetHints":{"allow":["GET"]}}],"collection":[{"href":"https:\/\/www.blogsoestado.com\/danielmatos\/wp-json\/wp\/v2\/posts"}],"about":[{"href":"https:\/\/www.blogsoestado.com\/danielmatos\/wp-json\/wp\/v2\/types\/post"}],"replies":[{"embeddable":true,"href":"https:\/\/www.blogsoestado.com\/danielmatos\/wp-json\/wp\/v2\/comments?post=57083"}],"version-history":[{"count":0,"href":"https:\/\/www.blogsoestado.com\/danielmatos\/wp-json\/wp\/v2\/posts\/57083\/revisions"}],"wp:attachment":[{"href":"https:\/\/www.blogsoestado.com\/danielmatos\/wp-json\/wp\/v2\/media?parent=57083"}],"wp:term":[{"taxonomy":"category","embeddable":true,"href":"https:\/\/www.blogsoestado.com\/danielmatos\/wp-json\/wp\/v2\/categories?post=57083"},{"taxonomy":"post_tag","embeddable":true,"href":"https:\/\/www.blogsoestado.com\/danielmatos\/wp-json\/wp\/v2\/tags?post=57083"}],"curies":[{"name":"wp","href":"https:\/\/api.w.org\/{rel}","templated":true}]}}