{"id":57089,"date":"2018-10-19T18:38:49","date_gmt":"2018-10-19T21:38:49","guid":{"rendered":"https:\/\/www.blogsoestado.com\/danielmatos\/?p=57089"},"modified":"2018-10-19T18:38:49","modified_gmt":"2018-10-19T21:38:49","slug":"acao-de-empreendedores-arrecada-donativos-para-a-casa-da-crianca-menino-jesus-em-sao-luis","status":"publish","type":"post","link":"https:\/\/www.blogsoestado.com\/danielmatos\/acao-de-empreendedores-arrecada-donativos-para-a-casa-da-crianca-menino-jesus-em-sao-luis\/","title":{"rendered":"A\u00e7\u00e3o de empreendedores arrecada donativos para a Casa da Crian\u00e7a Menino Jesus, em S\u00e3o Lu\u00eds"},"content":{"rendered":"<h2><span style=\"color: #ff0000;\">Evento ter\u00e1 a presen\u00e7a de empres\u00e1rios, que v\u00e3o contar suas hist\u00f3rias de sucesso e ocorrer\u00e1 durante a manh\u00e3 e tarde do s\u00e1bado, dia 20; Interessados em participar do workshop Cases de Sucesso devem levar uma lata de leite e um pacote de fraldas descart\u00e1veis tamanho M ou G<\/span><\/h2>\n<figure id=\"attachment_57092\" aria-describedby=\"caption-attachment-57092\" style=\"width: 650px\" class=\"wp-caption aligncenter\"><a href=\"https:\/\/www.blogsoestado.com\/danielmatos\/2018\/10\/19\/acao-de-empreendedores-arrecada-donativos-para-a-casa-da-crianca-menino-jesus-em-sao-luis\/daniel-doa\/\" rel=\"attachment wp-att-57092\"><img fetchpriority=\"high\" decoding=\"async\" class=\"wp-image-57092\" src=\"https:\/\/www.blogsoestado.com\/danielmatos\/files\/2018\/10\/daniel-doa.jpg\" alt=\"\" width=\"650\" height=\"433\" \/><\/a><figcaption id=\"caption-attachment-57092\" class=\"wp-caption-text\">Empreendedores que se engajaram \u00e0 a\u00e7\u00e3o com os donativos arrecadados<\/figcaption><\/figure>\n<p>Com o objetivo de arrecadar latas de leite e fraldas descart\u00e1veis que ser\u00e3o doadas \u00e0 Casa da Crian\u00e7a Menino Jesus, em S\u00e3o Lu\u00eds, ser\u00e1 realizado, neste s\u00e1bado, dia 20, o workshop Cases de Sucesso com a presen\u00e7a de empres\u00e1rios de diversos ramos e profissionais liberais, que v\u00e3o contar sobre suas hist\u00f3rias de sucesso. O evento, organizado por um grupo de empreendedores, acontecer\u00e1, entre 9h e 19h, na \u00e1rea de eventos do edif\u00edcio Lagoa Corporate &amp; Office, situado na Rua Nina Rodrigues, n\u00b0 9, na Ponta D\u2019areia, em frente a Lagoa da Jansen, na capital maranhense.<\/p>\n<p>\u201cEsse workshop une solidariedade, aprendizado e responsabilidade social. J\u00e1 \u00e9 a terceira vez que nos unimos, para fazer esse evento. A expectativa \u00e9 que ser\u00e1 um sucesso, como nos anos anteriores. As propostas s\u00e3o: conseguir os donativos para a institui\u00e7\u00e3o beneficente, que \u00e9 a Casa da Crian\u00e7a Menino Jesus, e ouvir hist\u00f3ria de supera\u00e7\u00e3o, engajadoras. Os interessados em participar, devem levar uma lata de leite e um pacote de fraldas descart\u00e1veis tamanho M ou G, que ter\u00e3o um \u00f3timo destino\u201d, relatou Odivaldo Sousa, empreendedor de uma das empresas organizadoras do workshop.<\/p>\n<p>\u00c9 a segunda vez que a Casa da Crian\u00e7a Menino Jesus \u00e9 contemplada com as doa\u00e7\u00f5es do evento. O Hospital Presidente Vargas recebeu as doa\u00e7\u00f5es arrecadadas na primeira edi\u00e7\u00e3o do evento. Durante o workshop, tamb\u00e9m, haver\u00e1 uma palestra sobre avalia\u00e7\u00e3o de perfil profissional ministrada pela coach Thalita Mandin. Interessados em participar, podem fazer a inscri\u00e7\u00e3o por meio do telefone: 3303.0582.<\/p>\n<p><strong>Casa da Crian\u00e7a<\/strong><\/p>\n<p>Inaugurada no dia 08 de dezembro de 1997, a Casa da Crian\u00e7a Menino Jesus acolhe, atualmente, 23 crian\u00e7as, entre 0 e 7 anos, v\u00edtimas de abandono, maus-tratos, viol\u00eancia sexual, entre outros motivos. A institui\u00e7\u00e3o, mantida pelo Tribunal de Justi\u00e7a do Maranh\u00e3o (TJ-MA), fica localizada no bairro do S\u00e3o Francisco, em S\u00e3o Lu\u00eds.<\/p>\n","protected":false},"excerpt":{"rendered":"<p>Evento ter\u00e1 a presen\u00e7a de empres\u00e1rios, que v\u00e3o contar suas hist\u00f3rias de sucesso e ocorrer\u00e1 durante a manh\u00e3 e tarde [&hellip;]<\/p>\n","protected":false},"author":0,"featured_media":0,"comment_status":"open","ping_status":"open","sticky":false,"template":"","format":"standard","meta":{"site-sidebar-layout":"default","site-content-layout":"","ast-site-content-layout":"default","site-content-style":"default","site-sidebar-style":"default","ast-global-header-display":"","ast-banner-title-visibility":"","ast-main-header-display":"","ast-hfb-above-header-display":"","ast-hfb-below-header-display":"","ast-hfb-mobile-header-display":"","site-post-title":"","ast-breadcrumbs-content":"","ast-featured-img":"","footer-sml-layout":"","ast-disable-related-posts":"","theme-transparent-header-meta":"","adv-header-id-meta":"","stick-header-meta":"","header-above-stick-meta":"","header-main-stick-meta":"","header-below-stick-meta":"","astra-migrate-meta-layouts":"default","ast-page-background-enabled":"default","ast-page-background-meta":{"desktop":{"background-color":"var(--ast-global-color-5)","background-image":"","background-repeat":"repeat","background-position":"center center","background-size":"auto","background-attachment":"scroll","background-type":"","background-media":"","overlay-type":"","overlay-color":"","overlay-opacity":"","overlay-gradient":""},"tablet":{"background-color":"","background-image":"","background-repeat":"repeat","background-position":"center center","background-size":"auto","background-attachment":"scroll","background-type":"","background-media":"","overlay-type":"","overlay-color":"","overlay-opacity":"","overlay-gradient":""},"mobile":{"background-color":"","background-image":"","background-repeat":"repeat","background-position":"center center","background-size":"auto","background-attachment":"scroll","background-type":"","background-media":"","overlay-type":"","overlay-color":"","overlay-opacity":"","overlay-gradient":""}},"ast-content-background-meta":{"desktop":{"background-color":"var(--ast-global-color-4)","background-image":"","background-repeat":"repeat","background-position":"center center","background-size":"auto","background-attachment":"scroll","background-type":"","background-media":"","overlay-type":"","overlay-color":"","overlay-opacity":"","overlay-gradient":""},"tablet":{"background-color":"var(--ast-global-color-4)","background-image":"","background-repeat":"repeat","background-position":"center center","background-size":"auto","background-attachment":"scroll","background-type":"","background-media":"","overlay-type":"","overlay-color":"","overlay-opacity":"","overlay-gradient":""},"mobile":{"background-color":"var(--ast-global-color-4)","background-image":"","background-repeat":"repeat","background-position":"center center","background-size":"auto","background-attachment":"scroll","background-type":"","background-media":"","overlay-type":"","overlay-color":"","overlay-opacity":"","overlay-gradient":""}},"footnotes":""},"categories":[1],"tags":[],"class_list":["post-57089","post","type-post","status-publish","format-standard","hentry","category-sem-categoria"],"yoast_head":"<!-- This site is optimized with the Yoast SEO plugin v26.6 - https:\/\/yoast.com\/wordpress\/plugins\/seo\/ -->\n<title>A\u00e7\u00e3o de empreendedores arrecada donativos para a Casa da Crian\u00e7a Menino Jesus, em S\u00e3o Lu\u00eds - Daniel Matos<\/title>\n<meta name=\"robots\" content=\"index, follow, max-snippet:-1, max-image-preview:large, max-video-preview:-1\" \/>\n<link rel=\"canonical\" href=\"https:\/\/www.blogsoestado.com\/danielmatos\/acao-de-empreendedores-arrecada-donativos-para-a-casa-da-crianca-menino-jesus-em-sao-luis\/\" \/>\n<meta property=\"og:locale\" content=\"pt_BR\" \/>\n<meta property=\"og:type\" content=\"article\" \/>\n<meta property=\"og:title\" content=\"A\u00e7\u00e3o de empreendedores arrecada donativos para a Casa da Crian\u00e7a Menino Jesus, em S\u00e3o Lu\u00eds - Daniel Matos\" \/>\n<meta property=\"og:description\" content=\"Evento ter\u00e1 a presen\u00e7a de empres\u00e1rios, que v\u00e3o contar suas hist\u00f3rias de sucesso e ocorrer\u00e1 durante a manh\u00e3 e tarde [&hellip;]\" \/>\n<meta property=\"og:url\" content=\"https:\/\/www.blogsoestado.com\/danielmatos\/acao-de-empreendedores-arrecada-donativos-para-a-casa-da-crianca-menino-jesus-em-sao-luis\/\" \/>\n<meta property=\"og:site_name\" content=\"Daniel Matos\" \/>\n<meta property=\"article:published_time\" content=\"2018-10-19T21:38:49+00:00\" \/>\n<meta property=\"og:image\" content=\"https:\/\/www.blogsoestado.com\/danielmatos\/files\/2018\/10\/daniel-doa.jpg\" \/>\n<meta name=\"twitter:card\" content=\"summary_large_image\" \/>\n<meta name=\"twitter:label1\" content=\"Est. tempo de leitura\" \/>\n\t<meta name=\"twitter:data1\" content=\"2 minutos\" \/>\n<script type=\"application\/ld+json\" class=\"yoast-schema-graph\">{\"@context\":\"https:\/\/schema.org\",\"@graph\":[{\"@type\":\"WebPage\",\"@id\":\"https:\/\/www.blogsoestado.com\/danielmatos\/acao-de-empreendedores-arrecada-donativos-para-a-casa-da-crianca-menino-jesus-em-sao-luis\/\",\"url\":\"https:\/\/www.blogsoestado.com\/danielmatos\/acao-de-empreendedores-arrecada-donativos-para-a-casa-da-crianca-menino-jesus-em-sao-luis\/\",\"name\":\"A\u00e7\u00e3o de empreendedores arrecada donativos para a Casa da Crian\u00e7a Menino Jesus, em S\u00e3o Lu\u00eds - Daniel Matos\",\"isPartOf\":{\"@id\":\"https:\/\/www.blogsoestado.com\/danielmatos\/#website\"},\"primaryImageOfPage\":{\"@id\":\"https:\/\/www.blogsoestado.com\/danielmatos\/acao-de-empreendedores-arrecada-donativos-para-a-casa-da-crianca-menino-jesus-em-sao-luis\/#primaryimage\"},\"image\":{\"@id\":\"https:\/\/www.blogsoestado.com\/danielmatos\/acao-de-empreendedores-arrecada-donativos-para-a-casa-da-crianca-menino-jesus-em-sao-luis\/#primaryimage\"},\"thumbnailUrl\":\"https:\/\/www.blogsoestado.com\/danielmatos\/files\/2018\/10\/daniel-doa.jpg\",\"datePublished\":\"2018-10-19T21:38:49+00:00\",\"author\":{\"@id\":\"\"},\"breadcrumb\":{\"@id\":\"https:\/\/www.blogsoestado.com\/danielmatos\/acao-de-empreendedores-arrecada-donativos-para-a-casa-da-crianca-menino-jesus-em-sao-luis\/#breadcrumb\"},\"inLanguage\":\"pt-BR\",\"potentialAction\":[{\"@type\":\"ReadAction\",\"target\":[\"https:\/\/www.blogsoestado.com\/danielmatos\/acao-de-empreendedores-arrecada-donativos-para-a-casa-da-crianca-menino-jesus-em-sao-luis\/\"]}]},{\"@type\":\"ImageObject\",\"inLanguage\":\"pt-BR\",\"@id\":\"https:\/\/www.blogsoestado.com\/danielmatos\/acao-de-empreendedores-arrecada-donativos-para-a-casa-da-crianca-menino-jesus-em-sao-luis\/#primaryimage\",\"url\":\"https:\/\/www.blogsoestado.com\/danielmatos\/files\/2018\/10\/daniel-doa.jpg\",\"contentUrl\":\"https:\/\/www.blogsoestado.com\/danielmatos\/files\/2018\/10\/daniel-doa.jpg\"},{\"@type\":\"BreadcrumbList\",\"@id\":\"https:\/\/www.blogsoestado.com\/danielmatos\/acao-de-empreendedores-arrecada-donativos-para-a-casa-da-crianca-menino-jesus-em-sao-luis\/#breadcrumb\",\"itemListElement\":[{\"@type\":\"ListItem\",\"position\":1,\"name\":\"In\u00edcio\",\"item\":\"https:\/\/www.blogsoestado.com\/danielmatos\/\"},{\"@type\":\"ListItem\",\"position\":2,\"name\":\"A\u00e7\u00e3o de empreendedores arrecada donativos para a Casa da Crian\u00e7a Menino Jesus, em S\u00e3o Lu\u00eds\"}]},{\"@type\":\"WebSite\",\"@id\":\"https:\/\/www.blogsoestado.com\/danielmatos\/#website\",\"url\":\"https:\/\/www.blogsoestado.com\/danielmatos\/\",\"name\":\"Daniel Matos\",\"description\":\"\",\"potentialAction\":[{\"@type\":\"SearchAction\",\"target\":{\"@type\":\"EntryPoint\",\"urlTemplate\":\"https:\/\/www.blogsoestado.com\/danielmatos\/?s={search_term_string}\"},\"query-input\":{\"@type\":\"PropertyValueSpecification\",\"valueRequired\":true,\"valueName\":\"search_term_string\"}}],\"inLanguage\":\"pt-BR\"}]}<\/script>\n<!-- \/ Yoast SEO plugin. -->","yoast_head_json":{"title":"A\u00e7\u00e3o de empreendedores arrecada donativos para a Casa da Crian\u00e7a Menino Jesus, em S\u00e3o Lu\u00eds - Daniel Matos","robots":{"index":"index","follow":"follow","max-snippet":"max-snippet:-1","max-image-preview":"max-image-preview:large","max-video-preview":"max-video-preview:-1"},"canonical":"https:\/\/www.blogsoestado.com\/danielmatos\/acao-de-empreendedores-arrecada-donativos-para-a-casa-da-crianca-menino-jesus-em-sao-luis\/","og_locale":"pt_BR","og_type":"article","og_title":"A\u00e7\u00e3o de empreendedores arrecada donativos para a Casa da Crian\u00e7a Menino Jesus, em S\u00e3o Lu\u00eds - Daniel Matos","og_description":"Evento ter\u00e1 a presen\u00e7a de empres\u00e1rios, que v\u00e3o contar suas hist\u00f3rias de sucesso e ocorrer\u00e1 durante a manh\u00e3 e tarde [&hellip;]","og_url":"https:\/\/www.blogsoestado.com\/danielmatos\/acao-de-empreendedores-arrecada-donativos-para-a-casa-da-crianca-menino-jesus-em-sao-luis\/","og_site_name":"Daniel Matos","article_published_time":"2018-10-19T21:38:49+00:00","og_image":[{"url":"https:\/\/www.blogsoestado.com\/danielmatos\/files\/2018\/10\/daniel-doa.jpg","type":"","width":"","height":""}],"twitter_card":"summary_large_image","twitter_misc":{"Est. tempo de leitura":"2 minutos"},"schema":{"@context":"https:\/\/schema.org","@graph":[{"@type":"WebPage","@id":"https:\/\/www.blogsoestado.com\/danielmatos\/acao-de-empreendedores-arrecada-donativos-para-a-casa-da-crianca-menino-jesus-em-sao-luis\/","url":"https:\/\/www.blogsoestado.com\/danielmatos\/acao-de-empreendedores-arrecada-donativos-para-a-casa-da-crianca-menino-jesus-em-sao-luis\/","name":"A\u00e7\u00e3o de empreendedores arrecada donativos para a Casa da Crian\u00e7a Menino Jesus, em S\u00e3o Lu\u00eds - Daniel Matos","isPartOf":{"@id":"https:\/\/www.blogsoestado.com\/danielmatos\/#website"},"primaryImageOfPage":{"@id":"https:\/\/www.blogsoestado.com\/danielmatos\/acao-de-empreendedores-arrecada-donativos-para-a-casa-da-crianca-menino-jesus-em-sao-luis\/#primaryimage"},"image":{"@id":"https:\/\/www.blogsoestado.com\/danielmatos\/acao-de-empreendedores-arrecada-donativos-para-a-casa-da-crianca-menino-jesus-em-sao-luis\/#primaryimage"},"thumbnailUrl":"https:\/\/www.blogsoestado.com\/danielmatos\/files\/2018\/10\/daniel-doa.jpg","datePublished":"2018-10-19T21:38:49+00:00","author":{"@id":""},"breadcrumb":{"@id":"https:\/\/www.blogsoestado.com\/danielmatos\/acao-de-empreendedores-arrecada-donativos-para-a-casa-da-crianca-menino-jesus-em-sao-luis\/#breadcrumb"},"inLanguage":"pt-BR","potentialAction":[{"@type":"ReadAction","target":["https:\/\/www.blogsoestado.com\/danielmatos\/acao-de-empreendedores-arrecada-donativos-para-a-casa-da-crianca-menino-jesus-em-sao-luis\/"]}]},{"@type":"ImageObject","inLanguage":"pt-BR","@id":"https:\/\/www.blogsoestado.com\/danielmatos\/acao-de-empreendedores-arrecada-donativos-para-a-casa-da-crianca-menino-jesus-em-sao-luis\/#primaryimage","url":"https:\/\/www.blogsoestado.com\/danielmatos\/files\/2018\/10\/daniel-doa.jpg","contentUrl":"https:\/\/www.blogsoestado.com\/danielmatos\/files\/2018\/10\/daniel-doa.jpg"},{"@type":"BreadcrumbList","@id":"https:\/\/www.blogsoestado.com\/danielmatos\/acao-de-empreendedores-arrecada-donativos-para-a-casa-da-crianca-menino-jesus-em-sao-luis\/#breadcrumb","itemListElement":[{"@type":"ListItem","position":1,"name":"In\u00edcio","item":"https:\/\/www.blogsoestado.com\/danielmatos\/"},{"@type":"ListItem","position":2,"name":"A\u00e7\u00e3o de empreendedores arrecada donativos para a Casa da Crian\u00e7a Menino Jesus, em S\u00e3o Lu\u00eds"}]},{"@type":"WebSite","@id":"https:\/\/www.blogsoestado.com\/danielmatos\/#website","url":"https:\/\/www.blogsoestado.com\/danielmatos\/","name":"Daniel Matos","description":"","potentialAction":[{"@type":"SearchAction","target":{"@type":"EntryPoint","urlTemplate":"https:\/\/www.blogsoestado.com\/danielmatos\/?s={search_term_string}"},"query-input":{"@type":"PropertyValueSpecification","valueRequired":true,"valueName":"search_term_string"}}],"inLanguage":"pt-BR"}]}},"jetpack_featured_media_url":"","_links":{"self":[{"href":"https:\/\/www.blogsoestado.com\/danielmatos\/wp-json\/wp\/v2\/posts\/57089","targetHints":{"allow":["GET"]}}],"collection":[{"href":"https:\/\/www.blogsoestado.com\/danielmatos\/wp-json\/wp\/v2\/posts"}],"about":[{"href":"https:\/\/www.blogsoestado.com\/danielmatos\/wp-json\/wp\/v2\/types\/post"}],"replies":[{"embeddable":true,"href":"https:\/\/www.blogsoestado.com\/danielmatos\/wp-json\/wp\/v2\/comments?post=57089"}],"version-history":[{"count":0,"href":"https:\/\/www.blogsoestado.com\/danielmatos\/wp-json\/wp\/v2\/posts\/57089\/revisions"}],"wp:attachment":[{"href":"https:\/\/www.blogsoestado.com\/danielmatos\/wp-json\/wp\/v2\/media?parent=57089"}],"wp:term":[{"taxonomy":"category","embeddable":true,"href":"https:\/\/www.blogsoestado.com\/danielmatos\/wp-json\/wp\/v2\/categories?post=57089"},{"taxonomy":"post_tag","embeddable":true,"href":"https:\/\/www.blogsoestado.com\/danielmatos\/wp-json\/wp\/v2\/tags?post=57089"}],"curies":[{"name":"wp","href":"https:\/\/api.w.org\/{rel}","templated":true}]}}