{"id":57101,"date":"2018-10-21T20:13:07","date_gmt":"2018-10-21T23:13:07","guid":{"rendered":"https:\/\/www.blogsoestado.com\/danielmatos\/?p=57101"},"modified":"2018-10-21T20:13:07","modified_gmt":"2018-10-21T23:13:07","slug":"justica-federal-manda-soltar-ricardo-murad","status":"publish","type":"post","link":"https:\/\/www.blogsoestado.com\/danielmatos\/justica-federal-manda-soltar-ricardo-murad\/","title":{"rendered":"Justi\u00e7a Federal manda soltar Ricardo Murad"},"content":{"rendered":"<div class=\"materia-cabecalho\">\n<div class=\"conteudo\">\n<div class=\"linha\">\n<div class=\"colunaGrande-8 colunaGrande-offset-2\">\n<h2 class=\"materia-titulo\"><span style=\"color: #ff0000;\">Ex-secret\u00e1rio de Sa\u00fade deixou a sede da Pol\u00edcia Federal em S\u00e3o Lu\u00eds, onde esteve preso temporariamente,\u00a0 em meio \u00e0s investiga\u00e7\u00f5es da Opera\u00e7\u00e3o Peixe de Tobias<\/span><\/h2>\n<figure id=\"attachment_56360\" aria-describedby=\"caption-attachment-56360\" style=\"width: 350px\" class=\"wp-caption alignleft\"><a href=\"https:\/\/www.blogsoestado.com\/danielmatos\/2018\/10\/01\/em-manifesto-ricardo-murad-anuncia-que-pedira-investigacao-de-abusos-praticados-por-flavio-dino-na-campanha\/ricardo-manifesto\/\" rel=\"attachment wp-att-56360\"><img fetchpriority=\"high\" decoding=\"async\" class=\"wp-image-56360\" src=\"https:\/\/www.blogsoestado.com\/danielmatos\/files\/2018\/10\/ricardo-manifesto.jpg\" alt=\"\" width=\"350\" height=\"475\" \/><\/a><figcaption id=\"caption-attachment-56360\" class=\"wp-caption-text\">Ricardo Murad drixou a sede da Pol\u00edcia Federal na noite de s\u00e1bado<\/figcaption><\/figure>\n<div class=\"materia-social\">A desembargadora Maria do Carmo Cardoso do Tribunal Regional Federal da 1\u00b0 Regi\u00e3o revogou a pris\u00e3o tempor\u00e1ria do ex-secret\u00e1rio de Sa\u00fade, Ricardo Murad (PRP). Ele estava sob cust\u00f3dia desde quinta-feira, 18, ap\u00f3s se apresentar espontaneamente na sede Pol\u00edcia Federal.<\/div>\n<div><\/div>\n<div class=\"materia-social\">Ricardo Murad era um dos alvos da Opera\u00e7\u00e3o Serm\u00e3o aos Peixes, que investiga desvio de dinheiro p\u00fablica da Sa\u00fade do Maranh\u00e3o.<\/div>\n<\/div>\n<\/div>\n<\/div>\n<\/div>\n<div class=\"materia-corpo\">\n<div class=\"conteudo\">\n<div class=\"linha\">\n<div class=\"colunaGrande-6 colunaGrande-offset-3\">\n<p class=\"materia-texto\">Em sua sexta fase, a opera\u00e7\u00e3o que resultou na pris\u00e3o de Murad foi denominado de Peixe de Tobias, que, segundo a PF, detectou ind\u00edcios de que, entre os anos de 2011 a 2013, cerca de R$ 2 milh\u00f5es, destinados ao sistema de sa\u00fade estadual, teriam sido desviados para uma empresa sediada na cidade de Imperatriz.<\/p>\n<p class=\"materia-texto\">De acordo com o Minist\u00e9rio P\u00fablico Federal (MPF), parte da verba teria ido para o deputado Estadual Ant\u00f4nio Pereira (DEM), que usou para pagamento de material de divulga\u00e7\u00e3o na m\u00eddia.<\/p>\n<p class=\"materia-texto\">A Opera\u00e7\u00e3o Peixe de Tobias ocorreu no mesmo dia da Opera\u00e7\u00e3o Abscondito II, que investiga o vazamento de informa\u00e7\u00f5es sobre a primeira fase da Serm\u00e3o aos Peixes. As duas opera\u00e7\u00f5es ocorreram em seis cidades: S\u00e3o Lu\u00eds\/MA, Imperatriz\/MA, Parauapebas\/PA, Palmas\/TO, Bras\u00edlia\/DF e Goi\u00e2nia\/GO.<\/p>\n<p class=\"materia-texto\">Foram cumpridos 19 mandados de busca e apreens\u00e3o (entre estes um na casa do deputado Ant\u00f4nio Pereira), oito de pris\u00e3o tempor\u00e1ria e um de pris\u00e3o preventiva, todos expedidos pela 1\u00aa Vara Criminal Federal da Se\u00e7\u00e3o Judici\u00e1ria do Maranh\u00e3o. Al\u00e9m disso, foi determinado o bloqueio judicial e sequestro de bens, num valor superior a R$ 15 milh\u00f5es.<\/p>\n<p class=\"materia-texto\"><strong>Carlos Lula tamb\u00e9m \u00e9 investigado<\/strong><\/p>\n<p class=\"materia-texto\">As opera\u00e7\u00f5es deflagradas s\u00e3o desdobramentos de uma investiga\u00e7\u00e3o feita pela Pol\u00edcia Federal desde 2015 e que j\u00e1 apontou irregularidades na aplica\u00e7\u00e3o de recursos da Sa\u00fade tanto na gest\u00e3o Ricardo Murad, quanto na de Carlos Lula \u00e0 frente da Secretaria de Estado da Sa\u00fade (SES).<\/p>\n<p class=\"materia-texto\">Em julho, por exemplo, o juiz federal Roberto Veloso, da 1\u00aa Vara da Justi\u00e7a Federal no Maranh\u00e3o, negou um pedido dos advogados do atual titular da SES para que fosse arquivado um processo aberto no Minist\u00e9rio da Transpar\u00eancia e Controladoria-Geral da Uni\u00e3o (CGU) decorrente da Opera\u00e7\u00e3o Pegadores.<\/p>\n<p class=\"materia-texto\">A investiga\u00e7\u00e3o da CGU foi aberta a pedido da pr\u00f3pria PF, diante dos ind\u00edcios de fraude encontrados na licita\u00e7\u00e3o para contrata\u00e7\u00e3o de Organiza\u00e7\u00e3o Social que administraria a UPA de Chapadinha. A entidade vencedora do certame foi o Idac, alvo da Opera\u00e7\u00e3o R\u00eamora, 4\u00aa fase da Opera\u00e7\u00e3o Serm\u00e3o aos Peixes.<\/p>\n<p class=\"materia-texto\">Ao rejeitar o pedido de Lula, Roberto Veloso declarou que h\u00e1 interesse p\u00fablico envolvido no inqu\u00e9rito aberto contra o secret\u00e1rio. Segundo ele, o fato de a sa\u00fade p\u00fablica estar \u201ct\u00e3o deteriorada na quadra atual\u201d \u00e9 motivo o suficiente para a manuten\u00e7\u00e3o das investiga\u00e7\u00f5es.<\/p>\n<p><strong>Fonte<\/strong>: jornal <a href=\"http:\/\/www.oestadoma.com.br\">O Estado do Maranh\u00e3o<\/a><\/p>\n<\/div>\n<\/div>\n<\/div>\n<\/div>\n","protected":false},"excerpt":{"rendered":"<p>Ex-secret\u00e1rio de Sa\u00fade deixou a sede da Pol\u00edcia Federal em S\u00e3o Lu\u00eds, onde esteve preso temporariamente,\u00a0 em meio \u00e0s investiga\u00e7\u00f5es [&hellip;]<\/p>\n","protected":false},"author":0,"featured_media":0,"comment_status":"open","ping_status":"open","sticky":false,"template":"","format":"standard","meta":{"site-sidebar-layout":"default","site-content-layout":"","ast-site-content-layout":"default","site-content-style":"default","site-sidebar-style":"default","ast-global-header-display":"","ast-banner-title-visibility":"","ast-main-header-display":"","ast-hfb-above-header-display":"","ast-hfb-below-header-display":"","ast-hfb-mobile-header-display":"","site-post-title":"","ast-breadcrumbs-content":"","ast-featured-img":"","footer-sml-layout":"","ast-disable-related-posts":"","theme-transparent-header-meta":"","adv-header-id-meta":"","stick-header-meta":"","header-above-stick-meta":"","header-main-stick-meta":"","header-below-stick-meta":"","astra-migrate-meta-layouts":"default","ast-page-background-enabled":"default","ast-page-background-meta":{"desktop":{"background-color":"var(--ast-global-color-5)","background-image":"","background-repeat":"repeat","background-position":"center center","background-size":"auto","background-attachment":"scroll","background-type":"","background-media":"","overlay-type":"","overlay-color":"","overlay-opacity":"","overlay-gradient":""},"tablet":{"background-color":"","background-image":"","background-repeat":"repeat","background-position":"center center","background-size":"auto","background-attachment":"scroll","background-type":"","background-media":"","overlay-type":"","overlay-color":"","overlay-opacity":"","overlay-gradient":""},"mobile":{"background-color":"","background-image":"","background-repeat":"repeat","background-position":"center center","background-size":"auto","background-attachment":"scroll","background-type":"","background-media":"","overlay-type":"","overlay-color":"","overlay-opacity":"","overlay-gradient":""}},"ast-content-background-meta":{"desktop":{"background-color":"var(--ast-global-color-4)","background-image":"","background-repeat":"repeat","background-position":"center center","background-size":"auto","background-attachment":"scroll","background-type":"","background-media":"","overlay-type":"","overlay-color":"","overlay-opacity":"","overlay-gradient":""},"tablet":{"background-color":"var(--ast-global-color-4)","background-image":"","background-repeat":"repeat","background-position":"center center","background-size":"auto","background-attachment":"scroll","background-type":"","background-media":"","overlay-type":"","overlay-color":"","overlay-opacity":"","overlay-gradient":""},"mobile":{"background-color":"var(--ast-global-color-4)","background-image":"","background-repeat":"repeat","background-position":"center center","background-size":"auto","background-attachment":"scroll","background-type":"","background-media":"","overlay-type":"","overlay-color":"","overlay-opacity":"","overlay-gradient":""}},"footnotes":""},"categories":[1],"tags":[],"class_list":["post-57101","post","type-post","status-publish","format-standard","hentry","category-sem-categoria"],"yoast_head":"<!-- This site is optimized with the Yoast SEO plugin v26.6 - https:\/\/yoast.com\/wordpress\/plugins\/seo\/ -->\n<title>Justi\u00e7a Federal manda soltar Ricardo Murad - Daniel Matos<\/title>\n<meta name=\"robots\" content=\"index, follow, max-snippet:-1, max-image-preview:large, max-video-preview:-1\" \/>\n<link rel=\"canonical\" href=\"https:\/\/www.blogsoestado.com\/danielmatos\/justica-federal-manda-soltar-ricardo-murad\/\" \/>\n<meta property=\"og:locale\" content=\"pt_BR\" \/>\n<meta property=\"og:type\" content=\"article\" \/>\n<meta property=\"og:title\" content=\"Justi\u00e7a Federal manda soltar Ricardo Murad - Daniel Matos\" \/>\n<meta property=\"og:description\" content=\"Ex-secret\u00e1rio de Sa\u00fade deixou a sede da Pol\u00edcia Federal em S\u00e3o Lu\u00eds, onde esteve preso temporariamente,\u00a0 em meio \u00e0s investiga\u00e7\u00f5es [&hellip;]\" \/>\n<meta property=\"og:url\" content=\"https:\/\/www.blogsoestado.com\/danielmatos\/justica-federal-manda-soltar-ricardo-murad\/\" \/>\n<meta property=\"og:site_name\" content=\"Daniel Matos\" \/>\n<meta property=\"article:published_time\" content=\"2018-10-21T23:13:07+00:00\" \/>\n<meta property=\"og:image\" content=\"https:\/\/www.blogsoestado.com\/danielmatos\/files\/2018\/10\/ricardo-manifesto.jpg\" \/>\n<meta name=\"twitter:card\" content=\"summary_large_image\" \/>\n<meta name=\"twitter:label1\" content=\"Est. tempo de leitura\" \/>\n\t<meta name=\"twitter:data1\" content=\"3 minutos\" \/>\n<script type=\"application\/ld+json\" class=\"yoast-schema-graph\">{\"@context\":\"https:\/\/schema.org\",\"@graph\":[{\"@type\":\"WebPage\",\"@id\":\"https:\/\/www.blogsoestado.com\/danielmatos\/justica-federal-manda-soltar-ricardo-murad\/\",\"url\":\"https:\/\/www.blogsoestado.com\/danielmatos\/justica-federal-manda-soltar-ricardo-murad\/\",\"name\":\"Justi\u00e7a Federal manda soltar Ricardo Murad - Daniel Matos\",\"isPartOf\":{\"@id\":\"https:\/\/www.blogsoestado.com\/danielmatos\/#website\"},\"primaryImageOfPage\":{\"@id\":\"https:\/\/www.blogsoestado.com\/danielmatos\/justica-federal-manda-soltar-ricardo-murad\/#primaryimage\"},\"image\":{\"@id\":\"https:\/\/www.blogsoestado.com\/danielmatos\/justica-federal-manda-soltar-ricardo-murad\/#primaryimage\"},\"thumbnailUrl\":\"https:\/\/www.blogsoestado.com\/danielmatos\/files\/2018\/10\/ricardo-manifesto.jpg\",\"datePublished\":\"2018-10-21T23:13:07+00:00\",\"author\":{\"@id\":\"\"},\"breadcrumb\":{\"@id\":\"https:\/\/www.blogsoestado.com\/danielmatos\/justica-federal-manda-soltar-ricardo-murad\/#breadcrumb\"},\"inLanguage\":\"pt-BR\",\"potentialAction\":[{\"@type\":\"ReadAction\",\"target\":[\"https:\/\/www.blogsoestado.com\/danielmatos\/justica-federal-manda-soltar-ricardo-murad\/\"]}]},{\"@type\":\"ImageObject\",\"inLanguage\":\"pt-BR\",\"@id\":\"https:\/\/www.blogsoestado.com\/danielmatos\/justica-federal-manda-soltar-ricardo-murad\/#primaryimage\",\"url\":\"https:\/\/www.blogsoestado.com\/danielmatos\/files\/2018\/10\/ricardo-manifesto.jpg\",\"contentUrl\":\"https:\/\/www.blogsoestado.com\/danielmatos\/files\/2018\/10\/ricardo-manifesto.jpg\"},{\"@type\":\"BreadcrumbList\",\"@id\":\"https:\/\/www.blogsoestado.com\/danielmatos\/justica-federal-manda-soltar-ricardo-murad\/#breadcrumb\",\"itemListElement\":[{\"@type\":\"ListItem\",\"position\":1,\"name\":\"In\u00edcio\",\"item\":\"https:\/\/www.blogsoestado.com\/danielmatos\/\"},{\"@type\":\"ListItem\",\"position\":2,\"name\":\"Justi\u00e7a Federal manda soltar Ricardo Murad\"}]},{\"@type\":\"WebSite\",\"@id\":\"https:\/\/www.blogsoestado.com\/danielmatos\/#website\",\"url\":\"https:\/\/www.blogsoestado.com\/danielmatos\/\",\"name\":\"Daniel Matos\",\"description\":\"\",\"potentialAction\":[{\"@type\":\"SearchAction\",\"target\":{\"@type\":\"EntryPoint\",\"urlTemplate\":\"https:\/\/www.blogsoestado.com\/danielmatos\/?s={search_term_string}\"},\"query-input\":{\"@type\":\"PropertyValueSpecification\",\"valueRequired\":true,\"valueName\":\"search_term_string\"}}],\"inLanguage\":\"pt-BR\"}]}<\/script>\n<!-- \/ Yoast SEO plugin. -->","yoast_head_json":{"title":"Justi\u00e7a Federal manda soltar Ricardo Murad - Daniel Matos","robots":{"index":"index","follow":"follow","max-snippet":"max-snippet:-1","max-image-preview":"max-image-preview:large","max-video-preview":"max-video-preview:-1"},"canonical":"https:\/\/www.blogsoestado.com\/danielmatos\/justica-federal-manda-soltar-ricardo-murad\/","og_locale":"pt_BR","og_type":"article","og_title":"Justi\u00e7a Federal manda soltar Ricardo Murad - Daniel Matos","og_description":"Ex-secret\u00e1rio de Sa\u00fade deixou a sede da Pol\u00edcia Federal em S\u00e3o Lu\u00eds, onde esteve preso temporariamente,\u00a0 em meio \u00e0s investiga\u00e7\u00f5es [&hellip;]","og_url":"https:\/\/www.blogsoestado.com\/danielmatos\/justica-federal-manda-soltar-ricardo-murad\/","og_site_name":"Daniel Matos","article_published_time":"2018-10-21T23:13:07+00:00","og_image":[{"url":"https:\/\/www.blogsoestado.com\/danielmatos\/files\/2018\/10\/ricardo-manifesto.jpg","type":"","width":"","height":""}],"twitter_card":"summary_large_image","twitter_misc":{"Est. tempo de leitura":"3 minutos"},"schema":{"@context":"https:\/\/schema.org","@graph":[{"@type":"WebPage","@id":"https:\/\/www.blogsoestado.com\/danielmatos\/justica-federal-manda-soltar-ricardo-murad\/","url":"https:\/\/www.blogsoestado.com\/danielmatos\/justica-federal-manda-soltar-ricardo-murad\/","name":"Justi\u00e7a Federal manda soltar Ricardo Murad - Daniel Matos","isPartOf":{"@id":"https:\/\/www.blogsoestado.com\/danielmatos\/#website"},"primaryImageOfPage":{"@id":"https:\/\/www.blogsoestado.com\/danielmatos\/justica-federal-manda-soltar-ricardo-murad\/#primaryimage"},"image":{"@id":"https:\/\/www.blogsoestado.com\/danielmatos\/justica-federal-manda-soltar-ricardo-murad\/#primaryimage"},"thumbnailUrl":"https:\/\/www.blogsoestado.com\/danielmatos\/files\/2018\/10\/ricardo-manifesto.jpg","datePublished":"2018-10-21T23:13:07+00:00","author":{"@id":""},"breadcrumb":{"@id":"https:\/\/www.blogsoestado.com\/danielmatos\/justica-federal-manda-soltar-ricardo-murad\/#breadcrumb"},"inLanguage":"pt-BR","potentialAction":[{"@type":"ReadAction","target":["https:\/\/www.blogsoestado.com\/danielmatos\/justica-federal-manda-soltar-ricardo-murad\/"]}]},{"@type":"ImageObject","inLanguage":"pt-BR","@id":"https:\/\/www.blogsoestado.com\/danielmatos\/justica-federal-manda-soltar-ricardo-murad\/#primaryimage","url":"https:\/\/www.blogsoestado.com\/danielmatos\/files\/2018\/10\/ricardo-manifesto.jpg","contentUrl":"https:\/\/www.blogsoestado.com\/danielmatos\/files\/2018\/10\/ricardo-manifesto.jpg"},{"@type":"BreadcrumbList","@id":"https:\/\/www.blogsoestado.com\/danielmatos\/justica-federal-manda-soltar-ricardo-murad\/#breadcrumb","itemListElement":[{"@type":"ListItem","position":1,"name":"In\u00edcio","item":"https:\/\/www.blogsoestado.com\/danielmatos\/"},{"@type":"ListItem","position":2,"name":"Justi\u00e7a Federal manda soltar Ricardo Murad"}]},{"@type":"WebSite","@id":"https:\/\/www.blogsoestado.com\/danielmatos\/#website","url":"https:\/\/www.blogsoestado.com\/danielmatos\/","name":"Daniel Matos","description":"","potentialAction":[{"@type":"SearchAction","target":{"@type":"EntryPoint","urlTemplate":"https:\/\/www.blogsoestado.com\/danielmatos\/?s={search_term_string}"},"query-input":{"@type":"PropertyValueSpecification","valueRequired":true,"valueName":"search_term_string"}}],"inLanguage":"pt-BR"}]}},"jetpack_featured_media_url":"","_links":{"self":[{"href":"https:\/\/www.blogsoestado.com\/danielmatos\/wp-json\/wp\/v2\/posts\/57101","targetHints":{"allow":["GET"]}}],"collection":[{"href":"https:\/\/www.blogsoestado.com\/danielmatos\/wp-json\/wp\/v2\/posts"}],"about":[{"href":"https:\/\/www.blogsoestado.com\/danielmatos\/wp-json\/wp\/v2\/types\/post"}],"replies":[{"embeddable":true,"href":"https:\/\/www.blogsoestado.com\/danielmatos\/wp-json\/wp\/v2\/comments?post=57101"}],"version-history":[{"count":0,"href":"https:\/\/www.blogsoestado.com\/danielmatos\/wp-json\/wp\/v2\/posts\/57101\/revisions"}],"wp:attachment":[{"href":"https:\/\/www.blogsoestado.com\/danielmatos\/wp-json\/wp\/v2\/media?parent=57101"}],"wp:term":[{"taxonomy":"category","embeddable":true,"href":"https:\/\/www.blogsoestado.com\/danielmatos\/wp-json\/wp\/v2\/categories?post=57101"},{"taxonomy":"post_tag","embeddable":true,"href":"https:\/\/www.blogsoestado.com\/danielmatos\/wp-json\/wp\/v2\/tags?post=57101"}],"curies":[{"name":"wp","href":"https:\/\/api.w.org\/{rel}","templated":true}]}}