{"id":57108,"date":"2018-10-22T10:00:21","date_gmt":"2018-10-22T13:00:21","guid":{"rendered":"https:\/\/www.blogsoestado.com\/danielmatos\/?p=57108"},"modified":"2018-10-22T10:00:21","modified_gmt":"2018-10-22T13:00:21","slug":"mocao-de-desagravo-contra-juizes-e-promotores","status":"publish","type":"post","link":"https:\/\/www.blogsoestado.com\/danielmatos\/mocao-de-desagravo-contra-juizes-e-promotores\/","title":{"rendered":"Mo\u00e7\u00e3o de desagravo contra ju\u00edzes e promotores"},"content":{"rendered":"<figure id=\"attachment_57109\" aria-describedby=\"caption-attachment-57109\" style=\"width: 650px\" class=\"wp-caption aligncenter\"><a href=\"https:\/\/www.blogsoestado.com\/danielmatos\/2018\/10\/22\/mocao-de-desagravo-contra-juizes-e-promotores\/sama\/\" rel=\"attachment wp-att-57109\"><img fetchpriority=\"high\" decoding=\"async\" class=\"wp-image-57109\" src=\"https:\/\/www.blogsoestado.com\/danielmatos\/files\/2018\/10\/sama.jpg\" alt=\"\" width=\"650\" height=\"488\" \/><\/a><figcaption id=\"caption-attachment-57109\" class=\"wp-caption-text\">Presidente do Sindicato dos Advogados do Maranh\u00e3o, Mozart Baldez, em reuni\u00e3o com a diretoria da entidade e da For\u00e7a Sindical que definiu mo\u00e7\u00e3o de desagravo contra ju\u00edzes<\/figcaption><\/figure>\n<p>A diretoria do Sindicato dos Advogados do Maranh\u00e3o (Sama) e a For\u00e7a Sindical, representada pelo seu presidente Fraz\u00e3o Oliveira, acolheu neste domingo (21\/10), durante assembleia geral, pedido do presidente da entidade, Mozart Baldez, de mo\u00e7\u00e3o de desagravo aos ju\u00edzes Isaac Diego Vieira de Sousa e Alessandro Arrais Pereira, respectivamente, titulares da 1\u00aa e 2\u00aa Vara da Comarca de Graja\u00fa, que se recusaram a presidir mais de 500 processos do advogado Pedro Wullises Lima Sousa, causando um danos irrepar\u00e1veis aos caus\u00eddicos e aos jurisdicionados.<\/p>\n<p>De acordo com fatos noticiados pela imprensa, os magistrados se deram por suspeitos sem motivo que justificasse o foro \u00edntimo que \u00e9 um pr\u00e9-requisito exig\u00edvel pelo CNJ, pois mesmo em segredo de justi\u00e7a, o foro \u00edntimo deve ser declinado pelos magistrados \u00e0 Corregedoria.<\/p>\n<p>Alem disso, tamb\u00e9m foi acolhida a proposta de desagravo a atitude dos promotores de justi\u00e7a Eduardo Andr\u00e9 de Aguiar Lopes e Christian Gonzalez Boucinhas, respectivamente, titulares da 1\u00aa e 2\u00aa Promotoria de Justi\u00e7a da Comarca de Graja\u00fa, que determinaram a invas\u00e3o de uma reuni\u00e3o sindical, por um funcion\u00e1rio n\u00e3o credenciado e fora do expediente normal de trabalho, para intimar o presidente do Sama para uma investiga\u00e7\u00e3o preliminar, por cal\u00fania, inj\u00faria e difama\u00e7\u00e3o por ter denunciado nas redes sociais o juiz da 2\u00aa Vara de Graja\u00fa que n\u00e3o estava em local de trabalho na sexta-feira, dia 28 de setembro, o que foi denunciado pelo sindicato nas redes sociais. Ou seja, ao inv\u00e9s de apurar &#8211; atrav\u00e9s de a\u00e7\u00e3o de improbidade &#8211; se a aus\u00eancia do magistrado era justific\u00e1vel, o membro do Parquet &#8211; do qual litiga em outros processos com o denunciante &#8211; preferiu intimid\u00e1-lo.<\/p>\n","protected":false},"excerpt":{"rendered":"<p>A diretoria do Sindicato dos Advogados do Maranh\u00e3o (Sama) e a For\u00e7a Sindical, representada pelo seu presidente Fraz\u00e3o Oliveira, acolheu [&hellip;]<\/p>\n","protected":false},"author":0,"featured_media":0,"comment_status":"open","ping_status":"open","sticky":false,"template":"","format":"standard","meta":{"site-sidebar-layout":"default","site-content-layout":"","ast-site-content-layout":"default","site-content-style":"default","site-sidebar-style":"default","ast-global-header-display":"","ast-banner-title-visibility":"","ast-main-header-display":"","ast-hfb-above-header-display":"","ast-hfb-below-header-display":"","ast-hfb-mobile-header-display":"","site-post-title":"","ast-breadcrumbs-content":"","ast-featured-img":"","footer-sml-layout":"","ast-disable-related-posts":"","theme-transparent-header-meta":"","adv-header-id-meta":"","stick-header-meta":"","header-above-stick-meta":"","header-main-stick-meta":"","header-below-stick-meta":"","astra-migrate-meta-layouts":"default","ast-page-background-enabled":"default","ast-page-background-meta":{"desktop":{"background-color":"var(--ast-global-color-5)","background-image":"","background-repeat":"repeat","background-position":"center center","background-size":"auto","background-attachment":"scroll","background-type":"","background-media":"","overlay-type":"","overlay-color":"","overlay-opacity":"","overlay-gradient":""},"tablet":{"background-color":"","background-image":"","background-repeat":"repeat","background-position":"center center","background-size":"auto","background-attachment":"scroll","background-type":"","background-media":"","overlay-type":"","overlay-color":"","overlay-opacity":"","overlay-gradient":""},"mobile":{"background-color":"","background-image":"","background-repeat":"repeat","background-position":"center center","background-size":"auto","background-attachment":"scroll","background-type":"","background-media":"","overlay-type":"","overlay-color":"","overlay-opacity":"","overlay-gradient":""}},"ast-content-background-meta":{"desktop":{"background-color":"var(--ast-global-color-4)","background-image":"","background-repeat":"repeat","background-position":"center center","background-size":"auto","background-attachment":"scroll","background-type":"","background-media":"","overlay-type":"","overlay-color":"","overlay-opacity":"","overlay-gradient":""},"tablet":{"background-color":"var(--ast-global-color-4)","background-image":"","background-repeat":"repeat","background-position":"center center","background-size":"auto","background-attachment":"scroll","background-type":"","background-media":"","overlay-type":"","overlay-color":"","overlay-opacity":"","overlay-gradient":""},"mobile":{"background-color":"var(--ast-global-color-4)","background-image":"","background-repeat":"repeat","background-position":"center center","background-size":"auto","background-attachment":"scroll","background-type":"","background-media":"","overlay-type":"","overlay-color":"","overlay-opacity":"","overlay-gradient":""}},"footnotes":""},"categories":[1],"tags":[],"class_list":["post-57108","post","type-post","status-publish","format-standard","hentry","category-sem-categoria"],"yoast_head":"<!-- This site is optimized with the Yoast SEO plugin v26.6 - https:\/\/yoast.com\/wordpress\/plugins\/seo\/ -->\n<title>Mo\u00e7\u00e3o de desagravo contra ju\u00edzes e promotores - Daniel Matos<\/title>\n<meta name=\"robots\" content=\"index, follow, max-snippet:-1, max-image-preview:large, max-video-preview:-1\" \/>\n<link rel=\"canonical\" href=\"https:\/\/www.blogsoestado.com\/danielmatos\/mocao-de-desagravo-contra-juizes-e-promotores\/\" \/>\n<meta property=\"og:locale\" content=\"pt_BR\" \/>\n<meta property=\"og:type\" content=\"article\" \/>\n<meta property=\"og:title\" content=\"Mo\u00e7\u00e3o de desagravo contra ju\u00edzes e promotores - Daniel Matos\" \/>\n<meta property=\"og:description\" content=\"A diretoria do Sindicato dos Advogados do Maranh\u00e3o (Sama) e a For\u00e7a Sindical, representada pelo seu presidente Fraz\u00e3o Oliveira, acolheu [&hellip;]\" \/>\n<meta property=\"og:url\" content=\"https:\/\/www.blogsoestado.com\/danielmatos\/mocao-de-desagravo-contra-juizes-e-promotores\/\" \/>\n<meta property=\"og:site_name\" content=\"Daniel Matos\" \/>\n<meta property=\"article:published_time\" content=\"2018-10-22T13:00:21+00:00\" \/>\n<meta property=\"og:image\" content=\"https:\/\/www.blogsoestado.com\/danielmatos\/files\/2018\/10\/sama.jpg\" \/>\n<meta name=\"twitter:card\" content=\"summary_large_image\" \/>\n<meta name=\"twitter:label1\" content=\"Est. tempo de leitura\" \/>\n\t<meta name=\"twitter:data1\" content=\"2 minutos\" \/>\n<script type=\"application\/ld+json\" class=\"yoast-schema-graph\">{\"@context\":\"https:\/\/schema.org\",\"@graph\":[{\"@type\":\"WebPage\",\"@id\":\"https:\/\/www.blogsoestado.com\/danielmatos\/mocao-de-desagravo-contra-juizes-e-promotores\/\",\"url\":\"https:\/\/www.blogsoestado.com\/danielmatos\/mocao-de-desagravo-contra-juizes-e-promotores\/\",\"name\":\"Mo\u00e7\u00e3o de desagravo contra ju\u00edzes e promotores - Daniel Matos\",\"isPartOf\":{\"@id\":\"https:\/\/www.blogsoestado.com\/danielmatos\/#website\"},\"primaryImageOfPage\":{\"@id\":\"https:\/\/www.blogsoestado.com\/danielmatos\/mocao-de-desagravo-contra-juizes-e-promotores\/#primaryimage\"},\"image\":{\"@id\":\"https:\/\/www.blogsoestado.com\/danielmatos\/mocao-de-desagravo-contra-juizes-e-promotores\/#primaryimage\"},\"thumbnailUrl\":\"https:\/\/www.blogsoestado.com\/danielmatos\/files\/2018\/10\/sama.jpg\",\"datePublished\":\"2018-10-22T13:00:21+00:00\",\"author\":{\"@id\":\"\"},\"breadcrumb\":{\"@id\":\"https:\/\/www.blogsoestado.com\/danielmatos\/mocao-de-desagravo-contra-juizes-e-promotores\/#breadcrumb\"},\"inLanguage\":\"pt-BR\",\"potentialAction\":[{\"@type\":\"ReadAction\",\"target\":[\"https:\/\/www.blogsoestado.com\/danielmatos\/mocao-de-desagravo-contra-juizes-e-promotores\/\"]}]},{\"@type\":\"ImageObject\",\"inLanguage\":\"pt-BR\",\"@id\":\"https:\/\/www.blogsoestado.com\/danielmatos\/mocao-de-desagravo-contra-juizes-e-promotores\/#primaryimage\",\"url\":\"https:\/\/www.blogsoestado.com\/danielmatos\/files\/2018\/10\/sama.jpg\",\"contentUrl\":\"https:\/\/www.blogsoestado.com\/danielmatos\/files\/2018\/10\/sama.jpg\"},{\"@type\":\"BreadcrumbList\",\"@id\":\"https:\/\/www.blogsoestado.com\/danielmatos\/mocao-de-desagravo-contra-juizes-e-promotores\/#breadcrumb\",\"itemListElement\":[{\"@type\":\"ListItem\",\"position\":1,\"name\":\"In\u00edcio\",\"item\":\"https:\/\/www.blogsoestado.com\/danielmatos\/\"},{\"@type\":\"ListItem\",\"position\":2,\"name\":\"Mo\u00e7\u00e3o de desagravo contra ju\u00edzes e promotores\"}]},{\"@type\":\"WebSite\",\"@id\":\"https:\/\/www.blogsoestado.com\/danielmatos\/#website\",\"url\":\"https:\/\/www.blogsoestado.com\/danielmatos\/\",\"name\":\"Daniel Matos\",\"description\":\"\",\"potentialAction\":[{\"@type\":\"SearchAction\",\"target\":{\"@type\":\"EntryPoint\",\"urlTemplate\":\"https:\/\/www.blogsoestado.com\/danielmatos\/?s={search_term_string}\"},\"query-input\":{\"@type\":\"PropertyValueSpecification\",\"valueRequired\":true,\"valueName\":\"search_term_string\"}}],\"inLanguage\":\"pt-BR\"}]}<\/script>\n<!-- \/ Yoast SEO plugin. -->","yoast_head_json":{"title":"Mo\u00e7\u00e3o de desagravo contra ju\u00edzes e promotores - Daniel Matos","robots":{"index":"index","follow":"follow","max-snippet":"max-snippet:-1","max-image-preview":"max-image-preview:large","max-video-preview":"max-video-preview:-1"},"canonical":"https:\/\/www.blogsoestado.com\/danielmatos\/mocao-de-desagravo-contra-juizes-e-promotores\/","og_locale":"pt_BR","og_type":"article","og_title":"Mo\u00e7\u00e3o de desagravo contra ju\u00edzes e promotores - Daniel Matos","og_description":"A diretoria do Sindicato dos Advogados do Maranh\u00e3o (Sama) e a For\u00e7a Sindical, representada pelo seu presidente Fraz\u00e3o Oliveira, acolheu [&hellip;]","og_url":"https:\/\/www.blogsoestado.com\/danielmatos\/mocao-de-desagravo-contra-juizes-e-promotores\/","og_site_name":"Daniel Matos","article_published_time":"2018-10-22T13:00:21+00:00","og_image":[{"url":"https:\/\/www.blogsoestado.com\/danielmatos\/files\/2018\/10\/sama.jpg","type":"","width":"","height":""}],"twitter_card":"summary_large_image","twitter_misc":{"Est. tempo de leitura":"2 minutos"},"schema":{"@context":"https:\/\/schema.org","@graph":[{"@type":"WebPage","@id":"https:\/\/www.blogsoestado.com\/danielmatos\/mocao-de-desagravo-contra-juizes-e-promotores\/","url":"https:\/\/www.blogsoestado.com\/danielmatos\/mocao-de-desagravo-contra-juizes-e-promotores\/","name":"Mo\u00e7\u00e3o de desagravo contra ju\u00edzes e promotores - Daniel Matos","isPartOf":{"@id":"https:\/\/www.blogsoestado.com\/danielmatos\/#website"},"primaryImageOfPage":{"@id":"https:\/\/www.blogsoestado.com\/danielmatos\/mocao-de-desagravo-contra-juizes-e-promotores\/#primaryimage"},"image":{"@id":"https:\/\/www.blogsoestado.com\/danielmatos\/mocao-de-desagravo-contra-juizes-e-promotores\/#primaryimage"},"thumbnailUrl":"https:\/\/www.blogsoestado.com\/danielmatos\/files\/2018\/10\/sama.jpg","datePublished":"2018-10-22T13:00:21+00:00","author":{"@id":""},"breadcrumb":{"@id":"https:\/\/www.blogsoestado.com\/danielmatos\/mocao-de-desagravo-contra-juizes-e-promotores\/#breadcrumb"},"inLanguage":"pt-BR","potentialAction":[{"@type":"ReadAction","target":["https:\/\/www.blogsoestado.com\/danielmatos\/mocao-de-desagravo-contra-juizes-e-promotores\/"]}]},{"@type":"ImageObject","inLanguage":"pt-BR","@id":"https:\/\/www.blogsoestado.com\/danielmatos\/mocao-de-desagravo-contra-juizes-e-promotores\/#primaryimage","url":"https:\/\/www.blogsoestado.com\/danielmatos\/files\/2018\/10\/sama.jpg","contentUrl":"https:\/\/www.blogsoestado.com\/danielmatos\/files\/2018\/10\/sama.jpg"},{"@type":"BreadcrumbList","@id":"https:\/\/www.blogsoestado.com\/danielmatos\/mocao-de-desagravo-contra-juizes-e-promotores\/#breadcrumb","itemListElement":[{"@type":"ListItem","position":1,"name":"In\u00edcio","item":"https:\/\/www.blogsoestado.com\/danielmatos\/"},{"@type":"ListItem","position":2,"name":"Mo\u00e7\u00e3o de desagravo contra ju\u00edzes e promotores"}]},{"@type":"WebSite","@id":"https:\/\/www.blogsoestado.com\/danielmatos\/#website","url":"https:\/\/www.blogsoestado.com\/danielmatos\/","name":"Daniel Matos","description":"","potentialAction":[{"@type":"SearchAction","target":{"@type":"EntryPoint","urlTemplate":"https:\/\/www.blogsoestado.com\/danielmatos\/?s={search_term_string}"},"query-input":{"@type":"PropertyValueSpecification","valueRequired":true,"valueName":"search_term_string"}}],"inLanguage":"pt-BR"}]}},"jetpack_featured_media_url":"","_links":{"self":[{"href":"https:\/\/www.blogsoestado.com\/danielmatos\/wp-json\/wp\/v2\/posts\/57108","targetHints":{"allow":["GET"]}}],"collection":[{"href":"https:\/\/www.blogsoestado.com\/danielmatos\/wp-json\/wp\/v2\/posts"}],"about":[{"href":"https:\/\/www.blogsoestado.com\/danielmatos\/wp-json\/wp\/v2\/types\/post"}],"replies":[{"embeddable":true,"href":"https:\/\/www.blogsoestado.com\/danielmatos\/wp-json\/wp\/v2\/comments?post=57108"}],"version-history":[{"count":0,"href":"https:\/\/www.blogsoestado.com\/danielmatos\/wp-json\/wp\/v2\/posts\/57108\/revisions"}],"wp:attachment":[{"href":"https:\/\/www.blogsoestado.com\/danielmatos\/wp-json\/wp\/v2\/media?parent=57108"}],"wp:term":[{"taxonomy":"category","embeddable":true,"href":"https:\/\/www.blogsoestado.com\/danielmatos\/wp-json\/wp\/v2\/categories?post=57108"},{"taxonomy":"post_tag","embeddable":true,"href":"https:\/\/www.blogsoestado.com\/danielmatos\/wp-json\/wp\/v2\/tags?post=57108"}],"curies":[{"name":"wp","href":"https:\/\/api.w.org\/{rel}","templated":true}]}}