{"id":57120,"date":"2018-10-22T11:51:36","date_gmt":"2018-10-22T14:51:36","guid":{"rendered":"https:\/\/www.blogsoestado.com\/danielmatos\/?p=57120"},"modified":"2018-10-22T11:51:36","modified_gmt":"2018-10-22T14:51:36","slug":"em-bacabal-delegado-regional-de-ze-doca-e-abordado-pela-forca-tatica-e-dificulta-trabalho-de-militares","status":"publish","type":"post","link":"https:\/\/www.blogsoestado.com\/danielmatos\/em-bacabal-delegado-regional-de-ze-doca-e-abordado-pela-forca-tatica-e-dificulta-trabalho-de-militares\/","title":{"rendered":"Em Bacabal, delegado regional de Z\u00e9 Doca \u00e9 abordado pela For\u00e7a T\u00e1tica e dificulta trabalho de militares"},"content":{"rendered":"<figure id=\"attachment_57126\" aria-describedby=\"caption-attachment-57126\" style=\"width: 493px\" class=\"wp-caption alignright\"><a href=\"https:\/\/www.blogsoestado.com\/danielmatos\/2018\/10\/22\/em-bacabal-delegado-regional-de-ze-doca-e-abordado-pela-forca-tatica-e-dificulta-trabalho-de-militares\/delegado-jader\/\" rel=\"attachment wp-att-57122\"><img fetchpriority=\"high\" decoding=\"async\" class=\"wp-image-57126 size-full\" src=\"https:\/\/www.blogsoestado.com\/danielmatos\/files\/2018\/10\/delegado-jader.jpg\" alt=\"\" width=\"493\" height=\"502\" \/><\/a><figcaption id=\"caption-attachment-57126\" class=\"wp-caption-text\">Delegado Jader Alves com o governador Fl\u00e1vio Dino e o secret\u00e1rio de Seguran\u00e7a, Jefferson Portelka, no ato em que foi reconduzido \u00e0 chefia da Delegacia Regional de Z\u00e9 Doca<\/figcaption><\/figure>\n<p>O delegado Jader Alves, chefe da Delegacia Regional de Z\u00e9 Doca, se envolveu em uma confus\u00e3o com policiais militares da For\u00e7a T\u00e1tica, no \u00faltimo fim de semana, em Bacabal. Acusado de efetuar disparos em via p\u00fablica nas imedia\u00e7\u00f5es da Igreja de Santa Terezinha, em Bacabal, ele foi abordado por uma guarni\u00e7\u00e3o da For\u00e7a T\u00e1tica, mas dificultou o trabalho dos policiais militares.<\/p>\n<p>Com sintomas vis\u00edveis de embriaguez alco\u00f3lica e, ainda assim, ao volante de uma caminhonete, o delegado evocou sua fun\u00e7\u00e3o para questionar o trabalho dos homens da For\u00e7a T\u00e1tica. Tudo porque recebeu ordem para que descesse do ve\u00edculo. Diante da firmeza dos militares em abord\u00e1-lo, Jader Alves chegou a desafi\u00e1-los a atirar nele.<\/p>\n<p>No v\u00eddeo abaixo, \u00e9 poss\u00edvel ouvir algu\u00e9m, provavelmente um dos policiais militares, alertando aos demais que o delegado estava com a m\u00e3o na pistola. Nesse momento, ele tratou de guard\u00e1-la em um compartimento do painel. No auge da discuss\u00e3o, o chefe da Delegacia Regional de Z\u00e9 Doca alegou que j\u00e1 ministrou aulas aos policiais que o interceptaram e insinuou que se estivesse na posi\u00e7\u00e3o dos PM&#8217;s, ele relaxaria o caso. &#8220;Nossos inimigos s\u00e3o outros&#8221;, bradou Jader Alves aos militares, que a todo instante demonstraram equil\u00edbrio, com intuito de evitar o pior.<\/p>\n<p><strong>Operacional<\/strong><\/p>\n<p>Com mais de 20 anos de servi\u00e7os prestados \u00e0 Pol\u00edcia Civil do Maranh\u00e3o\u00a0e dono de um perfil reconhecidamente operacional, Jader Alves se destacou, ao longo da carreira, pelo combatente implac\u00e1vel ao tr\u00e1fico de drogas.<\/p>\n<p>Outra caracter\u00edstica que diferencia o delegado \u00e9 o seu vasto conhecimento sobre Z\u00e9 Doca\u00a0e munic\u00edpios vizinhos, o que levou o deputado estadual Josimar de Maranh\u00e3ozinho e a prefeita Josinha Cunha a solicitar \u00e0 Secretaria de Seguran\u00e7a P\u00fablica o retorno de Jader Alves \u00e0quela regional, ap\u00f3s um per\u00edodo atuando em outras cidades.<\/p>\n<p>O pedido foi prontamente atendido pelo pr\u00f3prio governador Fl\u00e1vio Dino (PCdoB), h\u00e1 cerca de um ano.<\/p>\n<p>Assista ao v\u00eddeo da abordagem tensa ao delegado:<\/p>\n<div class=\"ast-oembed-container \" style=\"height: 100%;\"><iframe title=\"Delegado \u00e9 flagrado alcoolizado e dificulta trabalho da PM\" width=\"500\" height=\"281\" src=\"https:\/\/www.youtube.com\/embed\/Gk5FlagOGBk?feature=oembed\" frameborder=\"0\" allow=\"accelerometer; autoplay; clipboard-write; encrypted-media; gyroscope; picture-in-picture; web-share\" referrerpolicy=\"strict-origin-when-cross-origin\" allowfullscreen><\/iframe><\/div>\n","protected":false},"excerpt":{"rendered":"<p>O delegado Jader Alves, chefe da Delegacia Regional de Z\u00e9 Doca, se envolveu em uma confus\u00e3o com policiais militares da [&hellip;]<\/p>\n","protected":false},"author":0,"featured_media":0,"comment_status":"open","ping_status":"open","sticky":false,"template":"","format":"standard","meta":{"site-sidebar-layout":"default","site-content-layout":"","ast-site-content-layout":"default","site-content-style":"default","site-sidebar-style":"default","ast-global-header-display":"","ast-banner-title-visibility":"","ast-main-header-display":"","ast-hfb-above-header-display":"","ast-hfb-below-header-display":"","ast-hfb-mobile-header-display":"","site-post-title":"","ast-breadcrumbs-content":"","ast-featured-img":"","footer-sml-layout":"","ast-disable-related-posts":"","theme-transparent-header-meta":"","adv-header-id-meta":"","stick-header-meta":"","header-above-stick-meta":"","header-main-stick-meta":"","header-below-stick-meta":"","astra-migrate-meta-layouts":"default","ast-page-background-enabled":"default","ast-page-background-meta":{"desktop":{"background-color":"var(--ast-global-color-5)","background-image":"","background-repeat":"repeat","background-position":"center center","background-size":"auto","background-attachment":"scroll","background-type":"","background-media":"","overlay-type":"","overlay-color":"","overlay-opacity":"","overlay-gradient":""},"tablet":{"background-color":"","background-image":"","background-repeat":"repeat","background-position":"center center","background-size":"auto","background-attachment":"scroll","background-type":"","background-media":"","overlay-type":"","overlay-color":"","overlay-opacity":"","overlay-gradient":""},"mobile":{"background-color":"","background-image":"","background-repeat":"repeat","background-position":"center center","background-size":"auto","background-attachment":"scroll","background-type":"","background-media":"","overlay-type":"","overlay-color":"","overlay-opacity":"","overlay-gradient":""}},"ast-content-background-meta":{"desktop":{"background-color":"var(--ast-global-color-4)","background-image":"","background-repeat":"repeat","background-position":"center center","background-size":"auto","background-attachment":"scroll","background-type":"","background-media":"","overlay-type":"","overlay-color":"","overlay-opacity":"","overlay-gradient":""},"tablet":{"background-color":"var(--ast-global-color-4)","background-image":"","background-repeat":"repeat","background-position":"center center","background-size":"auto","background-attachment":"scroll","background-type":"","background-media":"","overlay-type":"","overlay-color":"","overlay-opacity":"","overlay-gradient":""},"mobile":{"background-color":"var(--ast-global-color-4)","background-image":"","background-repeat":"repeat","background-position":"center center","background-size":"auto","background-attachment":"scroll","background-type":"","background-media":"","overlay-type":"","overlay-color":"","overlay-opacity":"","overlay-gradient":""}},"footnotes":""},"categories":[1],"tags":[],"class_list":["post-57120","post","type-post","status-publish","format-standard","hentry","category-sem-categoria"],"yoast_head":"<!-- This site is optimized with the Yoast SEO plugin v26.6 - https:\/\/yoast.com\/wordpress\/plugins\/seo\/ -->\n<title>Em Bacabal, delegado regional de Z\u00e9 Doca \u00e9 abordado pela For\u00e7a T\u00e1tica e dificulta trabalho de militares - Daniel Matos<\/title>\n<meta name=\"robots\" content=\"index, follow, max-snippet:-1, max-image-preview:large, max-video-preview:-1\" \/>\n<link rel=\"canonical\" href=\"https:\/\/www.blogsoestado.com\/danielmatos\/em-bacabal-delegado-regional-de-ze-doca-e-abordado-pela-forca-tatica-e-dificulta-trabalho-de-militares\/\" \/>\n<meta property=\"og:locale\" content=\"pt_BR\" \/>\n<meta property=\"og:type\" content=\"article\" \/>\n<meta property=\"og:title\" content=\"Em Bacabal, delegado regional de Z\u00e9 Doca \u00e9 abordado pela For\u00e7a T\u00e1tica e dificulta trabalho de militares - Daniel Matos\" \/>\n<meta property=\"og:description\" content=\"O delegado Jader Alves, chefe da Delegacia Regional de Z\u00e9 Doca, se envolveu em uma confus\u00e3o com policiais militares da [&hellip;]\" \/>\n<meta property=\"og:url\" content=\"https:\/\/www.blogsoestado.com\/danielmatos\/em-bacabal-delegado-regional-de-ze-doca-e-abordado-pela-forca-tatica-e-dificulta-trabalho-de-militares\/\" \/>\n<meta property=\"og:site_name\" content=\"Daniel Matos\" \/>\n<meta property=\"article:published_time\" content=\"2018-10-22T14:51:36+00:00\" \/>\n<meta property=\"og:image\" content=\"https:\/\/www.blogsoestado.com\/danielmatos\/files\/2018\/10\/delegado-jader.jpg\" \/>\n<meta name=\"twitter:card\" content=\"summary_large_image\" \/>\n<meta name=\"twitter:label1\" content=\"Est. tempo de leitura\" \/>\n\t<meta name=\"twitter:data1\" content=\"2 minutos\" \/>\n<script type=\"application\/ld+json\" class=\"yoast-schema-graph\">{\"@context\":\"https:\/\/schema.org\",\"@graph\":[{\"@type\":\"WebPage\",\"@id\":\"https:\/\/www.blogsoestado.com\/danielmatos\/em-bacabal-delegado-regional-de-ze-doca-e-abordado-pela-forca-tatica-e-dificulta-trabalho-de-militares\/\",\"url\":\"https:\/\/www.blogsoestado.com\/danielmatos\/em-bacabal-delegado-regional-de-ze-doca-e-abordado-pela-forca-tatica-e-dificulta-trabalho-de-militares\/\",\"name\":\"Em Bacabal, delegado regional de Z\u00e9 Doca \u00e9 abordado pela For\u00e7a T\u00e1tica e dificulta trabalho de militares - Daniel Matos\",\"isPartOf\":{\"@id\":\"https:\/\/www.blogsoestado.com\/danielmatos\/#website\"},\"primaryImageOfPage\":{\"@id\":\"https:\/\/www.blogsoestado.com\/danielmatos\/em-bacabal-delegado-regional-de-ze-doca-e-abordado-pela-forca-tatica-e-dificulta-trabalho-de-militares\/#primaryimage\"},\"image\":{\"@id\":\"https:\/\/www.blogsoestado.com\/danielmatos\/em-bacabal-delegado-regional-de-ze-doca-e-abordado-pela-forca-tatica-e-dificulta-trabalho-de-militares\/#primaryimage\"},\"thumbnailUrl\":\"https:\/\/www.blogsoestado.com\/danielmatos\/files\/2018\/10\/delegado-jader.jpg\",\"datePublished\":\"2018-10-22T14:51:36+00:00\",\"author\":{\"@id\":\"\"},\"breadcrumb\":{\"@id\":\"https:\/\/www.blogsoestado.com\/danielmatos\/em-bacabal-delegado-regional-de-ze-doca-e-abordado-pela-forca-tatica-e-dificulta-trabalho-de-militares\/#breadcrumb\"},\"inLanguage\":\"pt-BR\",\"potentialAction\":[{\"@type\":\"ReadAction\",\"target\":[\"https:\/\/www.blogsoestado.com\/danielmatos\/em-bacabal-delegado-regional-de-ze-doca-e-abordado-pela-forca-tatica-e-dificulta-trabalho-de-militares\/\"]}]},{\"@type\":\"ImageObject\",\"inLanguage\":\"pt-BR\",\"@id\":\"https:\/\/www.blogsoestado.com\/danielmatos\/em-bacabal-delegado-regional-de-ze-doca-e-abordado-pela-forca-tatica-e-dificulta-trabalho-de-militares\/#primaryimage\",\"url\":\"https:\/\/www.blogsoestado.com\/danielmatos\/files\/2018\/10\/delegado-jader.jpg\",\"contentUrl\":\"https:\/\/www.blogsoestado.com\/danielmatos\/files\/2018\/10\/delegado-jader.jpg\"},{\"@type\":\"BreadcrumbList\",\"@id\":\"https:\/\/www.blogsoestado.com\/danielmatos\/em-bacabal-delegado-regional-de-ze-doca-e-abordado-pela-forca-tatica-e-dificulta-trabalho-de-militares\/#breadcrumb\",\"itemListElement\":[{\"@type\":\"ListItem\",\"position\":1,\"name\":\"In\u00edcio\",\"item\":\"https:\/\/www.blogsoestado.com\/danielmatos\/\"},{\"@type\":\"ListItem\",\"position\":2,\"name\":\"Em Bacabal, delegado regional de Z\u00e9 Doca \u00e9 abordado pela For\u00e7a T\u00e1tica e dificulta trabalho de militares\"}]},{\"@type\":\"WebSite\",\"@id\":\"https:\/\/www.blogsoestado.com\/danielmatos\/#website\",\"url\":\"https:\/\/www.blogsoestado.com\/danielmatos\/\",\"name\":\"Daniel Matos\",\"description\":\"\",\"potentialAction\":[{\"@type\":\"SearchAction\",\"target\":{\"@type\":\"EntryPoint\",\"urlTemplate\":\"https:\/\/www.blogsoestado.com\/danielmatos\/?s={search_term_string}\"},\"query-input\":{\"@type\":\"PropertyValueSpecification\",\"valueRequired\":true,\"valueName\":\"search_term_string\"}}],\"inLanguage\":\"pt-BR\"}]}<\/script>\n<!-- \/ Yoast SEO plugin. -->","yoast_head_json":{"title":"Em Bacabal, delegado regional de Z\u00e9 Doca \u00e9 abordado pela For\u00e7a T\u00e1tica e dificulta trabalho de militares - Daniel Matos","robots":{"index":"index","follow":"follow","max-snippet":"max-snippet:-1","max-image-preview":"max-image-preview:large","max-video-preview":"max-video-preview:-1"},"canonical":"https:\/\/www.blogsoestado.com\/danielmatos\/em-bacabal-delegado-regional-de-ze-doca-e-abordado-pela-forca-tatica-e-dificulta-trabalho-de-militares\/","og_locale":"pt_BR","og_type":"article","og_title":"Em Bacabal, delegado regional de Z\u00e9 Doca \u00e9 abordado pela For\u00e7a T\u00e1tica e dificulta trabalho de militares - Daniel Matos","og_description":"O delegado Jader Alves, chefe da Delegacia Regional de Z\u00e9 Doca, se envolveu em uma confus\u00e3o com policiais militares da [&hellip;]","og_url":"https:\/\/www.blogsoestado.com\/danielmatos\/em-bacabal-delegado-regional-de-ze-doca-e-abordado-pela-forca-tatica-e-dificulta-trabalho-de-militares\/","og_site_name":"Daniel Matos","article_published_time":"2018-10-22T14:51:36+00:00","og_image":[{"url":"https:\/\/www.blogsoestado.com\/danielmatos\/files\/2018\/10\/delegado-jader.jpg","type":"","width":"","height":""}],"twitter_card":"summary_large_image","twitter_misc":{"Est. tempo de leitura":"2 minutos"},"schema":{"@context":"https:\/\/schema.org","@graph":[{"@type":"WebPage","@id":"https:\/\/www.blogsoestado.com\/danielmatos\/em-bacabal-delegado-regional-de-ze-doca-e-abordado-pela-forca-tatica-e-dificulta-trabalho-de-militares\/","url":"https:\/\/www.blogsoestado.com\/danielmatos\/em-bacabal-delegado-regional-de-ze-doca-e-abordado-pela-forca-tatica-e-dificulta-trabalho-de-militares\/","name":"Em Bacabal, delegado regional de Z\u00e9 Doca \u00e9 abordado pela For\u00e7a T\u00e1tica e dificulta trabalho de militares - Daniel Matos","isPartOf":{"@id":"https:\/\/www.blogsoestado.com\/danielmatos\/#website"},"primaryImageOfPage":{"@id":"https:\/\/www.blogsoestado.com\/danielmatos\/em-bacabal-delegado-regional-de-ze-doca-e-abordado-pela-forca-tatica-e-dificulta-trabalho-de-militares\/#primaryimage"},"image":{"@id":"https:\/\/www.blogsoestado.com\/danielmatos\/em-bacabal-delegado-regional-de-ze-doca-e-abordado-pela-forca-tatica-e-dificulta-trabalho-de-militares\/#primaryimage"},"thumbnailUrl":"https:\/\/www.blogsoestado.com\/danielmatos\/files\/2018\/10\/delegado-jader.jpg","datePublished":"2018-10-22T14:51:36+00:00","author":{"@id":""},"breadcrumb":{"@id":"https:\/\/www.blogsoestado.com\/danielmatos\/em-bacabal-delegado-regional-de-ze-doca-e-abordado-pela-forca-tatica-e-dificulta-trabalho-de-militares\/#breadcrumb"},"inLanguage":"pt-BR","potentialAction":[{"@type":"ReadAction","target":["https:\/\/www.blogsoestado.com\/danielmatos\/em-bacabal-delegado-regional-de-ze-doca-e-abordado-pela-forca-tatica-e-dificulta-trabalho-de-militares\/"]}]},{"@type":"ImageObject","inLanguage":"pt-BR","@id":"https:\/\/www.blogsoestado.com\/danielmatos\/em-bacabal-delegado-regional-de-ze-doca-e-abordado-pela-forca-tatica-e-dificulta-trabalho-de-militares\/#primaryimage","url":"https:\/\/www.blogsoestado.com\/danielmatos\/files\/2018\/10\/delegado-jader.jpg","contentUrl":"https:\/\/www.blogsoestado.com\/danielmatos\/files\/2018\/10\/delegado-jader.jpg"},{"@type":"BreadcrumbList","@id":"https:\/\/www.blogsoestado.com\/danielmatos\/em-bacabal-delegado-regional-de-ze-doca-e-abordado-pela-forca-tatica-e-dificulta-trabalho-de-militares\/#breadcrumb","itemListElement":[{"@type":"ListItem","position":1,"name":"In\u00edcio","item":"https:\/\/www.blogsoestado.com\/danielmatos\/"},{"@type":"ListItem","position":2,"name":"Em Bacabal, delegado regional de Z\u00e9 Doca \u00e9 abordado pela For\u00e7a T\u00e1tica e dificulta trabalho de militares"}]},{"@type":"WebSite","@id":"https:\/\/www.blogsoestado.com\/danielmatos\/#website","url":"https:\/\/www.blogsoestado.com\/danielmatos\/","name":"Daniel Matos","description":"","potentialAction":[{"@type":"SearchAction","target":{"@type":"EntryPoint","urlTemplate":"https:\/\/www.blogsoestado.com\/danielmatos\/?s={search_term_string}"},"query-input":{"@type":"PropertyValueSpecification","valueRequired":true,"valueName":"search_term_string"}}],"inLanguage":"pt-BR"}]}},"jetpack_featured_media_url":"","_links":{"self":[{"href":"https:\/\/www.blogsoestado.com\/danielmatos\/wp-json\/wp\/v2\/posts\/57120","targetHints":{"allow":["GET"]}}],"collection":[{"href":"https:\/\/www.blogsoestado.com\/danielmatos\/wp-json\/wp\/v2\/posts"}],"about":[{"href":"https:\/\/www.blogsoestado.com\/danielmatos\/wp-json\/wp\/v2\/types\/post"}],"replies":[{"embeddable":true,"href":"https:\/\/www.blogsoestado.com\/danielmatos\/wp-json\/wp\/v2\/comments?post=57120"}],"version-history":[{"count":0,"href":"https:\/\/www.blogsoestado.com\/danielmatos\/wp-json\/wp\/v2\/posts\/57120\/revisions"}],"wp:attachment":[{"href":"https:\/\/www.blogsoestado.com\/danielmatos\/wp-json\/wp\/v2\/media?parent=57120"}],"wp:term":[{"taxonomy":"category","embeddable":true,"href":"https:\/\/www.blogsoestado.com\/danielmatos\/wp-json\/wp\/v2\/categories?post=57120"},{"taxonomy":"post_tag","embeddable":true,"href":"https:\/\/www.blogsoestado.com\/danielmatos\/wp-json\/wp\/v2\/tags?post=57120"}],"curies":[{"name":"wp","href":"https:\/\/api.w.org\/{rel}","templated":true}]}}