{"id":57128,"date":"2018-10-22T13:15:26","date_gmt":"2018-10-22T16:15:26","guid":{"rendered":"https:\/\/www.blogsoestado.com\/danielmatos\/?p=57128"},"modified":"2018-10-22T13:15:26","modified_gmt":"2018-10-22T16:15:26","slug":"jovens-empresarios-da-aje-ma-beneficiam-criancas-em-acao-social","status":"publish","type":"post","link":"https:\/\/www.blogsoestado.com\/danielmatos\/jovens-empresarios-da-aje-ma-beneficiam-criancas-em-acao-social\/","title":{"rendered":"Jovens empres\u00e1rios da AJE-MA beneficiam crian\u00e7as em a\u00e7\u00e3o social"},"content":{"rendered":"<figure id=\"attachment_57129\" aria-describedby=\"caption-attachment-57129\" style=\"width: 650px\" class=\"wp-caption aligncenter\"><a href=\"https:\/\/www.blogsoestado.com\/danielmatos\/?attachment_id=57129\" rel=\"attachment wp-att-57129\"><img fetchpriority=\"high\" decoding=\"async\" class=\"wp-image-57129\" src=\"https:\/\/www.blogsoestado.com\/danielmatos\/files\/2018\/10\/psiu.jpg\" alt=\"\" width=\"650\" height=\"433\" \/><\/a><figcaption id=\"caption-attachment-57129\" class=\"wp-caption-text\">Crian\u00e7as beneficiadas pela a\u00e7\u00e3o na estrada da f\u00e1brica de refrigerantes Psiu<\/figcaption><\/figure>\n<p>Uma a\u00e7\u00e3o social realizada no \u00faltimo s\u00e1bado, dia 20, em parceria entre a Associa\u00e7\u00e3o dos Jovens Empres\u00e1rios do Maranh\u00e3o (AJE-MA) e o Instituto Cores do Mar\u00e1 fez a alegria de aproximadamente 40 meninos e meninas entre 2 e 12 anos com uma doa\u00e7\u00e3o de brinquedos, por ocasi\u00e3o do m\u00eas das crian\u00e7as.<\/p>\n<figure id=\"attachment_57130\" aria-describedby=\"caption-attachment-57130\" style=\"width: 650px\" class=\"wp-caption aligncenter\"><a href=\"https:\/\/www.blogsoestado.com\/danielmatos\/?attachment_id=57130\" rel=\"attachment wp-att-57130\"><img decoding=\"async\" class=\"wp-image-57130\" src=\"https:\/\/www.blogsoestado.com\/danielmatos\/files\/2018\/10\/psiu2.jpg\" alt=\"\" width=\"650\" height=\"433\" \/><\/a><figcaption id=\"caption-attachment-57130\" class=\"wp-caption-text\">Crian\u00e7as presenteadas na a\u00e7\u00e3o recebem carinho de um dos empreendedores<\/figcaption><\/figure>\n<p>Os associados da AJE-MA que participaram da a\u00e7\u00e3o \u201cadotaram\u201d as crian\u00e7as beneficiadas pelo instituto social, por meio da doa\u00e7\u00e3o de quantias que foram utilizadas para adquirir os brinquedos, que foram entregues aos pequenos durante uma visita t\u00e9cnica do grupo \u00e0s depend\u00eancias da F\u00e1brica de Refrigerante PSIU.<\/p>\n<figure id=\"attachment_57131\" aria-describedby=\"caption-attachment-57131\" style=\"width: 650px\" class=\"wp-caption aligncenter\"><a href=\"https:\/\/www.blogsoestado.com\/danielmatos\/?attachment_id=57131\" rel=\"attachment wp-att-57131\"><img decoding=\"async\" class=\"wp-image-57131\" src=\"https:\/\/www.blogsoestado.com\/danielmatos\/files\/2018\/10\/psiu3.jpg\" alt=\"\" width=\"650\" height=\"433\" \/><\/a><figcaption id=\"caption-attachment-57131\" class=\"wp-caption-text\">Atividades de recrea\u00e7\u00e3o e lazer marcaram a\u00e7\u00e3o dos jovens empreendedores em favor de crian\u00e7as<\/figcaption><\/figure>\n<p>Durante a visita t\u00e9cnica, as crian\u00e7as tiveram a oportunidade de vivenciar o funcionamento da f\u00e1brica, com direito a um lanche.<\/p>\n<figure id=\"attachment_57132\" aria-describedby=\"caption-attachment-57132\" style=\"width: 650px\" class=\"wp-caption aligncenter\"><a href=\"https:\/\/www.blogsoestado.com\/danielmatos\/?attachment_id=57132\" rel=\"attachment wp-att-57132\"><img loading=\"lazy\" decoding=\"async\" class=\"wp-image-57132\" src=\"https:\/\/www.blogsoestado.com\/danielmatos\/files\/2018\/10\/psiu4.jpg\" alt=\"\" width=\"650\" height=\"433\" \/><\/a><figcaption id=\"caption-attachment-57132\" class=\"wp-caption-text\">Menino &#8220;adotado&#8221; por empreendedora recebe presente durante a a\u00e7\u00e3o promovida pela AJE-MA e o Instituto Cores do Mar\u00e1<\/figcaption><\/figure>\n","protected":false},"excerpt":{"rendered":"<p>Uma a\u00e7\u00e3o social realizada no \u00faltimo s\u00e1bado, dia 20, em parceria entre a Associa\u00e7\u00e3o dos Jovens Empres\u00e1rios do Maranh\u00e3o (AJE-MA) [&hellip;]<\/p>\n","protected":false},"author":0,"featured_media":0,"comment_status":"open","ping_status":"open","sticky":false,"template":"","format":"standard","meta":{"site-sidebar-layout":"default","site-content-layout":"","ast-site-content-layout":"default","site-content-style":"default","site-sidebar-style":"default","ast-global-header-display":"","ast-banner-title-visibility":"","ast-main-header-display":"","ast-hfb-above-header-display":"","ast-hfb-below-header-display":"","ast-hfb-mobile-header-display":"","site-post-title":"","ast-breadcrumbs-content":"","ast-featured-img":"","footer-sml-layout":"","ast-disable-related-posts":"","theme-transparent-header-meta":"","adv-header-id-meta":"","stick-header-meta":"","header-above-stick-meta":"","header-main-stick-meta":"","header-below-stick-meta":"","astra-migrate-meta-layouts":"default","ast-page-background-enabled":"default","ast-page-background-meta":{"desktop":{"background-color":"var(--ast-global-color-5)","background-image":"","background-repeat":"repeat","background-position":"center center","background-size":"auto","background-attachment":"scroll","background-type":"","background-media":"","overlay-type":"","overlay-color":"","overlay-opacity":"","overlay-gradient":""},"tablet":{"background-color":"","background-image":"","background-repeat":"repeat","background-position":"center center","background-size":"auto","background-attachment":"scroll","background-type":"","background-media":"","overlay-type":"","overlay-color":"","overlay-opacity":"","overlay-gradient":""},"mobile":{"background-color":"","background-image":"","background-repeat":"repeat","background-position":"center center","background-size":"auto","background-attachment":"scroll","background-type":"","background-media":"","overlay-type":"","overlay-color":"","overlay-opacity":"","overlay-gradient":""}},"ast-content-background-meta":{"desktop":{"background-color":"var(--ast-global-color-4)","background-image":"","background-repeat":"repeat","background-position":"center center","background-size":"auto","background-attachment":"scroll","background-type":"","background-media":"","overlay-type":"","overlay-color":"","overlay-opacity":"","overlay-gradient":""},"tablet":{"background-color":"var(--ast-global-color-4)","background-image":"","background-repeat":"repeat","background-position":"center center","background-size":"auto","background-attachment":"scroll","background-type":"","background-media":"","overlay-type":"","overlay-color":"","overlay-opacity":"","overlay-gradient":""},"mobile":{"background-color":"var(--ast-global-color-4)","background-image":"","background-repeat":"repeat","background-position":"center center","background-size":"auto","background-attachment":"scroll","background-type":"","background-media":"","overlay-type":"","overlay-color":"","overlay-opacity":"","overlay-gradient":""}},"footnotes":""},"categories":[1],"tags":[],"class_list":["post-57128","post","type-post","status-publish","format-standard","hentry","category-sem-categoria"],"yoast_head":"<!-- This site is optimized with the Yoast SEO plugin v26.6 - https:\/\/yoast.com\/wordpress\/plugins\/seo\/ -->\n<title>Jovens empres\u00e1rios da AJE-MA beneficiam crian\u00e7as em a\u00e7\u00e3o social - Daniel Matos<\/title>\n<meta name=\"robots\" content=\"index, follow, max-snippet:-1, max-image-preview:large, max-video-preview:-1\" \/>\n<link rel=\"canonical\" href=\"https:\/\/www.blogsoestado.com\/danielmatos\/jovens-empresarios-da-aje-ma-beneficiam-criancas-em-acao-social\/\" \/>\n<meta property=\"og:locale\" content=\"pt_BR\" \/>\n<meta property=\"og:type\" content=\"article\" \/>\n<meta property=\"og:title\" content=\"Jovens empres\u00e1rios da AJE-MA beneficiam crian\u00e7as em a\u00e7\u00e3o social - Daniel Matos\" \/>\n<meta property=\"og:description\" content=\"Uma a\u00e7\u00e3o social realizada no \u00faltimo s\u00e1bado, dia 20, em parceria entre a Associa\u00e7\u00e3o dos Jovens Empres\u00e1rios do Maranh\u00e3o (AJE-MA) [&hellip;]\" \/>\n<meta property=\"og:url\" content=\"https:\/\/www.blogsoestado.com\/danielmatos\/jovens-empresarios-da-aje-ma-beneficiam-criancas-em-acao-social\/\" \/>\n<meta property=\"og:site_name\" content=\"Daniel Matos\" \/>\n<meta property=\"article:published_time\" content=\"2018-10-22T16:15:26+00:00\" \/>\n<meta property=\"og:image\" content=\"https:\/\/www.blogsoestado.com\/danielmatos\/files\/2018\/10\/psiu.jpg\" \/>\n<meta name=\"twitter:card\" content=\"summary_large_image\" \/>\n<meta name=\"twitter:label1\" content=\"Est. tempo de leitura\" \/>\n\t<meta name=\"twitter:data1\" content=\"1 minuto\" \/>\n<script type=\"application\/ld+json\" class=\"yoast-schema-graph\">{\"@context\":\"https:\/\/schema.org\",\"@graph\":[{\"@type\":\"WebPage\",\"@id\":\"https:\/\/www.blogsoestado.com\/danielmatos\/jovens-empresarios-da-aje-ma-beneficiam-criancas-em-acao-social\/\",\"url\":\"https:\/\/www.blogsoestado.com\/danielmatos\/jovens-empresarios-da-aje-ma-beneficiam-criancas-em-acao-social\/\",\"name\":\"Jovens empres\u00e1rios da AJE-MA beneficiam crian\u00e7as em a\u00e7\u00e3o social - Daniel Matos\",\"isPartOf\":{\"@id\":\"https:\/\/www.blogsoestado.com\/danielmatos\/#website\"},\"primaryImageOfPage\":{\"@id\":\"https:\/\/www.blogsoestado.com\/danielmatos\/jovens-empresarios-da-aje-ma-beneficiam-criancas-em-acao-social\/#primaryimage\"},\"image\":{\"@id\":\"https:\/\/www.blogsoestado.com\/danielmatos\/jovens-empresarios-da-aje-ma-beneficiam-criancas-em-acao-social\/#primaryimage\"},\"thumbnailUrl\":\"https:\/\/www.blogsoestado.com\/danielmatos\/files\/2018\/10\/psiu.jpg\",\"datePublished\":\"2018-10-22T16:15:26+00:00\",\"author\":{\"@id\":\"\"},\"breadcrumb\":{\"@id\":\"https:\/\/www.blogsoestado.com\/danielmatos\/jovens-empresarios-da-aje-ma-beneficiam-criancas-em-acao-social\/#breadcrumb\"},\"inLanguage\":\"pt-BR\",\"potentialAction\":[{\"@type\":\"ReadAction\",\"target\":[\"https:\/\/www.blogsoestado.com\/danielmatos\/jovens-empresarios-da-aje-ma-beneficiam-criancas-em-acao-social\/\"]}]},{\"@type\":\"ImageObject\",\"inLanguage\":\"pt-BR\",\"@id\":\"https:\/\/www.blogsoestado.com\/danielmatos\/jovens-empresarios-da-aje-ma-beneficiam-criancas-em-acao-social\/#primaryimage\",\"url\":\"https:\/\/www.blogsoestado.com\/danielmatos\/files\/2018\/10\/psiu.jpg\",\"contentUrl\":\"https:\/\/www.blogsoestado.com\/danielmatos\/files\/2018\/10\/psiu.jpg\"},{\"@type\":\"BreadcrumbList\",\"@id\":\"https:\/\/www.blogsoestado.com\/danielmatos\/jovens-empresarios-da-aje-ma-beneficiam-criancas-em-acao-social\/#breadcrumb\",\"itemListElement\":[{\"@type\":\"ListItem\",\"position\":1,\"name\":\"In\u00edcio\",\"item\":\"https:\/\/www.blogsoestado.com\/danielmatos\/\"},{\"@type\":\"ListItem\",\"position\":2,\"name\":\"Jovens empres\u00e1rios da AJE-MA beneficiam crian\u00e7as em a\u00e7\u00e3o social\"}]},{\"@type\":\"WebSite\",\"@id\":\"https:\/\/www.blogsoestado.com\/danielmatos\/#website\",\"url\":\"https:\/\/www.blogsoestado.com\/danielmatos\/\",\"name\":\"Daniel Matos\",\"description\":\"\",\"potentialAction\":[{\"@type\":\"SearchAction\",\"target\":{\"@type\":\"EntryPoint\",\"urlTemplate\":\"https:\/\/www.blogsoestado.com\/danielmatos\/?s={search_term_string}\"},\"query-input\":{\"@type\":\"PropertyValueSpecification\",\"valueRequired\":true,\"valueName\":\"search_term_string\"}}],\"inLanguage\":\"pt-BR\"}]}<\/script>\n<!-- \/ Yoast SEO plugin. -->","yoast_head_json":{"title":"Jovens empres\u00e1rios da AJE-MA beneficiam crian\u00e7as em a\u00e7\u00e3o social - Daniel Matos","robots":{"index":"index","follow":"follow","max-snippet":"max-snippet:-1","max-image-preview":"max-image-preview:large","max-video-preview":"max-video-preview:-1"},"canonical":"https:\/\/www.blogsoestado.com\/danielmatos\/jovens-empresarios-da-aje-ma-beneficiam-criancas-em-acao-social\/","og_locale":"pt_BR","og_type":"article","og_title":"Jovens empres\u00e1rios da AJE-MA beneficiam crian\u00e7as em a\u00e7\u00e3o social - Daniel Matos","og_description":"Uma a\u00e7\u00e3o social realizada no \u00faltimo s\u00e1bado, dia 20, em parceria entre a Associa\u00e7\u00e3o dos Jovens Empres\u00e1rios do Maranh\u00e3o (AJE-MA) [&hellip;]","og_url":"https:\/\/www.blogsoestado.com\/danielmatos\/jovens-empresarios-da-aje-ma-beneficiam-criancas-em-acao-social\/","og_site_name":"Daniel Matos","article_published_time":"2018-10-22T16:15:26+00:00","og_image":[{"url":"https:\/\/www.blogsoestado.com\/danielmatos\/files\/2018\/10\/psiu.jpg","type":"","width":"","height":""}],"twitter_card":"summary_large_image","twitter_misc":{"Est. tempo de leitura":"1 minuto"},"schema":{"@context":"https:\/\/schema.org","@graph":[{"@type":"WebPage","@id":"https:\/\/www.blogsoestado.com\/danielmatos\/jovens-empresarios-da-aje-ma-beneficiam-criancas-em-acao-social\/","url":"https:\/\/www.blogsoestado.com\/danielmatos\/jovens-empresarios-da-aje-ma-beneficiam-criancas-em-acao-social\/","name":"Jovens empres\u00e1rios da AJE-MA beneficiam crian\u00e7as em a\u00e7\u00e3o social - Daniel Matos","isPartOf":{"@id":"https:\/\/www.blogsoestado.com\/danielmatos\/#website"},"primaryImageOfPage":{"@id":"https:\/\/www.blogsoestado.com\/danielmatos\/jovens-empresarios-da-aje-ma-beneficiam-criancas-em-acao-social\/#primaryimage"},"image":{"@id":"https:\/\/www.blogsoestado.com\/danielmatos\/jovens-empresarios-da-aje-ma-beneficiam-criancas-em-acao-social\/#primaryimage"},"thumbnailUrl":"https:\/\/www.blogsoestado.com\/danielmatos\/files\/2018\/10\/psiu.jpg","datePublished":"2018-10-22T16:15:26+00:00","author":{"@id":""},"breadcrumb":{"@id":"https:\/\/www.blogsoestado.com\/danielmatos\/jovens-empresarios-da-aje-ma-beneficiam-criancas-em-acao-social\/#breadcrumb"},"inLanguage":"pt-BR","potentialAction":[{"@type":"ReadAction","target":["https:\/\/www.blogsoestado.com\/danielmatos\/jovens-empresarios-da-aje-ma-beneficiam-criancas-em-acao-social\/"]}]},{"@type":"ImageObject","inLanguage":"pt-BR","@id":"https:\/\/www.blogsoestado.com\/danielmatos\/jovens-empresarios-da-aje-ma-beneficiam-criancas-em-acao-social\/#primaryimage","url":"https:\/\/www.blogsoestado.com\/danielmatos\/files\/2018\/10\/psiu.jpg","contentUrl":"https:\/\/www.blogsoestado.com\/danielmatos\/files\/2018\/10\/psiu.jpg"},{"@type":"BreadcrumbList","@id":"https:\/\/www.blogsoestado.com\/danielmatos\/jovens-empresarios-da-aje-ma-beneficiam-criancas-em-acao-social\/#breadcrumb","itemListElement":[{"@type":"ListItem","position":1,"name":"In\u00edcio","item":"https:\/\/www.blogsoestado.com\/danielmatos\/"},{"@type":"ListItem","position":2,"name":"Jovens empres\u00e1rios da AJE-MA beneficiam crian\u00e7as em a\u00e7\u00e3o social"}]},{"@type":"WebSite","@id":"https:\/\/www.blogsoestado.com\/danielmatos\/#website","url":"https:\/\/www.blogsoestado.com\/danielmatos\/","name":"Daniel Matos","description":"","potentialAction":[{"@type":"SearchAction","target":{"@type":"EntryPoint","urlTemplate":"https:\/\/www.blogsoestado.com\/danielmatos\/?s={search_term_string}"},"query-input":{"@type":"PropertyValueSpecification","valueRequired":true,"valueName":"search_term_string"}}],"inLanguage":"pt-BR"}]}},"jetpack_featured_media_url":"","_links":{"self":[{"href":"https:\/\/www.blogsoestado.com\/danielmatos\/wp-json\/wp\/v2\/posts\/57128","targetHints":{"allow":["GET"]}}],"collection":[{"href":"https:\/\/www.blogsoestado.com\/danielmatos\/wp-json\/wp\/v2\/posts"}],"about":[{"href":"https:\/\/www.blogsoestado.com\/danielmatos\/wp-json\/wp\/v2\/types\/post"}],"replies":[{"embeddable":true,"href":"https:\/\/www.blogsoestado.com\/danielmatos\/wp-json\/wp\/v2\/comments?post=57128"}],"version-history":[{"count":0,"href":"https:\/\/www.blogsoestado.com\/danielmatos\/wp-json\/wp\/v2\/posts\/57128\/revisions"}],"wp:attachment":[{"href":"https:\/\/www.blogsoestado.com\/danielmatos\/wp-json\/wp\/v2\/media?parent=57128"}],"wp:term":[{"taxonomy":"category","embeddable":true,"href":"https:\/\/www.blogsoestado.com\/danielmatos\/wp-json\/wp\/v2\/categories?post=57128"},{"taxonomy":"post_tag","embeddable":true,"href":"https:\/\/www.blogsoestado.com\/danielmatos\/wp-json\/wp\/v2\/tags?post=57128"}],"curies":[{"name":"wp","href":"https:\/\/api.w.org\/{rel}","templated":true}]}}