{"id":57134,"date":"2018-10-22T15:08:36","date_gmt":"2018-10-22T18:08:36","guid":{"rendered":"https:\/\/www.blogsoestado.com\/danielmatos\/?p=57134"},"modified":"2018-10-22T15:08:36","modified_gmt":"2018-10-22T18:08:36","slug":"cezar-bombeiro-presta-condolencias-e-lamenta-o-falecimento-de-neto-de-nana","status":"publish","type":"post","link":"https:\/\/www.blogsoestado.com\/danielmatos\/cezar-bombeiro-presta-condolencias-e-lamenta-o-falecimento-de-neto-de-nana\/","title":{"rendered":"C\u00e9zar Bombeiro presta condol\u00eancias e lamenta o falecimento de Neto de Nan\u00e3"},"content":{"rendered":"<figure id=\"attachment_57135\" aria-describedby=\"caption-attachment-57135\" style=\"width: 640px\" class=\"wp-caption aligncenter\"><a href=\"https:\/\/www.blogsoestado.com\/danielmatos\/2018\/10\/22\/cezar-bombeiro-presta-condolencias-e-lamenta-o-falecimento-de-neto-de-nana\/neto-nana\/\" rel=\"attachment wp-att-57135\"><img fetchpriority=\"high\" decoding=\"async\" class=\"size-full wp-image-57135\" src=\"https:\/\/www.blogsoestado.com\/danielmatos\/files\/2018\/10\/neto-nana.jpeg\" alt=\"\" width=\"640\" height=\"359\" \/><\/a><figcaption id=\"caption-attachment-57135\" class=\"wp-caption-text\">Neto de Nan\u00e3 era membro do Conselho Estadual de Cultura e do Conselho Nacional de Pol\u00edticas Culturais para as Comunidades Tradicionais de Matriz Africana<\/figcaption><\/figure>\n<p>O vereador C\u00e9zar Bombeiro (PSD) lamenta o falecimento do ativista do movimento cultural afro no Maranh\u00e3o, Pai Neto de Nan\u00e3 (\u00c1lvaro Jos\u00e9 dos Santos Souza), ocorrida na manh\u00e3 deste domingo (21).<\/p>\n<p>Neto de Nan\u00e3 era membro do Conselho Estadual de Cultura e do Conselho Nacional de Pol\u00edticas Culturais para as comunidades tradicionais de matriz africana. Foi um grande articulador na luta pelo movimento negro com participa\u00e7\u00e3o efetiva em debates e institui\u00e7\u00f5es nacionais.<\/p>\n<p><strong>Pai Neto de Nan\u00e3<\/strong><\/p>\n<figure id=\"attachment_57136\" aria-describedby=\"caption-attachment-57136\" style=\"width: 200px\" class=\"wp-caption alignright\"><a href=\"https:\/\/www.blogsoestado.com\/danielmatos\/2018\/10\/22\/cezar-bombeiro-presta-condolencias-e-lamenta-o-falecimento-de-neto-de-nana\/neto-nana2\/\" rel=\"attachment wp-att-57136\"><img decoding=\"async\" class=\"wp-image-57136\" src=\"https:\/\/www.blogsoestado.com\/danielmatos\/files\/2018\/10\/neto-nana2.jpeg\" alt=\"\" width=\"200\" height=\"356\" \/><\/a><figcaption id=\"caption-attachment-57136\" class=\"wp-caption-text\">Pai Neto de Nan\u00e3 um grande articulador na luta pelo movimento negro<\/figcaption><\/figure>\n<p>Neste momento de dor pela perda, C\u00e9zar Bombeiro manifesta condol\u00eancias aos familiares, amigos e admiradores. \u00c9 com todo pesar que vimos trazer a triste not\u00edcia do falecimento de nosso querido amigo. Ele parte deixando-nos muitas li\u00e7\u00f5es de amor, amizade, profissionalismo, \u00e9tica e humanidade.<\/p>\n<p>As pessoas s\u00e3o insubstitu\u00edveis em sua exist\u00eancia, e quando s\u00e3o especiais, al\u00e9m da falta que fazem \u00e0queles que as amam, deixam o mundo mais pobre. Sem o nosso amigo, o mundo perde um pouco do seu brilho, alegria e cor.<\/p>\n<p>N\u00e3o temos palavras para expressar os nossos sentimentos. Pedimos a Deus que conforte o cora\u00e7\u00e3o dos familiares e amigos neste momento de dor. Que a luz e o amor divino pairem sobre a alma de quem sofre esta imensur\u00e1vel perda, e os console e lhes d\u00ea serenidade para atravessar esta tempestade.<\/p>\n<p>A Deus pedimos tamb\u00e9m que d\u00ea ao nosso amigo o merecido repouso eterno em seu reino. Muito respeitosamente, prestamos as nossas condol\u00eancias e deixamos os nossos mais sinceros p\u00easames.<\/p>\n","protected":false},"excerpt":{"rendered":"<p>O vereador C\u00e9zar Bombeiro (PSD) lamenta o falecimento do ativista do movimento cultural afro no Maranh\u00e3o, Pai Neto de Nan\u00e3 [&hellip;]<\/p>\n","protected":false},"author":0,"featured_media":0,"comment_status":"open","ping_status":"open","sticky":false,"template":"","format":"standard","meta":{"site-sidebar-layout":"default","site-content-layout":"","ast-site-content-layout":"default","site-content-style":"default","site-sidebar-style":"default","ast-global-header-display":"","ast-banner-title-visibility":"","ast-main-header-display":"","ast-hfb-above-header-display":"","ast-hfb-below-header-display":"","ast-hfb-mobile-header-display":"","site-post-title":"","ast-breadcrumbs-content":"","ast-featured-img":"","footer-sml-layout":"","ast-disable-related-posts":"","theme-transparent-header-meta":"","adv-header-id-meta":"","stick-header-meta":"","header-above-stick-meta":"","header-main-stick-meta":"","header-below-stick-meta":"","astra-migrate-meta-layouts":"default","ast-page-background-enabled":"default","ast-page-background-meta":{"desktop":{"background-color":"var(--ast-global-color-5)","background-image":"","background-repeat":"repeat","background-position":"center center","background-size":"auto","background-attachment":"scroll","background-type":"","background-media":"","overlay-type":"","overlay-color":"","overlay-opacity":"","overlay-gradient":""},"tablet":{"background-color":"","background-image":"","background-repeat":"repeat","background-position":"center center","background-size":"auto","background-attachment":"scroll","background-type":"","background-media":"","overlay-type":"","overlay-color":"","overlay-opacity":"","overlay-gradient":""},"mobile":{"background-color":"","background-image":"","background-repeat":"repeat","background-position":"center center","background-size":"auto","background-attachment":"scroll","background-type":"","background-media":"","overlay-type":"","overlay-color":"","overlay-opacity":"","overlay-gradient":""}},"ast-content-background-meta":{"desktop":{"background-color":"var(--ast-global-color-4)","background-image":"","background-repeat":"repeat","background-position":"center center","background-size":"auto","background-attachment":"scroll","background-type":"","background-media":"","overlay-type":"","overlay-color":"","overlay-opacity":"","overlay-gradient":""},"tablet":{"background-color":"var(--ast-global-color-4)","background-image":"","background-repeat":"repeat","background-position":"center center","background-size":"auto","background-attachment":"scroll","background-type":"","background-media":"","overlay-type":"","overlay-color":"","overlay-opacity":"","overlay-gradient":""},"mobile":{"background-color":"var(--ast-global-color-4)","background-image":"","background-repeat":"repeat","background-position":"center center","background-size":"auto","background-attachment":"scroll","background-type":"","background-media":"","overlay-type":"","overlay-color":"","overlay-opacity":"","overlay-gradient":""}},"footnotes":""},"categories":[1],"tags":[],"class_list":["post-57134","post","type-post","status-publish","format-standard","hentry","category-sem-categoria"],"yoast_head":"<!-- This site is optimized with the Yoast SEO plugin v26.6 - https:\/\/yoast.com\/wordpress\/plugins\/seo\/ -->\n<title>C\u00e9zar Bombeiro presta condol\u00eancias e lamenta o falecimento de Neto de Nan\u00e3 - Daniel Matos<\/title>\n<meta name=\"robots\" content=\"index, follow, max-snippet:-1, max-image-preview:large, max-video-preview:-1\" \/>\n<link rel=\"canonical\" href=\"https:\/\/www.blogsoestado.com\/danielmatos\/cezar-bombeiro-presta-condolencias-e-lamenta-o-falecimento-de-neto-de-nana\/\" \/>\n<meta property=\"og:locale\" content=\"pt_BR\" \/>\n<meta property=\"og:type\" content=\"article\" \/>\n<meta property=\"og:title\" content=\"C\u00e9zar Bombeiro presta condol\u00eancias e lamenta o falecimento de Neto de Nan\u00e3 - Daniel Matos\" \/>\n<meta property=\"og:description\" content=\"O vereador C\u00e9zar Bombeiro (PSD) lamenta o falecimento do ativista do movimento cultural afro no Maranh\u00e3o, Pai Neto de Nan\u00e3 [&hellip;]\" \/>\n<meta property=\"og:url\" content=\"https:\/\/www.blogsoestado.com\/danielmatos\/cezar-bombeiro-presta-condolencias-e-lamenta-o-falecimento-de-neto-de-nana\/\" \/>\n<meta property=\"og:site_name\" content=\"Daniel Matos\" \/>\n<meta property=\"article:published_time\" content=\"2018-10-22T18:08:36+00:00\" \/>\n<meta property=\"og:image\" content=\"https:\/\/www.blogsoestado.com\/danielmatos\/files\/2018\/10\/neto-nana.jpeg\" \/>\n<meta name=\"twitter:card\" content=\"summary_large_image\" \/>\n<meta name=\"twitter:label1\" content=\"Est. tempo de leitura\" \/>\n\t<meta name=\"twitter:data1\" content=\"2 minutos\" \/>\n<script type=\"application\/ld+json\" class=\"yoast-schema-graph\">{\"@context\":\"https:\/\/schema.org\",\"@graph\":[{\"@type\":\"WebPage\",\"@id\":\"https:\/\/www.blogsoestado.com\/danielmatos\/cezar-bombeiro-presta-condolencias-e-lamenta-o-falecimento-de-neto-de-nana\/\",\"url\":\"https:\/\/www.blogsoestado.com\/danielmatos\/cezar-bombeiro-presta-condolencias-e-lamenta-o-falecimento-de-neto-de-nana\/\",\"name\":\"C\u00e9zar Bombeiro presta condol\u00eancias e lamenta o falecimento de Neto de Nan\u00e3 - Daniel Matos\",\"isPartOf\":{\"@id\":\"https:\/\/www.blogsoestado.com\/danielmatos\/#website\"},\"primaryImageOfPage\":{\"@id\":\"https:\/\/www.blogsoestado.com\/danielmatos\/cezar-bombeiro-presta-condolencias-e-lamenta-o-falecimento-de-neto-de-nana\/#primaryimage\"},\"image\":{\"@id\":\"https:\/\/www.blogsoestado.com\/danielmatos\/cezar-bombeiro-presta-condolencias-e-lamenta-o-falecimento-de-neto-de-nana\/#primaryimage\"},\"thumbnailUrl\":\"https:\/\/www.blogsoestado.com\/danielmatos\/files\/2018\/10\/neto-nana.jpeg\",\"datePublished\":\"2018-10-22T18:08:36+00:00\",\"author\":{\"@id\":\"\"},\"breadcrumb\":{\"@id\":\"https:\/\/www.blogsoestado.com\/danielmatos\/cezar-bombeiro-presta-condolencias-e-lamenta-o-falecimento-de-neto-de-nana\/#breadcrumb\"},\"inLanguage\":\"pt-BR\",\"potentialAction\":[{\"@type\":\"ReadAction\",\"target\":[\"https:\/\/www.blogsoestado.com\/danielmatos\/cezar-bombeiro-presta-condolencias-e-lamenta-o-falecimento-de-neto-de-nana\/\"]}]},{\"@type\":\"ImageObject\",\"inLanguage\":\"pt-BR\",\"@id\":\"https:\/\/www.blogsoestado.com\/danielmatos\/cezar-bombeiro-presta-condolencias-e-lamenta-o-falecimento-de-neto-de-nana\/#primaryimage\",\"url\":\"https:\/\/www.blogsoestado.com\/danielmatos\/files\/2018\/10\/neto-nana.jpeg\",\"contentUrl\":\"https:\/\/www.blogsoestado.com\/danielmatos\/files\/2018\/10\/neto-nana.jpeg\"},{\"@type\":\"BreadcrumbList\",\"@id\":\"https:\/\/www.blogsoestado.com\/danielmatos\/cezar-bombeiro-presta-condolencias-e-lamenta-o-falecimento-de-neto-de-nana\/#breadcrumb\",\"itemListElement\":[{\"@type\":\"ListItem\",\"position\":1,\"name\":\"In\u00edcio\",\"item\":\"https:\/\/www.blogsoestado.com\/danielmatos\/\"},{\"@type\":\"ListItem\",\"position\":2,\"name\":\"C\u00e9zar Bombeiro presta condol\u00eancias e lamenta o falecimento de Neto de Nan\u00e3\"}]},{\"@type\":\"WebSite\",\"@id\":\"https:\/\/www.blogsoestado.com\/danielmatos\/#website\",\"url\":\"https:\/\/www.blogsoestado.com\/danielmatos\/\",\"name\":\"Daniel Matos\",\"description\":\"\",\"potentialAction\":[{\"@type\":\"SearchAction\",\"target\":{\"@type\":\"EntryPoint\",\"urlTemplate\":\"https:\/\/www.blogsoestado.com\/danielmatos\/?s={search_term_string}\"},\"query-input\":{\"@type\":\"PropertyValueSpecification\",\"valueRequired\":true,\"valueName\":\"search_term_string\"}}],\"inLanguage\":\"pt-BR\"}]}<\/script>\n<!-- \/ Yoast SEO plugin. -->","yoast_head_json":{"title":"C\u00e9zar Bombeiro presta condol\u00eancias e lamenta o falecimento de Neto de Nan\u00e3 - Daniel Matos","robots":{"index":"index","follow":"follow","max-snippet":"max-snippet:-1","max-image-preview":"max-image-preview:large","max-video-preview":"max-video-preview:-1"},"canonical":"https:\/\/www.blogsoestado.com\/danielmatos\/cezar-bombeiro-presta-condolencias-e-lamenta-o-falecimento-de-neto-de-nana\/","og_locale":"pt_BR","og_type":"article","og_title":"C\u00e9zar Bombeiro presta condol\u00eancias e lamenta o falecimento de Neto de Nan\u00e3 - Daniel Matos","og_description":"O vereador C\u00e9zar Bombeiro (PSD) lamenta o falecimento do ativista do movimento cultural afro no Maranh\u00e3o, Pai Neto de Nan\u00e3 [&hellip;]","og_url":"https:\/\/www.blogsoestado.com\/danielmatos\/cezar-bombeiro-presta-condolencias-e-lamenta-o-falecimento-de-neto-de-nana\/","og_site_name":"Daniel Matos","article_published_time":"2018-10-22T18:08:36+00:00","og_image":[{"url":"https:\/\/www.blogsoestado.com\/danielmatos\/files\/2018\/10\/neto-nana.jpeg","type":"","width":"","height":""}],"twitter_card":"summary_large_image","twitter_misc":{"Est. tempo de leitura":"2 minutos"},"schema":{"@context":"https:\/\/schema.org","@graph":[{"@type":"WebPage","@id":"https:\/\/www.blogsoestado.com\/danielmatos\/cezar-bombeiro-presta-condolencias-e-lamenta-o-falecimento-de-neto-de-nana\/","url":"https:\/\/www.blogsoestado.com\/danielmatos\/cezar-bombeiro-presta-condolencias-e-lamenta-o-falecimento-de-neto-de-nana\/","name":"C\u00e9zar Bombeiro presta condol\u00eancias e lamenta o falecimento de Neto de Nan\u00e3 - Daniel Matos","isPartOf":{"@id":"https:\/\/www.blogsoestado.com\/danielmatos\/#website"},"primaryImageOfPage":{"@id":"https:\/\/www.blogsoestado.com\/danielmatos\/cezar-bombeiro-presta-condolencias-e-lamenta-o-falecimento-de-neto-de-nana\/#primaryimage"},"image":{"@id":"https:\/\/www.blogsoestado.com\/danielmatos\/cezar-bombeiro-presta-condolencias-e-lamenta-o-falecimento-de-neto-de-nana\/#primaryimage"},"thumbnailUrl":"https:\/\/www.blogsoestado.com\/danielmatos\/files\/2018\/10\/neto-nana.jpeg","datePublished":"2018-10-22T18:08:36+00:00","author":{"@id":""},"breadcrumb":{"@id":"https:\/\/www.blogsoestado.com\/danielmatos\/cezar-bombeiro-presta-condolencias-e-lamenta-o-falecimento-de-neto-de-nana\/#breadcrumb"},"inLanguage":"pt-BR","potentialAction":[{"@type":"ReadAction","target":["https:\/\/www.blogsoestado.com\/danielmatos\/cezar-bombeiro-presta-condolencias-e-lamenta-o-falecimento-de-neto-de-nana\/"]}]},{"@type":"ImageObject","inLanguage":"pt-BR","@id":"https:\/\/www.blogsoestado.com\/danielmatos\/cezar-bombeiro-presta-condolencias-e-lamenta-o-falecimento-de-neto-de-nana\/#primaryimage","url":"https:\/\/www.blogsoestado.com\/danielmatos\/files\/2018\/10\/neto-nana.jpeg","contentUrl":"https:\/\/www.blogsoestado.com\/danielmatos\/files\/2018\/10\/neto-nana.jpeg"},{"@type":"BreadcrumbList","@id":"https:\/\/www.blogsoestado.com\/danielmatos\/cezar-bombeiro-presta-condolencias-e-lamenta-o-falecimento-de-neto-de-nana\/#breadcrumb","itemListElement":[{"@type":"ListItem","position":1,"name":"In\u00edcio","item":"https:\/\/www.blogsoestado.com\/danielmatos\/"},{"@type":"ListItem","position":2,"name":"C\u00e9zar Bombeiro presta condol\u00eancias e lamenta o falecimento de Neto de Nan\u00e3"}]},{"@type":"WebSite","@id":"https:\/\/www.blogsoestado.com\/danielmatos\/#website","url":"https:\/\/www.blogsoestado.com\/danielmatos\/","name":"Daniel Matos","description":"","potentialAction":[{"@type":"SearchAction","target":{"@type":"EntryPoint","urlTemplate":"https:\/\/www.blogsoestado.com\/danielmatos\/?s={search_term_string}"},"query-input":{"@type":"PropertyValueSpecification","valueRequired":true,"valueName":"search_term_string"}}],"inLanguage":"pt-BR"}]}},"jetpack_featured_media_url":"","_links":{"self":[{"href":"https:\/\/www.blogsoestado.com\/danielmatos\/wp-json\/wp\/v2\/posts\/57134","targetHints":{"allow":["GET"]}}],"collection":[{"href":"https:\/\/www.blogsoestado.com\/danielmatos\/wp-json\/wp\/v2\/posts"}],"about":[{"href":"https:\/\/www.blogsoestado.com\/danielmatos\/wp-json\/wp\/v2\/types\/post"}],"replies":[{"embeddable":true,"href":"https:\/\/www.blogsoestado.com\/danielmatos\/wp-json\/wp\/v2\/comments?post=57134"}],"version-history":[{"count":0,"href":"https:\/\/www.blogsoestado.com\/danielmatos\/wp-json\/wp\/v2\/posts\/57134\/revisions"}],"wp:attachment":[{"href":"https:\/\/www.blogsoestado.com\/danielmatos\/wp-json\/wp\/v2\/media?parent=57134"}],"wp:term":[{"taxonomy":"category","embeddable":true,"href":"https:\/\/www.blogsoestado.com\/danielmatos\/wp-json\/wp\/v2\/categories?post=57134"},{"taxonomy":"post_tag","embeddable":true,"href":"https:\/\/www.blogsoestado.com\/danielmatos\/wp-json\/wp\/v2\/tags?post=57134"}],"curies":[{"name":"wp","href":"https:\/\/api.w.org\/{rel}","templated":true}]}}