{"id":57139,"date":"2018-10-22T16:55:54","date_gmt":"2018-10-22T19:55:54","guid":{"rendered":"https:\/\/www.blogsoestado.com\/danielmatos\/?p=57139"},"modified":"2018-10-22T16:55:54","modified_gmt":"2018-10-22T19:55:54","slug":"governo-flavio-dino-baixa-portaria-que-impoe-normas-a-rituais-de-umbanda-e-proibe-tambor-de-amanhecer","status":"publish","type":"post","link":"https:\/\/www.blogsoestado.com\/danielmatos\/governo-flavio-dino-baixa-portaria-que-impoe-normas-a-rituais-de-umbanda-e-proibe-tambor-de-amanhecer\/","title":{"rendered":"Agora o tambor n\u00e3o amanhece: governo Fl\u00e1vio Dino baixa portaria que imp\u00f5e normas a rituais de umbanda"},"content":{"rendered":"<h2><span style=\"color: #ff0000;\">Est\u00e3o vedados o uso de produtos que possam causar inc\u00eandio e atividades que poluam o meio ambiente; queima de fogos tem hor\u00e1rio limitado, assim como o tradicional toque de tambor, que s\u00f3 ser\u00e1 permitido at\u00e9 as 2h da madrugada<\/span><\/h2>\n<figure id=\"attachment_57142\" aria-describedby=\"caption-attachment-57142\" style=\"width: 450px\" class=\"wp-caption alignright\"><a href=\"https:\/\/www.blogsoestado.com\/danielmatos\/2018\/10\/22\/governo-flavio-dino-baixa-portaria-que-impoe-normas-a-rituais-de-umbanda-e-proibe-tambor-de-amanhecer\/mulheres-de-axe\/\" rel=\"attachment wp-att-57142\"><img fetchpriority=\"high\" decoding=\"async\" class=\"wp-image-57142\" src=\"https:\/\/www.blogsoestado.com\/danielmatos\/files\/2018\/10\/mulheres-de-ax\u00e9.jpg\" alt=\"\" width=\"450\" height=\"294\" \/><\/a><figcaption id=\"caption-attachment-57142\" class=\"wp-caption-text\">Na \u00faltima campanha eleitoral, umbandistas que participaram do encontro &#8220;Mulheres de Ax\u00e9&#8221; foram bem recebidos no Pal\u00e1cio dos Le\u00f5es<\/figcaption><\/figure>\n<p>Uma <a href=\"http:\/\/www.diariooficial.ma.gov.br\/public\/index.xhtml\">portaria<\/a>\u00a0baixada em 6 de setembro deste ano pela Secretaria de Estado da Seguran\u00e7a P\u00fablica (SSP) promete gerar forte pol\u00eamica entre adeptos das religi\u00f5es de matriz africana no Maranh\u00e3o. Assinada pelo secret\u00e1rio Jefferson Miler Portela e Silva, a portaria imp\u00f5e uma s\u00e9rie de normas \u00e0 umbanda e aos demais cultos afro-brasileiros para evitar que seus rituais venham a contrariar a ordem p\u00fablica e os bons costumes em territ\u00f3rio maranhense.<\/p>\n<p>As restri\u00e7\u00f5es atingem as pr\u00e1ticas de cultos umband\u00edsticos cujos rituais ocorrem em logradouros p\u00fablicos, florestas e demais formas de vegeta\u00e7\u00e3o, praias, rios, etc. O texto da portaria faz refer\u00eancia \u00e0 necessidade de garantir e disciplinar os rituais t\u00edpicos das religi\u00f5es de matriz africana, e estabelecer crit\u00e9rios para a sua realiza\u00e7\u00e3o em\u00a0 todo o estado.<\/p>\n<p>De acordo com as normas, est\u00e3o liberados os rituais em cemit\u00e9rios, encruzilhadas, praias, margens de rios e florestas. Mas todos ter\u00e3o que cumprir algumas condi\u00e7\u00f5es. Nas encruzilhadas, n\u00e3o dever\u00e3o provocar interrup\u00e7\u00e3o ou obstru\u00e7\u00e3o do tr\u00e1fego de ve\u00edculos ou causar dificuldades de acesso aos pedestres. Nos cemit\u00e9rios, estar\u00e3o sujeitos \u00e0 autoriza\u00e7\u00e3o pr\u00e9via da administra\u00e7\u00e3o desses locais e\/ou da prefeitura local.<\/p>\n<p><strong>Polui\u00e7\u00e3o e inc\u00eandios<\/strong><\/p>\n<p>Nas praias e margens de rios, os rituais n\u00e3o poder\u00e3o ocasionar qualquer dificuldade ou inc\u00f4modo aos banhistas e polui\u00e7\u00e3o dos locais. Nas florestas e demais formas de vegeta\u00e7\u00e3o marginal, dever\u00e1 ser preservado o meio ambiente, sendo vedado o emprego de produtos ou dispositivos suscet\u00edveis de provocar inc\u00eandios, respeitando ainda o direito de propriedade.<\/p>\n<p>Em rela\u00e7\u00e3o \u00e0 queima de fogos de artif\u00edcio, esta ficar\u00e1 sujeita a hor\u00e1rio, considerando a comodidade e seguran\u00e7a dos moradores das imedia\u00e7\u00f5es e o toque de tambor somente ser\u00e1 permitido at\u00e9 as 2h da madrugada, desde que n\u00e3o perturbe o sossego p\u00fablico.<\/p>\n<p>A portaria prev\u00ea, ainda, que o controle dos rituais ser\u00e1 feito pela Federa\u00e7\u00e3o de Umbanda e Cultos Afro-Brasileiros, mas a a Secretaria de Seguran\u00e7a P\u00fablica manter\u00e1 sua prerrogativa de fiscalizar os cultos e proibir pr\u00e1ticas tidas como abusivas, se for o caso.<\/p>\n<p>Pegos de surpresa pela portaria, pais e filhos de santo e demais seguidores das religi\u00f5es afros demonstram insatisfa\u00e7\u00e3o com a\u00a0interfer\u00eancia do governo em seus cultos. Revoltados, umbandistas, adeptos do candombl\u00e9, do tambor de mina e das demais religi\u00f5es de matriz africana prometem reagir ao que chamam de preconceito e intoler\u00e2ncia oficial.<\/p>\n","protected":false},"excerpt":{"rendered":"<p>Est\u00e3o vedados o uso de produtos que possam causar inc\u00eandio e atividades que poluam o meio ambiente; queima de fogos [&hellip;]<\/p>\n","protected":false},"author":0,"featured_media":0,"comment_status":"open","ping_status":"open","sticky":false,"template":"","format":"standard","meta":{"site-sidebar-layout":"default","site-content-layout":"","ast-site-content-layout":"default","site-content-style":"default","site-sidebar-style":"default","ast-global-header-display":"","ast-banner-title-visibility":"","ast-main-header-display":"","ast-hfb-above-header-display":"","ast-hfb-below-header-display":"","ast-hfb-mobile-header-display":"","site-post-title":"","ast-breadcrumbs-content":"","ast-featured-img":"","footer-sml-layout":"","ast-disable-related-posts":"","theme-transparent-header-meta":"","adv-header-id-meta":"","stick-header-meta":"","header-above-stick-meta":"","header-main-stick-meta":"","header-below-stick-meta":"","astra-migrate-meta-layouts":"default","ast-page-background-enabled":"default","ast-page-background-meta":{"desktop":{"background-color":"var(--ast-global-color-5)","background-image":"","background-repeat":"repeat","background-position":"center center","background-size":"auto","background-attachment":"scroll","background-type":"","background-media":"","overlay-type":"","overlay-color":"","overlay-opacity":"","overlay-gradient":""},"tablet":{"background-color":"","background-image":"","background-repeat":"repeat","background-position":"center center","background-size":"auto","background-attachment":"scroll","background-type":"","background-media":"","overlay-type":"","overlay-color":"","overlay-opacity":"","overlay-gradient":""},"mobile":{"background-color":"","background-image":"","background-repeat":"repeat","background-position":"center center","background-size":"auto","background-attachment":"scroll","background-type":"","background-media":"","overlay-type":"","overlay-color":"","overlay-opacity":"","overlay-gradient":""}},"ast-content-background-meta":{"desktop":{"background-color":"var(--ast-global-color-4)","background-image":"","background-repeat":"repeat","background-position":"center center","background-size":"auto","background-attachment":"scroll","background-type":"","background-media":"","overlay-type":"","overlay-color":"","overlay-opacity":"","overlay-gradient":""},"tablet":{"background-color":"var(--ast-global-color-4)","background-image":"","background-repeat":"repeat","background-position":"center center","background-size":"auto","background-attachment":"scroll","background-type":"","background-media":"","overlay-type":"","overlay-color":"","overlay-opacity":"","overlay-gradient":""},"mobile":{"background-color":"var(--ast-global-color-4)","background-image":"","background-repeat":"repeat","background-position":"center center","background-size":"auto","background-attachment":"scroll","background-type":"","background-media":"","overlay-type":"","overlay-color":"","overlay-opacity":"","overlay-gradient":""}},"footnotes":""},"categories":[1],"tags":[],"class_list":["post-57139","post","type-post","status-publish","format-standard","hentry","category-sem-categoria"],"yoast_head":"<!-- This site is optimized with the Yoast SEO plugin v26.6 - https:\/\/yoast.com\/wordpress\/plugins\/seo\/ -->\n<title>Agora o tambor n\u00e3o amanhece: governo Fl\u00e1vio Dino baixa portaria que imp\u00f5e normas a rituais de umbanda - Daniel Matos<\/title>\n<meta name=\"robots\" content=\"index, follow, max-snippet:-1, max-image-preview:large, max-video-preview:-1\" \/>\n<link rel=\"canonical\" href=\"https:\/\/www.blogsoestado.com\/danielmatos\/governo-flavio-dino-baixa-portaria-que-impoe-normas-a-rituais-de-umbanda-e-proibe-tambor-de-amanhecer\/\" \/>\n<meta property=\"og:locale\" content=\"pt_BR\" \/>\n<meta property=\"og:type\" content=\"article\" \/>\n<meta property=\"og:title\" content=\"Agora o tambor n\u00e3o amanhece: governo Fl\u00e1vio Dino baixa portaria que imp\u00f5e normas a rituais de umbanda - Daniel Matos\" \/>\n<meta property=\"og:description\" content=\"Est\u00e3o vedados o uso de produtos que possam causar inc\u00eandio e atividades que poluam o meio ambiente; queima de fogos [&hellip;]\" \/>\n<meta property=\"og:url\" content=\"https:\/\/www.blogsoestado.com\/danielmatos\/governo-flavio-dino-baixa-portaria-que-impoe-normas-a-rituais-de-umbanda-e-proibe-tambor-de-amanhecer\/\" \/>\n<meta property=\"og:site_name\" content=\"Daniel Matos\" \/>\n<meta property=\"article:published_time\" content=\"2018-10-22T19:55:54+00:00\" \/>\n<meta name=\"twitter:card\" content=\"summary_large_image\" \/>\n<meta name=\"twitter:label1\" content=\"Est. tempo de leitura\" \/>\n\t<meta name=\"twitter:data1\" content=\"3 minutos\" \/>\n<script type=\"application\/ld+json\" class=\"yoast-schema-graph\">{\"@context\":\"https:\/\/schema.org\",\"@graph\":[{\"@type\":\"WebPage\",\"@id\":\"https:\/\/www.blogsoestado.com\/danielmatos\/governo-flavio-dino-baixa-portaria-que-impoe-normas-a-rituais-de-umbanda-e-proibe-tambor-de-amanhecer\/\",\"url\":\"https:\/\/www.blogsoestado.com\/danielmatos\/governo-flavio-dino-baixa-portaria-que-impoe-normas-a-rituais-de-umbanda-e-proibe-tambor-de-amanhecer\/\",\"name\":\"Agora o tambor n\u00e3o amanhece: governo Fl\u00e1vio Dino baixa portaria que imp\u00f5e normas a rituais de umbanda - Daniel Matos\",\"isPartOf\":{\"@id\":\"https:\/\/www.blogsoestado.com\/danielmatos\/#website\"},\"datePublished\":\"2018-10-22T19:55:54+00:00\",\"author\":{\"@id\":\"\"},\"breadcrumb\":{\"@id\":\"https:\/\/www.blogsoestado.com\/danielmatos\/governo-flavio-dino-baixa-portaria-que-impoe-normas-a-rituais-de-umbanda-e-proibe-tambor-de-amanhecer\/#breadcrumb\"},\"inLanguage\":\"pt-BR\",\"potentialAction\":[{\"@type\":\"ReadAction\",\"target\":[\"https:\/\/www.blogsoestado.com\/danielmatos\/governo-flavio-dino-baixa-portaria-que-impoe-normas-a-rituais-de-umbanda-e-proibe-tambor-de-amanhecer\/\"]}]},{\"@type\":\"BreadcrumbList\",\"@id\":\"https:\/\/www.blogsoestado.com\/danielmatos\/governo-flavio-dino-baixa-portaria-que-impoe-normas-a-rituais-de-umbanda-e-proibe-tambor-de-amanhecer\/#breadcrumb\",\"itemListElement\":[{\"@type\":\"ListItem\",\"position\":1,\"name\":\"In\u00edcio\",\"item\":\"https:\/\/www.blogsoestado.com\/danielmatos\/\"},{\"@type\":\"ListItem\",\"position\":2,\"name\":\"Agora o tambor n\u00e3o amanhece: governo Fl\u00e1vio Dino baixa portaria que imp\u00f5e normas a rituais de umbanda\"}]},{\"@type\":\"WebSite\",\"@id\":\"https:\/\/www.blogsoestado.com\/danielmatos\/#website\",\"url\":\"https:\/\/www.blogsoestado.com\/danielmatos\/\",\"name\":\"Daniel Matos\",\"description\":\"\",\"potentialAction\":[{\"@type\":\"SearchAction\",\"target\":{\"@type\":\"EntryPoint\",\"urlTemplate\":\"https:\/\/www.blogsoestado.com\/danielmatos\/?s={search_term_string}\"},\"query-input\":{\"@type\":\"PropertyValueSpecification\",\"valueRequired\":true,\"valueName\":\"search_term_string\"}}],\"inLanguage\":\"pt-BR\"}]}<\/script>\n<!-- \/ Yoast SEO plugin. -->","yoast_head_json":{"title":"Agora o tambor n\u00e3o amanhece: governo Fl\u00e1vio Dino baixa portaria que imp\u00f5e normas a rituais de umbanda - Daniel Matos","robots":{"index":"index","follow":"follow","max-snippet":"max-snippet:-1","max-image-preview":"max-image-preview:large","max-video-preview":"max-video-preview:-1"},"canonical":"https:\/\/www.blogsoestado.com\/danielmatos\/governo-flavio-dino-baixa-portaria-que-impoe-normas-a-rituais-de-umbanda-e-proibe-tambor-de-amanhecer\/","og_locale":"pt_BR","og_type":"article","og_title":"Agora o tambor n\u00e3o amanhece: governo Fl\u00e1vio Dino baixa portaria que imp\u00f5e normas a rituais de umbanda - Daniel Matos","og_description":"Est\u00e3o vedados o uso de produtos que possam causar inc\u00eandio e atividades que poluam o meio ambiente; queima de fogos [&hellip;]","og_url":"https:\/\/www.blogsoestado.com\/danielmatos\/governo-flavio-dino-baixa-portaria-que-impoe-normas-a-rituais-de-umbanda-e-proibe-tambor-de-amanhecer\/","og_site_name":"Daniel Matos","article_published_time":"2018-10-22T19:55:54+00:00","twitter_card":"summary_large_image","twitter_misc":{"Est. tempo de leitura":"3 minutos"},"schema":{"@context":"https:\/\/schema.org","@graph":[{"@type":"WebPage","@id":"https:\/\/www.blogsoestado.com\/danielmatos\/governo-flavio-dino-baixa-portaria-que-impoe-normas-a-rituais-de-umbanda-e-proibe-tambor-de-amanhecer\/","url":"https:\/\/www.blogsoestado.com\/danielmatos\/governo-flavio-dino-baixa-portaria-que-impoe-normas-a-rituais-de-umbanda-e-proibe-tambor-de-amanhecer\/","name":"Agora o tambor n\u00e3o amanhece: governo Fl\u00e1vio Dino baixa portaria que imp\u00f5e normas a rituais de umbanda - Daniel Matos","isPartOf":{"@id":"https:\/\/www.blogsoestado.com\/danielmatos\/#website"},"datePublished":"2018-10-22T19:55:54+00:00","author":{"@id":""},"breadcrumb":{"@id":"https:\/\/www.blogsoestado.com\/danielmatos\/governo-flavio-dino-baixa-portaria-que-impoe-normas-a-rituais-de-umbanda-e-proibe-tambor-de-amanhecer\/#breadcrumb"},"inLanguage":"pt-BR","potentialAction":[{"@type":"ReadAction","target":["https:\/\/www.blogsoestado.com\/danielmatos\/governo-flavio-dino-baixa-portaria-que-impoe-normas-a-rituais-de-umbanda-e-proibe-tambor-de-amanhecer\/"]}]},{"@type":"BreadcrumbList","@id":"https:\/\/www.blogsoestado.com\/danielmatos\/governo-flavio-dino-baixa-portaria-que-impoe-normas-a-rituais-de-umbanda-e-proibe-tambor-de-amanhecer\/#breadcrumb","itemListElement":[{"@type":"ListItem","position":1,"name":"In\u00edcio","item":"https:\/\/www.blogsoestado.com\/danielmatos\/"},{"@type":"ListItem","position":2,"name":"Agora o tambor n\u00e3o amanhece: governo Fl\u00e1vio Dino baixa portaria que imp\u00f5e normas a rituais de umbanda"}]},{"@type":"WebSite","@id":"https:\/\/www.blogsoestado.com\/danielmatos\/#website","url":"https:\/\/www.blogsoestado.com\/danielmatos\/","name":"Daniel Matos","description":"","potentialAction":[{"@type":"SearchAction","target":{"@type":"EntryPoint","urlTemplate":"https:\/\/www.blogsoestado.com\/danielmatos\/?s={search_term_string}"},"query-input":{"@type":"PropertyValueSpecification","valueRequired":true,"valueName":"search_term_string"}}],"inLanguage":"pt-BR"}]}},"jetpack_featured_media_url":"","_links":{"self":[{"href":"https:\/\/www.blogsoestado.com\/danielmatos\/wp-json\/wp\/v2\/posts\/57139","targetHints":{"allow":["GET"]}}],"collection":[{"href":"https:\/\/www.blogsoestado.com\/danielmatos\/wp-json\/wp\/v2\/posts"}],"about":[{"href":"https:\/\/www.blogsoestado.com\/danielmatos\/wp-json\/wp\/v2\/types\/post"}],"replies":[{"embeddable":true,"href":"https:\/\/www.blogsoestado.com\/danielmatos\/wp-json\/wp\/v2\/comments?post=57139"}],"version-history":[{"count":0,"href":"https:\/\/www.blogsoestado.com\/danielmatos\/wp-json\/wp\/v2\/posts\/57139\/revisions"}],"wp:attachment":[{"href":"https:\/\/www.blogsoestado.com\/danielmatos\/wp-json\/wp\/v2\/media?parent=57139"}],"wp:term":[{"taxonomy":"category","embeddable":true,"href":"https:\/\/www.blogsoestado.com\/danielmatos\/wp-json\/wp\/v2\/categories?post=57139"},{"taxonomy":"post_tag","embeddable":true,"href":"https:\/\/www.blogsoestado.com\/danielmatos\/wp-json\/wp\/v2\/tags?post=57139"}],"curies":[{"name":"wp","href":"https:\/\/api.w.org\/{rel}","templated":true}]}}