{"id":57918,"date":"2018-11-09T16:59:11","date_gmt":"2018-11-09T19:59:11","guid":{"rendered":"https:\/\/www.blogsoestado.com\/danielmatos\/?p=57918"},"modified":"2018-11-09T16:59:11","modified_gmt":"2018-11-09T19:59:11","slug":"nair-portela-retalia-vice-reitor-e-manda-apreender-carro","status":"publish","type":"post","link":"https:\/\/www.blogsoestado.com\/danielmatos\/nair-portela-retalia-vice-reitor-e-manda-apreender-carro\/","title":{"rendered":"Nair Portela retalia vice-reitor e manda apreender carro"},"content":{"rendered":"<figure id=\"attachment_57919\" aria-describedby=\"caption-attachment-57919\" style=\"width: 450px\" class=\"wp-caption alignleft\"><a href=\"https:\/\/www.blogsoestado.com\/danielmatos\/2018\/11\/09\/nair-portela-retalia-vice-reitor-e-manda-apreender-carro\/vice-ufma\/\" rel=\"attachment wp-att-57919\"><img fetchpriority=\"high\" decoding=\"async\" class=\"wp-image-57919\" src=\"https:\/\/www.blogsoestado.com\/danielmatos\/files\/2018\/11\/vice-ufma.jpg\" alt=\"\" width=\"450\" height=\"359\" \/><\/a><figcaption id=\"caption-attachment-57919\" class=\"wp-caption-text\">Vice-reitor da UFMA, Fernando Carvalho Silva, teve o carro recolhido ap\u00f3s proferir palestra em evento do movimento Pacto pela UFMA, em Cod\u00f3<\/figcaption><\/figure>\n<p>Em uma atitude autorit\u00e1ria e antidemocr\u00e1tica, a reitora da UFMA, Nair Portela, mandou recolher o carro de uso da vice-reitoria em repres\u00e1lia a uma atitude do vice-reitor, Fernando Carvalho Silva. O professor participou, como palestrante, no Campus de Cod\u00f3, de um evento do \u201cPacto pela UFMA\u201d, movimento que foi lan\u00e7ado na semana passada em Pinheiro por professores, estudantes e t\u00e9cnicos da UFMA. Fernando Carvalho foi eleito junto com Nair Portela h\u00e1 tr\u00eas anos e meio e teve mais votos que a reitora, j\u00e1 que na UFMA a elei\u00e7\u00e3o para reitor e vice n\u00e3o \u00e9 \u201ccasada\u201d.<\/p>\n<p>O \u201cPacto pela UFMA\u201d \u00e9 um movimento que est\u00e1 dialogando com a comunidade acad\u00eamica por meio de f\u00f3runs de discuss\u00e3o nos nove campi que comp\u00f5em a Universidade para coletar propostas e sugest\u00f5es visando a constru\u00e7\u00e3o coletiva de um projeto de desenvolvimento para a UFMA. Nair Portela tenta frear o movimento, que cresce a cada dia e vem ganhando musculatura por onde passa. \u00c0 beira do colapso, sua gest\u00e3o n\u00e3o tem respostas \u00e0 altura para a enxurrada de cr\u00edticas e o caos instalado nos campi da UFMA no continente e na capital.<\/p>\n<p>Nesta semana, a comunidade universit\u00e1ria do campus de Balsas fez um protesto, indignada com demora para a conclus\u00e3o das obras do pr\u00e9dio naquele munic\u00edpio. A reitora marcou a entrega dos blocos diversas vezes e nunca cumpriu os prazos, nem se explicou.<\/p>\n<p>N\u00e3o \u00e9 s\u00f3 em Balsas que o corpo docente, discente e administrativo est\u00e1 desenvolvendo suas atividades em situa\u00e7\u00e3o prec\u00e1ria. Em Bacabal, estudantes se queixam do sucateamento de equipamentos, falta de microsc\u00f3pios e insumos b\u00e1sicos para atender, minimamente, suas necessidades em sala de aula.<\/p>\n<p>A tentativa de boicote ao movimento por parte da reitoria \u00e9 um duro golpe ao ambiente democr\u00e1tico que deve prevalecer na universidade. E uma afronta \u00e0 liberdade de opini\u00e3o, pluralismo de ideias e participa\u00e7\u00e3o coletiva presentes na academia.<\/p>\n","protected":false},"excerpt":{"rendered":"<p>Em uma atitude autorit\u00e1ria e antidemocr\u00e1tica, a reitora da UFMA, Nair Portela, mandou recolher o carro de uso da vice-reitoria [&hellip;]<\/p>\n","protected":false},"author":0,"featured_media":0,"comment_status":"open","ping_status":"open","sticky":false,"template":"","format":"standard","meta":{"site-sidebar-layout":"default","site-content-layout":"","ast-site-content-layout":"default","site-content-style":"default","site-sidebar-style":"default","ast-global-header-display":"","ast-banner-title-visibility":"","ast-main-header-display":"","ast-hfb-above-header-display":"","ast-hfb-below-header-display":"","ast-hfb-mobile-header-display":"","site-post-title":"","ast-breadcrumbs-content":"","ast-featured-img":"","footer-sml-layout":"","ast-disable-related-posts":"","theme-transparent-header-meta":"","adv-header-id-meta":"","stick-header-meta":"","header-above-stick-meta":"","header-main-stick-meta":"","header-below-stick-meta":"","astra-migrate-meta-layouts":"default","ast-page-background-enabled":"default","ast-page-background-meta":{"desktop":{"background-color":"var(--ast-global-color-5)","background-image":"","background-repeat":"repeat","background-position":"center center","background-size":"auto","background-attachment":"scroll","background-type":"","background-media":"","overlay-type":"","overlay-color":"","overlay-opacity":"","overlay-gradient":""},"tablet":{"background-color":"","background-image":"","background-repeat":"repeat","background-position":"center center","background-size":"auto","background-attachment":"scroll","background-type":"","background-media":"","overlay-type":"","overlay-color":"","overlay-opacity":"","overlay-gradient":""},"mobile":{"background-color":"","background-image":"","background-repeat":"repeat","background-position":"center center","background-size":"auto","background-attachment":"scroll","background-type":"","background-media":"","overlay-type":"","overlay-color":"","overlay-opacity":"","overlay-gradient":""}},"ast-content-background-meta":{"desktop":{"background-color":"var(--ast-global-color-4)","background-image":"","background-repeat":"repeat","background-position":"center center","background-size":"auto","background-attachment":"scroll","background-type":"","background-media":"","overlay-type":"","overlay-color":"","overlay-opacity":"","overlay-gradient":""},"tablet":{"background-color":"var(--ast-global-color-4)","background-image":"","background-repeat":"repeat","background-position":"center center","background-size":"auto","background-attachment":"scroll","background-type":"","background-media":"","overlay-type":"","overlay-color":"","overlay-opacity":"","overlay-gradient":""},"mobile":{"background-color":"var(--ast-global-color-4)","background-image":"","background-repeat":"repeat","background-position":"center center","background-size":"auto","background-attachment":"scroll","background-type":"","background-media":"","overlay-type":"","overlay-color":"","overlay-opacity":"","overlay-gradient":""}},"footnotes":""},"categories":[1],"tags":[],"class_list":["post-57918","post","type-post","status-publish","format-standard","hentry","category-sem-categoria"],"yoast_head":"<!-- This site is optimized with the Yoast SEO plugin v26.6 - https:\/\/yoast.com\/wordpress\/plugins\/seo\/ -->\n<title>Nair Portela retalia vice-reitor e manda apreender carro - Daniel Matos<\/title>\n<meta name=\"robots\" content=\"index, follow, max-snippet:-1, max-image-preview:large, max-video-preview:-1\" \/>\n<link rel=\"canonical\" href=\"https:\/\/www.blogsoestado.com\/danielmatos\/nair-portela-retalia-vice-reitor-e-manda-apreender-carro\/\" \/>\n<meta property=\"og:locale\" content=\"pt_BR\" \/>\n<meta property=\"og:type\" content=\"article\" \/>\n<meta property=\"og:title\" content=\"Nair Portela retalia vice-reitor e manda apreender carro - Daniel Matos\" \/>\n<meta property=\"og:description\" content=\"Em uma atitude autorit\u00e1ria e antidemocr\u00e1tica, a reitora da UFMA, Nair Portela, mandou recolher o carro de uso da vice-reitoria [&hellip;]\" \/>\n<meta property=\"og:url\" content=\"https:\/\/www.blogsoestado.com\/danielmatos\/nair-portela-retalia-vice-reitor-e-manda-apreender-carro\/\" \/>\n<meta property=\"og:site_name\" content=\"Daniel Matos\" \/>\n<meta property=\"article:published_time\" content=\"2018-11-09T19:59:11+00:00\" \/>\n<meta property=\"og:image\" content=\"https:\/\/www.blogsoestado.com\/danielmatos\/files\/2018\/11\/vice-ufma.jpg\" \/>\n<meta name=\"twitter:card\" content=\"summary_large_image\" \/>\n<meta name=\"twitter:label1\" content=\"Est. tempo de leitura\" \/>\n\t<meta name=\"twitter:data1\" content=\"2 minutos\" \/>\n<script type=\"application\/ld+json\" class=\"yoast-schema-graph\">{\"@context\":\"https:\/\/schema.org\",\"@graph\":[{\"@type\":\"WebPage\",\"@id\":\"https:\/\/www.blogsoestado.com\/danielmatos\/nair-portela-retalia-vice-reitor-e-manda-apreender-carro\/\",\"url\":\"https:\/\/www.blogsoestado.com\/danielmatos\/nair-portela-retalia-vice-reitor-e-manda-apreender-carro\/\",\"name\":\"Nair Portela retalia vice-reitor e manda apreender carro - Daniel Matos\",\"isPartOf\":{\"@id\":\"https:\/\/www.blogsoestado.com\/danielmatos\/#website\"},\"primaryImageOfPage\":{\"@id\":\"https:\/\/www.blogsoestado.com\/danielmatos\/nair-portela-retalia-vice-reitor-e-manda-apreender-carro\/#primaryimage\"},\"image\":{\"@id\":\"https:\/\/www.blogsoestado.com\/danielmatos\/nair-portela-retalia-vice-reitor-e-manda-apreender-carro\/#primaryimage\"},\"thumbnailUrl\":\"https:\/\/www.blogsoestado.com\/danielmatos\/files\/2018\/11\/vice-ufma.jpg\",\"datePublished\":\"2018-11-09T19:59:11+00:00\",\"author\":{\"@id\":\"\"},\"breadcrumb\":{\"@id\":\"https:\/\/www.blogsoestado.com\/danielmatos\/nair-portela-retalia-vice-reitor-e-manda-apreender-carro\/#breadcrumb\"},\"inLanguage\":\"pt-BR\",\"potentialAction\":[{\"@type\":\"ReadAction\",\"target\":[\"https:\/\/www.blogsoestado.com\/danielmatos\/nair-portela-retalia-vice-reitor-e-manda-apreender-carro\/\"]}]},{\"@type\":\"ImageObject\",\"inLanguage\":\"pt-BR\",\"@id\":\"https:\/\/www.blogsoestado.com\/danielmatos\/nair-portela-retalia-vice-reitor-e-manda-apreender-carro\/#primaryimage\",\"url\":\"https:\/\/www.blogsoestado.com\/danielmatos\/files\/2018\/11\/vice-ufma.jpg\",\"contentUrl\":\"https:\/\/www.blogsoestado.com\/danielmatos\/files\/2018\/11\/vice-ufma.jpg\"},{\"@type\":\"BreadcrumbList\",\"@id\":\"https:\/\/www.blogsoestado.com\/danielmatos\/nair-portela-retalia-vice-reitor-e-manda-apreender-carro\/#breadcrumb\",\"itemListElement\":[{\"@type\":\"ListItem\",\"position\":1,\"name\":\"In\u00edcio\",\"item\":\"https:\/\/www.blogsoestado.com\/danielmatos\/\"},{\"@type\":\"ListItem\",\"position\":2,\"name\":\"Nair Portela retalia vice-reitor e manda apreender carro\"}]},{\"@type\":\"WebSite\",\"@id\":\"https:\/\/www.blogsoestado.com\/danielmatos\/#website\",\"url\":\"https:\/\/www.blogsoestado.com\/danielmatos\/\",\"name\":\"Daniel Matos\",\"description\":\"\",\"potentialAction\":[{\"@type\":\"SearchAction\",\"target\":{\"@type\":\"EntryPoint\",\"urlTemplate\":\"https:\/\/www.blogsoestado.com\/danielmatos\/?s={search_term_string}\"},\"query-input\":{\"@type\":\"PropertyValueSpecification\",\"valueRequired\":true,\"valueName\":\"search_term_string\"}}],\"inLanguage\":\"pt-BR\"}]}<\/script>\n<!-- \/ Yoast SEO plugin. -->","yoast_head_json":{"title":"Nair Portela retalia vice-reitor e manda apreender carro - Daniel Matos","robots":{"index":"index","follow":"follow","max-snippet":"max-snippet:-1","max-image-preview":"max-image-preview:large","max-video-preview":"max-video-preview:-1"},"canonical":"https:\/\/www.blogsoestado.com\/danielmatos\/nair-portela-retalia-vice-reitor-e-manda-apreender-carro\/","og_locale":"pt_BR","og_type":"article","og_title":"Nair Portela retalia vice-reitor e manda apreender carro - Daniel Matos","og_description":"Em uma atitude autorit\u00e1ria e antidemocr\u00e1tica, a reitora da UFMA, Nair Portela, mandou recolher o carro de uso da vice-reitoria [&hellip;]","og_url":"https:\/\/www.blogsoestado.com\/danielmatos\/nair-portela-retalia-vice-reitor-e-manda-apreender-carro\/","og_site_name":"Daniel Matos","article_published_time":"2018-11-09T19:59:11+00:00","og_image":[{"url":"https:\/\/www.blogsoestado.com\/danielmatos\/files\/2018\/11\/vice-ufma.jpg","type":"","width":"","height":""}],"twitter_card":"summary_large_image","twitter_misc":{"Est. tempo de leitura":"2 minutos"},"schema":{"@context":"https:\/\/schema.org","@graph":[{"@type":"WebPage","@id":"https:\/\/www.blogsoestado.com\/danielmatos\/nair-portela-retalia-vice-reitor-e-manda-apreender-carro\/","url":"https:\/\/www.blogsoestado.com\/danielmatos\/nair-portela-retalia-vice-reitor-e-manda-apreender-carro\/","name":"Nair Portela retalia vice-reitor e manda apreender carro - Daniel Matos","isPartOf":{"@id":"https:\/\/www.blogsoestado.com\/danielmatos\/#website"},"primaryImageOfPage":{"@id":"https:\/\/www.blogsoestado.com\/danielmatos\/nair-portela-retalia-vice-reitor-e-manda-apreender-carro\/#primaryimage"},"image":{"@id":"https:\/\/www.blogsoestado.com\/danielmatos\/nair-portela-retalia-vice-reitor-e-manda-apreender-carro\/#primaryimage"},"thumbnailUrl":"https:\/\/www.blogsoestado.com\/danielmatos\/files\/2018\/11\/vice-ufma.jpg","datePublished":"2018-11-09T19:59:11+00:00","author":{"@id":""},"breadcrumb":{"@id":"https:\/\/www.blogsoestado.com\/danielmatos\/nair-portela-retalia-vice-reitor-e-manda-apreender-carro\/#breadcrumb"},"inLanguage":"pt-BR","potentialAction":[{"@type":"ReadAction","target":["https:\/\/www.blogsoestado.com\/danielmatos\/nair-portela-retalia-vice-reitor-e-manda-apreender-carro\/"]}]},{"@type":"ImageObject","inLanguage":"pt-BR","@id":"https:\/\/www.blogsoestado.com\/danielmatos\/nair-portela-retalia-vice-reitor-e-manda-apreender-carro\/#primaryimage","url":"https:\/\/www.blogsoestado.com\/danielmatos\/files\/2018\/11\/vice-ufma.jpg","contentUrl":"https:\/\/www.blogsoestado.com\/danielmatos\/files\/2018\/11\/vice-ufma.jpg"},{"@type":"BreadcrumbList","@id":"https:\/\/www.blogsoestado.com\/danielmatos\/nair-portela-retalia-vice-reitor-e-manda-apreender-carro\/#breadcrumb","itemListElement":[{"@type":"ListItem","position":1,"name":"In\u00edcio","item":"https:\/\/www.blogsoestado.com\/danielmatos\/"},{"@type":"ListItem","position":2,"name":"Nair Portela retalia vice-reitor e manda apreender carro"}]},{"@type":"WebSite","@id":"https:\/\/www.blogsoestado.com\/danielmatos\/#website","url":"https:\/\/www.blogsoestado.com\/danielmatos\/","name":"Daniel Matos","description":"","potentialAction":[{"@type":"SearchAction","target":{"@type":"EntryPoint","urlTemplate":"https:\/\/www.blogsoestado.com\/danielmatos\/?s={search_term_string}"},"query-input":{"@type":"PropertyValueSpecification","valueRequired":true,"valueName":"search_term_string"}}],"inLanguage":"pt-BR"}]}},"jetpack_featured_media_url":"","_links":{"self":[{"href":"https:\/\/www.blogsoestado.com\/danielmatos\/wp-json\/wp\/v2\/posts\/57918","targetHints":{"allow":["GET"]}}],"collection":[{"href":"https:\/\/www.blogsoestado.com\/danielmatos\/wp-json\/wp\/v2\/posts"}],"about":[{"href":"https:\/\/www.blogsoestado.com\/danielmatos\/wp-json\/wp\/v2\/types\/post"}],"replies":[{"embeddable":true,"href":"https:\/\/www.blogsoestado.com\/danielmatos\/wp-json\/wp\/v2\/comments?post=57918"}],"version-history":[{"count":0,"href":"https:\/\/www.blogsoestado.com\/danielmatos\/wp-json\/wp\/v2\/posts\/57918\/revisions"}],"wp:attachment":[{"href":"https:\/\/www.blogsoestado.com\/danielmatos\/wp-json\/wp\/v2\/media?parent=57918"}],"wp:term":[{"taxonomy":"category","embeddable":true,"href":"https:\/\/www.blogsoestado.com\/danielmatos\/wp-json\/wp\/v2\/categories?post=57918"},{"taxonomy":"post_tag","embeddable":true,"href":"https:\/\/www.blogsoestado.com\/danielmatos\/wp-json\/wp\/v2\/tags?post=57918"}],"curies":[{"name":"wp","href":"https:\/\/api.w.org\/{rel}","templated":true}]}}