{"id":57958,"date":"2018-11-11T10:24:45","date_gmt":"2018-11-11T13:24:45","guid":{"rendered":"https:\/\/www.blogsoestado.com\/danielmatos\/?p=57958"},"modified":"2018-11-11T10:24:45","modified_gmt":"2018-11-11T13:24:45","slug":"adriano-sarney-reune-liderancas-empresariais-para-apresentar-codigo-do-contribuinte","status":"publish","type":"post","link":"https:\/\/www.blogsoestado.com\/danielmatos\/adriano-sarney-reune-liderancas-empresariais-para-apresentar-codigo-do-contribuinte\/","title":{"rendered":"Adriano Sarney re\u00fane lideran\u00e7as empresariais para apresentar C\u00f3digo do Contribuinte"},"content":{"rendered":"<figure id=\"attachment_57959\" aria-describedby=\"caption-attachment-57959\" style=\"width: 650px\" class=\"wp-caption aligncenter\"><a href=\"https:\/\/www.blogsoestado.com\/danielmatos\/2018\/11\/11\/adriano-sarney-reune-liderancas-empresariais-para-apresentar-codigo-do-contribuinte\/adriano-apresenta-codigo-do-contribuinte-016\/\" rel=\"attachment wp-att-57959\"><img fetchpriority=\"high\" decoding=\"async\" class=\"wp-image-57959\" src=\"https:\/\/www.blogsoestado.com\/danielmatos\/files\/2018\/11\/Adriano-apresenta-C\u00f3digo-do-Contribuinte-016.jpg\" alt=\"\" width=\"650\" height=\"488\" \/><\/a><figcaption id=\"caption-attachment-57959\" class=\"wp-caption-text\">Deputado Adriano Sarney foi alvo de congratula\u00e7\u00f5es do empresariado maranhense por sua iniciativa<\/figcaption><\/figure>\n<div>\n<div>\n<p>O deputado estadual Adriano Sarney (PV), presidente da Frente Parlamentar da Micro e Pequena Empresa (FMPE), reuniu lideran\u00e7as do setor empresarial para apresentar e debater o Projeto de Lei n\u00ba 162\/2018, de sua autoria, que cria o C\u00f3digo de Defesa do Contribuinte do Maranh\u00e3o, uma iniciativa pioneira no Estado, que visa proteger o cidad\u00e3o, o empreendedor e toda a cadeia produtiva, simplificando e desburocratizando a rela\u00e7\u00e3o com o Fisco. O evento foi realizado nesta sexta-feira (dia 9), na Sala de Comiss\u00f5es Waldir Filho, da Assembleia Legislativa.<\/p>\n<p>\u201cO c\u00f3digo visa dar seguran\u00e7a jur\u00eddica em muitos pontos importantes da rela\u00e7\u00e3o do Fisco com o contribuinte, como a quest\u00e3o da negativa\u00e7\u00e3o por falta de pagamento de algum imposto ou taxa. N\u00f3s queremos dar transpar\u00eancia a todo este processo, que \u00e9 muito importante tamb\u00e9m para o empres\u00e1rio que, por ventura, tiver bens apreendidos ou retidos. Ent\u00e3o, trata-se de um conjunto de normas e regras para assegurar ao cidad\u00e3o os seus direitos\u201d, explicou Adriano.<\/p>\n<p>Participaram do encontro Lu\u00eds Joaquim Sobrinho (Federa\u00e7\u00e3o do Com\u00e9rcio do Estado do Maranh\u00e3o &#8211; Fecom\u00e9rcio-MA); F\u00e1bio Henrique Ribeiro (presidente da C\u00e2mara de Dirigentes Lojistas de S\u00e3o Lu\u00eds &#8211; CDL); Cristiane Corr\u00eaa (gerente estadual de Pol\u00edticas P\u00fablicas do Sebrae Maranh\u00e3o); Roberto Bastos (rela\u00e7\u00f5es institucionais da Fiema), Ranio Gamita (F\u00f3rum Cont\u00e1bil), Shirley Cunha (Associa\u00e7\u00e3o de Jovens Empres\u00e1rios \u2013 AJE), Wanderson Vasconcelos (Associa\u00e7\u00e3o Comercial do Maranh\u00e3o \u2013 ACM), Radamesse Bezerra e Franklin Pacheco (membros do Conselho Regional de Contabilidade \u2013 CRC), Bernardo Cardoso dos Santos Filho (presidente do Sindicato dos Contabilistas Maranh\u00e3o &#8211; SindCont-MA), entre outros.<\/p>\n<p><strong>Homenagem\u00a0<\/strong><\/p>\n<p>Durante a reuni\u00e3o da Frente Parlamentar da Micro e Pequena Empresa (FMPE), foi aprovada pelos membros participantes o envio de uma mo\u00e7\u00e3o de congratula\u00e7\u00f5es ao deputado federal catarinense Jorginho Mello (PR), que foi eleito ao Senado no pleito de outubro \u00faltimo. Mello \u00e9 presidente da Frente Parlamentar Mista da Micro e Pequena Empresa (FPMPE), no Congresso Nacional, em Bras\u00edlia-DF. A convite do deputado Adriano Sarney, Mello esteve em S\u00e3o Lu\u00eds-MA, prestigiando o lan\u00e7amento da FMPE, em junho de 2017.<\/p>\n<\/div>\n<\/div>\n","protected":false},"excerpt":{"rendered":"<p>O deputado estadual Adriano Sarney (PV), presidente da Frente Parlamentar da Micro e Pequena Empresa (FMPE), reuniu lideran\u00e7as do setor [&hellip;]<\/p>\n","protected":false},"author":0,"featured_media":0,"comment_status":"open","ping_status":"open","sticky":false,"template":"","format":"standard","meta":{"site-sidebar-layout":"default","site-content-layout":"","ast-site-content-layout":"default","site-content-style":"default","site-sidebar-style":"default","ast-global-header-display":"","ast-banner-title-visibility":"","ast-main-header-display":"","ast-hfb-above-header-display":"","ast-hfb-below-header-display":"","ast-hfb-mobile-header-display":"","site-post-title":"","ast-breadcrumbs-content":"","ast-featured-img":"","footer-sml-layout":"","ast-disable-related-posts":"","theme-transparent-header-meta":"","adv-header-id-meta":"","stick-header-meta":"","header-above-stick-meta":"","header-main-stick-meta":"","header-below-stick-meta":"","astra-migrate-meta-layouts":"default","ast-page-background-enabled":"default","ast-page-background-meta":{"desktop":{"background-color":"var(--ast-global-color-5)","background-image":"","background-repeat":"repeat","background-position":"center center","background-size":"auto","background-attachment":"scroll","background-type":"","background-media":"","overlay-type":"","overlay-color":"","overlay-opacity":"","overlay-gradient":""},"tablet":{"background-color":"","background-image":"","background-repeat":"repeat","background-position":"center center","background-size":"auto","background-attachment":"scroll","background-type":"","background-media":"","overlay-type":"","overlay-color":"","overlay-opacity":"","overlay-gradient":""},"mobile":{"background-color":"","background-image":"","background-repeat":"repeat","background-position":"center center","background-size":"auto","background-attachment":"scroll","background-type":"","background-media":"","overlay-type":"","overlay-color":"","overlay-opacity":"","overlay-gradient":""}},"ast-content-background-meta":{"desktop":{"background-color":"var(--ast-global-color-4)","background-image":"","background-repeat":"repeat","background-position":"center center","background-size":"auto","background-attachment":"scroll","background-type":"","background-media":"","overlay-type":"","overlay-color":"","overlay-opacity":"","overlay-gradient":""},"tablet":{"background-color":"var(--ast-global-color-4)","background-image":"","background-repeat":"repeat","background-position":"center center","background-size":"auto","background-attachment":"scroll","background-type":"","background-media":"","overlay-type":"","overlay-color":"","overlay-opacity":"","overlay-gradient":""},"mobile":{"background-color":"var(--ast-global-color-4)","background-image":"","background-repeat":"repeat","background-position":"center center","background-size":"auto","background-attachment":"scroll","background-type":"","background-media":"","overlay-type":"","overlay-color":"","overlay-opacity":"","overlay-gradient":""}},"footnotes":""},"categories":[1],"tags":[],"class_list":["post-57958","post","type-post","status-publish","format-standard","hentry","category-sem-categoria"],"yoast_head":"<!-- This site is optimized with the Yoast SEO plugin v26.6 - https:\/\/yoast.com\/wordpress\/plugins\/seo\/ -->\n<title>Adriano Sarney re\u00fane lideran\u00e7as empresariais para apresentar C\u00f3digo do Contribuinte - Daniel Matos<\/title>\n<meta name=\"robots\" content=\"index, follow, max-snippet:-1, max-image-preview:large, max-video-preview:-1\" \/>\n<link rel=\"canonical\" href=\"https:\/\/www.blogsoestado.com\/danielmatos\/adriano-sarney-reune-liderancas-empresariais-para-apresentar-codigo-do-contribuinte\/\" \/>\n<meta property=\"og:locale\" content=\"pt_BR\" \/>\n<meta property=\"og:type\" content=\"article\" \/>\n<meta property=\"og:title\" content=\"Adriano Sarney re\u00fane lideran\u00e7as empresariais para apresentar C\u00f3digo do Contribuinte - Daniel Matos\" \/>\n<meta property=\"og:description\" content=\"O deputado estadual Adriano Sarney (PV), presidente da Frente Parlamentar da Micro e Pequena Empresa (FMPE), reuniu lideran\u00e7as do setor [&hellip;]\" \/>\n<meta property=\"og:url\" content=\"https:\/\/www.blogsoestado.com\/danielmatos\/adriano-sarney-reune-liderancas-empresariais-para-apresentar-codigo-do-contribuinte\/\" \/>\n<meta property=\"og:site_name\" content=\"Daniel Matos\" \/>\n<meta property=\"article:published_time\" content=\"2018-11-11T13:24:45+00:00\" \/>\n<meta name=\"twitter:card\" content=\"summary_large_image\" \/>\n<meta name=\"twitter:label1\" content=\"Est. tempo de leitura\" \/>\n\t<meta name=\"twitter:data1\" content=\"2 minutos\" \/>\n<script type=\"application\/ld+json\" class=\"yoast-schema-graph\">{\"@context\":\"https:\/\/schema.org\",\"@graph\":[{\"@type\":\"WebPage\",\"@id\":\"https:\/\/www.blogsoestado.com\/danielmatos\/adriano-sarney-reune-liderancas-empresariais-para-apresentar-codigo-do-contribuinte\/\",\"url\":\"https:\/\/www.blogsoestado.com\/danielmatos\/adriano-sarney-reune-liderancas-empresariais-para-apresentar-codigo-do-contribuinte\/\",\"name\":\"Adriano Sarney re\u00fane lideran\u00e7as empresariais para apresentar C\u00f3digo do Contribuinte - Daniel Matos\",\"isPartOf\":{\"@id\":\"https:\/\/www.blogsoestado.com\/danielmatos\/#website\"},\"datePublished\":\"2018-11-11T13:24:45+00:00\",\"author\":{\"@id\":\"\"},\"breadcrumb\":{\"@id\":\"https:\/\/www.blogsoestado.com\/danielmatos\/adriano-sarney-reune-liderancas-empresariais-para-apresentar-codigo-do-contribuinte\/#breadcrumb\"},\"inLanguage\":\"pt-BR\",\"potentialAction\":[{\"@type\":\"ReadAction\",\"target\":[\"https:\/\/www.blogsoestado.com\/danielmatos\/adriano-sarney-reune-liderancas-empresariais-para-apresentar-codigo-do-contribuinte\/\"]}]},{\"@type\":\"BreadcrumbList\",\"@id\":\"https:\/\/www.blogsoestado.com\/danielmatos\/adriano-sarney-reune-liderancas-empresariais-para-apresentar-codigo-do-contribuinte\/#breadcrumb\",\"itemListElement\":[{\"@type\":\"ListItem\",\"position\":1,\"name\":\"In\u00edcio\",\"item\":\"https:\/\/www.blogsoestado.com\/danielmatos\/\"},{\"@type\":\"ListItem\",\"position\":2,\"name\":\"Adriano Sarney re\u00fane lideran\u00e7as empresariais para apresentar C\u00f3digo do Contribuinte\"}]},{\"@type\":\"WebSite\",\"@id\":\"https:\/\/www.blogsoestado.com\/danielmatos\/#website\",\"url\":\"https:\/\/www.blogsoestado.com\/danielmatos\/\",\"name\":\"Daniel Matos\",\"description\":\"\",\"potentialAction\":[{\"@type\":\"SearchAction\",\"target\":{\"@type\":\"EntryPoint\",\"urlTemplate\":\"https:\/\/www.blogsoestado.com\/danielmatos\/?s={search_term_string}\"},\"query-input\":{\"@type\":\"PropertyValueSpecification\",\"valueRequired\":true,\"valueName\":\"search_term_string\"}}],\"inLanguage\":\"pt-BR\"}]}<\/script>\n<!-- \/ Yoast SEO plugin. -->","yoast_head_json":{"title":"Adriano Sarney re\u00fane lideran\u00e7as empresariais para apresentar C\u00f3digo do Contribuinte - Daniel Matos","robots":{"index":"index","follow":"follow","max-snippet":"max-snippet:-1","max-image-preview":"max-image-preview:large","max-video-preview":"max-video-preview:-1"},"canonical":"https:\/\/www.blogsoestado.com\/danielmatos\/adriano-sarney-reune-liderancas-empresariais-para-apresentar-codigo-do-contribuinte\/","og_locale":"pt_BR","og_type":"article","og_title":"Adriano Sarney re\u00fane lideran\u00e7as empresariais para apresentar C\u00f3digo do Contribuinte - Daniel Matos","og_description":"O deputado estadual Adriano Sarney (PV), presidente da Frente Parlamentar da Micro e Pequena Empresa (FMPE), reuniu lideran\u00e7as do setor [&hellip;]","og_url":"https:\/\/www.blogsoestado.com\/danielmatos\/adriano-sarney-reune-liderancas-empresariais-para-apresentar-codigo-do-contribuinte\/","og_site_name":"Daniel Matos","article_published_time":"2018-11-11T13:24:45+00:00","twitter_card":"summary_large_image","twitter_misc":{"Est. tempo de leitura":"2 minutos"},"schema":{"@context":"https:\/\/schema.org","@graph":[{"@type":"WebPage","@id":"https:\/\/www.blogsoestado.com\/danielmatos\/adriano-sarney-reune-liderancas-empresariais-para-apresentar-codigo-do-contribuinte\/","url":"https:\/\/www.blogsoestado.com\/danielmatos\/adriano-sarney-reune-liderancas-empresariais-para-apresentar-codigo-do-contribuinte\/","name":"Adriano Sarney re\u00fane lideran\u00e7as empresariais para apresentar C\u00f3digo do Contribuinte - Daniel Matos","isPartOf":{"@id":"https:\/\/www.blogsoestado.com\/danielmatos\/#website"},"datePublished":"2018-11-11T13:24:45+00:00","author":{"@id":""},"breadcrumb":{"@id":"https:\/\/www.blogsoestado.com\/danielmatos\/adriano-sarney-reune-liderancas-empresariais-para-apresentar-codigo-do-contribuinte\/#breadcrumb"},"inLanguage":"pt-BR","potentialAction":[{"@type":"ReadAction","target":["https:\/\/www.blogsoestado.com\/danielmatos\/adriano-sarney-reune-liderancas-empresariais-para-apresentar-codigo-do-contribuinte\/"]}]},{"@type":"BreadcrumbList","@id":"https:\/\/www.blogsoestado.com\/danielmatos\/adriano-sarney-reune-liderancas-empresariais-para-apresentar-codigo-do-contribuinte\/#breadcrumb","itemListElement":[{"@type":"ListItem","position":1,"name":"In\u00edcio","item":"https:\/\/www.blogsoestado.com\/danielmatos\/"},{"@type":"ListItem","position":2,"name":"Adriano Sarney re\u00fane lideran\u00e7as empresariais para apresentar C\u00f3digo do Contribuinte"}]},{"@type":"WebSite","@id":"https:\/\/www.blogsoestado.com\/danielmatos\/#website","url":"https:\/\/www.blogsoestado.com\/danielmatos\/","name":"Daniel Matos","description":"","potentialAction":[{"@type":"SearchAction","target":{"@type":"EntryPoint","urlTemplate":"https:\/\/www.blogsoestado.com\/danielmatos\/?s={search_term_string}"},"query-input":{"@type":"PropertyValueSpecification","valueRequired":true,"valueName":"search_term_string"}}],"inLanguage":"pt-BR"}]}},"jetpack_featured_media_url":"","_links":{"self":[{"href":"https:\/\/www.blogsoestado.com\/danielmatos\/wp-json\/wp\/v2\/posts\/57958","targetHints":{"allow":["GET"]}}],"collection":[{"href":"https:\/\/www.blogsoestado.com\/danielmatos\/wp-json\/wp\/v2\/posts"}],"about":[{"href":"https:\/\/www.blogsoestado.com\/danielmatos\/wp-json\/wp\/v2\/types\/post"}],"replies":[{"embeddable":true,"href":"https:\/\/www.blogsoestado.com\/danielmatos\/wp-json\/wp\/v2\/comments?post=57958"}],"version-history":[{"count":0,"href":"https:\/\/www.blogsoestado.com\/danielmatos\/wp-json\/wp\/v2\/posts\/57958\/revisions"}],"wp:attachment":[{"href":"https:\/\/www.blogsoestado.com\/danielmatos\/wp-json\/wp\/v2\/media?parent=57958"}],"wp:term":[{"taxonomy":"category","embeddable":true,"href":"https:\/\/www.blogsoestado.com\/danielmatos\/wp-json\/wp\/v2\/categories?post=57958"},{"taxonomy":"post_tag","embeddable":true,"href":"https:\/\/www.blogsoestado.com\/danielmatos\/wp-json\/wp\/v2\/tags?post=57958"}],"curies":[{"name":"wp","href":"https:\/\/api.w.org\/{rel}","templated":true}]}}