{"id":57983,"date":"2018-11-12T13:40:14","date_gmt":"2018-11-12T16:40:14","guid":{"rendered":"https:\/\/www.blogsoestado.com\/danielmatos\/?p=57983"},"modified":"2018-11-12T13:40:14","modified_gmt":"2018-11-12T16:40:14","slug":"brissac-intensifica-campanha-no-interior-e-ganha-adesao-de-advogados-em-todo-o-estado","status":"publish","type":"post","link":"https:\/\/www.blogsoestado.com\/danielmatos\/brissac-intensifica-campanha-no-interior-e-ganha-adesao-de-advogados-em-todo-o-estado\/","title":{"rendered":"Brissac intensifica campanha no interior e ganha ades\u00e3o de advogados em todo o estado"},"content":{"rendered":"<figure id=\"attachment_57984\" aria-describedby=\"caption-attachment-57984\" style=\"width: 450px\" class=\"wp-caption alignright\"><a href=\"https:\/\/www.blogsoestado.com\/danielmatos\/2018\/11\/12\/brissac-intensifica-campanha-no-interior-e-ganha-adesao-de-advogados-em-todo-o-estado\/brissac-encontro2\/\" rel=\"attachment wp-att-57984\"><img fetchpriority=\"high\" decoding=\"async\" class=\"wp-image-57984\" src=\"https:\/\/www.blogsoestado.com\/danielmatos\/files\/2018\/11\/brissac-encontro2.jpg\" alt=\"\" width=\"450\" height=\"231\" \/><\/a><figcaption id=\"caption-attachment-57984\" class=\"wp-caption-text\">Carlos Brissac garante a advogados que a representatividade da OAB\/MA ser\u00e1 resgatada<\/figcaption><\/figure>\n<p>O candidato a presidente da OAB\/MA, o advogado Carlos Brissac, encerrou neste s\u00e1bado, 10, em Balsas, uma extensa agenda de visitas ao interior do Maranh\u00e3o. A s\u00e9rie de encontros teve in\u00edcio na cidade de Timon, ter\u00e7a-feira, 6. Na sequencia, Brissac visitou Caxias, Pedreiras, Cod\u00f3, Presidente Dutra, Coroat\u00e1, Barra do Corda e Graja\u00fa. Ele debateu propostas de sua chapa para a Seccional Maranhense e recebeu a ades\u00e3o de advogados dessas cidades.<\/p>\n<p>Em Timon, o advogado e escritor Nelson Nery declarou apoio \u00e0 Chapa 2 \u2013 OAB de Verdade por reconhecer em Carlos Brissac qualidades fundamentais para um presidente da Seccional. \u201cCarlos Brissac tem se destacado pela sua atua\u00e7\u00e3o, pela sua juventude, pelas suas ideias no sentido de restaurar a import\u00e2ncia que a Ordem dos Advogados do Brasil tem n\u00e3o apenas no estado. Percebemos a necessidade de voltarmos a ter uma advocacia combativa e compromissada com a defesa da democracia e dos Direitos Humanos\u201d, destacou.<\/p>\n<p>Outra advogada que tamb\u00e9m declarou apoio a Carlos Brissac foi Mayara Vieira da Silva, candidata a conselheira pela Chapa 2. \u201cMayara tem forte atua\u00e7\u00e3o na regi\u00e3o e seu apoio foi muito importante para o fortalecimento da nossa chapa nessa regi\u00e3o\u201d, disse Brissac. Mayara \u00e9 candidata a conselheira pela chapa liderada por Brissac.<\/p>\n<p>Em todas as cidades visitadas, Brissac conseguiu reunir um representativo n\u00famero de advogados que apoiam a sua candidatura e se ressentem da falta de representatividade da Ordem no Maranh\u00e3o. \u201cEssas visitas ao interior do estado tem sido fundamentais para que possamos debater com os advogados dessas cidades a realidade que enfrentam no dia a dia do exerc\u00edcio da profiss\u00e3o, identificando as suas necessidade e discutindo como a nossa gest\u00e3o ajudar\u00e1 esses colegas e, mais que isso, como a OAB do Maranh\u00e3o se colocar\u00e1 como sua defensora e defensora da sociedade\u201d, declarou.<\/p>\n<figure id=\"attachment_57985\" aria-describedby=\"caption-attachment-57985\" style=\"width: 650px\" class=\"wp-caption aligncenter\"><a href=\"https:\/\/www.blogsoestado.com\/danielmatos\/2018\/11\/12\/brissac-intensifica-campanha-no-interior-e-ganha-adesao-de-advogados-em-todo-o-estado\/brissac-encontro\/\" rel=\"attachment wp-att-57985\"><img decoding=\"async\" class=\"wp-image-57985\" src=\"https:\/\/www.blogsoestado.com\/danielmatos\/files\/2018\/11\/brissac-encontro.jpg\" alt=\"\" width=\"650\" height=\"355\" \/><\/a><figcaption id=\"caption-attachment-57985\" class=\"wp-caption-text\">Carlos Brissac com advogados em Balsas que apoiam a Chapa 2<\/figcaption><\/figure>\n<p>Brissac lembrou, ainda, que 30% dos membros de sua chapa s\u00e3o do interior do estado, fato que, segundo ele, demonstra a preocupa\u00e7\u00e3o em assegurar a representatividade da OAB\/MA em todo o estado. \u201cTemos propostas para previdenciaristas, criminalistas, tributaristas, por exemplo, para todas as \u00e1reas, como ensino jur\u00eddico, prerrogativas, causas sociais. Isso significa que, na nossa gest\u00e3o, todo advogado do Maranh\u00e3o ser\u00e1, de alguma forma, contemplado\u201d, garantiu.<\/p>\n<p><strong>Agenda<\/strong><\/p>\n<p>Na pr\u00f3xima ter\u00e7a-feira, 13, Carlos Brissac retoma a agenda de viagens pelo interior do estado com visita \u00e0s cidades de Itapecuru, Santa In\u00eas e Bacabal. Em Bacabal, por exemplo, a chapa 2 ganhou o refor\u00e7o do advogado Agnelo Rodrigues, ex-presidente da Subse\u00e7\u00e3o da cidade e ex-conselheiro da Ordem maranhense. Agnelo, que \u00e9 uma forte lideran\u00e7a da advocacia local, concorre ao cargo de conselheiro pela chapa encabe\u00e7ada por Carlos Brissac. Na quarta-feira, 14, Brissac estar\u00e1 na Baixada Maranhense acompanhando de membros da Chapa 2.<\/p>\n","protected":false},"excerpt":{"rendered":"<p>O candidato a presidente da OAB\/MA, o advogado Carlos Brissac, encerrou neste s\u00e1bado, 10, em Balsas, uma extensa agenda de [&hellip;]<\/p>\n","protected":false},"author":0,"featured_media":0,"comment_status":"open","ping_status":"open","sticky":false,"template":"","format":"standard","meta":{"site-sidebar-layout":"default","site-content-layout":"","ast-site-content-layout":"default","site-content-style":"default","site-sidebar-style":"default","ast-global-header-display":"","ast-banner-title-visibility":"","ast-main-header-display":"","ast-hfb-above-header-display":"","ast-hfb-below-header-display":"","ast-hfb-mobile-header-display":"","site-post-title":"","ast-breadcrumbs-content":"","ast-featured-img":"","footer-sml-layout":"","ast-disable-related-posts":"","theme-transparent-header-meta":"","adv-header-id-meta":"","stick-header-meta":"","header-above-stick-meta":"","header-main-stick-meta":"","header-below-stick-meta":"","astra-migrate-meta-layouts":"default","ast-page-background-enabled":"default","ast-page-background-meta":{"desktop":{"background-color":"var(--ast-global-color-5)","background-image":"","background-repeat":"repeat","background-position":"center center","background-size":"auto","background-attachment":"scroll","background-type":"","background-media":"","overlay-type":"","overlay-color":"","overlay-opacity":"","overlay-gradient":""},"tablet":{"background-color":"","background-image":"","background-repeat":"repeat","background-position":"center center","background-size":"auto","background-attachment":"scroll","background-type":"","background-media":"","overlay-type":"","overlay-color":"","overlay-opacity":"","overlay-gradient":""},"mobile":{"background-color":"","background-image":"","background-repeat":"repeat","background-position":"center center","background-size":"auto","background-attachment":"scroll","background-type":"","background-media":"","overlay-type":"","overlay-color":"","overlay-opacity":"","overlay-gradient":""}},"ast-content-background-meta":{"desktop":{"background-color":"var(--ast-global-color-4)","background-image":"","background-repeat":"repeat","background-position":"center center","background-size":"auto","background-attachment":"scroll","background-type":"","background-media":"","overlay-type":"","overlay-color":"","overlay-opacity":"","overlay-gradient":""},"tablet":{"background-color":"var(--ast-global-color-4)","background-image":"","background-repeat":"repeat","background-position":"center center","background-size":"auto","background-attachment":"scroll","background-type":"","background-media":"","overlay-type":"","overlay-color":"","overlay-opacity":"","overlay-gradient":""},"mobile":{"background-color":"var(--ast-global-color-4)","background-image":"","background-repeat":"repeat","background-position":"center center","background-size":"auto","background-attachment":"scroll","background-type":"","background-media":"","overlay-type":"","overlay-color":"","overlay-opacity":"","overlay-gradient":""}},"footnotes":""},"categories":[1],"tags":[],"class_list":["post-57983","post","type-post","status-publish","format-standard","hentry","category-sem-categoria"],"yoast_head":"<!-- This site is optimized with the Yoast SEO plugin v26.6 - https:\/\/yoast.com\/wordpress\/plugins\/seo\/ -->\n<title>Brissac intensifica campanha no interior e ganha ades\u00e3o de advogados em todo o estado - Daniel Matos<\/title>\n<meta name=\"robots\" content=\"index, follow, max-snippet:-1, max-image-preview:large, max-video-preview:-1\" \/>\n<link rel=\"canonical\" href=\"https:\/\/www.blogsoestado.com\/danielmatos\/brissac-intensifica-campanha-no-interior-e-ganha-adesao-de-advogados-em-todo-o-estado\/\" \/>\n<meta property=\"og:locale\" content=\"pt_BR\" \/>\n<meta property=\"og:type\" content=\"article\" \/>\n<meta property=\"og:title\" content=\"Brissac intensifica campanha no interior e ganha ades\u00e3o de advogados em todo o estado - Daniel Matos\" \/>\n<meta property=\"og:description\" content=\"O candidato a presidente da OAB\/MA, o advogado Carlos Brissac, encerrou neste s\u00e1bado, 10, em Balsas, uma extensa agenda de [&hellip;]\" \/>\n<meta property=\"og:url\" content=\"https:\/\/www.blogsoestado.com\/danielmatos\/brissac-intensifica-campanha-no-interior-e-ganha-adesao-de-advogados-em-todo-o-estado\/\" \/>\n<meta property=\"og:site_name\" content=\"Daniel Matos\" \/>\n<meta property=\"article:published_time\" content=\"2018-11-12T16:40:14+00:00\" \/>\n<meta property=\"og:image\" content=\"https:\/\/www.blogsoestado.com\/danielmatos\/files\/2018\/11\/brissac-encontro2.jpg\" \/>\n<meta name=\"twitter:card\" content=\"summary_large_image\" \/>\n<meta name=\"twitter:label1\" content=\"Est. tempo de leitura\" \/>\n\t<meta name=\"twitter:data1\" content=\"3 minutos\" \/>\n<script type=\"application\/ld+json\" class=\"yoast-schema-graph\">{\"@context\":\"https:\/\/schema.org\",\"@graph\":[{\"@type\":\"WebPage\",\"@id\":\"https:\/\/www.blogsoestado.com\/danielmatos\/brissac-intensifica-campanha-no-interior-e-ganha-adesao-de-advogados-em-todo-o-estado\/\",\"url\":\"https:\/\/www.blogsoestado.com\/danielmatos\/brissac-intensifica-campanha-no-interior-e-ganha-adesao-de-advogados-em-todo-o-estado\/\",\"name\":\"Brissac intensifica campanha no interior e ganha ades\u00e3o de advogados em todo o estado - Daniel Matos\",\"isPartOf\":{\"@id\":\"https:\/\/www.blogsoestado.com\/danielmatos\/#website\"},\"primaryImageOfPage\":{\"@id\":\"https:\/\/www.blogsoestado.com\/danielmatos\/brissac-intensifica-campanha-no-interior-e-ganha-adesao-de-advogados-em-todo-o-estado\/#primaryimage\"},\"image\":{\"@id\":\"https:\/\/www.blogsoestado.com\/danielmatos\/brissac-intensifica-campanha-no-interior-e-ganha-adesao-de-advogados-em-todo-o-estado\/#primaryimage\"},\"thumbnailUrl\":\"https:\/\/www.blogsoestado.com\/danielmatos\/files\/2018\/11\/brissac-encontro2.jpg\",\"datePublished\":\"2018-11-12T16:40:14+00:00\",\"author\":{\"@id\":\"\"},\"breadcrumb\":{\"@id\":\"https:\/\/www.blogsoestado.com\/danielmatos\/brissac-intensifica-campanha-no-interior-e-ganha-adesao-de-advogados-em-todo-o-estado\/#breadcrumb\"},\"inLanguage\":\"pt-BR\",\"potentialAction\":[{\"@type\":\"ReadAction\",\"target\":[\"https:\/\/www.blogsoestado.com\/danielmatos\/brissac-intensifica-campanha-no-interior-e-ganha-adesao-de-advogados-em-todo-o-estado\/\"]}]},{\"@type\":\"ImageObject\",\"inLanguage\":\"pt-BR\",\"@id\":\"https:\/\/www.blogsoestado.com\/danielmatos\/brissac-intensifica-campanha-no-interior-e-ganha-adesao-de-advogados-em-todo-o-estado\/#primaryimage\",\"url\":\"https:\/\/www.blogsoestado.com\/danielmatos\/files\/2018\/11\/brissac-encontro2.jpg\",\"contentUrl\":\"https:\/\/www.blogsoestado.com\/danielmatos\/files\/2018\/11\/brissac-encontro2.jpg\"},{\"@type\":\"BreadcrumbList\",\"@id\":\"https:\/\/www.blogsoestado.com\/danielmatos\/brissac-intensifica-campanha-no-interior-e-ganha-adesao-de-advogados-em-todo-o-estado\/#breadcrumb\",\"itemListElement\":[{\"@type\":\"ListItem\",\"position\":1,\"name\":\"In\u00edcio\",\"item\":\"https:\/\/www.blogsoestado.com\/danielmatos\/\"},{\"@type\":\"ListItem\",\"position\":2,\"name\":\"Brissac intensifica campanha no interior e ganha ades\u00e3o de advogados em todo o estado\"}]},{\"@type\":\"WebSite\",\"@id\":\"https:\/\/www.blogsoestado.com\/danielmatos\/#website\",\"url\":\"https:\/\/www.blogsoestado.com\/danielmatos\/\",\"name\":\"Daniel Matos\",\"description\":\"\",\"potentialAction\":[{\"@type\":\"SearchAction\",\"target\":{\"@type\":\"EntryPoint\",\"urlTemplate\":\"https:\/\/www.blogsoestado.com\/danielmatos\/?s={search_term_string}\"},\"query-input\":{\"@type\":\"PropertyValueSpecification\",\"valueRequired\":true,\"valueName\":\"search_term_string\"}}],\"inLanguage\":\"pt-BR\"}]}<\/script>\n<!-- \/ Yoast SEO plugin. -->","yoast_head_json":{"title":"Brissac intensifica campanha no interior e ganha ades\u00e3o de advogados em todo o estado - Daniel Matos","robots":{"index":"index","follow":"follow","max-snippet":"max-snippet:-1","max-image-preview":"max-image-preview:large","max-video-preview":"max-video-preview:-1"},"canonical":"https:\/\/www.blogsoestado.com\/danielmatos\/brissac-intensifica-campanha-no-interior-e-ganha-adesao-de-advogados-em-todo-o-estado\/","og_locale":"pt_BR","og_type":"article","og_title":"Brissac intensifica campanha no interior e ganha ades\u00e3o de advogados em todo o estado - Daniel Matos","og_description":"O candidato a presidente da OAB\/MA, o advogado Carlos Brissac, encerrou neste s\u00e1bado, 10, em Balsas, uma extensa agenda de [&hellip;]","og_url":"https:\/\/www.blogsoestado.com\/danielmatos\/brissac-intensifica-campanha-no-interior-e-ganha-adesao-de-advogados-em-todo-o-estado\/","og_site_name":"Daniel Matos","article_published_time":"2018-11-12T16:40:14+00:00","og_image":[{"url":"https:\/\/www.blogsoestado.com\/danielmatos\/files\/2018\/11\/brissac-encontro2.jpg","type":"","width":"","height":""}],"twitter_card":"summary_large_image","twitter_misc":{"Est. tempo de leitura":"3 minutos"},"schema":{"@context":"https:\/\/schema.org","@graph":[{"@type":"WebPage","@id":"https:\/\/www.blogsoestado.com\/danielmatos\/brissac-intensifica-campanha-no-interior-e-ganha-adesao-de-advogados-em-todo-o-estado\/","url":"https:\/\/www.blogsoestado.com\/danielmatos\/brissac-intensifica-campanha-no-interior-e-ganha-adesao-de-advogados-em-todo-o-estado\/","name":"Brissac intensifica campanha no interior e ganha ades\u00e3o de advogados em todo o estado - Daniel Matos","isPartOf":{"@id":"https:\/\/www.blogsoestado.com\/danielmatos\/#website"},"primaryImageOfPage":{"@id":"https:\/\/www.blogsoestado.com\/danielmatos\/brissac-intensifica-campanha-no-interior-e-ganha-adesao-de-advogados-em-todo-o-estado\/#primaryimage"},"image":{"@id":"https:\/\/www.blogsoestado.com\/danielmatos\/brissac-intensifica-campanha-no-interior-e-ganha-adesao-de-advogados-em-todo-o-estado\/#primaryimage"},"thumbnailUrl":"https:\/\/www.blogsoestado.com\/danielmatos\/files\/2018\/11\/brissac-encontro2.jpg","datePublished":"2018-11-12T16:40:14+00:00","author":{"@id":""},"breadcrumb":{"@id":"https:\/\/www.blogsoestado.com\/danielmatos\/brissac-intensifica-campanha-no-interior-e-ganha-adesao-de-advogados-em-todo-o-estado\/#breadcrumb"},"inLanguage":"pt-BR","potentialAction":[{"@type":"ReadAction","target":["https:\/\/www.blogsoestado.com\/danielmatos\/brissac-intensifica-campanha-no-interior-e-ganha-adesao-de-advogados-em-todo-o-estado\/"]}]},{"@type":"ImageObject","inLanguage":"pt-BR","@id":"https:\/\/www.blogsoestado.com\/danielmatos\/brissac-intensifica-campanha-no-interior-e-ganha-adesao-de-advogados-em-todo-o-estado\/#primaryimage","url":"https:\/\/www.blogsoestado.com\/danielmatos\/files\/2018\/11\/brissac-encontro2.jpg","contentUrl":"https:\/\/www.blogsoestado.com\/danielmatos\/files\/2018\/11\/brissac-encontro2.jpg"},{"@type":"BreadcrumbList","@id":"https:\/\/www.blogsoestado.com\/danielmatos\/brissac-intensifica-campanha-no-interior-e-ganha-adesao-de-advogados-em-todo-o-estado\/#breadcrumb","itemListElement":[{"@type":"ListItem","position":1,"name":"In\u00edcio","item":"https:\/\/www.blogsoestado.com\/danielmatos\/"},{"@type":"ListItem","position":2,"name":"Brissac intensifica campanha no interior e ganha ades\u00e3o de advogados em todo o estado"}]},{"@type":"WebSite","@id":"https:\/\/www.blogsoestado.com\/danielmatos\/#website","url":"https:\/\/www.blogsoestado.com\/danielmatos\/","name":"Daniel Matos","description":"","potentialAction":[{"@type":"SearchAction","target":{"@type":"EntryPoint","urlTemplate":"https:\/\/www.blogsoestado.com\/danielmatos\/?s={search_term_string}"},"query-input":{"@type":"PropertyValueSpecification","valueRequired":true,"valueName":"search_term_string"}}],"inLanguage":"pt-BR"}]}},"jetpack_featured_media_url":"","_links":{"self":[{"href":"https:\/\/www.blogsoestado.com\/danielmatos\/wp-json\/wp\/v2\/posts\/57983","targetHints":{"allow":["GET"]}}],"collection":[{"href":"https:\/\/www.blogsoestado.com\/danielmatos\/wp-json\/wp\/v2\/posts"}],"about":[{"href":"https:\/\/www.blogsoestado.com\/danielmatos\/wp-json\/wp\/v2\/types\/post"}],"replies":[{"embeddable":true,"href":"https:\/\/www.blogsoestado.com\/danielmatos\/wp-json\/wp\/v2\/comments?post=57983"}],"version-history":[{"count":0,"href":"https:\/\/www.blogsoestado.com\/danielmatos\/wp-json\/wp\/v2\/posts\/57983\/revisions"}],"wp:attachment":[{"href":"https:\/\/www.blogsoestado.com\/danielmatos\/wp-json\/wp\/v2\/media?parent=57983"}],"wp:term":[{"taxonomy":"category","embeddable":true,"href":"https:\/\/www.blogsoestado.com\/danielmatos\/wp-json\/wp\/v2\/categories?post=57983"},{"taxonomy":"post_tag","embeddable":true,"href":"https:\/\/www.blogsoestado.com\/danielmatos\/wp-json\/wp\/v2\/tags?post=57983"}],"curies":[{"name":"wp","href":"https:\/\/api.w.org\/{rel}","templated":true}]}}