{"id":57990,"date":"2018-11-12T14:30:17","date_gmt":"2018-11-12T17:30:17","guid":{"rendered":"https:\/\/www.blogsoestado.com\/danielmatos\/?p=57990"},"modified":"2018-11-12T14:30:17","modified_gmt":"2018-11-12T17:30:17","slug":"eleicoes-na-oab-crescimento-de-samara-brauna-incomoda-adversarios","status":"publish","type":"post","link":"https:\/\/www.blogsoestado.com\/danielmatos\/eleicoes-na-oab-crescimento-de-samara-brauna-incomoda-adversarios\/","title":{"rendered":"Elei\u00e7\u00f5es na OAB: crescimento de Samara Bra\u00fana incomoda advers\u00e1rios"},"content":{"rendered":"<figure id=\"attachment_57991\" aria-describedby=\"caption-attachment-57991\" style=\"width: 300px\" class=\"wp-caption alignright\"><a href=\"https:\/\/www.blogsoestado.com\/danielmatos\/2018\/11\/12\/eleicoes-na-oab-crescimento-de-samara-brauna-incomoda-adversarios\/samara-cresce\/\" rel=\"attachment wp-att-57991\"><img fetchpriority=\"high\" decoding=\"async\" class=\"wp-image-57991\" src=\"https:\/\/www.blogsoestado.com\/danielmatos\/files\/2018\/11\/samara-cresce.jpg\" alt=\"\" width=\"300\" height=\"450\" \/><\/a><figcaption id=\"caption-attachment-57991\" class=\"wp-caption-text\">Com chances reais de vit\u00f3ria na elei\u00e7\u00e3o, Samara Bra\u00fana pode se tornar a primeira mulher a presidir a OAB\/MA<\/figcaption><\/figure>\n<p>Faltando duas semanas para a elei\u00e7\u00e3o da Ordem dos Advogados do Brasil no Maranh\u00e3o (OAB\/MA), dois fatos parecem apontar para uma polariza\u00e7\u00e3o da disputa entre Samara Bra\u00fana e Thiago Diaz.<\/p>\n<p>O primeiro \u00e9 a divulga\u00e7\u00e3o maci\u00e7a de uma suposta \u201cfalsa pesquisa\u201d, que apontaria o crescimento de Brissac. A pesquisa, que parece ser \u201cfake news\u201d, foi amplamente repercutida pelos aliados do candidato de M\u00e1rio Macieira.<\/p>\n<p>A \u201cfake News\u201d foi justificada pelo n\u00facleo da campanha de Brissac como uma forma de manter viva a candidatura. Brissac estaria em terceiro lugar, perdendo para Samara Bra\u00fana e para Thiago Diaz.<\/p>\n<p>O segundo acontecimento vem da movimenta\u00e7\u00e3o da candidatura de Samara Bra\u00fana pelo interior do Maranh\u00e3o. Brissac e Diaz est\u00e3o h\u00e1 dois anos em campanha, mas n\u00e3o parecem ter convencido o eleitor.<\/p>\n<p>Samara, com menos de dois meses de campanha, recebe todos os dias apoio de advogados de todo o Maranh\u00e3o. Ela parece surgir, na reta final da campanha, como uma amea\u00e7a real \u00e0 elei\u00e7\u00e3o de Thiago Diaz.<\/p>\n<p>As pr\u00f3ximas semanas ser\u00e3o decisivas, mas tudo indica que a disputa ir\u00e1 realmente ficar polarizada entre Diaz e Samara, com grandes chances de vit\u00f3ria da advogada, que poder\u00e1 ser a primeira mulher a presidir a OAB no Maranh\u00e3o.<\/p>\n","protected":false},"excerpt":{"rendered":"<p>Faltando duas semanas para a elei\u00e7\u00e3o da Ordem dos Advogados do Brasil no Maranh\u00e3o (OAB\/MA), dois fatos parecem apontar para [&hellip;]<\/p>\n","protected":false},"author":0,"featured_media":0,"comment_status":"open","ping_status":"open","sticky":false,"template":"","format":"standard","meta":{"site-sidebar-layout":"default","site-content-layout":"","ast-site-content-layout":"default","site-content-style":"default","site-sidebar-style":"default","ast-global-header-display":"","ast-banner-title-visibility":"","ast-main-header-display":"","ast-hfb-above-header-display":"","ast-hfb-below-header-display":"","ast-hfb-mobile-header-display":"","site-post-title":"","ast-breadcrumbs-content":"","ast-featured-img":"","footer-sml-layout":"","ast-disable-related-posts":"","theme-transparent-header-meta":"","adv-header-id-meta":"","stick-header-meta":"","header-above-stick-meta":"","header-main-stick-meta":"","header-below-stick-meta":"","astra-migrate-meta-layouts":"default","ast-page-background-enabled":"default","ast-page-background-meta":{"desktop":{"background-color":"var(--ast-global-color-5)","background-image":"","background-repeat":"repeat","background-position":"center center","background-size":"auto","background-attachment":"scroll","background-type":"","background-media":"","overlay-type":"","overlay-color":"","overlay-opacity":"","overlay-gradient":""},"tablet":{"background-color":"","background-image":"","background-repeat":"repeat","background-position":"center center","background-size":"auto","background-attachment":"scroll","background-type":"","background-media":"","overlay-type":"","overlay-color":"","overlay-opacity":"","overlay-gradient":""},"mobile":{"background-color":"","background-image":"","background-repeat":"repeat","background-position":"center center","background-size":"auto","background-attachment":"scroll","background-type":"","background-media":"","overlay-type":"","overlay-color":"","overlay-opacity":"","overlay-gradient":""}},"ast-content-background-meta":{"desktop":{"background-color":"var(--ast-global-color-4)","background-image":"","background-repeat":"repeat","background-position":"center center","background-size":"auto","background-attachment":"scroll","background-type":"","background-media":"","overlay-type":"","overlay-color":"","overlay-opacity":"","overlay-gradient":""},"tablet":{"background-color":"var(--ast-global-color-4)","background-image":"","background-repeat":"repeat","background-position":"center center","background-size":"auto","background-attachment":"scroll","background-type":"","background-media":"","overlay-type":"","overlay-color":"","overlay-opacity":"","overlay-gradient":""},"mobile":{"background-color":"var(--ast-global-color-4)","background-image":"","background-repeat":"repeat","background-position":"center center","background-size":"auto","background-attachment":"scroll","background-type":"","background-media":"","overlay-type":"","overlay-color":"","overlay-opacity":"","overlay-gradient":""}},"footnotes":""},"categories":[1],"tags":[],"class_list":["post-57990","post","type-post","status-publish","format-standard","hentry","category-sem-categoria"],"yoast_head":"<!-- This site is optimized with the Yoast SEO plugin v26.6 - https:\/\/yoast.com\/wordpress\/plugins\/seo\/ -->\n<title>Elei\u00e7\u00f5es na OAB: crescimento de Samara Bra\u00fana incomoda advers\u00e1rios - Daniel Matos<\/title>\n<meta name=\"robots\" content=\"index, follow, max-snippet:-1, max-image-preview:large, max-video-preview:-1\" \/>\n<link rel=\"canonical\" href=\"https:\/\/www.blogsoestado.com\/danielmatos\/eleicoes-na-oab-crescimento-de-samara-brauna-incomoda-adversarios\/\" \/>\n<meta property=\"og:locale\" content=\"pt_BR\" \/>\n<meta property=\"og:type\" content=\"article\" \/>\n<meta property=\"og:title\" content=\"Elei\u00e7\u00f5es na OAB: crescimento de Samara Bra\u00fana incomoda advers\u00e1rios - Daniel Matos\" \/>\n<meta property=\"og:description\" content=\"Faltando duas semanas para a elei\u00e7\u00e3o da Ordem dos Advogados do Brasil no Maranh\u00e3o (OAB\/MA), dois fatos parecem apontar para [&hellip;]\" \/>\n<meta property=\"og:url\" content=\"https:\/\/www.blogsoestado.com\/danielmatos\/eleicoes-na-oab-crescimento-de-samara-brauna-incomoda-adversarios\/\" \/>\n<meta property=\"og:site_name\" content=\"Daniel Matos\" \/>\n<meta property=\"article:published_time\" content=\"2018-11-12T17:30:17+00:00\" \/>\n<meta property=\"og:image\" content=\"https:\/\/www.blogsoestado.com\/danielmatos\/files\/2018\/11\/samara-cresce.jpg\" \/>\n<meta name=\"twitter:card\" content=\"summary_large_image\" \/>\n<meta name=\"twitter:label1\" content=\"Est. tempo de leitura\" \/>\n\t<meta name=\"twitter:data1\" content=\"1 minuto\" \/>\n<script type=\"application\/ld+json\" class=\"yoast-schema-graph\">{\"@context\":\"https:\/\/schema.org\",\"@graph\":[{\"@type\":\"WebPage\",\"@id\":\"https:\/\/www.blogsoestado.com\/danielmatos\/eleicoes-na-oab-crescimento-de-samara-brauna-incomoda-adversarios\/\",\"url\":\"https:\/\/www.blogsoestado.com\/danielmatos\/eleicoes-na-oab-crescimento-de-samara-brauna-incomoda-adversarios\/\",\"name\":\"Elei\u00e7\u00f5es na OAB: crescimento de Samara Bra\u00fana incomoda advers\u00e1rios - Daniel Matos\",\"isPartOf\":{\"@id\":\"https:\/\/www.blogsoestado.com\/danielmatos\/#website\"},\"primaryImageOfPage\":{\"@id\":\"https:\/\/www.blogsoestado.com\/danielmatos\/eleicoes-na-oab-crescimento-de-samara-brauna-incomoda-adversarios\/#primaryimage\"},\"image\":{\"@id\":\"https:\/\/www.blogsoestado.com\/danielmatos\/eleicoes-na-oab-crescimento-de-samara-brauna-incomoda-adversarios\/#primaryimage\"},\"thumbnailUrl\":\"https:\/\/www.blogsoestado.com\/danielmatos\/files\/2018\/11\/samara-cresce.jpg\",\"datePublished\":\"2018-11-12T17:30:17+00:00\",\"author\":{\"@id\":\"\"},\"breadcrumb\":{\"@id\":\"https:\/\/www.blogsoestado.com\/danielmatos\/eleicoes-na-oab-crescimento-de-samara-brauna-incomoda-adversarios\/#breadcrumb\"},\"inLanguage\":\"pt-BR\",\"potentialAction\":[{\"@type\":\"ReadAction\",\"target\":[\"https:\/\/www.blogsoestado.com\/danielmatos\/eleicoes-na-oab-crescimento-de-samara-brauna-incomoda-adversarios\/\"]}]},{\"@type\":\"ImageObject\",\"inLanguage\":\"pt-BR\",\"@id\":\"https:\/\/www.blogsoestado.com\/danielmatos\/eleicoes-na-oab-crescimento-de-samara-brauna-incomoda-adversarios\/#primaryimage\",\"url\":\"https:\/\/www.blogsoestado.com\/danielmatos\/files\/2018\/11\/samara-cresce.jpg\",\"contentUrl\":\"https:\/\/www.blogsoestado.com\/danielmatos\/files\/2018\/11\/samara-cresce.jpg\"},{\"@type\":\"BreadcrumbList\",\"@id\":\"https:\/\/www.blogsoestado.com\/danielmatos\/eleicoes-na-oab-crescimento-de-samara-brauna-incomoda-adversarios\/#breadcrumb\",\"itemListElement\":[{\"@type\":\"ListItem\",\"position\":1,\"name\":\"In\u00edcio\",\"item\":\"https:\/\/www.blogsoestado.com\/danielmatos\/\"},{\"@type\":\"ListItem\",\"position\":2,\"name\":\"Elei\u00e7\u00f5es na OAB: crescimento de Samara Bra\u00fana incomoda advers\u00e1rios\"}]},{\"@type\":\"WebSite\",\"@id\":\"https:\/\/www.blogsoestado.com\/danielmatos\/#website\",\"url\":\"https:\/\/www.blogsoestado.com\/danielmatos\/\",\"name\":\"Daniel Matos\",\"description\":\"\",\"potentialAction\":[{\"@type\":\"SearchAction\",\"target\":{\"@type\":\"EntryPoint\",\"urlTemplate\":\"https:\/\/www.blogsoestado.com\/danielmatos\/?s={search_term_string}\"},\"query-input\":{\"@type\":\"PropertyValueSpecification\",\"valueRequired\":true,\"valueName\":\"search_term_string\"}}],\"inLanguage\":\"pt-BR\"}]}<\/script>\n<!-- \/ Yoast SEO plugin. -->","yoast_head_json":{"title":"Elei\u00e7\u00f5es na OAB: crescimento de Samara Bra\u00fana incomoda advers\u00e1rios - Daniel Matos","robots":{"index":"index","follow":"follow","max-snippet":"max-snippet:-1","max-image-preview":"max-image-preview:large","max-video-preview":"max-video-preview:-1"},"canonical":"https:\/\/www.blogsoestado.com\/danielmatos\/eleicoes-na-oab-crescimento-de-samara-brauna-incomoda-adversarios\/","og_locale":"pt_BR","og_type":"article","og_title":"Elei\u00e7\u00f5es na OAB: crescimento de Samara Bra\u00fana incomoda advers\u00e1rios - Daniel Matos","og_description":"Faltando duas semanas para a elei\u00e7\u00e3o da Ordem dos Advogados do Brasil no Maranh\u00e3o (OAB\/MA), dois fatos parecem apontar para [&hellip;]","og_url":"https:\/\/www.blogsoestado.com\/danielmatos\/eleicoes-na-oab-crescimento-de-samara-brauna-incomoda-adversarios\/","og_site_name":"Daniel Matos","article_published_time":"2018-11-12T17:30:17+00:00","og_image":[{"url":"https:\/\/www.blogsoestado.com\/danielmatos\/files\/2018\/11\/samara-cresce.jpg","type":"","width":"","height":""}],"twitter_card":"summary_large_image","twitter_misc":{"Est. tempo de leitura":"1 minuto"},"schema":{"@context":"https:\/\/schema.org","@graph":[{"@type":"WebPage","@id":"https:\/\/www.blogsoestado.com\/danielmatos\/eleicoes-na-oab-crescimento-de-samara-brauna-incomoda-adversarios\/","url":"https:\/\/www.blogsoestado.com\/danielmatos\/eleicoes-na-oab-crescimento-de-samara-brauna-incomoda-adversarios\/","name":"Elei\u00e7\u00f5es na OAB: crescimento de Samara Bra\u00fana incomoda advers\u00e1rios - Daniel Matos","isPartOf":{"@id":"https:\/\/www.blogsoestado.com\/danielmatos\/#website"},"primaryImageOfPage":{"@id":"https:\/\/www.blogsoestado.com\/danielmatos\/eleicoes-na-oab-crescimento-de-samara-brauna-incomoda-adversarios\/#primaryimage"},"image":{"@id":"https:\/\/www.blogsoestado.com\/danielmatos\/eleicoes-na-oab-crescimento-de-samara-brauna-incomoda-adversarios\/#primaryimage"},"thumbnailUrl":"https:\/\/www.blogsoestado.com\/danielmatos\/files\/2018\/11\/samara-cresce.jpg","datePublished":"2018-11-12T17:30:17+00:00","author":{"@id":""},"breadcrumb":{"@id":"https:\/\/www.blogsoestado.com\/danielmatos\/eleicoes-na-oab-crescimento-de-samara-brauna-incomoda-adversarios\/#breadcrumb"},"inLanguage":"pt-BR","potentialAction":[{"@type":"ReadAction","target":["https:\/\/www.blogsoestado.com\/danielmatos\/eleicoes-na-oab-crescimento-de-samara-brauna-incomoda-adversarios\/"]}]},{"@type":"ImageObject","inLanguage":"pt-BR","@id":"https:\/\/www.blogsoestado.com\/danielmatos\/eleicoes-na-oab-crescimento-de-samara-brauna-incomoda-adversarios\/#primaryimage","url":"https:\/\/www.blogsoestado.com\/danielmatos\/files\/2018\/11\/samara-cresce.jpg","contentUrl":"https:\/\/www.blogsoestado.com\/danielmatos\/files\/2018\/11\/samara-cresce.jpg"},{"@type":"BreadcrumbList","@id":"https:\/\/www.blogsoestado.com\/danielmatos\/eleicoes-na-oab-crescimento-de-samara-brauna-incomoda-adversarios\/#breadcrumb","itemListElement":[{"@type":"ListItem","position":1,"name":"In\u00edcio","item":"https:\/\/www.blogsoestado.com\/danielmatos\/"},{"@type":"ListItem","position":2,"name":"Elei\u00e7\u00f5es na OAB: crescimento de Samara Bra\u00fana incomoda advers\u00e1rios"}]},{"@type":"WebSite","@id":"https:\/\/www.blogsoestado.com\/danielmatos\/#website","url":"https:\/\/www.blogsoestado.com\/danielmatos\/","name":"Daniel Matos","description":"","potentialAction":[{"@type":"SearchAction","target":{"@type":"EntryPoint","urlTemplate":"https:\/\/www.blogsoestado.com\/danielmatos\/?s={search_term_string}"},"query-input":{"@type":"PropertyValueSpecification","valueRequired":true,"valueName":"search_term_string"}}],"inLanguage":"pt-BR"}]}},"jetpack_featured_media_url":"","_links":{"self":[{"href":"https:\/\/www.blogsoestado.com\/danielmatos\/wp-json\/wp\/v2\/posts\/57990","targetHints":{"allow":["GET"]}}],"collection":[{"href":"https:\/\/www.blogsoestado.com\/danielmatos\/wp-json\/wp\/v2\/posts"}],"about":[{"href":"https:\/\/www.blogsoestado.com\/danielmatos\/wp-json\/wp\/v2\/types\/post"}],"replies":[{"embeddable":true,"href":"https:\/\/www.blogsoestado.com\/danielmatos\/wp-json\/wp\/v2\/comments?post=57990"}],"version-history":[{"count":0,"href":"https:\/\/www.blogsoestado.com\/danielmatos\/wp-json\/wp\/v2\/posts\/57990\/revisions"}],"wp:attachment":[{"href":"https:\/\/www.blogsoestado.com\/danielmatos\/wp-json\/wp\/v2\/media?parent=57990"}],"wp:term":[{"taxonomy":"category","embeddable":true,"href":"https:\/\/www.blogsoestado.com\/danielmatos\/wp-json\/wp\/v2\/categories?post=57990"},{"taxonomy":"post_tag","embeddable":true,"href":"https:\/\/www.blogsoestado.com\/danielmatos\/wp-json\/wp\/v2\/tags?post=57990"}],"curies":[{"name":"wp","href":"https:\/\/api.w.org\/{rel}","templated":true}]}}