{"id":57997,"date":"2018-11-12T17:00:18","date_gmt":"2018-11-12T20:00:18","guid":{"rendered":"https:\/\/www.blogsoestado.com\/danielmatos\/?p=57997"},"modified":"2018-11-12T17:00:18","modified_gmt":"2018-11-12T20:00:18","slug":"cavalos-quarto-de-milha-serao-ofertados-no-leilao-sao-luis-falcar-quarter-horse-sale","status":"publish","type":"post","link":"https:\/\/www.blogsoestado.com\/danielmatos\/cavalos-quarto-de-milha-serao-ofertados-no-leilao-sao-luis-falcar-quarter-horse-sale\/","title":{"rendered":"Cavalos Quarto de Milha ser\u00e3o ofertados no Leil\u00e3o S\u00e3o Lu\u00eds &#038; Falcar Quarter Horse Sale"},"content":{"rendered":"<h2><span style=\"color: #ff0000;\">Evento promete movimentar o mercado nesse m\u00eas de novembro na primeira edi\u00e7\u00e3o da Villa dos Haras e do Leil\u00e3o, criado para fam\u00edlia todos os apaixonados por cavalos Quarto de Milha<\/span><\/h2>\n<figure id=\"attachment_58006\" aria-describedby=\"caption-attachment-58006\" style=\"width: 450px\" class=\"wp-caption alignleft\"><a href=\"https:\/\/www.blogsoestado.com\/danielmatos\/?attachment_id=58006\" rel=\"attachment wp-att-58006\"><img fetchpriority=\"high\" decoding=\"async\" class=\"wp-image-58006 size-full\" src=\"https:\/\/www.blogsoestado.com\/danielmatos\/files\/2018\/11\/quarto-de-milha.jpg\" alt=\"\" width=\"450\" height=\"573\" \/><\/a><figcaption id=\"caption-attachment-58006\" class=\"wp-caption-text\">Um dos mais consagrados produtores de quarto de milha de todos os tempos<\/figcaption><\/figure>\n<p>A primeira edi\u00e7\u00e3o do Villa dos Haras ser\u00e1 realizada nos dias 15, 16 e 17 de novembro no Haras 4 Irm\u00e3os, na Raposa (MA), sempre a partir das 18h. No dia 17, o evento abre espa\u00e7o para a programa\u00e7\u00e3o do Leil\u00e3o S\u00e3o Lu\u00eds Falcar Quarter Horse Sale, que apresentar\u00e1 cavalos da ra\u00e7a quarto de milha para oferta.<\/p>\n<p>Com realiza\u00e7\u00e3o da Federa\u00e7\u00e3o de Esportes Equestres do Maranh\u00e3o, essa bela festividade ganha uma estrutura especial para os tr\u00eas dias. \u201cEstamos alguns meses trabalhando em detalhes com toda montagem do evento, cuidando do terreno, preparando nossos cavalos e garantindo muita seguran\u00e7a e conforto aos nossos convidados que estar\u00e3o presentes, com certeza ser\u00e1 uma linda cerim\u00f4nia, o primeiro de muitos que est\u00e3o por vir por a\u00ed\u201d, avisa a Federa\u00e7\u00e3o.<\/p>\n<p>O professor Alu\u00edsio Marins da Universidade do Cavalo de Sorocaba, ministrar\u00e1, no dia 15, a palestra \u201cRealidades e o Futuro do Mercado de Trabalho\u201d. Tamb\u00e9m ser\u00e1 proferido por ele, j\u00e1 no dia 16, o curso \u201cManejo de Potros em Doma e Exerc\u00edcios para Doma Inteligente\u201d.<\/p>\n<p>\u00c9 uma forma de gerar muito mais aprendizado principalmente para quem \u00e9 apaixonado por esse mercado. Com uma programa\u00e7\u00e3o especial para esses tr\u00eas dias do evento, al\u00e9m desses que foram citados teremos o grande encontro do criador maranhense e a apresenta\u00e7\u00e3o dos animais do S\u00e3o Lu\u00eds &amp; Falcar Quarter Horse Sale, que com toda certeza ser\u00e1 bem especial, por\u00e9m, o grande ponto alto ser\u00e1 no dia 17, com a realiza\u00e7\u00e3o do Leil\u00e3o que segue com a mesma metodologia j\u00e1 adotada por grandes empresas que participam de eventos desse porte em todo Brasil.<\/p>\n<p>O leil\u00e3o ser\u00e1 tamb\u00e9m transmitido atrav\u00e9s do site <a href=\"http:\/\/www.agresteleiloes.com.br\">www.agresteleiloes.com.br<\/a>.<\/p>\n","protected":false},"excerpt":{"rendered":"<p>Evento promete movimentar o mercado nesse m\u00eas de novembro na primeira edi\u00e7\u00e3o da Villa dos Haras e do Leil\u00e3o, criado [&hellip;]<\/p>\n","protected":false},"author":0,"featured_media":0,"comment_status":"open","ping_status":"open","sticky":false,"template":"","format":"standard","meta":{"site-sidebar-layout":"default","site-content-layout":"","ast-site-content-layout":"default","site-content-style":"default","site-sidebar-style":"default","ast-global-header-display":"","ast-banner-title-visibility":"","ast-main-header-display":"","ast-hfb-above-header-display":"","ast-hfb-below-header-display":"","ast-hfb-mobile-header-display":"","site-post-title":"","ast-breadcrumbs-content":"","ast-featured-img":"","footer-sml-layout":"","ast-disable-related-posts":"","theme-transparent-header-meta":"","adv-header-id-meta":"","stick-header-meta":"","header-above-stick-meta":"","header-main-stick-meta":"","header-below-stick-meta":"","astra-migrate-meta-layouts":"default","ast-page-background-enabled":"default","ast-page-background-meta":{"desktop":{"background-color":"var(--ast-global-color-5)","background-image":"","background-repeat":"repeat","background-position":"center center","background-size":"auto","background-attachment":"scroll","background-type":"","background-media":"","overlay-type":"","overlay-color":"","overlay-opacity":"","overlay-gradient":""},"tablet":{"background-color":"","background-image":"","background-repeat":"repeat","background-position":"center center","background-size":"auto","background-attachment":"scroll","background-type":"","background-media":"","overlay-type":"","overlay-color":"","overlay-opacity":"","overlay-gradient":""},"mobile":{"background-color":"","background-image":"","background-repeat":"repeat","background-position":"center center","background-size":"auto","background-attachment":"scroll","background-type":"","background-media":"","overlay-type":"","overlay-color":"","overlay-opacity":"","overlay-gradient":""}},"ast-content-background-meta":{"desktop":{"background-color":"var(--ast-global-color-4)","background-image":"","background-repeat":"repeat","background-position":"center center","background-size":"auto","background-attachment":"scroll","background-type":"","background-media":"","overlay-type":"","overlay-color":"","overlay-opacity":"","overlay-gradient":""},"tablet":{"background-color":"var(--ast-global-color-4)","background-image":"","background-repeat":"repeat","background-position":"center center","background-size":"auto","background-attachment":"scroll","background-type":"","background-media":"","overlay-type":"","overlay-color":"","overlay-opacity":"","overlay-gradient":""},"mobile":{"background-color":"var(--ast-global-color-4)","background-image":"","background-repeat":"repeat","background-position":"center center","background-size":"auto","background-attachment":"scroll","background-type":"","background-media":"","overlay-type":"","overlay-color":"","overlay-opacity":"","overlay-gradient":""}},"footnotes":""},"categories":[1],"tags":[],"class_list":["post-57997","post","type-post","status-publish","format-standard","hentry","category-sem-categoria"],"yoast_head":"<!-- This site is optimized with the Yoast SEO plugin v26.6 - https:\/\/yoast.com\/wordpress\/plugins\/seo\/ -->\n<title>Cavalos Quarto de Milha ser\u00e3o ofertados no Leil\u00e3o S\u00e3o Lu\u00eds &amp; Falcar Quarter Horse Sale - Daniel Matos<\/title>\n<meta name=\"robots\" content=\"index, follow, max-snippet:-1, max-image-preview:large, max-video-preview:-1\" \/>\n<link rel=\"canonical\" href=\"https:\/\/www.blogsoestado.com\/danielmatos\/cavalos-quarto-de-milha-serao-ofertados-no-leilao-sao-luis-falcar-quarter-horse-sale\/\" \/>\n<meta property=\"og:locale\" content=\"pt_BR\" \/>\n<meta property=\"og:type\" content=\"article\" \/>\n<meta property=\"og:title\" content=\"Cavalos Quarto de Milha ser\u00e3o ofertados no Leil\u00e3o S\u00e3o Lu\u00eds &amp; Falcar Quarter Horse Sale - Daniel Matos\" \/>\n<meta property=\"og:description\" content=\"Evento promete movimentar o mercado nesse m\u00eas de novembro na primeira edi\u00e7\u00e3o da Villa dos Haras e do Leil\u00e3o, criado [&hellip;]\" \/>\n<meta property=\"og:url\" content=\"https:\/\/www.blogsoestado.com\/danielmatos\/cavalos-quarto-de-milha-serao-ofertados-no-leilao-sao-luis-falcar-quarter-horse-sale\/\" \/>\n<meta property=\"og:site_name\" content=\"Daniel Matos\" \/>\n<meta property=\"article:published_time\" content=\"2018-11-12T20:00:18+00:00\" \/>\n<meta property=\"og:image\" content=\"https:\/\/www.blogsoestado.com\/danielmatos\/files\/2018\/11\/quarto-de-milha.jpg\" \/>\n<meta name=\"twitter:card\" content=\"summary_large_image\" \/>\n<meta name=\"twitter:label1\" content=\"Est. tempo de leitura\" \/>\n\t<meta name=\"twitter:data1\" content=\"2 minutos\" \/>\n<script type=\"application\/ld+json\" class=\"yoast-schema-graph\">{\"@context\":\"https:\/\/schema.org\",\"@graph\":[{\"@type\":\"WebPage\",\"@id\":\"https:\/\/www.blogsoestado.com\/danielmatos\/cavalos-quarto-de-milha-serao-ofertados-no-leilao-sao-luis-falcar-quarter-horse-sale\/\",\"url\":\"https:\/\/www.blogsoestado.com\/danielmatos\/cavalos-quarto-de-milha-serao-ofertados-no-leilao-sao-luis-falcar-quarter-horse-sale\/\",\"name\":\"Cavalos Quarto de Milha ser\u00e3o ofertados no Leil\u00e3o S\u00e3o Lu\u00eds & Falcar Quarter Horse Sale - Daniel Matos\",\"isPartOf\":{\"@id\":\"https:\/\/www.blogsoestado.com\/danielmatos\/#website\"},\"primaryImageOfPage\":{\"@id\":\"https:\/\/www.blogsoestado.com\/danielmatos\/cavalos-quarto-de-milha-serao-ofertados-no-leilao-sao-luis-falcar-quarter-horse-sale\/#primaryimage\"},\"image\":{\"@id\":\"https:\/\/www.blogsoestado.com\/danielmatos\/cavalos-quarto-de-milha-serao-ofertados-no-leilao-sao-luis-falcar-quarter-horse-sale\/#primaryimage\"},\"thumbnailUrl\":\"https:\/\/www.blogsoestado.com\/danielmatos\/files\/2018\/11\/quarto-de-milha.jpg\",\"datePublished\":\"2018-11-12T20:00:18+00:00\",\"author\":{\"@id\":\"\"},\"breadcrumb\":{\"@id\":\"https:\/\/www.blogsoestado.com\/danielmatos\/cavalos-quarto-de-milha-serao-ofertados-no-leilao-sao-luis-falcar-quarter-horse-sale\/#breadcrumb\"},\"inLanguage\":\"pt-BR\",\"potentialAction\":[{\"@type\":\"ReadAction\",\"target\":[\"https:\/\/www.blogsoestado.com\/danielmatos\/cavalos-quarto-de-milha-serao-ofertados-no-leilao-sao-luis-falcar-quarter-horse-sale\/\"]}]},{\"@type\":\"ImageObject\",\"inLanguage\":\"pt-BR\",\"@id\":\"https:\/\/www.blogsoestado.com\/danielmatos\/cavalos-quarto-de-milha-serao-ofertados-no-leilao-sao-luis-falcar-quarter-horse-sale\/#primaryimage\",\"url\":\"https:\/\/www.blogsoestado.com\/danielmatos\/files\/2018\/11\/quarto-de-milha.jpg\",\"contentUrl\":\"https:\/\/www.blogsoestado.com\/danielmatos\/files\/2018\/11\/quarto-de-milha.jpg\"},{\"@type\":\"BreadcrumbList\",\"@id\":\"https:\/\/www.blogsoestado.com\/danielmatos\/cavalos-quarto-de-milha-serao-ofertados-no-leilao-sao-luis-falcar-quarter-horse-sale\/#breadcrumb\",\"itemListElement\":[{\"@type\":\"ListItem\",\"position\":1,\"name\":\"In\u00edcio\",\"item\":\"https:\/\/www.blogsoestado.com\/danielmatos\/\"},{\"@type\":\"ListItem\",\"position\":2,\"name\":\"Cavalos Quarto de Milha ser\u00e3o ofertados no Leil\u00e3o S\u00e3o Lu\u00eds &#038; Falcar Quarter Horse Sale\"}]},{\"@type\":\"WebSite\",\"@id\":\"https:\/\/www.blogsoestado.com\/danielmatos\/#website\",\"url\":\"https:\/\/www.blogsoestado.com\/danielmatos\/\",\"name\":\"Daniel Matos\",\"description\":\"\",\"potentialAction\":[{\"@type\":\"SearchAction\",\"target\":{\"@type\":\"EntryPoint\",\"urlTemplate\":\"https:\/\/www.blogsoestado.com\/danielmatos\/?s={search_term_string}\"},\"query-input\":{\"@type\":\"PropertyValueSpecification\",\"valueRequired\":true,\"valueName\":\"search_term_string\"}}],\"inLanguage\":\"pt-BR\"}]}<\/script>\n<!-- \/ Yoast SEO plugin. -->","yoast_head_json":{"title":"Cavalos Quarto de Milha ser\u00e3o ofertados no Leil\u00e3o S\u00e3o Lu\u00eds & Falcar Quarter Horse Sale - Daniel Matos","robots":{"index":"index","follow":"follow","max-snippet":"max-snippet:-1","max-image-preview":"max-image-preview:large","max-video-preview":"max-video-preview:-1"},"canonical":"https:\/\/www.blogsoestado.com\/danielmatos\/cavalos-quarto-de-milha-serao-ofertados-no-leilao-sao-luis-falcar-quarter-horse-sale\/","og_locale":"pt_BR","og_type":"article","og_title":"Cavalos Quarto de Milha ser\u00e3o ofertados no Leil\u00e3o S\u00e3o Lu\u00eds & Falcar Quarter Horse Sale - Daniel Matos","og_description":"Evento promete movimentar o mercado nesse m\u00eas de novembro na primeira edi\u00e7\u00e3o da Villa dos Haras e do Leil\u00e3o, criado [&hellip;]","og_url":"https:\/\/www.blogsoestado.com\/danielmatos\/cavalos-quarto-de-milha-serao-ofertados-no-leilao-sao-luis-falcar-quarter-horse-sale\/","og_site_name":"Daniel Matos","article_published_time":"2018-11-12T20:00:18+00:00","og_image":[{"url":"https:\/\/www.blogsoestado.com\/danielmatos\/files\/2018\/11\/quarto-de-milha.jpg","type":"","width":"","height":""}],"twitter_card":"summary_large_image","twitter_misc":{"Est. tempo de leitura":"2 minutos"},"schema":{"@context":"https:\/\/schema.org","@graph":[{"@type":"WebPage","@id":"https:\/\/www.blogsoestado.com\/danielmatos\/cavalos-quarto-de-milha-serao-ofertados-no-leilao-sao-luis-falcar-quarter-horse-sale\/","url":"https:\/\/www.blogsoestado.com\/danielmatos\/cavalos-quarto-de-milha-serao-ofertados-no-leilao-sao-luis-falcar-quarter-horse-sale\/","name":"Cavalos Quarto de Milha ser\u00e3o ofertados no Leil\u00e3o S\u00e3o Lu\u00eds & Falcar Quarter Horse Sale - Daniel Matos","isPartOf":{"@id":"https:\/\/www.blogsoestado.com\/danielmatos\/#website"},"primaryImageOfPage":{"@id":"https:\/\/www.blogsoestado.com\/danielmatos\/cavalos-quarto-de-milha-serao-ofertados-no-leilao-sao-luis-falcar-quarter-horse-sale\/#primaryimage"},"image":{"@id":"https:\/\/www.blogsoestado.com\/danielmatos\/cavalos-quarto-de-milha-serao-ofertados-no-leilao-sao-luis-falcar-quarter-horse-sale\/#primaryimage"},"thumbnailUrl":"https:\/\/www.blogsoestado.com\/danielmatos\/files\/2018\/11\/quarto-de-milha.jpg","datePublished":"2018-11-12T20:00:18+00:00","author":{"@id":""},"breadcrumb":{"@id":"https:\/\/www.blogsoestado.com\/danielmatos\/cavalos-quarto-de-milha-serao-ofertados-no-leilao-sao-luis-falcar-quarter-horse-sale\/#breadcrumb"},"inLanguage":"pt-BR","potentialAction":[{"@type":"ReadAction","target":["https:\/\/www.blogsoestado.com\/danielmatos\/cavalos-quarto-de-milha-serao-ofertados-no-leilao-sao-luis-falcar-quarter-horse-sale\/"]}]},{"@type":"ImageObject","inLanguage":"pt-BR","@id":"https:\/\/www.blogsoestado.com\/danielmatos\/cavalos-quarto-de-milha-serao-ofertados-no-leilao-sao-luis-falcar-quarter-horse-sale\/#primaryimage","url":"https:\/\/www.blogsoestado.com\/danielmatos\/files\/2018\/11\/quarto-de-milha.jpg","contentUrl":"https:\/\/www.blogsoestado.com\/danielmatos\/files\/2018\/11\/quarto-de-milha.jpg"},{"@type":"BreadcrumbList","@id":"https:\/\/www.blogsoestado.com\/danielmatos\/cavalos-quarto-de-milha-serao-ofertados-no-leilao-sao-luis-falcar-quarter-horse-sale\/#breadcrumb","itemListElement":[{"@type":"ListItem","position":1,"name":"In\u00edcio","item":"https:\/\/www.blogsoestado.com\/danielmatos\/"},{"@type":"ListItem","position":2,"name":"Cavalos Quarto de Milha ser\u00e3o ofertados no Leil\u00e3o S\u00e3o Lu\u00eds &#038; Falcar Quarter Horse Sale"}]},{"@type":"WebSite","@id":"https:\/\/www.blogsoestado.com\/danielmatos\/#website","url":"https:\/\/www.blogsoestado.com\/danielmatos\/","name":"Daniel Matos","description":"","potentialAction":[{"@type":"SearchAction","target":{"@type":"EntryPoint","urlTemplate":"https:\/\/www.blogsoestado.com\/danielmatos\/?s={search_term_string}"},"query-input":{"@type":"PropertyValueSpecification","valueRequired":true,"valueName":"search_term_string"}}],"inLanguage":"pt-BR"}]}},"jetpack_featured_media_url":"","_links":{"self":[{"href":"https:\/\/www.blogsoestado.com\/danielmatos\/wp-json\/wp\/v2\/posts\/57997","targetHints":{"allow":["GET"]}}],"collection":[{"href":"https:\/\/www.blogsoestado.com\/danielmatos\/wp-json\/wp\/v2\/posts"}],"about":[{"href":"https:\/\/www.blogsoestado.com\/danielmatos\/wp-json\/wp\/v2\/types\/post"}],"replies":[{"embeddable":true,"href":"https:\/\/www.blogsoestado.com\/danielmatos\/wp-json\/wp\/v2\/comments?post=57997"}],"version-history":[{"count":0,"href":"https:\/\/www.blogsoestado.com\/danielmatos\/wp-json\/wp\/v2\/posts\/57997\/revisions"}],"wp:attachment":[{"href":"https:\/\/www.blogsoestado.com\/danielmatos\/wp-json\/wp\/v2\/media?parent=57997"}],"wp:term":[{"taxonomy":"category","embeddable":true,"href":"https:\/\/www.blogsoestado.com\/danielmatos\/wp-json\/wp\/v2\/categories?post=57997"},{"taxonomy":"post_tag","embeddable":true,"href":"https:\/\/www.blogsoestado.com\/danielmatos\/wp-json\/wp\/v2\/tags?post=57997"}],"curies":[{"name":"wp","href":"https:\/\/api.w.org\/{rel}","templated":true}]}}