{"id":57999,"date":"2018-11-12T15:54:56","date_gmt":"2018-11-12T18:54:56","guid":{"rendered":"https:\/\/www.blogsoestado.com\/danielmatos\/?p=57999"},"modified":"2018-11-12T15:54:56","modified_gmt":"2018-11-12T18:54:56","slug":"saude-caxias-alcanca-numeros-expressivos-de-imunizacao-em-campanha-de-vacinacao-antirrabica","status":"publish","type":"post","link":"https:\/\/www.blogsoestado.com\/danielmatos\/saude-caxias-alcanca-numeros-expressivos-de-imunizacao-em-campanha-de-vacinacao-antirrabica\/","title":{"rendered":"Sa\u00fade: Caxias alcan\u00e7a n\u00fameros expressivos de imuniza\u00e7\u00e3o em Campanha de Vacina\u00e7\u00e3o Antirr\u00e1bica"},"content":{"rendered":"<figure id=\"attachment_58000\" aria-describedby=\"caption-attachment-58000\" style=\"width: 450px\" class=\"wp-caption alignleft\"><a href=\"https:\/\/www.blogsoestado.com\/danielmatos\/2018\/11\/12\/saude-caxias-alcanca-numeros-expressivos-de-imunizacao-em-campanha-de-vacinacao-antirrabica-novembro-12-2018\/caxias-rabica\/\" rel=\"attachment wp-att-58000\"><img fetchpriority=\"high\" decoding=\"async\" class=\"wp-image-58000\" src=\"https:\/\/www.blogsoestado.com\/danielmatos\/files\/2018\/11\/caxias-rabica.jpeg\" alt=\"\" width=\"450\" height=\"265\" \/><\/a><figcaption id=\"caption-attachment-58000\" class=\"wp-caption-text\">De acordo com a chefe do N\u00facleo de Educa\u00e7\u00e3o em Sa\u00fade da UVZ, Maryanne Morais, a popula\u00e7\u00e3o abra\u00e7ou a Campanha e foi parceira dos agentes de endemias<\/figcaption><\/figure>\n<p>O \u201cDia D\u201d de Vacina\u00e7\u00e3o Antirr\u00e1bica Canina e Felina, realizado em Caxias no \u00faltimo s\u00e1bado (10), elevou os \u00edndices positivos da Campanha no munic\u00edpio gra\u00e7as \u00e0 ades\u00e3o de muitos donos de animais que aproveitaram o dia de folga para levarem seus animais de estima\u00e7\u00e3o \u00e0s Unidades B\u00e1sicas de Sa\u00fade (UBS).<\/p>\n<p>Agentes da Unidade de Vigil\u00e2ncia em Zoonoses (UVZ) trabalharam em forma de plant\u00e3o das 8h \u00e0s 17h. Al\u00e9m dos postos de sa\u00fade, a escola Jacira Vila Nova, no bairro Itapecuruzinho, e a creche do residencial Vila Para\u00edso serviram como pontos de apoio.<\/p>\n<p>De acordo com a chefe do N\u00facleo de Educa\u00e7\u00e3o em Sa\u00fade da UVZ, Maryanne Morais, a popula\u00e7\u00e3o abra\u00e7ou a Campanha e foi parceira dos agentes de endemias.<\/p>\n<p>\u201c\u00c9 normal a gente encontrar resist\u00eancia por parte de alguns donos. A Raiva \u00e9 uma doen\u00e7a mortal, n\u00e3o tem cura. A imuniza\u00e7\u00e3o \u00e9 a melhor forma de preven\u00e7\u00e3o, ent\u00e3o \u00e9 importante que a popula\u00e7\u00e3o se conscientize, porque o poder p\u00fablico est\u00e1 fazendo sua parte junto \u00e0 Secret\u00e1ria de Sa\u00fade e UVZ\u201d, destacou Maryanne Morais.<\/p>\n<p>A metodologia inicial da Campanha foi por mutir\u00e3o de vacina\u00e7\u00e3o com equipes volantes passando em todos os domic\u00edlios das zonas urbana e rural de Caxias. A meta preconizada pelo Minist\u00e9rio da Sa\u00fade \u00e9 que sejam imunizados pelo menos 80% dos animais, sendo baseada pela quantidade em 2017, que foi de 45.500 animais vacinados no munic\u00edpio.<\/p>\n<p>Na zona rural, as a\u00e7\u00f5es tiveram in\u00edcio dia 24\/09, com t\u00e9rmino dia 24\/10, onde foram vacinados 18.756 animais. J\u00e1 na zona urbana, as a\u00e7\u00f5es foram iniciadas no dia 08\/10 e terminaram dia 08\/11, onde, at\u00e9 o dia 05\/11, foram vacinados 20.717 animais.<\/p>\n<p>De acordo com o somat\u00f3rio das zonas urbana (at\u00e9 dia 05\/11) e rural (com t\u00e9rmino em 24\/10), foram vacinados 39.473, correspondendo a 86,75% da meta. Vale ressaltar que a quantidade precisa de animais vacinados s\u00f3 ser\u00e1 fechada oficialmente nesta ter\u00e7a-feira (12).<\/p>\n<p>Quem perdeu o prazo de vacina\u00e7\u00e3o, encontra as doses da vacina durante todo ano no setor cl\u00ednico veterin\u00e1rio dos postos de sa\u00fade. A Raiva pode ser transmitida ao ser humano pelo animal infectado atrav\u00e9s de mordidas, arranhaduras e lambeduras.<\/p>\n","protected":false},"excerpt":{"rendered":"<p>O \u201cDia D\u201d de Vacina\u00e7\u00e3o Antirr\u00e1bica Canina e Felina, realizado em Caxias no \u00faltimo s\u00e1bado (10), elevou os \u00edndices positivos [&hellip;]<\/p>\n","protected":false},"author":0,"featured_media":0,"comment_status":"open","ping_status":"open","sticky":false,"template":"","format":"standard","meta":{"site-sidebar-layout":"default","site-content-layout":"","ast-site-content-layout":"default","site-content-style":"default","site-sidebar-style":"default","ast-global-header-display":"","ast-banner-title-visibility":"","ast-main-header-display":"","ast-hfb-above-header-display":"","ast-hfb-below-header-display":"","ast-hfb-mobile-header-display":"","site-post-title":"","ast-breadcrumbs-content":"","ast-featured-img":"","footer-sml-layout":"","ast-disable-related-posts":"","theme-transparent-header-meta":"","adv-header-id-meta":"","stick-header-meta":"","header-above-stick-meta":"","header-main-stick-meta":"","header-below-stick-meta":"","astra-migrate-meta-layouts":"default","ast-page-background-enabled":"default","ast-page-background-meta":{"desktop":{"background-color":"var(--ast-global-color-5)","background-image":"","background-repeat":"repeat","background-position":"center center","background-size":"auto","background-attachment":"scroll","background-type":"","background-media":"","overlay-type":"","overlay-color":"","overlay-opacity":"","overlay-gradient":""},"tablet":{"background-color":"","background-image":"","background-repeat":"repeat","background-position":"center center","background-size":"auto","background-attachment":"scroll","background-type":"","background-media":"","overlay-type":"","overlay-color":"","overlay-opacity":"","overlay-gradient":""},"mobile":{"background-color":"","background-image":"","background-repeat":"repeat","background-position":"center center","background-size":"auto","background-attachment":"scroll","background-type":"","background-media":"","overlay-type":"","overlay-color":"","overlay-opacity":"","overlay-gradient":""}},"ast-content-background-meta":{"desktop":{"background-color":"var(--ast-global-color-4)","background-image":"","background-repeat":"repeat","background-position":"center center","background-size":"auto","background-attachment":"scroll","background-type":"","background-media":"","overlay-type":"","overlay-color":"","overlay-opacity":"","overlay-gradient":""},"tablet":{"background-color":"var(--ast-global-color-4)","background-image":"","background-repeat":"repeat","background-position":"center center","background-size":"auto","background-attachment":"scroll","background-type":"","background-media":"","overlay-type":"","overlay-color":"","overlay-opacity":"","overlay-gradient":""},"mobile":{"background-color":"var(--ast-global-color-4)","background-image":"","background-repeat":"repeat","background-position":"center center","background-size":"auto","background-attachment":"scroll","background-type":"","background-media":"","overlay-type":"","overlay-color":"","overlay-opacity":"","overlay-gradient":""}},"footnotes":""},"categories":[1],"tags":[],"class_list":["post-57999","post","type-post","status-publish","format-standard","hentry","category-sem-categoria"],"yoast_head":"<!-- This site is optimized with the Yoast SEO plugin v26.6 - https:\/\/yoast.com\/wordpress\/plugins\/seo\/ -->\n<title>Sa\u00fade: Caxias alcan\u00e7a n\u00fameros expressivos de imuniza\u00e7\u00e3o em Campanha de Vacina\u00e7\u00e3o Antirr\u00e1bica - Daniel Matos<\/title>\n<meta name=\"robots\" content=\"index, follow, max-snippet:-1, max-image-preview:large, max-video-preview:-1\" \/>\n<link rel=\"canonical\" href=\"https:\/\/www.blogsoestado.com\/danielmatos\/saude-caxias-alcanca-numeros-expressivos-de-imunizacao-em-campanha-de-vacinacao-antirrabica\/\" \/>\n<meta property=\"og:locale\" content=\"pt_BR\" \/>\n<meta property=\"og:type\" content=\"article\" \/>\n<meta property=\"og:title\" content=\"Sa\u00fade: Caxias alcan\u00e7a n\u00fameros expressivos de imuniza\u00e7\u00e3o em Campanha de Vacina\u00e7\u00e3o Antirr\u00e1bica - Daniel Matos\" \/>\n<meta property=\"og:description\" content=\"O \u201cDia D\u201d de Vacina\u00e7\u00e3o Antirr\u00e1bica Canina e Felina, realizado em Caxias no \u00faltimo s\u00e1bado (10), elevou os \u00edndices positivos [&hellip;]\" \/>\n<meta property=\"og:url\" content=\"https:\/\/www.blogsoestado.com\/danielmatos\/saude-caxias-alcanca-numeros-expressivos-de-imunizacao-em-campanha-de-vacinacao-antirrabica\/\" \/>\n<meta property=\"og:site_name\" content=\"Daniel Matos\" \/>\n<meta property=\"article:published_time\" content=\"2018-11-12T18:54:56+00:00\" \/>\n<meta property=\"og:image\" content=\"https:\/\/www.blogsoestado.com\/danielmatos\/files\/2018\/11\/caxias-rabica.jpeg\" \/>\n<meta name=\"twitter:card\" content=\"summary_large_image\" \/>\n<meta name=\"twitter:label1\" content=\"Est. tempo de leitura\" \/>\n\t<meta name=\"twitter:data1\" content=\"2 minutos\" \/>\n<script type=\"application\/ld+json\" class=\"yoast-schema-graph\">{\"@context\":\"https:\/\/schema.org\",\"@graph\":[{\"@type\":\"WebPage\",\"@id\":\"https:\/\/www.blogsoestado.com\/danielmatos\/saude-caxias-alcanca-numeros-expressivos-de-imunizacao-em-campanha-de-vacinacao-antirrabica\/\",\"url\":\"https:\/\/www.blogsoestado.com\/danielmatos\/saude-caxias-alcanca-numeros-expressivos-de-imunizacao-em-campanha-de-vacinacao-antirrabica\/\",\"name\":\"Sa\u00fade: Caxias alcan\u00e7a n\u00fameros expressivos de imuniza\u00e7\u00e3o em Campanha de Vacina\u00e7\u00e3o Antirr\u00e1bica - Daniel Matos\",\"isPartOf\":{\"@id\":\"https:\/\/www.blogsoestado.com\/danielmatos\/#website\"},\"primaryImageOfPage\":{\"@id\":\"https:\/\/www.blogsoestado.com\/danielmatos\/saude-caxias-alcanca-numeros-expressivos-de-imunizacao-em-campanha-de-vacinacao-antirrabica\/#primaryimage\"},\"image\":{\"@id\":\"https:\/\/www.blogsoestado.com\/danielmatos\/saude-caxias-alcanca-numeros-expressivos-de-imunizacao-em-campanha-de-vacinacao-antirrabica\/#primaryimage\"},\"thumbnailUrl\":\"https:\/\/www.blogsoestado.com\/danielmatos\/files\/2018\/11\/caxias-rabica.jpeg\",\"datePublished\":\"2018-11-12T18:54:56+00:00\",\"author\":{\"@id\":\"\"},\"breadcrumb\":{\"@id\":\"https:\/\/www.blogsoestado.com\/danielmatos\/saude-caxias-alcanca-numeros-expressivos-de-imunizacao-em-campanha-de-vacinacao-antirrabica\/#breadcrumb\"},\"inLanguage\":\"pt-BR\",\"potentialAction\":[{\"@type\":\"ReadAction\",\"target\":[\"https:\/\/www.blogsoestado.com\/danielmatos\/saude-caxias-alcanca-numeros-expressivos-de-imunizacao-em-campanha-de-vacinacao-antirrabica\/\"]}]},{\"@type\":\"ImageObject\",\"inLanguage\":\"pt-BR\",\"@id\":\"https:\/\/www.blogsoestado.com\/danielmatos\/saude-caxias-alcanca-numeros-expressivos-de-imunizacao-em-campanha-de-vacinacao-antirrabica\/#primaryimage\",\"url\":\"https:\/\/www.blogsoestado.com\/danielmatos\/files\/2018\/11\/caxias-rabica.jpeg\",\"contentUrl\":\"https:\/\/www.blogsoestado.com\/danielmatos\/files\/2018\/11\/caxias-rabica.jpeg\"},{\"@type\":\"BreadcrumbList\",\"@id\":\"https:\/\/www.blogsoestado.com\/danielmatos\/saude-caxias-alcanca-numeros-expressivos-de-imunizacao-em-campanha-de-vacinacao-antirrabica\/#breadcrumb\",\"itemListElement\":[{\"@type\":\"ListItem\",\"position\":1,\"name\":\"In\u00edcio\",\"item\":\"https:\/\/www.blogsoestado.com\/danielmatos\/\"},{\"@type\":\"ListItem\",\"position\":2,\"name\":\"Sa\u00fade: Caxias alcan\u00e7a n\u00fameros expressivos de imuniza\u00e7\u00e3o em Campanha de Vacina\u00e7\u00e3o Antirr\u00e1bica\"}]},{\"@type\":\"WebSite\",\"@id\":\"https:\/\/www.blogsoestado.com\/danielmatos\/#website\",\"url\":\"https:\/\/www.blogsoestado.com\/danielmatos\/\",\"name\":\"Daniel Matos\",\"description\":\"\",\"potentialAction\":[{\"@type\":\"SearchAction\",\"target\":{\"@type\":\"EntryPoint\",\"urlTemplate\":\"https:\/\/www.blogsoestado.com\/danielmatos\/?s={search_term_string}\"},\"query-input\":{\"@type\":\"PropertyValueSpecification\",\"valueRequired\":true,\"valueName\":\"search_term_string\"}}],\"inLanguage\":\"pt-BR\"}]}<\/script>\n<!-- \/ Yoast SEO plugin. -->","yoast_head_json":{"title":"Sa\u00fade: Caxias alcan\u00e7a n\u00fameros expressivos de imuniza\u00e7\u00e3o em Campanha de Vacina\u00e7\u00e3o Antirr\u00e1bica - Daniel Matos","robots":{"index":"index","follow":"follow","max-snippet":"max-snippet:-1","max-image-preview":"max-image-preview:large","max-video-preview":"max-video-preview:-1"},"canonical":"https:\/\/www.blogsoestado.com\/danielmatos\/saude-caxias-alcanca-numeros-expressivos-de-imunizacao-em-campanha-de-vacinacao-antirrabica\/","og_locale":"pt_BR","og_type":"article","og_title":"Sa\u00fade: Caxias alcan\u00e7a n\u00fameros expressivos de imuniza\u00e7\u00e3o em Campanha de Vacina\u00e7\u00e3o Antirr\u00e1bica - Daniel Matos","og_description":"O \u201cDia D\u201d de Vacina\u00e7\u00e3o Antirr\u00e1bica Canina e Felina, realizado em Caxias no \u00faltimo s\u00e1bado (10), elevou os \u00edndices positivos [&hellip;]","og_url":"https:\/\/www.blogsoestado.com\/danielmatos\/saude-caxias-alcanca-numeros-expressivos-de-imunizacao-em-campanha-de-vacinacao-antirrabica\/","og_site_name":"Daniel Matos","article_published_time":"2018-11-12T18:54:56+00:00","og_image":[{"url":"https:\/\/www.blogsoestado.com\/danielmatos\/files\/2018\/11\/caxias-rabica.jpeg","type":"","width":"","height":""}],"twitter_card":"summary_large_image","twitter_misc":{"Est. tempo de leitura":"2 minutos"},"schema":{"@context":"https:\/\/schema.org","@graph":[{"@type":"WebPage","@id":"https:\/\/www.blogsoestado.com\/danielmatos\/saude-caxias-alcanca-numeros-expressivos-de-imunizacao-em-campanha-de-vacinacao-antirrabica\/","url":"https:\/\/www.blogsoestado.com\/danielmatos\/saude-caxias-alcanca-numeros-expressivos-de-imunizacao-em-campanha-de-vacinacao-antirrabica\/","name":"Sa\u00fade: Caxias alcan\u00e7a n\u00fameros expressivos de imuniza\u00e7\u00e3o em Campanha de Vacina\u00e7\u00e3o Antirr\u00e1bica - Daniel Matos","isPartOf":{"@id":"https:\/\/www.blogsoestado.com\/danielmatos\/#website"},"primaryImageOfPage":{"@id":"https:\/\/www.blogsoestado.com\/danielmatos\/saude-caxias-alcanca-numeros-expressivos-de-imunizacao-em-campanha-de-vacinacao-antirrabica\/#primaryimage"},"image":{"@id":"https:\/\/www.blogsoestado.com\/danielmatos\/saude-caxias-alcanca-numeros-expressivos-de-imunizacao-em-campanha-de-vacinacao-antirrabica\/#primaryimage"},"thumbnailUrl":"https:\/\/www.blogsoestado.com\/danielmatos\/files\/2018\/11\/caxias-rabica.jpeg","datePublished":"2018-11-12T18:54:56+00:00","author":{"@id":""},"breadcrumb":{"@id":"https:\/\/www.blogsoestado.com\/danielmatos\/saude-caxias-alcanca-numeros-expressivos-de-imunizacao-em-campanha-de-vacinacao-antirrabica\/#breadcrumb"},"inLanguage":"pt-BR","potentialAction":[{"@type":"ReadAction","target":["https:\/\/www.blogsoestado.com\/danielmatos\/saude-caxias-alcanca-numeros-expressivos-de-imunizacao-em-campanha-de-vacinacao-antirrabica\/"]}]},{"@type":"ImageObject","inLanguage":"pt-BR","@id":"https:\/\/www.blogsoestado.com\/danielmatos\/saude-caxias-alcanca-numeros-expressivos-de-imunizacao-em-campanha-de-vacinacao-antirrabica\/#primaryimage","url":"https:\/\/www.blogsoestado.com\/danielmatos\/files\/2018\/11\/caxias-rabica.jpeg","contentUrl":"https:\/\/www.blogsoestado.com\/danielmatos\/files\/2018\/11\/caxias-rabica.jpeg"},{"@type":"BreadcrumbList","@id":"https:\/\/www.blogsoestado.com\/danielmatos\/saude-caxias-alcanca-numeros-expressivos-de-imunizacao-em-campanha-de-vacinacao-antirrabica\/#breadcrumb","itemListElement":[{"@type":"ListItem","position":1,"name":"In\u00edcio","item":"https:\/\/www.blogsoestado.com\/danielmatos\/"},{"@type":"ListItem","position":2,"name":"Sa\u00fade: Caxias alcan\u00e7a n\u00fameros expressivos de imuniza\u00e7\u00e3o em Campanha de Vacina\u00e7\u00e3o Antirr\u00e1bica"}]},{"@type":"WebSite","@id":"https:\/\/www.blogsoestado.com\/danielmatos\/#website","url":"https:\/\/www.blogsoestado.com\/danielmatos\/","name":"Daniel Matos","description":"","potentialAction":[{"@type":"SearchAction","target":{"@type":"EntryPoint","urlTemplate":"https:\/\/www.blogsoestado.com\/danielmatos\/?s={search_term_string}"},"query-input":{"@type":"PropertyValueSpecification","valueRequired":true,"valueName":"search_term_string"}}],"inLanguage":"pt-BR"}]}},"jetpack_featured_media_url":"","_links":{"self":[{"href":"https:\/\/www.blogsoestado.com\/danielmatos\/wp-json\/wp\/v2\/posts\/57999","targetHints":{"allow":["GET"]}}],"collection":[{"href":"https:\/\/www.blogsoestado.com\/danielmatos\/wp-json\/wp\/v2\/posts"}],"about":[{"href":"https:\/\/www.blogsoestado.com\/danielmatos\/wp-json\/wp\/v2\/types\/post"}],"replies":[{"embeddable":true,"href":"https:\/\/www.blogsoestado.com\/danielmatos\/wp-json\/wp\/v2\/comments?post=57999"}],"version-history":[{"count":0,"href":"https:\/\/www.blogsoestado.com\/danielmatos\/wp-json\/wp\/v2\/posts\/57999\/revisions"}],"wp:attachment":[{"href":"https:\/\/www.blogsoestado.com\/danielmatos\/wp-json\/wp\/v2\/media?parent=57999"}],"wp:term":[{"taxonomy":"category","embeddable":true,"href":"https:\/\/www.blogsoestado.com\/danielmatos\/wp-json\/wp\/v2\/categories?post=57999"},{"taxonomy":"post_tag","embeddable":true,"href":"https:\/\/www.blogsoestado.com\/danielmatos\/wp-json\/wp\/v2\/tags?post=57999"}],"curies":[{"name":"wp","href":"https:\/\/api.w.org\/{rel}","templated":true}]}}