{"id":58008,"date":"2018-11-12T21:30:23","date_gmt":"2018-11-13T00:30:23","guid":{"rendered":"https:\/\/www.blogsoestado.com\/danielmatos\/?p=58008"},"modified":"2018-11-12T21:30:23","modified_gmt":"2018-11-13T00:30:23","slug":"espiritualidade-no-chao-da-vida","status":"publish","type":"post","link":"https:\/\/www.blogsoestado.com\/danielmatos\/espiritualidade-no-chao-da-vida\/","title":{"rendered":"Espiritualidade no Ch\u00e3o da Vida"},"content":{"rendered":"<h2><span style=\"color: #ff0000;\">Igreja da Colheita realiza congresso em comemora\u00e7\u00e3o aos 13 anos de funda\u00e7\u00e3o em S\u00e3o Lu\u00eds<\/span><a href=\"https:\/\/www.blogsoestado.com\/danielmatos\/2018\/11\/12\/espiritualidade-no-chao-da-vida\/colheita2\/\" rel=\"attachment wp-att-58009\"><img fetchpriority=\"high\" decoding=\"async\" class=\"aligncenter wp-image-58009\" src=\"https:\/\/www.blogsoestado.com\/danielmatos\/files\/2018\/11\/colheita2.jpg\" alt=\"\" width=\"650\" height=\"366\" \/><\/a><\/h2>\n<p>Entre os dias 16 e 18 de novembro, a Igreja da Colheita realizar\u00e1 o congresso \u201cEspiritualidade no ch\u00e3o da vida\u201d, em S\u00e3o Lu\u00eds. O congresso faz parte da comemora\u00e7\u00e3o dos 13 anos de funda\u00e7\u00e3o da Igreja da Colheita na capital maranhense.<\/p>\n<p>O tema deste ano, \u201cEspiritualidade no Ch\u00e3o da Vida\u201d, \u00e9 um desdobramento sobre o que a Igreja da Colheita tem abordado nos \u00faltimos dois anos sobre a miss\u00e3o da igreja. O objetivo \u00e9 trazer as pessoas a refletirem sobre o Reino de Deus, que deve estar em evid\u00eancia no ch\u00e3o da vida, por meio das atitudes di\u00e1rias de perd\u00e3o, compaix\u00e3o, toler\u00e2ncia, cuidado com o pr\u00f3ximo.<\/p>\n<p>O bispo Renato Chaves, l\u00edder da Igreja da Colheita, refor\u00e7a a cosmovis\u00e3o b\u00edblica sobre o Reino de Deus, sendo miss\u00e3o prec\u00edpua da igreja trazer o Reino para a Terra e n\u00e3o povoar o c\u00e9u. \u201cManifestar o Reino n\u00e3o pode estar associado somente aos nossos encontros c\u00falticos aos domingos. Espiritualidade no ch\u00e3o da vida \u00e9 um conceito que nasce com o intuito de trazer pra realidade da vida cotidiana a manifesta\u00e7\u00e3o do reino atrav\u00e9s da nossa humanidade\u201d, analisou.<\/p>\n<p>Os preletores do congresso s\u00e3o: o Bispo Renato Chaves (Igreja da Colheita) e o pastor Carlos Bregantim (Esta\u00e7\u00e3o da Gra\u00e7a &#8211; SP), e no louvor o Minist\u00e9rio de M\u00fasica Igreja da Colheita.<\/p>\n<p>O congresso tem entrada franca e ser\u00e1 realizado de 16 a 18 de novembro de 2018 com a programa\u00e7\u00e3o prevista para iniciar as 19h, com exce\u00e7\u00e3o do domingo que come\u00e7a as 9h30 e 18h30.<\/p>\n<p>A Igreja da Colheita est\u00e1 localizada na Rua Santo Ant\u00f4nio, 14, Recanto dos Vinhais.<\/p>\n<p>&#8220;Minha gra\u00e7a \u00e9 suficiente para voc\u00ea, pois o meu poder se aperfei\u00e7oa na fraqueza&#8221; (2 Cor\u00edntios 12:9).<\/p>\n<p><strong>O QU\u00ca:<\/strong> Espiritualidade no ch\u00e3o da vida<br \/>\n<strong>QUANDO:<\/strong> 16 a 18 de novembro de 2018<br \/>\n<strong>HOR\u00c1RIO:<\/strong> Sexta-Feira (19h), S\u00e1bado (19h) e Domingo (9h30 e 18h30)<br \/>\n<strong>LOCAL:<\/strong> Igreja da Colheita, Rua Santo Ant\u00f4nio, 14, Recanto dos Vinhais (Ponto de Refer\u00eancia: entrar na rua da Pneu Estrela)<\/p>\n","protected":false},"excerpt":{"rendered":"<p>Igreja da Colheita realiza congresso em comemora\u00e7\u00e3o aos 13 anos de funda\u00e7\u00e3o em S\u00e3o Lu\u00eds Entre os dias 16 e [&hellip;]<\/p>\n","protected":false},"author":0,"featured_media":0,"comment_status":"open","ping_status":"open","sticky":false,"template":"","format":"standard","meta":{"site-sidebar-layout":"default","site-content-layout":"","ast-site-content-layout":"default","site-content-style":"default","site-sidebar-style":"default","ast-global-header-display":"","ast-banner-title-visibility":"","ast-main-header-display":"","ast-hfb-above-header-display":"","ast-hfb-below-header-display":"","ast-hfb-mobile-header-display":"","site-post-title":"","ast-breadcrumbs-content":"","ast-featured-img":"","footer-sml-layout":"","ast-disable-related-posts":"","theme-transparent-header-meta":"","adv-header-id-meta":"","stick-header-meta":"","header-above-stick-meta":"","header-main-stick-meta":"","header-below-stick-meta":"","astra-migrate-meta-layouts":"default","ast-page-background-enabled":"default","ast-page-background-meta":{"desktop":{"background-color":"var(--ast-global-color-5)","background-image":"","background-repeat":"repeat","background-position":"center center","background-size":"auto","background-attachment":"scroll","background-type":"","background-media":"","overlay-type":"","overlay-color":"","overlay-opacity":"","overlay-gradient":""},"tablet":{"background-color":"","background-image":"","background-repeat":"repeat","background-position":"center center","background-size":"auto","background-attachment":"scroll","background-type":"","background-media":"","overlay-type":"","overlay-color":"","overlay-opacity":"","overlay-gradient":""},"mobile":{"background-color":"","background-image":"","background-repeat":"repeat","background-position":"center center","background-size":"auto","background-attachment":"scroll","background-type":"","background-media":"","overlay-type":"","overlay-color":"","overlay-opacity":"","overlay-gradient":""}},"ast-content-background-meta":{"desktop":{"background-color":"var(--ast-global-color-4)","background-image":"","background-repeat":"repeat","background-position":"center center","background-size":"auto","background-attachment":"scroll","background-type":"","background-media":"","overlay-type":"","overlay-color":"","overlay-opacity":"","overlay-gradient":""},"tablet":{"background-color":"var(--ast-global-color-4)","background-image":"","background-repeat":"repeat","background-position":"center center","background-size":"auto","background-attachment":"scroll","background-type":"","background-media":"","overlay-type":"","overlay-color":"","overlay-opacity":"","overlay-gradient":""},"mobile":{"background-color":"var(--ast-global-color-4)","background-image":"","background-repeat":"repeat","background-position":"center center","background-size":"auto","background-attachment":"scroll","background-type":"","background-media":"","overlay-type":"","overlay-color":"","overlay-opacity":"","overlay-gradient":""}},"footnotes":""},"categories":[1],"tags":[],"class_list":["post-58008","post","type-post","status-publish","format-standard","hentry","category-sem-categoria"],"yoast_head":"<!-- This site is optimized with the Yoast SEO plugin v26.6 - https:\/\/yoast.com\/wordpress\/plugins\/seo\/ -->\n<title>Espiritualidade no Ch\u00e3o da Vida - Daniel Matos<\/title>\n<meta name=\"robots\" content=\"index, follow, max-snippet:-1, max-image-preview:large, max-video-preview:-1\" \/>\n<link rel=\"canonical\" href=\"https:\/\/www.blogsoestado.com\/danielmatos\/espiritualidade-no-chao-da-vida\/\" \/>\n<meta property=\"og:locale\" content=\"pt_BR\" \/>\n<meta property=\"og:type\" content=\"article\" \/>\n<meta property=\"og:title\" content=\"Espiritualidade no Ch\u00e3o da Vida - Daniel Matos\" \/>\n<meta property=\"og:description\" content=\"Igreja da Colheita realiza congresso em comemora\u00e7\u00e3o aos 13 anos de funda\u00e7\u00e3o em S\u00e3o Lu\u00eds Entre os dias 16 e [&hellip;]\" \/>\n<meta property=\"og:url\" content=\"https:\/\/www.blogsoestado.com\/danielmatos\/espiritualidade-no-chao-da-vida\/\" \/>\n<meta property=\"og:site_name\" content=\"Daniel Matos\" \/>\n<meta property=\"article:published_time\" content=\"2018-11-13T00:30:23+00:00\" \/>\n<meta property=\"og:image\" content=\"https:\/\/www.blogsoestado.com\/danielmatos\/files\/2018\/11\/colheita2.jpg\" \/>\n<meta name=\"twitter:card\" content=\"summary_large_image\" \/>\n<meta name=\"twitter:label1\" content=\"Est. tempo de leitura\" \/>\n\t<meta name=\"twitter:data1\" content=\"2 minutos\" \/>\n<script type=\"application\/ld+json\" class=\"yoast-schema-graph\">{\"@context\":\"https:\/\/schema.org\",\"@graph\":[{\"@type\":\"WebPage\",\"@id\":\"https:\/\/www.blogsoestado.com\/danielmatos\/espiritualidade-no-chao-da-vida\/\",\"url\":\"https:\/\/www.blogsoestado.com\/danielmatos\/espiritualidade-no-chao-da-vida\/\",\"name\":\"Espiritualidade no Ch\u00e3o da Vida - Daniel Matos\",\"isPartOf\":{\"@id\":\"https:\/\/www.blogsoestado.com\/danielmatos\/#website\"},\"primaryImageOfPage\":{\"@id\":\"https:\/\/www.blogsoestado.com\/danielmatos\/espiritualidade-no-chao-da-vida\/#primaryimage\"},\"image\":{\"@id\":\"https:\/\/www.blogsoestado.com\/danielmatos\/espiritualidade-no-chao-da-vida\/#primaryimage\"},\"thumbnailUrl\":\"https:\/\/www.blogsoestado.com\/danielmatos\/files\/2018\/11\/colheita2.jpg\",\"datePublished\":\"2018-11-13T00:30:23+00:00\",\"author\":{\"@id\":\"\"},\"breadcrumb\":{\"@id\":\"https:\/\/www.blogsoestado.com\/danielmatos\/espiritualidade-no-chao-da-vida\/#breadcrumb\"},\"inLanguage\":\"pt-BR\",\"potentialAction\":[{\"@type\":\"ReadAction\",\"target\":[\"https:\/\/www.blogsoestado.com\/danielmatos\/espiritualidade-no-chao-da-vida\/\"]}]},{\"@type\":\"ImageObject\",\"inLanguage\":\"pt-BR\",\"@id\":\"https:\/\/www.blogsoestado.com\/danielmatos\/espiritualidade-no-chao-da-vida\/#primaryimage\",\"url\":\"https:\/\/www.blogsoestado.com\/danielmatos\/files\/2018\/11\/colheita2.jpg\",\"contentUrl\":\"https:\/\/www.blogsoestado.com\/danielmatos\/files\/2018\/11\/colheita2.jpg\"},{\"@type\":\"BreadcrumbList\",\"@id\":\"https:\/\/www.blogsoestado.com\/danielmatos\/espiritualidade-no-chao-da-vida\/#breadcrumb\",\"itemListElement\":[{\"@type\":\"ListItem\",\"position\":1,\"name\":\"In\u00edcio\",\"item\":\"https:\/\/www.blogsoestado.com\/danielmatos\/\"},{\"@type\":\"ListItem\",\"position\":2,\"name\":\"Espiritualidade no Ch\u00e3o da Vida\"}]},{\"@type\":\"WebSite\",\"@id\":\"https:\/\/www.blogsoestado.com\/danielmatos\/#website\",\"url\":\"https:\/\/www.blogsoestado.com\/danielmatos\/\",\"name\":\"Daniel Matos\",\"description\":\"\",\"potentialAction\":[{\"@type\":\"SearchAction\",\"target\":{\"@type\":\"EntryPoint\",\"urlTemplate\":\"https:\/\/www.blogsoestado.com\/danielmatos\/?s={search_term_string}\"},\"query-input\":{\"@type\":\"PropertyValueSpecification\",\"valueRequired\":true,\"valueName\":\"search_term_string\"}}],\"inLanguage\":\"pt-BR\"}]}<\/script>\n<!-- \/ Yoast SEO plugin. -->","yoast_head_json":{"title":"Espiritualidade no Ch\u00e3o da Vida - Daniel Matos","robots":{"index":"index","follow":"follow","max-snippet":"max-snippet:-1","max-image-preview":"max-image-preview:large","max-video-preview":"max-video-preview:-1"},"canonical":"https:\/\/www.blogsoestado.com\/danielmatos\/espiritualidade-no-chao-da-vida\/","og_locale":"pt_BR","og_type":"article","og_title":"Espiritualidade no Ch\u00e3o da Vida - Daniel Matos","og_description":"Igreja da Colheita realiza congresso em comemora\u00e7\u00e3o aos 13 anos de funda\u00e7\u00e3o em S\u00e3o Lu\u00eds Entre os dias 16 e [&hellip;]","og_url":"https:\/\/www.blogsoestado.com\/danielmatos\/espiritualidade-no-chao-da-vida\/","og_site_name":"Daniel Matos","article_published_time":"2018-11-13T00:30:23+00:00","og_image":[{"url":"https:\/\/www.blogsoestado.com\/danielmatos\/files\/2018\/11\/colheita2.jpg","type":"","width":"","height":""}],"twitter_card":"summary_large_image","twitter_misc":{"Est. tempo de leitura":"2 minutos"},"schema":{"@context":"https:\/\/schema.org","@graph":[{"@type":"WebPage","@id":"https:\/\/www.blogsoestado.com\/danielmatos\/espiritualidade-no-chao-da-vida\/","url":"https:\/\/www.blogsoestado.com\/danielmatos\/espiritualidade-no-chao-da-vida\/","name":"Espiritualidade no Ch\u00e3o da Vida - Daniel Matos","isPartOf":{"@id":"https:\/\/www.blogsoestado.com\/danielmatos\/#website"},"primaryImageOfPage":{"@id":"https:\/\/www.blogsoestado.com\/danielmatos\/espiritualidade-no-chao-da-vida\/#primaryimage"},"image":{"@id":"https:\/\/www.blogsoestado.com\/danielmatos\/espiritualidade-no-chao-da-vida\/#primaryimage"},"thumbnailUrl":"https:\/\/www.blogsoestado.com\/danielmatos\/files\/2018\/11\/colheita2.jpg","datePublished":"2018-11-13T00:30:23+00:00","author":{"@id":""},"breadcrumb":{"@id":"https:\/\/www.blogsoestado.com\/danielmatos\/espiritualidade-no-chao-da-vida\/#breadcrumb"},"inLanguage":"pt-BR","potentialAction":[{"@type":"ReadAction","target":["https:\/\/www.blogsoestado.com\/danielmatos\/espiritualidade-no-chao-da-vida\/"]}]},{"@type":"ImageObject","inLanguage":"pt-BR","@id":"https:\/\/www.blogsoestado.com\/danielmatos\/espiritualidade-no-chao-da-vida\/#primaryimage","url":"https:\/\/www.blogsoestado.com\/danielmatos\/files\/2018\/11\/colheita2.jpg","contentUrl":"https:\/\/www.blogsoestado.com\/danielmatos\/files\/2018\/11\/colheita2.jpg"},{"@type":"BreadcrumbList","@id":"https:\/\/www.blogsoestado.com\/danielmatos\/espiritualidade-no-chao-da-vida\/#breadcrumb","itemListElement":[{"@type":"ListItem","position":1,"name":"In\u00edcio","item":"https:\/\/www.blogsoestado.com\/danielmatos\/"},{"@type":"ListItem","position":2,"name":"Espiritualidade no Ch\u00e3o da Vida"}]},{"@type":"WebSite","@id":"https:\/\/www.blogsoestado.com\/danielmatos\/#website","url":"https:\/\/www.blogsoestado.com\/danielmatos\/","name":"Daniel Matos","description":"","potentialAction":[{"@type":"SearchAction","target":{"@type":"EntryPoint","urlTemplate":"https:\/\/www.blogsoestado.com\/danielmatos\/?s={search_term_string}"},"query-input":{"@type":"PropertyValueSpecification","valueRequired":true,"valueName":"search_term_string"}}],"inLanguage":"pt-BR"}]}},"jetpack_featured_media_url":"","_links":{"self":[{"href":"https:\/\/www.blogsoestado.com\/danielmatos\/wp-json\/wp\/v2\/posts\/58008","targetHints":{"allow":["GET"]}}],"collection":[{"href":"https:\/\/www.blogsoestado.com\/danielmatos\/wp-json\/wp\/v2\/posts"}],"about":[{"href":"https:\/\/www.blogsoestado.com\/danielmatos\/wp-json\/wp\/v2\/types\/post"}],"replies":[{"embeddable":true,"href":"https:\/\/www.blogsoestado.com\/danielmatos\/wp-json\/wp\/v2\/comments?post=58008"}],"version-history":[{"count":0,"href":"https:\/\/www.blogsoestado.com\/danielmatos\/wp-json\/wp\/v2\/posts\/58008\/revisions"}],"wp:attachment":[{"href":"https:\/\/www.blogsoestado.com\/danielmatos\/wp-json\/wp\/v2\/media?parent=58008"}],"wp:term":[{"taxonomy":"category","embeddable":true,"href":"https:\/\/www.blogsoestado.com\/danielmatos\/wp-json\/wp\/v2\/categories?post=58008"},{"taxonomy":"post_tag","embeddable":true,"href":"https:\/\/www.blogsoestado.com\/danielmatos\/wp-json\/wp\/v2\/tags?post=58008"}],"curies":[{"name":"wp","href":"https:\/\/api.w.org\/{rel}","templated":true}]}}