{"id":58030,"date":"2018-11-13T09:37:21","date_gmt":"2018-11-13T12:37:21","guid":{"rendered":"https:\/\/www.blogsoestado.com\/danielmatos\/?p=58030"},"modified":"2018-11-13T09:37:21","modified_gmt":"2018-11-13T12:37:21","slug":"vice-reitoria-da-ufma-repudia-arbitrariedade-e-autoritarismo-de-nair-portela","status":"publish","type":"post","link":"https:\/\/www.blogsoestado.com\/danielmatos\/vice-reitoria-da-ufma-repudia-arbitrariedade-e-autoritarismo-de-nair-portela\/","title":{"rendered":"Vice-reitoria da UFMA repudia arbitrariedade e autoritarismo de Nair Portela"},"content":{"rendered":"<h2><span style=\"color: #ff0000;\">Reitora usa indevidamente ve\u00edculos da UFMA para descolamentos que ferem os preceitos legais<\/span><\/h2>\n<figure id=\"attachment_58031\" aria-describedby=\"caption-attachment-58031\" style=\"width: 450px\" class=\"wp-caption alignleft\"><a href=\"https:\/\/www.blogsoestado.com\/danielmatos\/2018\/11\/13\/vice-reitoria-da-ufma-repudia-arbitrariedade-e-autoritarismo-de-nair-portela\/nair-persegue\/\" rel=\"attachment wp-att-58031\"><img fetchpriority=\"high\" decoding=\"async\" class=\"wp-image-58031\" src=\"https:\/\/www.blogsoestado.com\/danielmatos\/files\/2018\/11\/nair-persegue.jpg\" alt=\"\" width=\"450\" height=\"253\" \/><\/a><figcaption id=\"caption-attachment-58031\" class=\"wp-caption-text\">Reitora Nair Portela e\u00e9 acusada de usar indevidamente<br \/>ve\u00edculos de representa\u00e7\u00e3o da UFMA<\/figcaption><\/figure>\n<p>Diante dos \u00faltimos ataques da reitoria da UFMA \u00e0 liberdade de manifesta\u00e7\u00e3o e pluralidade de id\u00e9ias, o vice reitor, Fernando Carvalho Silva, divulgou nota oficial se posionando sobre as acusa\u00e7\u00f5es que considera injustas e descabidas. O esclarecimento desconstr\u00f3i os argumentos da reitoria, que utiliza de inverdades para retaliar e intimidar professores, alunos e t\u00e9cnicos administrativos. Nair Portela assume uma posi\u00e7\u00e3o autorit\u00e1ria e antidemocr\u00e1tica para tentar sufocar o movimento &#8220;Pacto pela UFMA&#8221;, que visa a reconstru\u00e7\u00e3o da universidade, como se pudesse conter com uma canetada a insatisfa\u00e7\u00e3o generalizada com o descalabro de sua gest\u00e3o. Leia a \u00edntegra da nota.<\/p>\n<p><strong>NOTA DA VICE-REITORIA EM DEFESA DA UNIVERSIDADE LAICA E DEMOCR\u00c1TICA<\/strong><\/p>\n<p>A Vice-Reitoria da Universidade Federal do Maranh\u00e3o vem a p\u00fablico esclarecer nota veiculada no site da UFMA, cuja natureza refor\u00e7a car\u00e1ter arbitr\u00e1rio, antidemocr\u00e1tico e n\u00e3o transparente da atual gest\u00e3o. A Universidade \u00e9 uma institui\u00e7\u00e3o laica, que re\u00fane ampla diversidade de pensamentos, opini\u00f5es, express\u00f5es e manifesta\u00e7\u00f5es.<\/p>\n<p>A nota em quest\u00e3o atinge diretamente tr\u00eas pontos substanciais, sobre os quais s\u00e3o necess\u00e1rios esclarecimentos: a liberdade de exposi\u00e7\u00e3o de ideias, o uso de espa\u00e7os da Institui\u00e7\u00e3o e o de transportes institucionais.<\/p>\n<p>Causou enorme perplexidade, que a referida nota acena com a aplica\u00e7\u00e3o de san\u00e7\u00f5es legais ao que rotula de uso indevido da m\u00e1quina p\u00fablica para fins autopromocionais, ou para fins eleitoreiros, aos eventos ocorridos nas cidades de Pinheiro e Cod\u00f3, dos quais participei na qualidade de leg\u00edtimo representante da UFMA. A nota e as medidas tomadas pela Reitoria marcam, de toda a forma, um momento obscuro da vida universit\u00e1ria de nossa Institui\u00e7\u00e3o.<\/p>\n<p>Como \u00e9 de conhecimento de toda a comunidade, a Universidade \u00e9 uma Institui\u00e7\u00e3o laica, que n\u00e3o s\u00f3 re\u00fane como tamb\u00e9m estimula o exerc\u00edcio livre de pensamento, opini\u00f5es, express\u00f5es e manifesta\u00e7\u00f5es. O pr\u00f3prio nome \u201cUniversidade\u201d manifesta tal pluralidade, raz\u00e3o de sua natureza m\u00faltipla e inquestion\u00e1vel, indispens\u00e1vel \u00e0 forma\u00e7\u00e3o e ao avan\u00e7o do conhecimento. A liberdade de pensamento \u00e9 consagrada na Constitui\u00e7\u00e3o Federal no seu artigo 5\u00ba, IV, ao dispor que \u201c\u00e9 livre a manifesta\u00e7\u00e3o do pensamento, sendo vedado o anonimato&#8221;. Por isso mesmo a gest\u00e3o Universit\u00e1ria JAMAIS pode ou poder\u00e1 intervir no processo de debates sobre a Universidade ou proibir a utiliza\u00e7\u00e3o de espa\u00e7os para tal fim. E se assim o fizer ser\u00e1 ao arrepio da lei, sendo extremamente perigoso para o debate democr\u00e1tico dentro da nossa Institui\u00e7\u00e3o.<\/p>\n<p>A comunidade acad\u00eamica da UFMA desconhece em sua hist\u00f3ria momentos de priva\u00e7\u00e3o da liberdade de opini\u00e3o e manifesta\u00e7\u00e3o nos espa\u00e7os de nossa Universidade, a n\u00e3o ser durante o regime militar de 64. Para esclarecer algumas medidas da Reitoria, elencamos os \u00faltimos acontecimentos que perseguem e patrulham a gest\u00e3o aut\u00f4noma da Vice-reitoria, assim como os movimentos de professores, t\u00e9cnicos e discentes, desejosos em edificar a nossa Universidade, para que priorize o ensino, pesquisa, extens\u00e3o e inova\u00e7\u00e3o.<\/p>\n<p>Com rela\u00e7\u00e3o ao uso de carros oficiais, o Vice-reitor da Universidade Federal do Maranh\u00e3o comunica que foi convidado por meio de um of\u00edcio protocolar do Sindicato dos Professores das Universidades Federais do Maranh\u00e3o para ministrar uma palestra sobre a UFMA no dia 31 de outubro de 2018, no campus da UFMA na cidade de Cod\u00f3. Para isto, a Universidade amparada no Decreto 9.287\/2018 disponibilizou transporte para este evento, que \u00e9 de l\u00eddimo car\u00e1ter institucional.<\/p>\n<p>Nesta sexta feira fomos surpreendidos com um memorando eletr\u00f4nico informando a abdu\u00e7\u00e3o do ve\u00edculo, que fica a disposi\u00e7\u00e3o da Vice-reitoria e de diversos setores da UFMA, por conta da minha participa\u00e7\u00e3o Institucional no evento realizado no campus de Cod\u00f3 de lan\u00e7amento do \u201cPacto pela UFMA\u201d, que \u00e9 um movimento constitu\u00eddo por v\u00e1rios sindicatos e associa\u00e7\u00f5es (SINTEMA, SINDUFMA, AAUFMA), docentes, t\u00e9cnicos e discentes, com o objetivo de realizar F\u00f3runs em todos os c\u00e2mpus da UFMA, ouvindo e coletando propostas para a reconstru\u00e7\u00e3o da nossa UFMA.<\/p>\n<p>\u00c9 preciso ficar atento ao fato, por\u00e9m, de que n\u00e3o \u00e9 a vice-reitoria da UFMA vem agindo contra os preceitos legais, que regem a utiliza\u00e7\u00e3o de ve\u00edculos Institucionais. O uso indevido de ve\u00edculos de representa\u00e7\u00e3o da UFMA \u00e9 feito, isso sim pela Reitoria, que embora conhe\u00e7a tal legisla\u00e7\u00e3o utiliza ve\u00edculos para transporte da reitora nos finais de semana, de casa para a universidade e em embarques e desembarques em aeroportos, ferindo seriamente a legisla\u00e7\u00e3o (Decreto 9.287\/mar\u00e7o 2018), no que diz respeito \u00e0 utiliza\u00e7\u00e3o de ve\u00edculos de representa\u00e7\u00e3o institucional. A referida legisla\u00e7\u00e3o \u00e9 bem clara, no seu Artigo 2\u00ba quando estabelece que as autoridades m\u00e1ximas das IFES n\u00e3o possuam mais o direito a ve\u00edculo de transporte institucional individual, assim como estabelece crit\u00e9rios de uso no Artigo 6\u00ba, inciso IV do referido decreto.<\/p>\n<p>Diz o Decreto no seu Artigo 6\u00ba: \u00c9 vedado<\/p>\n<p>Inciso IV &#8211; O uso de ve\u00edculos oficiais para o transporte individual da resid\u00eancia ao local de trabalho e vice-versa e para o transporte a locais de embarque e desembarque, na origem e no destino, em viagens a servi\u00e7o, quando houver o pagamento da indeniza\u00e7\u00e3o estabelecida no art. 8\u00ba do Decreto n\u00ba 5.992, de 19 de dezembro de 2006;<\/p>\n<p>A Vice-Reitoria por ser hierarquicamente no mesmo n\u00edvel da Reitoria (Organograma Institucional da UFMA) possui uma p\u00e1gina eletr\u00f4nica, que tem como objetivo divulgar as a\u00e7\u00f5es dos programas institucionais UFMA Saud\u00e1vel e UFMA Sustent\u00e1vel, aprovados pelas Resolu\u00e7\u00f5es n\u00ba 275 (Consun-2016) e n\u00ba 1672 (Consepe-2017), respectivamente e coordenados pela Vice-Reitoria, cujo acesso foi impedido por ordem da reitoria. A nossa p\u00e1gina n\u00e3o \u00e9 para a autopromo\u00e7\u00e3o do Vice-reitor, pois este j\u00e1 afirmou n\u00e3o ser candidato a qualquer cargo nas pr\u00f3ximas elei\u00e7\u00f5es. No entanto, a Reitoria na p\u00e1gina institucional da UFMA autoriza v\u00eddeos divulgando a hist\u00f3ria de vida da reitora Nair Portela, o que caracteriza uso indevido do referido portal, violando o crit\u00e9rio de impessoalidade na administra\u00e7\u00e3o p\u00fablica.<\/p>\n<p>Esclarecidos os fatos pergunta-se a comunidade \u201cQuem est\u00e1 cometendo atos que violam os princ\u00edpios da administra\u00e7\u00e3o p\u00fablica, caracterizando inclusive improbidade administrativa\u201d? Em vista de tais fatos convidamos toda a comunidade acad\u00eamica a repudiar uma nota que fere os seus direitos constitucionais e acad\u00eamicos e abrir um amplo debate sobre o presente e futuro da nossa Universidade.<\/p>\n<p>\u201cImpedir ou dificultar a manifesta\u00e7\u00e3o plural de pensamento \u00e9 trancar a universidade, silenciar estudantes e amorda\u00e7ar professores\u201d Ministra C\u00e1rmem L\u00facia.<\/p>\n","protected":false},"excerpt":{"rendered":"<p>Reitora usa indevidamente ve\u00edculos da UFMA para descolamentos que ferem os preceitos legais Diante dos \u00faltimos ataques da reitoria da [&hellip;]<\/p>\n","protected":false},"author":0,"featured_media":0,"comment_status":"open","ping_status":"open","sticky":false,"template":"","format":"standard","meta":{"site-sidebar-layout":"default","site-content-layout":"","ast-site-content-layout":"default","site-content-style":"default","site-sidebar-style":"default","ast-global-header-display":"","ast-banner-title-visibility":"","ast-main-header-display":"","ast-hfb-above-header-display":"","ast-hfb-below-header-display":"","ast-hfb-mobile-header-display":"","site-post-title":"","ast-breadcrumbs-content":"","ast-featured-img":"","footer-sml-layout":"","ast-disable-related-posts":"","theme-transparent-header-meta":"","adv-header-id-meta":"","stick-header-meta":"","header-above-stick-meta":"","header-main-stick-meta":"","header-below-stick-meta":"","astra-migrate-meta-layouts":"default","ast-page-background-enabled":"default","ast-page-background-meta":{"desktop":{"background-color":"var(--ast-global-color-5)","background-image":"","background-repeat":"repeat","background-position":"center center","background-size":"auto","background-attachment":"scroll","background-type":"","background-media":"","overlay-type":"","overlay-color":"","overlay-opacity":"","overlay-gradient":""},"tablet":{"background-color":"","background-image":"","background-repeat":"repeat","background-position":"center center","background-size":"auto","background-attachment":"scroll","background-type":"","background-media":"","overlay-type":"","overlay-color":"","overlay-opacity":"","overlay-gradient":""},"mobile":{"background-color":"","background-image":"","background-repeat":"repeat","background-position":"center center","background-size":"auto","background-attachment":"scroll","background-type":"","background-media":"","overlay-type":"","overlay-color":"","overlay-opacity":"","overlay-gradient":""}},"ast-content-background-meta":{"desktop":{"background-color":"var(--ast-global-color-4)","background-image":"","background-repeat":"repeat","background-position":"center center","background-size":"auto","background-attachment":"scroll","background-type":"","background-media":"","overlay-type":"","overlay-color":"","overlay-opacity":"","overlay-gradient":""},"tablet":{"background-color":"var(--ast-global-color-4)","background-image":"","background-repeat":"repeat","background-position":"center center","background-size":"auto","background-attachment":"scroll","background-type":"","background-media":"","overlay-type":"","overlay-color":"","overlay-opacity":"","overlay-gradient":""},"mobile":{"background-color":"var(--ast-global-color-4)","background-image":"","background-repeat":"repeat","background-position":"center center","background-size":"auto","background-attachment":"scroll","background-type":"","background-media":"","overlay-type":"","overlay-color":"","overlay-opacity":"","overlay-gradient":""}},"footnotes":""},"categories":[1],"tags":[],"class_list":["post-58030","post","type-post","status-publish","format-standard","hentry","category-sem-categoria"],"yoast_head":"<!-- This site is optimized with the Yoast SEO plugin v26.6 - https:\/\/yoast.com\/wordpress\/plugins\/seo\/ -->\n<title>Vice-reitoria da UFMA repudia arbitrariedade e autoritarismo de Nair Portela - Daniel Matos<\/title>\n<meta name=\"robots\" content=\"index, follow, max-snippet:-1, max-image-preview:large, max-video-preview:-1\" \/>\n<link rel=\"canonical\" href=\"https:\/\/www.blogsoestado.com\/danielmatos\/vice-reitoria-da-ufma-repudia-arbitrariedade-e-autoritarismo-de-nair-portela\/\" \/>\n<meta property=\"og:locale\" content=\"pt_BR\" \/>\n<meta property=\"og:type\" content=\"article\" \/>\n<meta property=\"og:title\" content=\"Vice-reitoria da UFMA repudia arbitrariedade e autoritarismo de Nair Portela - Daniel Matos\" \/>\n<meta property=\"og:description\" content=\"Reitora usa indevidamente ve\u00edculos da UFMA para descolamentos que ferem os preceitos legais Diante dos \u00faltimos ataques da reitoria da [&hellip;]\" \/>\n<meta property=\"og:url\" content=\"https:\/\/www.blogsoestado.com\/danielmatos\/vice-reitoria-da-ufma-repudia-arbitrariedade-e-autoritarismo-de-nair-portela\/\" \/>\n<meta property=\"og:site_name\" content=\"Daniel Matos\" \/>\n<meta property=\"article:published_time\" content=\"2018-11-13T12:37:21+00:00\" \/>\n<meta property=\"og:image\" content=\"https:\/\/www.blogsoestado.com\/danielmatos\/files\/2018\/11\/nair-persegue.jpg\" \/>\n<meta name=\"twitter:card\" content=\"summary_large_image\" \/>\n<meta name=\"twitter:label1\" content=\"Est. tempo de leitura\" \/>\n\t<meta name=\"twitter:data1\" content=\"6 minutos\" \/>\n<script type=\"application\/ld+json\" class=\"yoast-schema-graph\">{\"@context\":\"https:\/\/schema.org\",\"@graph\":[{\"@type\":\"WebPage\",\"@id\":\"https:\/\/www.blogsoestado.com\/danielmatos\/vice-reitoria-da-ufma-repudia-arbitrariedade-e-autoritarismo-de-nair-portela\/\",\"url\":\"https:\/\/www.blogsoestado.com\/danielmatos\/vice-reitoria-da-ufma-repudia-arbitrariedade-e-autoritarismo-de-nair-portela\/\",\"name\":\"Vice-reitoria da UFMA repudia arbitrariedade e autoritarismo de Nair Portela - Daniel Matos\",\"isPartOf\":{\"@id\":\"https:\/\/www.blogsoestado.com\/danielmatos\/#website\"},\"primaryImageOfPage\":{\"@id\":\"https:\/\/www.blogsoestado.com\/danielmatos\/vice-reitoria-da-ufma-repudia-arbitrariedade-e-autoritarismo-de-nair-portela\/#primaryimage\"},\"image\":{\"@id\":\"https:\/\/www.blogsoestado.com\/danielmatos\/vice-reitoria-da-ufma-repudia-arbitrariedade-e-autoritarismo-de-nair-portela\/#primaryimage\"},\"thumbnailUrl\":\"https:\/\/www.blogsoestado.com\/danielmatos\/files\/2018\/11\/nair-persegue.jpg\",\"datePublished\":\"2018-11-13T12:37:21+00:00\",\"author\":{\"@id\":\"\"},\"breadcrumb\":{\"@id\":\"https:\/\/www.blogsoestado.com\/danielmatos\/vice-reitoria-da-ufma-repudia-arbitrariedade-e-autoritarismo-de-nair-portela\/#breadcrumb\"},\"inLanguage\":\"pt-BR\",\"potentialAction\":[{\"@type\":\"ReadAction\",\"target\":[\"https:\/\/www.blogsoestado.com\/danielmatos\/vice-reitoria-da-ufma-repudia-arbitrariedade-e-autoritarismo-de-nair-portela\/\"]}]},{\"@type\":\"ImageObject\",\"inLanguage\":\"pt-BR\",\"@id\":\"https:\/\/www.blogsoestado.com\/danielmatos\/vice-reitoria-da-ufma-repudia-arbitrariedade-e-autoritarismo-de-nair-portela\/#primaryimage\",\"url\":\"https:\/\/www.blogsoestado.com\/danielmatos\/files\/2018\/11\/nair-persegue.jpg\",\"contentUrl\":\"https:\/\/www.blogsoestado.com\/danielmatos\/files\/2018\/11\/nair-persegue.jpg\"},{\"@type\":\"BreadcrumbList\",\"@id\":\"https:\/\/www.blogsoestado.com\/danielmatos\/vice-reitoria-da-ufma-repudia-arbitrariedade-e-autoritarismo-de-nair-portela\/#breadcrumb\",\"itemListElement\":[{\"@type\":\"ListItem\",\"position\":1,\"name\":\"In\u00edcio\",\"item\":\"https:\/\/www.blogsoestado.com\/danielmatos\/\"},{\"@type\":\"ListItem\",\"position\":2,\"name\":\"Vice-reitoria da UFMA repudia arbitrariedade e autoritarismo de Nair Portela\"}]},{\"@type\":\"WebSite\",\"@id\":\"https:\/\/www.blogsoestado.com\/danielmatos\/#website\",\"url\":\"https:\/\/www.blogsoestado.com\/danielmatos\/\",\"name\":\"Daniel Matos\",\"description\":\"\",\"potentialAction\":[{\"@type\":\"SearchAction\",\"target\":{\"@type\":\"EntryPoint\",\"urlTemplate\":\"https:\/\/www.blogsoestado.com\/danielmatos\/?s={search_term_string}\"},\"query-input\":{\"@type\":\"PropertyValueSpecification\",\"valueRequired\":true,\"valueName\":\"search_term_string\"}}],\"inLanguage\":\"pt-BR\"}]}<\/script>\n<!-- \/ Yoast SEO plugin. -->","yoast_head_json":{"title":"Vice-reitoria da UFMA repudia arbitrariedade e autoritarismo de Nair Portela - Daniel Matos","robots":{"index":"index","follow":"follow","max-snippet":"max-snippet:-1","max-image-preview":"max-image-preview:large","max-video-preview":"max-video-preview:-1"},"canonical":"https:\/\/www.blogsoestado.com\/danielmatos\/vice-reitoria-da-ufma-repudia-arbitrariedade-e-autoritarismo-de-nair-portela\/","og_locale":"pt_BR","og_type":"article","og_title":"Vice-reitoria da UFMA repudia arbitrariedade e autoritarismo de Nair Portela - Daniel Matos","og_description":"Reitora usa indevidamente ve\u00edculos da UFMA para descolamentos que ferem os preceitos legais Diante dos \u00faltimos ataques da reitoria da [&hellip;]","og_url":"https:\/\/www.blogsoestado.com\/danielmatos\/vice-reitoria-da-ufma-repudia-arbitrariedade-e-autoritarismo-de-nair-portela\/","og_site_name":"Daniel Matos","article_published_time":"2018-11-13T12:37:21+00:00","og_image":[{"url":"https:\/\/www.blogsoestado.com\/danielmatos\/files\/2018\/11\/nair-persegue.jpg","type":"","width":"","height":""}],"twitter_card":"summary_large_image","twitter_misc":{"Est. tempo de leitura":"6 minutos"},"schema":{"@context":"https:\/\/schema.org","@graph":[{"@type":"WebPage","@id":"https:\/\/www.blogsoestado.com\/danielmatos\/vice-reitoria-da-ufma-repudia-arbitrariedade-e-autoritarismo-de-nair-portela\/","url":"https:\/\/www.blogsoestado.com\/danielmatos\/vice-reitoria-da-ufma-repudia-arbitrariedade-e-autoritarismo-de-nair-portela\/","name":"Vice-reitoria da UFMA repudia arbitrariedade e autoritarismo de Nair Portela - Daniel Matos","isPartOf":{"@id":"https:\/\/www.blogsoestado.com\/danielmatos\/#website"},"primaryImageOfPage":{"@id":"https:\/\/www.blogsoestado.com\/danielmatos\/vice-reitoria-da-ufma-repudia-arbitrariedade-e-autoritarismo-de-nair-portela\/#primaryimage"},"image":{"@id":"https:\/\/www.blogsoestado.com\/danielmatos\/vice-reitoria-da-ufma-repudia-arbitrariedade-e-autoritarismo-de-nair-portela\/#primaryimage"},"thumbnailUrl":"https:\/\/www.blogsoestado.com\/danielmatos\/files\/2018\/11\/nair-persegue.jpg","datePublished":"2018-11-13T12:37:21+00:00","author":{"@id":""},"breadcrumb":{"@id":"https:\/\/www.blogsoestado.com\/danielmatos\/vice-reitoria-da-ufma-repudia-arbitrariedade-e-autoritarismo-de-nair-portela\/#breadcrumb"},"inLanguage":"pt-BR","potentialAction":[{"@type":"ReadAction","target":["https:\/\/www.blogsoestado.com\/danielmatos\/vice-reitoria-da-ufma-repudia-arbitrariedade-e-autoritarismo-de-nair-portela\/"]}]},{"@type":"ImageObject","inLanguage":"pt-BR","@id":"https:\/\/www.blogsoestado.com\/danielmatos\/vice-reitoria-da-ufma-repudia-arbitrariedade-e-autoritarismo-de-nair-portela\/#primaryimage","url":"https:\/\/www.blogsoestado.com\/danielmatos\/files\/2018\/11\/nair-persegue.jpg","contentUrl":"https:\/\/www.blogsoestado.com\/danielmatos\/files\/2018\/11\/nair-persegue.jpg"},{"@type":"BreadcrumbList","@id":"https:\/\/www.blogsoestado.com\/danielmatos\/vice-reitoria-da-ufma-repudia-arbitrariedade-e-autoritarismo-de-nair-portela\/#breadcrumb","itemListElement":[{"@type":"ListItem","position":1,"name":"In\u00edcio","item":"https:\/\/www.blogsoestado.com\/danielmatos\/"},{"@type":"ListItem","position":2,"name":"Vice-reitoria da UFMA repudia arbitrariedade e autoritarismo de Nair Portela"}]},{"@type":"WebSite","@id":"https:\/\/www.blogsoestado.com\/danielmatos\/#website","url":"https:\/\/www.blogsoestado.com\/danielmatos\/","name":"Daniel Matos","description":"","potentialAction":[{"@type":"SearchAction","target":{"@type":"EntryPoint","urlTemplate":"https:\/\/www.blogsoestado.com\/danielmatos\/?s={search_term_string}"},"query-input":{"@type":"PropertyValueSpecification","valueRequired":true,"valueName":"search_term_string"}}],"inLanguage":"pt-BR"}]}},"jetpack_featured_media_url":"","_links":{"self":[{"href":"https:\/\/www.blogsoestado.com\/danielmatos\/wp-json\/wp\/v2\/posts\/58030","targetHints":{"allow":["GET"]}}],"collection":[{"href":"https:\/\/www.blogsoestado.com\/danielmatos\/wp-json\/wp\/v2\/posts"}],"about":[{"href":"https:\/\/www.blogsoestado.com\/danielmatos\/wp-json\/wp\/v2\/types\/post"}],"replies":[{"embeddable":true,"href":"https:\/\/www.blogsoestado.com\/danielmatos\/wp-json\/wp\/v2\/comments?post=58030"}],"version-history":[{"count":0,"href":"https:\/\/www.blogsoestado.com\/danielmatos\/wp-json\/wp\/v2\/posts\/58030\/revisions"}],"wp:attachment":[{"href":"https:\/\/www.blogsoestado.com\/danielmatos\/wp-json\/wp\/v2\/media?parent=58030"}],"wp:term":[{"taxonomy":"category","embeddable":true,"href":"https:\/\/www.blogsoestado.com\/danielmatos\/wp-json\/wp\/v2\/categories?post=58030"},{"taxonomy":"post_tag","embeddable":true,"href":"https:\/\/www.blogsoestado.com\/danielmatos\/wp-json\/wp\/v2\/tags?post=58030"}],"curies":[{"name":"wp","href":"https:\/\/api.w.org\/{rel}","templated":true}]}}